{"id":61198,"date":"2024-05-09T10:27:14","date_gmt":"2024-05-09T10:27:14","guid":{"rendered":"https:\/\/permbledhja.com\/?p=61198"},"modified":"2024-05-09T10:27:14","modified_gmt":"2024-05-09T10:27:14","slug":"hoti-kurtit-kur-kosova-koordinohet-me-aleatet-anetaresohet-nuk-kushtezohet","status":"publish","type":"post","link":"https:\/\/permbledhja.com\/sq\/hoti-kurtit-kur-kosova-koordinohet-me-aleatet-anetaresohet-nuk-kushtezohet\/","title":{"rendered":"Hoti-Kurtit: Kur Kosova koordinohet me aleat\u00ebt an\u00ebtar\u00ebsohet, nuk kusht\u00ebzohet"},"content":{"rendered":"<h3><strong>Ish-kryeministri, Avdullah Hoti, ka reaguar pas zhvillimeve t\u00eb fundit dhe q\u00ebndrimit t\u00eb kryeministrit Albin Kurti se nuk e pranon kusht\u00ebzimin p\u00ebr themelimin e Asociacionit n\u00eb k\u00ebmbim t\u00eb an\u00ebtar\u00ebsimit n\u00eb K\u00ebshill t\u00eb Evrop\u00ebs.<\/strong><\/h3>\n<p>Hoti ka publikuar nj\u00eb list\u00eb prej 14 organizatave ku \u00ebsht\u00eb an\u00ebtar\u00ebsuar Kosova dhe ka th\u00ebn\u00eb se kur koordinohesh me aleat\u00ebt nuk kusht\u00ebzohesh por an\u00ebtar\u00ebsohesh.<\/p>\n<p><strong>Postimi i plot\u00eb i Avdullah Hotit:<\/strong><\/p>\n<p>Kur Kosova KOORDINOHET me aleat\u00ebt, AN\u00cbTAR\u00cbSOHET \u2026 NUK KUSHT\u00cbZOHET.<\/p>\n<p>1. Council of Europe Development Bank \u2013 qershor 2013<\/p>\n<p>2. Council of Europe Venice Commission \u2013 qershor 2014<\/p>\n<p>3. Organisation internationale de la Francophonie \u2013 n\u00ebntor 2014 (v\u00ebzhgues)<\/p>\n<p>4. South-East European Cooperation Process \u2013 maj 2015<\/p>\n<p>5. European Qualifications Frame\u00ebork Advisory Group \u2013 dhjetor 2015<\/p>\n<p>6. International Amateur Radio Union \u2013 dhjetor 2015<\/p>\n<p>7. Permanent Court of Arbitration \u2013 janar 2016<\/p>\n<p>8. European Federation of Journalists \u2013 janar 2016<\/p>\n<p>9. International Consumer Protection and Enforcement Net\u00ebork \u2013 prill 2016<\/p>\n<p>10. Association of Central and Eastern European Election Officials \u2013 shtator 2016<\/p>\n<p>11. Egmont Group of Financial Intelligence Units \u2013 shkurt 2017<\/p>\n<p>12. International Federation of Arts Councils and Culture Agencies \u2013 shkurt 2017<\/p>\n<p>13. \u00cborld Customs Organization \u2013 mars 2017<\/p>\n<p>14. Bureau of International Expositions \u2013 mars 2017<\/p>\n","protected":false},"excerpt":{"rendered":"<p>Ish-kryeministri, Avdullah Hoti, ka reaguar pas zhvillimeve t\u00eb fundit dhe q\u00ebndrimit t\u00eb kryeministrit Albin Kurti se nuk e pranon kusht\u00ebzimin p\u00ebr themelimin e Asociacionit n\u00eb k\u00ebmbim t\u00eb an\u00ebtar\u00ebsimit n\u00eb K\u00ebshill t\u00eb Evrop\u00ebs. Hoti ka publikuar nj\u00eb list\u00eb prej 14 organizatave ku \u00ebsht\u00eb an\u00ebtar\u00ebsuar Kosova dhe ka th\u00ebn\u00eb se kur koordinohesh me aleat\u00ebt nuk kusht\u00ebzohesh por [&hellip;]<\/p>\n","protected":false},"author":5,"featured_media":50091,"comment_status":"closed","ping_status":"closed","sticky":false,"template":"","format":"standard","meta":{"_monsterinsights_skip_tracking":false,"_monsterinsights_sitenote_active":false,"_monsterinsights_sitenote_note":"","_monsterinsights_sitenote_category":0,"_uf_show_specific_survey":0,"_uf_disable_surveys":false,"footnotes":""},"categories":[2645],"tags":[],"yoast_head":"<!-- This site is optimized with the Yoast SEO plugin v21.5 - https:\/\/yoast.com\/wordpress\/plugins\/seo\/ -->\n<title>Hoti-Kurtit: Kur Kosova koordinohet me aleat\u00ebt an\u00ebtar\u00ebsohet, nuk kusht\u00ebzohet<\/title>\n<meta name=\"robots\" content=\"index, follow, max-snippet:-1, max-image-preview:large, max-video-preview:-1\" \/>\n<link rel=\"canonical\" href=\"https:\/\/permbledhja.com\/sq\/hoti-kurtit-kur-kosova-koordinohet-me-aleatet-anetaresohet-nuk-kushtezohet\/\" \/>\n<meta property=\"og:locale\" content=\"sq_AL\" \/>\n<meta property=\"og:type\" content=\"article\" \/>\n<meta property=\"og:title\" content=\"Hoti-Kurtit: Kur Kosova koordinohet me aleat\u00ebt an\u00ebtar\u00ebsohet, nuk kusht\u00ebzohet\" \/>\n<meta property=\"og:description\" content=\"Ish-kryeministri, Avdullah Hoti, ka reaguar pas zhvillimeve t\u00eb fundit dhe q\u00ebndrimit t\u00eb kryeministrit Albin Kurti se nuk e pranon kusht\u00ebzimin p\u00ebr themelimin e Asociacionit n\u00eb k\u00ebmbim t\u00eb an\u00ebtar\u00ebsimit n\u00eb K\u00ebshill t\u00eb Evrop\u00ebs. Hoti ka publikuar nj\u00eb list\u00eb prej 14 organizatave ku \u00ebsht\u00eb an\u00ebtar\u00ebsuar Kosova dhe ka th\u00ebn\u00eb se kur koordinohesh me aleat\u00ebt nuk kusht\u00ebzohesh por [&hellip;]\" \/>\n<meta property=\"og:url\" content=\"https:\/\/permbledhja.com\/sq\/hoti-kurtit-kur-kosova-koordinohet-me-aleatet-anetaresohet-nuk-kushtezohet\/\" \/>\n<meta property=\"og:site_name\" content=\"Ve\u00e7 artikuj p\u00ebrmbledh\u00ebs\" \/>\n<meta property=\"article:publisher\" content=\"https:\/\/www.facebook.com\/press07\/\" \/>\n<meta property=\"article:published_time\" content=\"2024-05-09T10:27:14+00:00\" \/>\n<meta property=\"og:image\" content=\"https:\/\/permbledhja.com\/wp-content\/uploads\/2024\/02\/hoti-kurti-jpg.jpg\" \/>\n\t<meta property=\"og:image:width\" content=\"600\" \/>\n\t<meta property=\"og:image:height\" content=\"360\" \/>\n\t<meta property=\"og:image:type\" content=\"image\/jpeg\" \/>\n<meta name=\"author\" content=\"DL\" \/>\n<meta name=\"twitter:card\" content=\"summary_large_image\" \/>\n<meta name=\"twitter:label1\" content=\"Written by\" \/>\n\t<meta name=\"twitter:data1\" content=\"DL\" \/>\n\t<meta name=\"twitter:label2\" content=\"Est. reading time\" \/>\n\t<meta name=\"twitter:data2\" content=\"2 minuta\" \/>\n<script type=\"application\/ld+json\" class=\"yoast-schema-graph\">{\"@context\":\"https:\/\/schema.org\",\"@graph\":[{\"@type\":\"Article\",\"@id\":\"https:\/\/permbledhja.com\/sq\/hoti-kurtit-kur-kosova-koordinohet-me-aleatet-anetaresohet-nuk-kushtezohet\/#article\",\"isPartOf\":{\"@id\":\"https:\/\/permbledhja.com\/sq\/hoti-kurtit-kur-kosova-koordinohet-me-aleatet-anetaresohet-nuk-kushtezohet\/\"},\"author\":{\"name\":\"DL\",\"@id\":\"https:\/\/permbledhja.com\/#\/schema\/person\/9c54260cbc4c6f792cb100550491638c\"},\"headline\":\"Hoti-Kurtit: Kur Kosova koordinohet me aleat\u00ebt an\u00ebtar\u00ebsohet, nuk kusht\u00ebzohet\",\"datePublished\":\"2024-05-09T10:27:14+00:00\",\"dateModified\":\"2024-05-09T10:27:14+00:00\",\"mainEntityOfPage\":{\"@id\":\"https:\/\/permbledhja.com\/sq\/hoti-kurtit-kur-kosova-koordinohet-me-aleatet-anetaresohet-nuk-kushtezohet\/\"},\"wordCount\":191,\"publisher\":{\"@id\":\"https:\/\/permbledhja.com\/#organization\"},\"articleSection\":[\"T\u00eb r\u00ebnd\u00ebsishme\"],\"inLanguage\":\"sq\"},{\"@type\":\"WebPage\",\"@id\":\"https:\/\/permbledhja.com\/sq\/hoti-kurtit-kur-kosova-koordinohet-me-aleatet-anetaresohet-nuk-kushtezohet\/\",\"url\":\"https:\/\/permbledhja.com\/sq\/hoti-kurtit-kur-kosova-koordinohet-me-aleatet-anetaresohet-nuk-kushtezohet\/\",\"name\":\"Hoti-Kurtit: Kur Kosova koordinohet me aleat\u00ebt an\u00ebtar\u00ebsohet, nuk kusht\u00ebzohet\",\"isPartOf\":{\"@id\":\"https:\/\/permbledhja.com\/#website\"},\"datePublished\":\"2024-05-09T10:27:14+00:00\",\"dateModified\":\"2024-05-09T10:27:14+00:00\",\"breadcrumb\":{\"@id\":\"https:\/\/permbledhja.com\/sq\/hoti-kurtit-kur-kosova-koordinohet-me-aleatet-anetaresohet-nuk-kushtezohet\/#breadcrumb\"},\"inLanguage\":\"sq\",\"potentialAction\":[{\"@type\":\"ReadAction\",\"target\":[\"https:\/\/permbledhja.com\/sq\/hoti-kurtit-kur-kosova-koordinohet-me-aleatet-anetaresohet-nuk-kushtezohet\/\"]}]},{\"@type\":\"BreadcrumbList\",\"@id\":\"https:\/\/permbledhja.com\/sq\/hoti-kurtit-kur-kosova-koordinohet-me-aleatet-anetaresohet-nuk-kushtezohet\/#breadcrumb\",\"itemListElement\":[{\"@type\":\"ListItem\",\"position\":1,\"name\":\"Ballina\",\"item\":\"https:\/\/permbledhja.com\/sq\/\"},{\"@type\":\"ListItem\",\"position\":2,\"name\":\"Hoti-Kurtit: Kur Kosova koordinohet me aleat\u00ebt an\u00ebtar\u00ebsohet, nuk kusht\u00ebzohet\"}]},{\"@type\":\"WebSite\",\"@id\":\"https:\/\/permbledhja.com\/#website\",\"url\":\"https:\/\/permbledhja.com\/\",\"name\":\"Ve\u00e7 artikuj p\u00ebrmbledh\u00ebs\",\"description\":\"\",\"publisher\":{\"@id\":\"https:\/\/permbledhja.com\/#organization\"},\"potentialAction\":[{\"@type\":\"SearchAction\",\"target\":{\"@type\":\"EntryPoint\",\"urlTemplate\":\"https:\/\/permbledhja.com\/?s={search_term_string}\"},\"query-input\":\"required name=search_term_string\"}],\"inLanguage\":\"sq\"},{\"@type\":\"Organization\",\"@id\":\"https:\/\/permbledhja.com\/#organization\",\"name\":\"MK Media & Pr\",\"url\":\"https:\/\/permbledhja.com\/\",\"logo\":{\"@type\":\"ImageObject\",\"inLanguage\":\"sq\",\"@id\":\"https:\/\/permbledhja.com\/#\/schema\/logo\/image\/\",\"url\":\"https:\/\/permbledhja.com\/wp-content\/uploads\/2021\/12\/07-Press-Logo.jpg\",\"contentUrl\":\"https:\/\/permbledhja.com\/wp-content\/uploads\/2021\/12\/07-Press-Logo.jpg\",\"width\":512,\"height\":512,\"caption\":\"MK Media & Pr\"},\"image\":{\"@id\":\"https:\/\/permbledhja.com\/#\/schema\/logo\/image\/\"},\"sameAs\":[\"https:\/\/www.facebook.com\/press07\/\"]},{\"@type\":\"Person\",\"@id\":\"https:\/\/permbledhja.com\/#\/schema\/person\/9c54260cbc4c6f792cb100550491638c\",\"name\":\"DL\",\"image\":{\"@type\":\"ImageObject\",\"inLanguage\":\"sq\",\"@id\":\"https:\/\/permbledhja.com\/#\/schema\/person\/image\/\",\"url\":\"https:\/\/secure.gravatar.com\/avatar\/94503eb28d4c4b2005a5c8753e35fc80?s=96&d=mm&r=g\",\"contentUrl\":\"https:\/\/secure.gravatar.com\/avatar\/94503eb28d4c4b2005a5c8753e35fc80?s=96&d=mm&r=g\",\"caption\":\"DL\"},\"url\":\"https:\/\/permbledhja.com\/sq\/author\/dl\/\"}]}<\/script>\n<!-- \/ Yoast SEO plugin. -->","yoast_head_json":{"title":"Hoti-Kurtit: Kur Kosova koordinohet me aleat\u00ebt an\u00ebtar\u00ebsohet, nuk kusht\u00ebzohet","robots":{"index":"index","follow":"follow","max-snippet":"max-snippet:-1","max-image-preview":"max-image-preview:large","max-video-preview":"max-video-preview:-1"},"canonical":"https:\/\/permbledhja.com\/sq\/hoti-kurtit-kur-kosova-koordinohet-me-aleatet-anetaresohet-nuk-kushtezohet\/","og_locale":"sq_AL","og_type":"article","og_title":"Hoti-Kurtit: Kur Kosova koordinohet me aleat\u00ebt an\u00ebtar\u00ebsohet, nuk kusht\u00ebzohet","og_description":"Ish-kryeministri, Avdullah Hoti, ka reaguar pas zhvillimeve t\u00eb fundit dhe q\u00ebndrimit t\u00eb kryeministrit Albin Kurti se nuk e pranon kusht\u00ebzimin p\u00ebr themelimin e Asociacionit n\u00eb k\u00ebmbim t\u00eb an\u00ebtar\u00ebsimit n\u00eb K\u00ebshill t\u00eb Evrop\u00ebs. Hoti ka publikuar nj\u00eb list\u00eb prej 14 organizatave ku \u00ebsht\u00eb an\u00ebtar\u00ebsuar Kosova dhe ka th\u00ebn\u00eb se kur koordinohesh me aleat\u00ebt nuk kusht\u00ebzohesh por [&hellip;]","og_url":"https:\/\/permbledhja.com\/sq\/hoti-kurtit-kur-kosova-koordinohet-me-aleatet-anetaresohet-nuk-kushtezohet\/","og_site_name":"Ve\u00e7 artikuj p\u00ebrmbledh\u00ebs","article_publisher":"https:\/\/www.facebook.com\/press07\/","article_published_time":"2024-05-09T10:27:14+00:00","og_image":[{"width":600,"height":360,"url":"https:\/\/permbledhja.com\/wp-content\/uploads\/2024\/02\/hoti-kurti-jpg.jpg","type":"image\/jpeg"}],"author":"DL","twitter_card":"summary_large_image","twitter_misc":{"Written by":"DL","Est. reading time":"2 minuta"},"schema":{"@context":"https:\/\/schema.org","@graph":[{"@type":"Article","@id":"https:\/\/permbledhja.com\/sq\/hoti-kurtit-kur-kosova-koordinohet-me-aleatet-anetaresohet-nuk-kushtezohet\/#article","isPartOf":{"@id":"https:\/\/permbledhja.com\/sq\/hoti-kurtit-kur-kosova-koordinohet-me-aleatet-anetaresohet-nuk-kushtezohet\/"},"author":{"name":"DL","@id":"https:\/\/permbledhja.com\/#\/schema\/person\/9c54260cbc4c6f792cb100550491638c"},"headline":"Hoti-Kurtit: Kur Kosova koordinohet me aleat\u00ebt an\u00ebtar\u00ebsohet, nuk kusht\u00ebzohet","datePublished":"2024-05-09T10:27:14+00:00","dateModified":"2024-05-09T10:27:14+00:00","mainEntityOfPage":{"@id":"https:\/\/permbledhja.com\/sq\/hoti-kurtit-kur-kosova-koordinohet-me-aleatet-anetaresohet-nuk-kushtezohet\/"},"wordCount":191,"publisher":{"@id":"https:\/\/permbledhja.com\/#organization"},"articleSection":["T\u00eb r\u00ebnd\u00ebsishme"],"inLanguage":"sq"},{"@type":"WebPage","@id":"https:\/\/permbledhja.com\/sq\/hoti-kurtit-kur-kosova-koordinohet-me-aleatet-anetaresohet-nuk-kushtezohet\/","url":"https:\/\/permbledhja.com\/sq\/hoti-kurtit-kur-kosova-koordinohet-me-aleatet-anetaresohet-nuk-kushtezohet\/","name":"Hoti-Kurtit: Kur Kosova koordinohet me aleat\u00ebt an\u00ebtar\u00ebsohet, nuk kusht\u00ebzohet","isPartOf":{"@id":"https:\/\/permbledhja.com\/#website"},"datePublished":"2024-05-09T10:27:14+00:00","dateModified":"2024-05-09T10:27:14+00:00","breadcrumb":{"@id":"https:\/\/permbledhja.com\/sq\/hoti-kurtit-kur-kosova-koordinohet-me-aleatet-anetaresohet-nuk-kushtezohet\/#breadcrumb"},"inLanguage":"sq","potentialAction":[{"@type":"ReadAction","target":["https:\/\/permbledhja.com\/sq\/hoti-kurtit-kur-kosova-koordinohet-me-aleatet-anetaresohet-nuk-kushtezohet\/"]}]},{"@type":"BreadcrumbList","@id":"https:\/\/permbledhja.com\/sq\/hoti-kurtit-kur-kosova-koordinohet-me-aleatet-anetaresohet-nuk-kushtezohet\/#breadcrumb","itemListElement":[{"@type":"ListItem","position":1,"name":"Ballina","item":"https:\/\/permbledhja.com\/sq\/"},{"@type":"ListItem","position":2,"name":"Hoti-Kurtit: Kur Kosova koordinohet me aleat\u00ebt an\u00ebtar\u00ebsohet, nuk kusht\u00ebzohet"}]},{"@type":"WebSite","@id":"https:\/\/permbledhja.com\/#website","url":"https:\/\/permbledhja.com\/","name":"Ve\u00e7 artikuj p\u00ebrmbledh\u00ebs","description":"","publisher":{"@id":"https:\/\/permbledhja.com\/#organization"},"potentialAction":[{"@type":"SearchAction","target":{"@type":"EntryPoint","urlTemplate":"https:\/\/permbledhja.com\/?s={search_term_string}"},"query-input":"required name=search_term_string"}],"inLanguage":"sq"},{"@type":"Organization","@id":"https:\/\/permbledhja.com\/#organization","name":"MK Media & Pr","url":"https:\/\/permbledhja.com\/","logo":{"@type":"ImageObject","inLanguage":"sq","@id":"https:\/\/permbledhja.com\/#\/schema\/logo\/image\/","url":"https:\/\/permbledhja.com\/wp-content\/uploads\/2021\/12\/07-Press-Logo.jpg","contentUrl":"https:\/\/permbledhja.com\/wp-content\/uploads\/2021\/12\/07-Press-Logo.jpg","width":512,"height":512,"caption":"MK Media & Pr"},"image":{"@id":"https:\/\/permbledhja.com\/#\/schema\/logo\/image\/"},"sameAs":["https:\/\/www.facebook.com\/press07\/"]},{"@type":"Person","@id":"https:\/\/permbledhja.com\/#\/schema\/person\/9c54260cbc4c6f792cb100550491638c","name":"DL","image":{"@type":"ImageObject","inLanguage":"sq","@id":"https:\/\/permbledhja.com\/#\/schema\/person\/image\/","url":"https:\/\/secure.gravatar.com\/avatar\/94503eb28d4c4b2005a5c8753e35fc80?s=96&d=mm&r=g","contentUrl":"https:\/\/secure.gravatar.com\/avatar\/94503eb28d4c4b2005a5c8753e35fc80?s=96&d=mm&r=g","caption":"DL"},"url":"https:\/\/permbledhja.com\/sq\/author\/dl\/"}]}},"_links":{"self":[{"href":"https:\/\/permbledhja.com\/sq\/wp-json\/wp\/v2\/posts\/61198"}],"collection":[{"href":"https:\/\/permbledhja.com\/sq\/wp-json\/wp\/v2\/posts"}],"about":[{"href":"https:\/\/permbledhja.com\/sq\/wp-json\/wp\/v2\/types\/post"}],"author":[{"embeddable":true,"href":"https:\/\/permbledhja.com\/sq\/wp-json\/wp\/v2\/users\/5"}],"replies":[{"embeddable":true,"href":"https:\/\/permbledhja.com\/sq\/wp-json\/wp\/v2\/comments?post=61198"}],"version-history":[{"count":1,"href":"https:\/\/permbledhja.com\/sq\/wp-json\/wp\/v2\/posts\/61198\/revisions"}],"predecessor-version":[{"id":61199,"href":"https:\/\/permbledhja.com\/sq\/wp-json\/wp\/v2\/posts\/61198\/revisions\/61199"}],"wp:featuredmedia":[{"embeddable":true,"href":"https:\/\/permbledhja.com\/sq\/wp-json\/wp\/v2\/media\/50091"}],"wp:attachment":[{"href":"https:\/\/permbledhja.com\/sq\/wp-json\/wp\/v2\/media?parent=61198"}],"wp:term":[{"taxonomy":"category","embeddable":true,"href":"https:\/\/permbledhja.com\/sq\/wp-json\/wp\/v2\/categories?post=61198"},{"taxonomy":"post_tag","embeddable":true,"href":"https:\/\/permbledhja.com\/sq\/wp-json\/wp\/v2\/tags?post=61198"}],"curies":[{"name":"wp","href":"https:\/\/api.w.org\/{rel}","templated":true}]}}