{"id":61195,"date":"2024-05-09T10:17:38","date_gmt":"2024-05-09T10:17:38","guid":{"rendered":"https:\/\/permbledhja.com\/?p=61195"},"modified":"2024-05-09T10:17:38","modified_gmt":"2024-05-09T10:17:38","slug":"pacolli-europa-te-jete-me-konkrete-miqesore-dhe-korrekte-ndaj-kosoves","status":"publish","type":"post","link":"https:\/\/permbledhja.com\/sq\/pacolli-europa-te-jete-me-konkrete-miqesore-dhe-korrekte-ndaj-kosoves\/","title":{"rendered":"Pacolli; \u201cEuropa t\u00eb jet\u00eb m\u00eb konkrete, miq\u00ebsore dhe korrekte ndaj Kosov\u00ebs\u201d"},"content":{"rendered":"<h3><strong>Kreu i Aleanc\u00ebs Kosova e Re, Behgjet Pacolli ka uruar qytetar\u00ebt p\u00ebr Dit\u00ebn e Evrop\u00ebs.<\/strong><\/h3>\n<p>K\u00ebt\u00eb urim, Pacolli e ka b\u00ebr\u00eb duke b\u00ebr\u00eb thirrje q\u00eb \u201cEuropa t\u00eb jet\u00eb m\u00eb konkrete dhe miq\u00ebsore dhe korrekte ndaj Kosov\u00ebs\u201d.<\/p>\n<p>\u201cUrime Dita e Europes, me d\u00ebshir\u00eb dhe rekomandime q\u00eb Europa t\u00eb jet\u00eb m\u00eb konkrete dhe miq\u00ebsore dhe korrekte ndaj Kosov\u00ebs. Qytetareve te Kosoves, ju uroj nje dite te bukur. Te ju percjell gjithemone lumturia!\u201d, ka shkruar Pacolli.<\/p>\n","protected":false},"excerpt":{"rendered":"<p>Kreu i Aleanc\u00ebs Kosova e Re, Behgjet Pacolli ka uruar qytetar\u00ebt p\u00ebr Dit\u00ebn e Evrop\u00ebs. K\u00ebt\u00eb urim, Pacolli e ka b\u00ebr\u00eb duke b\u00ebr\u00eb thirrje q\u00eb \u201cEuropa t\u00eb jet\u00eb m\u00eb konkrete dhe miq\u00ebsore dhe korrekte ndaj Kosov\u00ebs\u201d. \u201cUrime Dita e Europes, me d\u00ebshir\u00eb dhe rekomandime q\u00eb Europa t\u00eb jet\u00eb m\u00eb konkrete dhe miq\u00ebsore dhe korrekte ndaj [&hellip;]<\/p>\n","protected":false},"author":5,"featured_media":3864,"comment_status":"closed","ping_status":"closed","sticky":false,"template":"","format":"standard","meta":{"_monsterinsights_skip_tracking":false,"_monsterinsights_sitenote_active":false,"_monsterinsights_sitenote_note":"","_monsterinsights_sitenote_category":0,"_uf_show_specific_survey":0,"_uf_disable_surveys":false,"footnotes":""},"categories":[15],"tags":[],"yoast_head":"<!-- This site is optimized with the Yoast SEO plugin v21.5 - https:\/\/yoast.com\/wordpress\/plugins\/seo\/ -->\n<title>Pacolli; \u201cEuropa t\u00eb jet\u00eb m\u00eb konkrete, miq\u00ebsore dhe korrekte ndaj Kosov\u00ebs\u201d<\/title>\n<meta name=\"robots\" content=\"index, follow, max-snippet:-1, max-image-preview:large, max-video-preview:-1\" \/>\n<link rel=\"canonical\" href=\"https:\/\/permbledhja.com\/sq\/pacolli-europa-te-jete-me-konkrete-miqesore-dhe-korrekte-ndaj-kosoves\/\" \/>\n<meta property=\"og:locale\" content=\"sq_AL\" \/>\n<meta property=\"og:type\" content=\"article\" \/>\n<meta property=\"og:title\" content=\"Pacolli; \u201cEuropa t\u00eb jet\u00eb m\u00eb konkrete, miq\u00ebsore dhe korrekte ndaj Kosov\u00ebs\u201d\" \/>\n<meta property=\"og:description\" content=\"Kreu i Aleanc\u00ebs Kosova e Re, Behgjet Pacolli ka uruar qytetar\u00ebt p\u00ebr Dit\u00ebn e Evrop\u00ebs. K\u00ebt\u00eb urim, Pacolli e ka b\u00ebr\u00eb duke b\u00ebr\u00eb thirrje q\u00eb \u201cEuropa t\u00eb jet\u00eb m\u00eb konkrete dhe miq\u00ebsore dhe korrekte ndaj Kosov\u00ebs\u201d. \u201cUrime Dita e Europes, me d\u00ebshir\u00eb dhe rekomandime q\u00eb Europa t\u00eb jet\u00eb m\u00eb konkrete dhe miq\u00ebsore dhe korrekte ndaj [&hellip;]\" \/>\n<meta property=\"og:url\" content=\"https:\/\/permbledhja.com\/sq\/pacolli-europa-te-jete-me-konkrete-miqesore-dhe-korrekte-ndaj-kosoves\/\" \/>\n<meta property=\"og:site_name\" content=\"Ve\u00e7 artikuj p\u00ebrmbledh\u00ebs\" \/>\n<meta property=\"article:publisher\" content=\"https:\/\/www.facebook.com\/press07\/\" \/>\n<meta property=\"article:published_time\" content=\"2024-05-09T10:17:38+00:00\" \/>\n<meta property=\"og:image\" content=\"https:\/\/permbledhja.com\/wp-content\/uploads\/2022\/08\/pacolliiiii-1-scaled-1.jpg\" \/>\n\t<meta property=\"og:image:width\" content=\"2560\" \/>\n\t<meta property=\"og:image:height\" content=\"1700\" \/>\n\t<meta property=\"og:image:type\" content=\"image\/jpeg\" \/>\n<meta name=\"author\" content=\"DL\" \/>\n<meta name=\"twitter:card\" content=\"summary_large_image\" \/>\n<meta name=\"twitter:label1\" content=\"Written by\" \/>\n\t<meta name=\"twitter:data1\" content=\"DL\" \/>\n\t<meta name=\"twitter:label2\" content=\"Est. reading time\" \/>\n\t<meta name=\"twitter:data2\" content=\"1 minut\u00eb\" \/>\n<script type=\"application\/ld+json\" class=\"yoast-schema-graph\">{\"@context\":\"https:\/\/schema.org\",\"@graph\":[{\"@type\":\"Article\",\"@id\":\"https:\/\/permbledhja.com\/pacolli-europa-te-jete-me-konkrete-miqesore-dhe-korrekte-ndaj-kosoves\/#article\",\"isPartOf\":{\"@id\":\"https:\/\/permbledhja.com\/pacolli-europa-te-jete-me-konkrete-miqesore-dhe-korrekte-ndaj-kosoves\/\"},\"author\":{\"name\":\"DL\",\"@id\":\"https:\/\/permbledhja.com\/#\/schema\/person\/9c54260cbc4c6f792cb100550491638c\"},\"headline\":\"Pacolli; \u201cEuropa t\u00eb jet\u00eb m\u00eb konkrete, miq\u00ebsore dhe korrekte ndaj Kosov\u00ebs\u201d\",\"datePublished\":\"2024-05-09T10:17:38+00:00\",\"dateModified\":\"2024-05-09T10:17:38+00:00\",\"mainEntityOfPage\":{\"@id\":\"https:\/\/permbledhja.com\/pacolli-europa-te-jete-me-konkrete-miqesore-dhe-korrekte-ndaj-kosoves\/\"},\"wordCount\":99,\"publisher\":{\"@id\":\"https:\/\/permbledhja.com\/#organization\"},\"articleSection\":[\"Lajme\"],\"inLanguage\":\"sq\"},{\"@type\":\"WebPage\",\"@id\":\"https:\/\/permbledhja.com\/pacolli-europa-te-jete-me-konkrete-miqesore-dhe-korrekte-ndaj-kosoves\/\",\"url\":\"https:\/\/permbledhja.com\/pacolli-europa-te-jete-me-konkrete-miqesore-dhe-korrekte-ndaj-kosoves\/\",\"name\":\"Pacolli; \u201cEuropa t\u00eb jet\u00eb m\u00eb konkrete, miq\u00ebsore dhe korrekte ndaj Kosov\u00ebs\u201d\",\"isPartOf\":{\"@id\":\"https:\/\/permbledhja.com\/#website\"},\"datePublished\":\"2024-05-09T10:17:38+00:00\",\"dateModified\":\"2024-05-09T10:17:38+00:00\",\"breadcrumb\":{\"@id\":\"https:\/\/permbledhja.com\/pacolli-europa-te-jete-me-konkrete-miqesore-dhe-korrekte-ndaj-kosoves\/#breadcrumb\"},\"inLanguage\":\"sq\",\"potentialAction\":[{\"@type\":\"ReadAction\",\"target\":[\"https:\/\/permbledhja.com\/pacolli-europa-te-jete-me-konkrete-miqesore-dhe-korrekte-ndaj-kosoves\/\"]}]},{\"@type\":\"BreadcrumbList\",\"@id\":\"https:\/\/permbledhja.com\/pacolli-europa-te-jete-me-konkrete-miqesore-dhe-korrekte-ndaj-kosoves\/#breadcrumb\",\"itemListElement\":[{\"@type\":\"ListItem\",\"position\":1,\"name\":\"Ballina\",\"item\":\"https:\/\/permbledhja.com\/sq\/\"},{\"@type\":\"ListItem\",\"position\":2,\"name\":\"Pacolli; \u201cEuropa t\u00eb jet\u00eb m\u00eb konkrete, miq\u00ebsore dhe korrekte ndaj Kosov\u00ebs\u201d\"}]},{\"@type\":\"WebSite\",\"@id\":\"https:\/\/permbledhja.com\/#website\",\"url\":\"https:\/\/permbledhja.com\/\",\"name\":\"Ve\u00e7 artikuj p\u00ebrmbledh\u00ebs\",\"description\":\"\",\"publisher\":{\"@id\":\"https:\/\/permbledhja.com\/#organization\"},\"potentialAction\":[{\"@type\":\"SearchAction\",\"target\":{\"@type\":\"EntryPoint\",\"urlTemplate\":\"https:\/\/permbledhja.com\/?s={search_term_string}\"},\"query-input\":\"required name=search_term_string\"}],\"inLanguage\":\"sq\"},{\"@type\":\"Organization\",\"@id\":\"https:\/\/permbledhja.com\/#organization\",\"name\":\"MK Media & Pr\",\"url\":\"https:\/\/permbledhja.com\/\",\"logo\":{\"@type\":\"ImageObject\",\"inLanguage\":\"sq\",\"@id\":\"https:\/\/permbledhja.com\/#\/schema\/logo\/image\/\",\"url\":\"https:\/\/permbledhja.com\/wp-content\/uploads\/2021\/12\/07-Press-Logo.jpg\",\"contentUrl\":\"https:\/\/permbledhja.com\/wp-content\/uploads\/2021\/12\/07-Press-Logo.jpg\",\"width\":512,\"height\":512,\"caption\":\"MK Media & Pr\"},\"image\":{\"@id\":\"https:\/\/permbledhja.com\/#\/schema\/logo\/image\/\"},\"sameAs\":[\"https:\/\/www.facebook.com\/press07\/\"]},{\"@type\":\"Person\",\"@id\":\"https:\/\/permbledhja.com\/#\/schema\/person\/9c54260cbc4c6f792cb100550491638c\",\"name\":\"DL\",\"image\":{\"@type\":\"ImageObject\",\"inLanguage\":\"sq\",\"@id\":\"https:\/\/permbledhja.com\/#\/schema\/person\/image\/\",\"url\":\"https:\/\/secure.gravatar.com\/avatar\/94503eb28d4c4b2005a5c8753e35fc80?s=96&d=mm&r=g\",\"contentUrl\":\"https:\/\/secure.gravatar.com\/avatar\/94503eb28d4c4b2005a5c8753e35fc80?s=96&d=mm&r=g\",\"caption\":\"DL\"},\"url\":\"https:\/\/permbledhja.com\/sq\/author\/dl\/\"}]}<\/script>\n<!-- \/ Yoast SEO plugin. -->","yoast_head_json":{"title":"Pacolli; \u201cEuropa t\u00eb jet\u00eb m\u00eb konkrete, miq\u00ebsore dhe korrekte ndaj Kosov\u00ebs\u201d","robots":{"index":"index","follow":"follow","max-snippet":"max-snippet:-1","max-image-preview":"max-image-preview:large","max-video-preview":"max-video-preview:-1"},"canonical":"https:\/\/permbledhja.com\/sq\/pacolli-europa-te-jete-me-konkrete-miqesore-dhe-korrekte-ndaj-kosoves\/","og_locale":"sq_AL","og_type":"article","og_title":"Pacolli; \u201cEuropa t\u00eb jet\u00eb m\u00eb konkrete, miq\u00ebsore dhe korrekte ndaj Kosov\u00ebs\u201d","og_description":"Kreu i Aleanc\u00ebs Kosova e Re, Behgjet Pacolli ka uruar qytetar\u00ebt p\u00ebr Dit\u00ebn e Evrop\u00ebs. K\u00ebt\u00eb urim, Pacolli e ka b\u00ebr\u00eb duke b\u00ebr\u00eb thirrje q\u00eb \u201cEuropa t\u00eb jet\u00eb m\u00eb konkrete dhe miq\u00ebsore dhe korrekte ndaj Kosov\u00ebs\u201d. \u201cUrime Dita e Europes, me d\u00ebshir\u00eb dhe rekomandime q\u00eb Europa t\u00eb jet\u00eb m\u00eb konkrete dhe miq\u00ebsore dhe korrekte ndaj [&hellip;]","og_url":"https:\/\/permbledhja.com\/sq\/pacolli-europa-te-jete-me-konkrete-miqesore-dhe-korrekte-ndaj-kosoves\/","og_site_name":"Ve\u00e7 artikuj p\u00ebrmbledh\u00ebs","article_publisher":"https:\/\/www.facebook.com\/press07\/","article_published_time":"2024-05-09T10:17:38+00:00","og_image":[{"width":2560,"height":1700,"url":"https:\/\/permbledhja.com\/wp-content\/uploads\/2022\/08\/pacolliiiii-1-scaled-1.jpg","type":"image\/jpeg"}],"author":"DL","twitter_card":"summary_large_image","twitter_misc":{"Written by":"DL","Est. reading time":"1 minut\u00eb"},"schema":{"@context":"https:\/\/schema.org","@graph":[{"@type":"Article","@id":"https:\/\/permbledhja.com\/pacolli-europa-te-jete-me-konkrete-miqesore-dhe-korrekte-ndaj-kosoves\/#article","isPartOf":{"@id":"https:\/\/permbledhja.com\/pacolli-europa-te-jete-me-konkrete-miqesore-dhe-korrekte-ndaj-kosoves\/"},"author":{"name":"DL","@id":"https:\/\/permbledhja.com\/#\/schema\/person\/9c54260cbc4c6f792cb100550491638c"},"headline":"Pacolli; \u201cEuropa t\u00eb jet\u00eb m\u00eb konkrete, miq\u00ebsore dhe korrekte ndaj Kosov\u00ebs\u201d","datePublished":"2024-05-09T10:17:38+00:00","dateModified":"2024-05-09T10:17:38+00:00","mainEntityOfPage":{"@id":"https:\/\/permbledhja.com\/pacolli-europa-te-jete-me-konkrete-miqesore-dhe-korrekte-ndaj-kosoves\/"},"wordCount":99,"publisher":{"@id":"https:\/\/permbledhja.com\/#organization"},"articleSection":["Lajme"],"inLanguage":"sq"},{"@type":"WebPage","@id":"https:\/\/permbledhja.com\/pacolli-europa-te-jete-me-konkrete-miqesore-dhe-korrekte-ndaj-kosoves\/","url":"https:\/\/permbledhja.com\/pacolli-europa-te-jete-me-konkrete-miqesore-dhe-korrekte-ndaj-kosoves\/","name":"Pacolli; \u201cEuropa t\u00eb jet\u00eb m\u00eb konkrete, miq\u00ebsore dhe korrekte ndaj Kosov\u00ebs\u201d","isPartOf":{"@id":"https:\/\/permbledhja.com\/#website"},"datePublished":"2024-05-09T10:17:38+00:00","dateModified":"2024-05-09T10:17:38+00:00","breadcrumb":{"@id":"https:\/\/permbledhja.com\/pacolli-europa-te-jete-me-konkrete-miqesore-dhe-korrekte-ndaj-kosoves\/#breadcrumb"},"inLanguage":"sq","potentialAction":[{"@type":"ReadAction","target":["https:\/\/permbledhja.com\/pacolli-europa-te-jete-me-konkrete-miqesore-dhe-korrekte-ndaj-kosoves\/"]}]},{"@type":"BreadcrumbList","@id":"https:\/\/permbledhja.com\/pacolli-europa-te-jete-me-konkrete-miqesore-dhe-korrekte-ndaj-kosoves\/#breadcrumb","itemListElement":[{"@type":"ListItem","position":1,"name":"Ballina","item":"https:\/\/permbledhja.com\/sq\/"},{"@type":"ListItem","position":2,"name":"Pacolli; \u201cEuropa t\u00eb jet\u00eb m\u00eb konkrete, miq\u00ebsore dhe korrekte ndaj Kosov\u00ebs\u201d"}]},{"@type":"WebSite","@id":"https:\/\/permbledhja.com\/#website","url":"https:\/\/permbledhja.com\/","name":"Ve\u00e7 artikuj p\u00ebrmbledh\u00ebs","description":"","publisher":{"@id":"https:\/\/permbledhja.com\/#organization"},"potentialAction":[{"@type":"SearchAction","target":{"@type":"EntryPoint","urlTemplate":"https:\/\/permbledhja.com\/?s={search_term_string}"},"query-input":"required name=search_term_string"}],"inLanguage":"sq"},{"@type":"Organization","@id":"https:\/\/permbledhja.com\/#organization","name":"MK Media & Pr","url":"https:\/\/permbledhja.com\/","logo":{"@type":"ImageObject","inLanguage":"sq","@id":"https:\/\/permbledhja.com\/#\/schema\/logo\/image\/","url":"https:\/\/permbledhja.com\/wp-content\/uploads\/2021\/12\/07-Press-Logo.jpg","contentUrl":"https:\/\/permbledhja.com\/wp-content\/uploads\/2021\/12\/07-Press-Logo.jpg","width":512,"height":512,"caption":"MK Media & Pr"},"image":{"@id":"https:\/\/permbledhja.com\/#\/schema\/logo\/image\/"},"sameAs":["https:\/\/www.facebook.com\/press07\/"]},{"@type":"Person","@id":"https:\/\/permbledhja.com\/#\/schema\/person\/9c54260cbc4c6f792cb100550491638c","name":"DL","image":{"@type":"ImageObject","inLanguage":"sq","@id":"https:\/\/permbledhja.com\/#\/schema\/person\/image\/","url":"https:\/\/secure.gravatar.com\/avatar\/94503eb28d4c4b2005a5c8753e35fc80?s=96&d=mm&r=g","contentUrl":"https:\/\/secure.gravatar.com\/avatar\/94503eb28d4c4b2005a5c8753e35fc80?s=96&d=mm&r=g","caption":"DL"},"url":"https:\/\/permbledhja.com\/sq\/author\/dl\/"}]}},"_links":{"self":[{"href":"https:\/\/permbledhja.com\/sq\/wp-json\/wp\/v2\/posts\/61195"}],"collection":[{"href":"https:\/\/permbledhja.com\/sq\/wp-json\/wp\/v2\/posts"}],"about":[{"href":"https:\/\/permbledhja.com\/sq\/wp-json\/wp\/v2\/types\/post"}],"author":[{"embeddable":true,"href":"https:\/\/permbledhja.com\/sq\/wp-json\/wp\/v2\/users\/5"}],"replies":[{"embeddable":true,"href":"https:\/\/permbledhja.com\/sq\/wp-json\/wp\/v2\/comments?post=61195"}],"version-history":[{"count":1,"href":"https:\/\/permbledhja.com\/sq\/wp-json\/wp\/v2\/posts\/61195\/revisions"}],"predecessor-version":[{"id":61197,"href":"https:\/\/permbledhja.com\/sq\/wp-json\/wp\/v2\/posts\/61195\/revisions\/61197"}],"wp:featuredmedia":[{"embeddable":true,"href":"https:\/\/permbledhja.com\/sq\/wp-json\/wp\/v2\/media\/3864"}],"wp:attachment":[{"href":"https:\/\/permbledhja.com\/sq\/wp-json\/wp\/v2\/media?parent=61195"}],"wp:term":[{"taxonomy":"category","embeddable":true,"href":"https:\/\/permbledhja.com\/sq\/wp-json\/wp\/v2\/categories?post=61195"},{"taxonomy":"post_tag","embeddable":true,"href":"https:\/\/permbledhja.com\/sq\/wp-json\/wp\/v2\/tags?post=61195"}],"curies":[{"name":"wp","href":"https:\/\/api.w.org\/{rel}","templated":true}]}}