{"id":61192,"date":"2024-05-09T10:01:43","date_gmt":"2024-05-09T10:01:43","guid":{"rendered":"https:\/\/permbledhja.com\/?p=61192"},"modified":"2024-05-09T10:01:43","modified_gmt":"2024-05-09T10:01:43","slug":"takimi-i-lajcak-me-obrien-dhe-escobar-rikfonfirmohet-se-be-dhe-shba-jane-ne-nje-linje-per-dialogun-dhe-rajonin","status":"publish","type":"post","link":"https:\/\/permbledhja.com\/sq\/takimi-i-lajcak-me-obrien-dhe-escobar-rikfonfirmohet-se-be-dhe-shba-jane-ne-nje-linje-per-dialogun-dhe-rajonin\/","title":{"rendered":"Takimi i Laj\u00e7ak me O\u2019Brien dhe Escobar, rikfonfirmohet se BE dhe SHBA jan\u00eb n\u00eb nj\u00eb linj\u00eb p\u00ebr Dialogun dhe rajonin"},"content":{"rendered":"<h3><strong>Emisari i BE-s\u00eb p\u00ebr dialogun Kosov\u00eb-Serbi, Miroslav Lajcak, ka q\u00ebndruar p\u00ebr nj\u00eb vizit\u00eb zyrtare n\u00eb Washington, ku \u00ebsht\u00eb takuar me Ndihm\u00ebs Sekretarin, Jim O\u2019Brien dhe Z\u00ebvend\u00ebs ndihm\u00ebs Sekretarin dhe emisarin p\u00ebr Ballkanin Per\u00ebndimor, Gabriel Escobar.<\/strong><\/h3>\n<p>Lajcak ka th\u00ebn\u00eb se n\u00eb takim kan\u00eb diskutuar p\u00ebr rrug\u00ebn p\u00ebrpara sa i p\u00ebrket dialogut n\u00eb mes t\u00eb Kosov\u00ebs dhe Serbis\u00eb dhe se gjithashtu kan\u00eb folur edhe p\u00ebr \u00e7\u00ebshtjet rajonale q\u00eb lidhen me Ballkanin Per\u00ebndimor.<\/p>\n<p>Emisari sllovak ka th\u00ebn\u00eb se n\u00eb k\u00ebt\u00eb takim kan\u00eb rikonfirmuar bashk\u00ebpunimin e shk\u00eblqyer n\u00eb mes t\u00eb SHBA-s\u00eb dhe Bashkimit Evropian.<\/p>\n<p><em>\u201cKam k\u00ebnaq\u00ebsin\u00eb t\u00eb takohem me Jim O\u2019Brien dhe Z\u00ebvend\u00ebs Ndihm\u00ebs Sekretarin Escobar sot n\u00eb Uashington p\u00ebr t\u00eb diskutuar rrug\u00ebn p\u00ebrpara n\u00eb Dialog dhe \u00e7\u00ebshtje t\u00eb tjera rajonale n\u00eb Ballkanin Per\u00ebndimor. Rikonfirmuam bashk\u00ebpunimin ton\u00eb t\u00eb shk\u00eblqyer BE-SHBA\u201d,<\/em>\u00a0ka shkruar Lajcak.<\/p>\n","protected":false},"excerpt":{"rendered":"<p>Emisari i BE-s\u00eb p\u00ebr dialogun Kosov\u00eb-Serbi, Miroslav Lajcak, ka q\u00ebndruar p\u00ebr nj\u00eb vizit\u00eb zyrtare n\u00eb Washington, ku \u00ebsht\u00eb takuar me Ndihm\u00ebs Sekretarin, Jim O\u2019Brien dhe Z\u00ebvend\u00ebs ndihm\u00ebs Sekretarin dhe emisarin p\u00ebr Ballkanin Per\u00ebndimor, Gabriel Escobar. Lajcak ka th\u00ebn\u00eb se n\u00eb takim kan\u00eb diskutuar p\u00ebr rrug\u00ebn p\u00ebrpara sa i p\u00ebrket dialogut n\u00eb mes t\u00eb Kosov\u00ebs dhe [&hellip;]<\/p>\n","protected":false},"author":5,"featured_media":61193,"comment_status":"closed","ping_status":"closed","sticky":false,"template":"","format":"standard","meta":{"_monsterinsights_skip_tracking":false,"_monsterinsights_sitenote_active":false,"_monsterinsights_sitenote_note":"","_monsterinsights_sitenote_category":0,"_uf_show_specific_survey":0,"_uf_disable_surveys":false,"footnotes":""},"categories":[1146],"tags":[],"yoast_head":"<!-- This site is optimized with the Yoast SEO plugin v21.5 - https:\/\/yoast.com\/wordpress\/plugins\/seo\/ -->\n<title>Takimi i Laj\u00e7ak me O\u2019Brien dhe Escobar, rikfonfirmohet se BE dhe SHBA jan\u00eb n\u00eb nj\u00eb linj\u00eb p\u00ebr Dialogun dhe rajonin<\/title>\n<meta name=\"robots\" content=\"index, follow, max-snippet:-1, max-image-preview:large, max-video-preview:-1\" \/>\n<link rel=\"canonical\" href=\"https:\/\/permbledhja.com\/sq\/takimi-i-lajcak-me-obrien-dhe-escobar-rikfonfirmohet-se-be-dhe-shba-jane-ne-nje-linje-per-dialogun-dhe-rajonin\/\" \/>\n<meta property=\"og:locale\" content=\"sq_AL\" \/>\n<meta property=\"og:type\" content=\"article\" \/>\n<meta property=\"og:title\" content=\"Takimi i Laj\u00e7ak me O\u2019Brien dhe Escobar, rikfonfirmohet se BE dhe SHBA jan\u00eb n\u00eb nj\u00eb linj\u00eb p\u00ebr Dialogun dhe rajonin\" \/>\n<meta property=\"og:description\" content=\"Emisari i BE-s\u00eb p\u00ebr dialogun Kosov\u00eb-Serbi, Miroslav Lajcak, ka q\u00ebndruar p\u00ebr nj\u00eb vizit\u00eb zyrtare n\u00eb Washington, ku \u00ebsht\u00eb takuar me Ndihm\u00ebs Sekretarin, Jim O\u2019Brien dhe Z\u00ebvend\u00ebs ndihm\u00ebs Sekretarin dhe emisarin p\u00ebr Ballkanin Per\u00ebndimor, Gabriel Escobar. Lajcak ka th\u00ebn\u00eb se n\u00eb takim kan\u00eb diskutuar p\u00ebr rrug\u00ebn p\u00ebrpara sa i p\u00ebrket dialogut n\u00eb mes t\u00eb Kosov\u00ebs dhe [&hellip;]\" \/>\n<meta property=\"og:url\" content=\"https:\/\/permbledhja.com\/sq\/takimi-i-lajcak-me-obrien-dhe-escobar-rikfonfirmohet-se-be-dhe-shba-jane-ne-nje-linje-per-dialogun-dhe-rajonin\/\" \/>\n<meta property=\"og:site_name\" content=\"Ve\u00e7 artikuj p\u00ebrmbledh\u00ebs\" \/>\n<meta property=\"article:publisher\" content=\"https:\/\/www.facebook.com\/press07\/\" \/>\n<meta property=\"article:published_time\" content=\"2024-05-09T10:01:43+00:00\" \/>\n<meta property=\"og:image\" content=\"https:\/\/permbledhja.com\/wp-content\/uploads\/2024\/05\/tkm.webp\" \/>\n\t<meta property=\"og:image:width\" content=\"600\" \/>\n\t<meta property=\"og:image:height\" content=\"360\" \/>\n\t<meta property=\"og:image:type\" content=\"image\/webp\" \/>\n<meta name=\"author\" content=\"DL\" \/>\n<meta name=\"twitter:card\" content=\"summary_large_image\" \/>\n<meta name=\"twitter:label1\" content=\"Written by\" \/>\n\t<meta name=\"twitter:data1\" content=\"DL\" \/>\n\t<meta name=\"twitter:label2\" content=\"Est. reading time\" \/>\n\t<meta name=\"twitter:data2\" content=\"1 minut\u00eb\" \/>\n<script type=\"application\/ld+json\" class=\"yoast-schema-graph\">{\"@context\":\"https:\/\/schema.org\",\"@graph\":[{\"@type\":\"Article\",\"@id\":\"https:\/\/permbledhja.com\/takimi-i-lajcak-me-obrien-dhe-escobar-rikfonfirmohet-se-be-dhe-shba-jane-ne-nje-linje-per-dialogun-dhe-rajonin\/#article\",\"isPartOf\":{\"@id\":\"https:\/\/permbledhja.com\/takimi-i-lajcak-me-obrien-dhe-escobar-rikfonfirmohet-se-be-dhe-shba-jane-ne-nje-linje-per-dialogun-dhe-rajonin\/\"},\"author\":{\"name\":\"DL\",\"@id\":\"https:\/\/permbledhja.com\/#\/schema\/person\/9c54260cbc4c6f792cb100550491638c\"},\"headline\":\"Takimi i Laj\u00e7ak me O\u2019Brien dhe Escobar, rikfonfirmohet se BE dhe SHBA jan\u00eb n\u00eb nj\u00eb linj\u00eb p\u00ebr Dialogun dhe rajonin\",\"datePublished\":\"2024-05-09T10:01:43+00:00\",\"dateModified\":\"2024-05-09T10:01:43+00:00\",\"mainEntityOfPage\":{\"@id\":\"https:\/\/permbledhja.com\/takimi-i-lajcak-me-obrien-dhe-escobar-rikfonfirmohet-se-be-dhe-shba-jane-ne-nje-linje-per-dialogun-dhe-rajonin\/\"},\"wordCount\":187,\"publisher\":{\"@id\":\"https:\/\/permbledhja.com\/#organization\"},\"articleSection\":[\"Kryesoret\"],\"inLanguage\":\"sq\"},{\"@type\":\"WebPage\",\"@id\":\"https:\/\/permbledhja.com\/takimi-i-lajcak-me-obrien-dhe-escobar-rikfonfirmohet-se-be-dhe-shba-jane-ne-nje-linje-per-dialogun-dhe-rajonin\/\",\"url\":\"https:\/\/permbledhja.com\/takimi-i-lajcak-me-obrien-dhe-escobar-rikfonfirmohet-se-be-dhe-shba-jane-ne-nje-linje-per-dialogun-dhe-rajonin\/\",\"name\":\"Takimi i Laj\u00e7ak me O\u2019Brien dhe Escobar, rikfonfirmohet se BE dhe SHBA jan\u00eb n\u00eb nj\u00eb linj\u00eb p\u00ebr Dialogun dhe rajonin\",\"isPartOf\":{\"@id\":\"https:\/\/permbledhja.com\/#website\"},\"datePublished\":\"2024-05-09T10:01:43+00:00\",\"dateModified\":\"2024-05-09T10:01:43+00:00\",\"breadcrumb\":{\"@id\":\"https:\/\/permbledhja.com\/takimi-i-lajcak-me-obrien-dhe-escobar-rikfonfirmohet-se-be-dhe-shba-jane-ne-nje-linje-per-dialogun-dhe-rajonin\/#breadcrumb\"},\"inLanguage\":\"sq\",\"potentialAction\":[{\"@type\":\"ReadAction\",\"target\":[\"https:\/\/permbledhja.com\/takimi-i-lajcak-me-obrien-dhe-escobar-rikfonfirmohet-se-be-dhe-shba-jane-ne-nje-linje-per-dialogun-dhe-rajonin\/\"]}]},{\"@type\":\"BreadcrumbList\",\"@id\":\"https:\/\/permbledhja.com\/takimi-i-lajcak-me-obrien-dhe-escobar-rikfonfirmohet-se-be-dhe-shba-jane-ne-nje-linje-per-dialogun-dhe-rajonin\/#breadcrumb\",\"itemListElement\":[{\"@type\":\"ListItem\",\"position\":1,\"name\":\"Ballina\",\"item\":\"https:\/\/permbledhja.com\/sq\/\"},{\"@type\":\"ListItem\",\"position\":2,\"name\":\"Takimi i Laj\u00e7ak me O\u2019Brien dhe Escobar, rikfonfirmohet se BE dhe SHBA jan\u00eb n\u00eb nj\u00eb linj\u00eb p\u00ebr Dialogun dhe rajonin\"}]},{\"@type\":\"WebSite\",\"@id\":\"https:\/\/permbledhja.com\/#website\",\"url\":\"https:\/\/permbledhja.com\/\",\"name\":\"Ve\u00e7 artikuj p\u00ebrmbledh\u00ebs\",\"description\":\"\",\"publisher\":{\"@id\":\"https:\/\/permbledhja.com\/#organization\"},\"potentialAction\":[{\"@type\":\"SearchAction\",\"target\":{\"@type\":\"EntryPoint\",\"urlTemplate\":\"https:\/\/permbledhja.com\/?s={search_term_string}\"},\"query-input\":\"required name=search_term_string\"}],\"inLanguage\":\"sq\"},{\"@type\":\"Organization\",\"@id\":\"https:\/\/permbledhja.com\/#organization\",\"name\":\"MK Media & Pr\",\"url\":\"https:\/\/permbledhja.com\/\",\"logo\":{\"@type\":\"ImageObject\",\"inLanguage\":\"sq\",\"@id\":\"https:\/\/permbledhja.com\/#\/schema\/logo\/image\/\",\"url\":\"https:\/\/permbledhja.com\/wp-content\/uploads\/2021\/12\/07-Press-Logo.jpg\",\"contentUrl\":\"https:\/\/permbledhja.com\/wp-content\/uploads\/2021\/12\/07-Press-Logo.jpg\",\"width\":512,\"height\":512,\"caption\":\"MK Media & Pr\"},\"image\":{\"@id\":\"https:\/\/permbledhja.com\/#\/schema\/logo\/image\/\"},\"sameAs\":[\"https:\/\/www.facebook.com\/press07\/\"]},{\"@type\":\"Person\",\"@id\":\"https:\/\/permbledhja.com\/#\/schema\/person\/9c54260cbc4c6f792cb100550491638c\",\"name\":\"DL\",\"image\":{\"@type\":\"ImageObject\",\"inLanguage\":\"sq\",\"@id\":\"https:\/\/permbledhja.com\/#\/schema\/person\/image\/\",\"url\":\"https:\/\/secure.gravatar.com\/avatar\/94503eb28d4c4b2005a5c8753e35fc80?s=96&d=mm&r=g\",\"contentUrl\":\"https:\/\/secure.gravatar.com\/avatar\/94503eb28d4c4b2005a5c8753e35fc80?s=96&d=mm&r=g\",\"caption\":\"DL\"},\"url\":\"https:\/\/permbledhja.com\/sq\/author\/dl\/\"}]}<\/script>\n<!-- \/ Yoast SEO plugin. -->","yoast_head_json":{"title":"Takimi i Laj\u00e7ak me O\u2019Brien dhe Escobar, rikfonfirmohet se BE dhe SHBA jan\u00eb n\u00eb nj\u00eb linj\u00eb p\u00ebr Dialogun dhe rajonin","robots":{"index":"index","follow":"follow","max-snippet":"max-snippet:-1","max-image-preview":"max-image-preview:large","max-video-preview":"max-video-preview:-1"},"canonical":"https:\/\/permbledhja.com\/sq\/takimi-i-lajcak-me-obrien-dhe-escobar-rikfonfirmohet-se-be-dhe-shba-jane-ne-nje-linje-per-dialogun-dhe-rajonin\/","og_locale":"sq_AL","og_type":"article","og_title":"Takimi i Laj\u00e7ak me O\u2019Brien dhe Escobar, rikfonfirmohet se BE dhe SHBA jan\u00eb n\u00eb nj\u00eb linj\u00eb p\u00ebr Dialogun dhe rajonin","og_description":"Emisari i BE-s\u00eb p\u00ebr dialogun Kosov\u00eb-Serbi, Miroslav Lajcak, ka q\u00ebndruar p\u00ebr nj\u00eb vizit\u00eb zyrtare n\u00eb Washington, ku \u00ebsht\u00eb takuar me Ndihm\u00ebs Sekretarin, Jim O\u2019Brien dhe Z\u00ebvend\u00ebs ndihm\u00ebs Sekretarin dhe emisarin p\u00ebr Ballkanin Per\u00ebndimor, Gabriel Escobar. Lajcak ka th\u00ebn\u00eb se n\u00eb takim kan\u00eb diskutuar p\u00ebr rrug\u00ebn p\u00ebrpara sa i p\u00ebrket dialogut n\u00eb mes t\u00eb Kosov\u00ebs dhe [&hellip;]","og_url":"https:\/\/permbledhja.com\/sq\/takimi-i-lajcak-me-obrien-dhe-escobar-rikfonfirmohet-se-be-dhe-shba-jane-ne-nje-linje-per-dialogun-dhe-rajonin\/","og_site_name":"Ve\u00e7 artikuj p\u00ebrmbledh\u00ebs","article_publisher":"https:\/\/www.facebook.com\/press07\/","article_published_time":"2024-05-09T10:01:43+00:00","og_image":[{"width":600,"height":360,"url":"https:\/\/permbledhja.com\/wp-content\/uploads\/2024\/05\/tkm.webp","type":"image\/webp"}],"author":"DL","twitter_card":"summary_large_image","twitter_misc":{"Written by":"DL","Est. reading time":"1 minut\u00eb"},"schema":{"@context":"https:\/\/schema.org","@graph":[{"@type":"Article","@id":"https:\/\/permbledhja.com\/takimi-i-lajcak-me-obrien-dhe-escobar-rikfonfirmohet-se-be-dhe-shba-jane-ne-nje-linje-per-dialogun-dhe-rajonin\/#article","isPartOf":{"@id":"https:\/\/permbledhja.com\/takimi-i-lajcak-me-obrien-dhe-escobar-rikfonfirmohet-se-be-dhe-shba-jane-ne-nje-linje-per-dialogun-dhe-rajonin\/"},"author":{"name":"DL","@id":"https:\/\/permbledhja.com\/#\/schema\/person\/9c54260cbc4c6f792cb100550491638c"},"headline":"Takimi i Laj\u00e7ak me O\u2019Brien dhe Escobar, rikfonfirmohet se BE dhe SHBA jan\u00eb n\u00eb nj\u00eb linj\u00eb p\u00ebr Dialogun dhe rajonin","datePublished":"2024-05-09T10:01:43+00:00","dateModified":"2024-05-09T10:01:43+00:00","mainEntityOfPage":{"@id":"https:\/\/permbledhja.com\/takimi-i-lajcak-me-obrien-dhe-escobar-rikfonfirmohet-se-be-dhe-shba-jane-ne-nje-linje-per-dialogun-dhe-rajonin\/"},"wordCount":187,"publisher":{"@id":"https:\/\/permbledhja.com\/#organization"},"articleSection":["Kryesoret"],"inLanguage":"sq"},{"@type":"WebPage","@id":"https:\/\/permbledhja.com\/takimi-i-lajcak-me-obrien-dhe-escobar-rikfonfirmohet-se-be-dhe-shba-jane-ne-nje-linje-per-dialogun-dhe-rajonin\/","url":"https:\/\/permbledhja.com\/takimi-i-lajcak-me-obrien-dhe-escobar-rikfonfirmohet-se-be-dhe-shba-jane-ne-nje-linje-per-dialogun-dhe-rajonin\/","name":"Takimi i Laj\u00e7ak me O\u2019Brien dhe Escobar, rikfonfirmohet se BE dhe SHBA jan\u00eb n\u00eb nj\u00eb linj\u00eb p\u00ebr Dialogun dhe rajonin","isPartOf":{"@id":"https:\/\/permbledhja.com\/#website"},"datePublished":"2024-05-09T10:01:43+00:00","dateModified":"2024-05-09T10:01:43+00:00","breadcrumb":{"@id":"https:\/\/permbledhja.com\/takimi-i-lajcak-me-obrien-dhe-escobar-rikfonfirmohet-se-be-dhe-shba-jane-ne-nje-linje-per-dialogun-dhe-rajonin\/#breadcrumb"},"inLanguage":"sq","potentialAction":[{"@type":"ReadAction","target":["https:\/\/permbledhja.com\/takimi-i-lajcak-me-obrien-dhe-escobar-rikfonfirmohet-se-be-dhe-shba-jane-ne-nje-linje-per-dialogun-dhe-rajonin\/"]}]},{"@type":"BreadcrumbList","@id":"https:\/\/permbledhja.com\/takimi-i-lajcak-me-obrien-dhe-escobar-rikfonfirmohet-se-be-dhe-shba-jane-ne-nje-linje-per-dialogun-dhe-rajonin\/#breadcrumb","itemListElement":[{"@type":"ListItem","position":1,"name":"Ballina","item":"https:\/\/permbledhja.com\/sq\/"},{"@type":"ListItem","position":2,"name":"Takimi i Laj\u00e7ak me O\u2019Brien dhe Escobar, rikfonfirmohet se BE dhe SHBA jan\u00eb n\u00eb nj\u00eb linj\u00eb p\u00ebr Dialogun dhe rajonin"}]},{"@type":"WebSite","@id":"https:\/\/permbledhja.com\/#website","url":"https:\/\/permbledhja.com\/","name":"Ve\u00e7 artikuj p\u00ebrmbledh\u00ebs","description":"","publisher":{"@id":"https:\/\/permbledhja.com\/#organization"},"potentialAction":[{"@type":"SearchAction","target":{"@type":"EntryPoint","urlTemplate":"https:\/\/permbledhja.com\/?s={search_term_string}"},"query-input":"required name=search_term_string"}],"inLanguage":"sq"},{"@type":"Organization","@id":"https:\/\/permbledhja.com\/#organization","name":"MK Media & Pr","url":"https:\/\/permbledhja.com\/","logo":{"@type":"ImageObject","inLanguage":"sq","@id":"https:\/\/permbledhja.com\/#\/schema\/logo\/image\/","url":"https:\/\/permbledhja.com\/wp-content\/uploads\/2021\/12\/07-Press-Logo.jpg","contentUrl":"https:\/\/permbledhja.com\/wp-content\/uploads\/2021\/12\/07-Press-Logo.jpg","width":512,"height":512,"caption":"MK Media & Pr"},"image":{"@id":"https:\/\/permbledhja.com\/#\/schema\/logo\/image\/"},"sameAs":["https:\/\/www.facebook.com\/press07\/"]},{"@type":"Person","@id":"https:\/\/permbledhja.com\/#\/schema\/person\/9c54260cbc4c6f792cb100550491638c","name":"DL","image":{"@type":"ImageObject","inLanguage":"sq","@id":"https:\/\/permbledhja.com\/#\/schema\/person\/image\/","url":"https:\/\/secure.gravatar.com\/avatar\/94503eb28d4c4b2005a5c8753e35fc80?s=96&d=mm&r=g","contentUrl":"https:\/\/secure.gravatar.com\/avatar\/94503eb28d4c4b2005a5c8753e35fc80?s=96&d=mm&r=g","caption":"DL"},"url":"https:\/\/permbledhja.com\/sq\/author\/dl\/"}]}},"_links":{"self":[{"href":"https:\/\/permbledhja.com\/sq\/wp-json\/wp\/v2\/posts\/61192"}],"collection":[{"href":"https:\/\/permbledhja.com\/sq\/wp-json\/wp\/v2\/posts"}],"about":[{"href":"https:\/\/permbledhja.com\/sq\/wp-json\/wp\/v2\/types\/post"}],"author":[{"embeddable":true,"href":"https:\/\/permbledhja.com\/sq\/wp-json\/wp\/v2\/users\/5"}],"replies":[{"embeddable":true,"href":"https:\/\/permbledhja.com\/sq\/wp-json\/wp\/v2\/comments?post=61192"}],"version-history":[{"count":1,"href":"https:\/\/permbledhja.com\/sq\/wp-json\/wp\/v2\/posts\/61192\/revisions"}],"predecessor-version":[{"id":61194,"href":"https:\/\/permbledhja.com\/sq\/wp-json\/wp\/v2\/posts\/61192\/revisions\/61194"}],"wp:featuredmedia":[{"embeddable":true,"href":"https:\/\/permbledhja.com\/sq\/wp-json\/wp\/v2\/media\/61193"}],"wp:attachment":[{"href":"https:\/\/permbledhja.com\/sq\/wp-json\/wp\/v2\/media?parent=61192"}],"wp:term":[{"taxonomy":"category","embeddable":true,"href":"https:\/\/permbledhja.com\/sq\/wp-json\/wp\/v2\/categories?post=61192"},{"taxonomy":"post_tag","embeddable":true,"href":"https:\/\/permbledhja.com\/sq\/wp-json\/wp\/v2\/tags?post=61192"}],"curies":[{"name":"wp","href":"https:\/\/api.w.org\/{rel}","templated":true}]}}