{"id":61182,"date":"2024-05-09T09:13:23","date_gmt":"2024-05-09T09:13:23","guid":{"rendered":"https:\/\/permbledhja.com\/?p=61182"},"modified":"2024-05-09T09:13:23","modified_gmt":"2024-05-09T09:13:23","slug":"hoxhaj-kosova-pa-asnje-njohje-qe-kater-vjet-i-ka-humbur-momentumi-nderkombetar","status":"publish","type":"post","link":"https:\/\/permbledhja.com\/sq\/hoxhaj-kosova-pa-asnje-njohje-qe-kater-vjet-i-ka-humbur-momentumi-nderkombetar\/","title":{"rendered":"Hoxhaj: Kosova pa asnj\u00eb njohje q\u00eb kat\u00ebr vjet, i ka humbur momentumi nd\u00ebrkomb\u00ebtar"},"content":{"rendered":"<h3><strong>Deputeti i Partis\u00eb Demokratike t\u00eb Kosov\u00ebs, \u00a0Enver Hoxhaj, ka th\u00ebn\u00eb se Palestina, edhe pse n\u00eb Gaza n\u00eb gjendje lufte, ka arritur t\u00eb rikthej\u00eb momentumin nd\u00ebrkomb\u00ebtar, nga e cila po merr njohje t\u00eb nj\u00ebpasnj\u00ebshme.<\/strong><\/h3>\n<p>N\u00ebnkryetar i Kuvendit Enver Hoxhaj, p\u00ebrmes nj\u00eb shkrimi n\u00eb rrjetin social Facebook, ka th\u00ebn\u00eb se jav\u00ebn e kaluar Xhamajka, Barbados, Trinidad dhe Tobago njoh\u00ebn pavar\u00ebsin\u00eb e Palestin\u00ebs dhe k\u00ebt\u00eb muaj Spanja, Irlanda dhe Sllovenia gjithashtu do ta njohin at\u00eb, shkroi ai.<\/p>\n<p>E kjo, sipas Hoxhajt, tregon q\u00eb, Palestina, p\u00ebrkund\u00ebr luft\u00ebs n\u00eb Gaza, e ka rikthyer momentumin e saj.<\/p>\n<p>\u201cKosova pa asnj\u00eb njohje n\u00eb kat\u00ebr vitet e fundin, p\u00ebrfundimisht e ka humbur momentumin nd\u00ebrkomb\u00ebtar t\u00eb saj! Ky \u00ebsht\u00eb \u00e7mimi q\u00eb \u00ebsht\u00eb duke paguar Kosova pa kurrfar politike t\u00eb jashtme.\u201d, ka shkruar Hoxhaj.<\/p>\n<p>\u201cJav\u00ebn e kaluar Xhamajka, Barbados, Trinidad dhe Tobago njoh\u00ebn pavar\u00ebsin\u00eb e Palestin\u00ebs. K\u00ebt\u00eb muaj Spanja, Irlanda dhe Sllovenia gjithashtu do ta njohin at\u00eb! Kjo tregon q\u00eb, ajo, p\u00ebrkund\u00ebr luft\u00ebs n\u00eb Gaza, e ka rikthyer momentumin e saj. Kosova pa asnj\u00eb njohje n\u00eb kat\u00ebr vitet e fundin, p\u00ebrfundimisht e ka humbur momentumin nd\u00ebrkomb\u00ebtar t\u00eb saj! Ky \u00ebsht\u00eb \u00e7mimi q\u00eb \u00ebsht\u00eb duke paguar Kosova pa kurrfar politike t\u00eb jashtme.\u201d, ka th\u00ebn\u00eb ai n\u00eb k\u00ebt\u00eb postim.<\/p>\n<p>&nbsp;<\/p>\n","protected":false},"excerpt":{"rendered":"<p>Deputeti i Partis\u00eb Demokratike t\u00eb Kosov\u00ebs, \u00a0Enver Hoxhaj, ka th\u00ebn\u00eb se Palestina, edhe pse n\u00eb Gaza n\u00eb gjendje lufte, ka arritur t\u00eb rikthej\u00eb momentumin nd\u00ebrkomb\u00ebtar, nga e cila po merr njohje t\u00eb nj\u00ebpasnj\u00ebshme. N\u00ebnkryetar i Kuvendit Enver Hoxhaj, p\u00ebrmes nj\u00eb shkrimi n\u00eb rrjetin social Facebook, ka th\u00ebn\u00eb se jav\u00ebn e kaluar Xhamajka, Barbados, Trinidad dhe [&hellip;]<\/p>\n","protected":false},"author":5,"featured_media":25831,"comment_status":"closed","ping_status":"closed","sticky":false,"template":"","format":"standard","meta":{"_monsterinsights_skip_tracking":false,"_monsterinsights_sitenote_active":false,"_monsterinsights_sitenote_note":"","_monsterinsights_sitenote_category":0,"_uf_show_specific_survey":0,"_uf_disable_surveys":false,"footnotes":""},"categories":[15],"tags":[],"yoast_head":"<!-- This site is optimized with the Yoast SEO plugin v21.5 - https:\/\/yoast.com\/wordpress\/plugins\/seo\/ -->\n<title>Hoxhaj: Kosova pa asnj\u00eb njohje q\u00eb kat\u00ebr vjet, i ka humbur momentumi nd\u00ebrkomb\u00ebtar<\/title>\n<meta name=\"robots\" content=\"index, follow, max-snippet:-1, max-image-preview:large, max-video-preview:-1\" \/>\n<link rel=\"canonical\" href=\"https:\/\/permbledhja.com\/sq\/hoxhaj-kosova-pa-asnje-njohje-qe-kater-vjet-i-ka-humbur-momentumi-nderkombetar\/\" \/>\n<meta property=\"og:locale\" content=\"sq_AL\" \/>\n<meta property=\"og:type\" content=\"article\" \/>\n<meta property=\"og:title\" content=\"Hoxhaj: Kosova pa asnj\u00eb njohje q\u00eb kat\u00ebr vjet, i ka humbur momentumi nd\u00ebrkomb\u00ebtar\" \/>\n<meta property=\"og:description\" content=\"Deputeti i Partis\u00eb Demokratike t\u00eb Kosov\u00ebs, \u00a0Enver Hoxhaj, ka th\u00ebn\u00eb se Palestina, edhe pse n\u00eb Gaza n\u00eb gjendje lufte, ka arritur t\u00eb rikthej\u00eb momentumin nd\u00ebrkomb\u00ebtar, nga e cila po merr njohje t\u00eb nj\u00ebpasnj\u00ebshme. N\u00ebnkryetar i Kuvendit Enver Hoxhaj, p\u00ebrmes nj\u00eb shkrimi n\u00eb rrjetin social Facebook, ka th\u00ebn\u00eb se jav\u00ebn e kaluar Xhamajka, Barbados, Trinidad dhe [&hellip;]\" \/>\n<meta property=\"og:url\" content=\"https:\/\/permbledhja.com\/sq\/hoxhaj-kosova-pa-asnje-njohje-qe-kater-vjet-i-ka-humbur-momentumi-nderkombetar\/\" \/>\n<meta property=\"og:site_name\" content=\"Ve\u00e7 artikuj p\u00ebrmbledh\u00ebs\" \/>\n<meta property=\"article:publisher\" content=\"https:\/\/www.facebook.com\/press07\/\" \/>\n<meta property=\"article:published_time\" content=\"2024-05-09T09:13:23+00:00\" \/>\n<meta property=\"og:image\" content=\"https:\/\/permbledhja.com\/wp-content\/uploads\/2023\/09\/Enver-Hoxhaj-2.jpg\" \/>\n\t<meta property=\"og:image:width\" content=\"768\" \/>\n\t<meta property=\"og:image:height\" content=\"432\" \/>\n\t<meta property=\"og:image:type\" content=\"image\/jpeg\" \/>\n<meta name=\"author\" content=\"DL\" \/>\n<meta name=\"twitter:card\" content=\"summary_large_image\" \/>\n<meta name=\"twitter:label1\" content=\"Written by\" \/>\n\t<meta name=\"twitter:data1\" content=\"DL\" \/>\n\t<meta name=\"twitter:label2\" content=\"Est. reading time\" \/>\n\t<meta name=\"twitter:data2\" content=\"2 minuta\" \/>\n<script type=\"application\/ld+json\" class=\"yoast-schema-graph\">{\"@context\":\"https:\/\/schema.org\",\"@graph\":[{\"@type\":\"Article\",\"@id\":\"https:\/\/permbledhja.com\/sq\/hoxhaj-kosova-pa-asnje-njohje-qe-kater-vjet-i-ka-humbur-momentumi-nderkombetar\/#article\",\"isPartOf\":{\"@id\":\"https:\/\/permbledhja.com\/sq\/hoxhaj-kosova-pa-asnje-njohje-qe-kater-vjet-i-ka-humbur-momentumi-nderkombetar\/\"},\"author\":{\"name\":\"DL\",\"@id\":\"https:\/\/permbledhja.com\/#\/schema\/person\/9c54260cbc4c6f792cb100550491638c\"},\"headline\":\"Hoxhaj: Kosova pa asnj\u00eb njohje q\u00eb kat\u00ebr vjet, i ka humbur momentumi nd\u00ebrkomb\u00ebtar\",\"datePublished\":\"2024-05-09T09:13:23+00:00\",\"dateModified\":\"2024-05-09T09:13:23+00:00\",\"mainEntityOfPage\":{\"@id\":\"https:\/\/permbledhja.com\/sq\/hoxhaj-kosova-pa-asnje-njohje-qe-kater-vjet-i-ka-humbur-momentumi-nderkombetar\/\"},\"wordCount\":249,\"publisher\":{\"@id\":\"https:\/\/permbledhja.com\/#organization\"},\"articleSection\":[\"Lajme\"],\"inLanguage\":\"sq\"},{\"@type\":\"WebPage\",\"@id\":\"https:\/\/permbledhja.com\/sq\/hoxhaj-kosova-pa-asnje-njohje-qe-kater-vjet-i-ka-humbur-momentumi-nderkombetar\/\",\"url\":\"https:\/\/permbledhja.com\/sq\/hoxhaj-kosova-pa-asnje-njohje-qe-kater-vjet-i-ka-humbur-momentumi-nderkombetar\/\",\"name\":\"Hoxhaj: Kosova pa asnj\u00eb njohje q\u00eb kat\u00ebr vjet, i ka humbur momentumi nd\u00ebrkomb\u00ebtar\",\"isPartOf\":{\"@id\":\"https:\/\/permbledhja.com\/#website\"},\"datePublished\":\"2024-05-09T09:13:23+00:00\",\"dateModified\":\"2024-05-09T09:13:23+00:00\",\"breadcrumb\":{\"@id\":\"https:\/\/permbledhja.com\/sq\/hoxhaj-kosova-pa-asnje-njohje-qe-kater-vjet-i-ka-humbur-momentumi-nderkombetar\/#breadcrumb\"},\"inLanguage\":\"sq\",\"potentialAction\":[{\"@type\":\"ReadAction\",\"target\":[\"https:\/\/permbledhja.com\/sq\/hoxhaj-kosova-pa-asnje-njohje-qe-kater-vjet-i-ka-humbur-momentumi-nderkombetar\/\"]}]},{\"@type\":\"BreadcrumbList\",\"@id\":\"https:\/\/permbledhja.com\/sq\/hoxhaj-kosova-pa-asnje-njohje-qe-kater-vjet-i-ka-humbur-momentumi-nderkombetar\/#breadcrumb\",\"itemListElement\":[{\"@type\":\"ListItem\",\"position\":1,\"name\":\"Ballina\",\"item\":\"https:\/\/permbledhja.com\/sq\/\"},{\"@type\":\"ListItem\",\"position\":2,\"name\":\"Hoxhaj: Kosova pa asnj\u00eb njohje q\u00eb kat\u00ebr vjet, i ka humbur momentumi nd\u00ebrkomb\u00ebtar\"}]},{\"@type\":\"WebSite\",\"@id\":\"https:\/\/permbledhja.com\/#website\",\"url\":\"https:\/\/permbledhja.com\/\",\"name\":\"Ve\u00e7 artikuj p\u00ebrmbledh\u00ebs\",\"description\":\"\",\"publisher\":{\"@id\":\"https:\/\/permbledhja.com\/#organization\"},\"potentialAction\":[{\"@type\":\"SearchAction\",\"target\":{\"@type\":\"EntryPoint\",\"urlTemplate\":\"https:\/\/permbledhja.com\/?s={search_term_string}\"},\"query-input\":\"required name=search_term_string\"}],\"inLanguage\":\"sq\"},{\"@type\":\"Organization\",\"@id\":\"https:\/\/permbledhja.com\/#organization\",\"name\":\"MK Media & Pr\",\"url\":\"https:\/\/permbledhja.com\/\",\"logo\":{\"@type\":\"ImageObject\",\"inLanguage\":\"sq\",\"@id\":\"https:\/\/permbledhja.com\/#\/schema\/logo\/image\/\",\"url\":\"https:\/\/permbledhja.com\/wp-content\/uploads\/2021\/12\/07-Press-Logo.jpg\",\"contentUrl\":\"https:\/\/permbledhja.com\/wp-content\/uploads\/2021\/12\/07-Press-Logo.jpg\",\"width\":512,\"height\":512,\"caption\":\"MK Media & Pr\"},\"image\":{\"@id\":\"https:\/\/permbledhja.com\/#\/schema\/logo\/image\/\"},\"sameAs\":[\"https:\/\/www.facebook.com\/press07\/\"]},{\"@type\":\"Person\",\"@id\":\"https:\/\/permbledhja.com\/#\/schema\/person\/9c54260cbc4c6f792cb100550491638c\",\"name\":\"DL\",\"image\":{\"@type\":\"ImageObject\",\"inLanguage\":\"sq\",\"@id\":\"https:\/\/permbledhja.com\/#\/schema\/person\/image\/\",\"url\":\"https:\/\/secure.gravatar.com\/avatar\/94503eb28d4c4b2005a5c8753e35fc80?s=96&d=mm&r=g\",\"contentUrl\":\"https:\/\/secure.gravatar.com\/avatar\/94503eb28d4c4b2005a5c8753e35fc80?s=96&d=mm&r=g\",\"caption\":\"DL\"},\"url\":\"https:\/\/permbledhja.com\/sq\/author\/dl\/\"}]}<\/script>\n<!-- \/ Yoast SEO plugin. -->","yoast_head_json":{"title":"Hoxhaj: Kosova pa asnj\u00eb njohje q\u00eb kat\u00ebr vjet, i ka humbur momentumi nd\u00ebrkomb\u00ebtar","robots":{"index":"index","follow":"follow","max-snippet":"max-snippet:-1","max-image-preview":"max-image-preview:large","max-video-preview":"max-video-preview:-1"},"canonical":"https:\/\/permbledhja.com\/sq\/hoxhaj-kosova-pa-asnje-njohje-qe-kater-vjet-i-ka-humbur-momentumi-nderkombetar\/","og_locale":"sq_AL","og_type":"article","og_title":"Hoxhaj: Kosova pa asnj\u00eb njohje q\u00eb kat\u00ebr vjet, i ka humbur momentumi nd\u00ebrkomb\u00ebtar","og_description":"Deputeti i Partis\u00eb Demokratike t\u00eb Kosov\u00ebs, \u00a0Enver Hoxhaj, ka th\u00ebn\u00eb se Palestina, edhe pse n\u00eb Gaza n\u00eb gjendje lufte, ka arritur t\u00eb rikthej\u00eb momentumin nd\u00ebrkomb\u00ebtar, nga e cila po merr njohje t\u00eb nj\u00ebpasnj\u00ebshme. N\u00ebnkryetar i Kuvendit Enver Hoxhaj, p\u00ebrmes nj\u00eb shkrimi n\u00eb rrjetin social Facebook, ka th\u00ebn\u00eb se jav\u00ebn e kaluar Xhamajka, Barbados, Trinidad dhe [&hellip;]","og_url":"https:\/\/permbledhja.com\/sq\/hoxhaj-kosova-pa-asnje-njohje-qe-kater-vjet-i-ka-humbur-momentumi-nderkombetar\/","og_site_name":"Ve\u00e7 artikuj p\u00ebrmbledh\u00ebs","article_publisher":"https:\/\/www.facebook.com\/press07\/","article_published_time":"2024-05-09T09:13:23+00:00","og_image":[{"width":768,"height":432,"url":"https:\/\/permbledhja.com\/wp-content\/uploads\/2023\/09\/Enver-Hoxhaj-2.jpg","type":"image\/jpeg"}],"author":"DL","twitter_card":"summary_large_image","twitter_misc":{"Written by":"DL","Est. reading time":"2 minuta"},"schema":{"@context":"https:\/\/schema.org","@graph":[{"@type":"Article","@id":"https:\/\/permbledhja.com\/sq\/hoxhaj-kosova-pa-asnje-njohje-qe-kater-vjet-i-ka-humbur-momentumi-nderkombetar\/#article","isPartOf":{"@id":"https:\/\/permbledhja.com\/sq\/hoxhaj-kosova-pa-asnje-njohje-qe-kater-vjet-i-ka-humbur-momentumi-nderkombetar\/"},"author":{"name":"DL","@id":"https:\/\/permbledhja.com\/#\/schema\/person\/9c54260cbc4c6f792cb100550491638c"},"headline":"Hoxhaj: Kosova pa asnj\u00eb njohje q\u00eb kat\u00ebr vjet, i ka humbur momentumi nd\u00ebrkomb\u00ebtar","datePublished":"2024-05-09T09:13:23+00:00","dateModified":"2024-05-09T09:13:23+00:00","mainEntityOfPage":{"@id":"https:\/\/permbledhja.com\/sq\/hoxhaj-kosova-pa-asnje-njohje-qe-kater-vjet-i-ka-humbur-momentumi-nderkombetar\/"},"wordCount":249,"publisher":{"@id":"https:\/\/permbledhja.com\/#organization"},"articleSection":["Lajme"],"inLanguage":"sq"},{"@type":"WebPage","@id":"https:\/\/permbledhja.com\/sq\/hoxhaj-kosova-pa-asnje-njohje-qe-kater-vjet-i-ka-humbur-momentumi-nderkombetar\/","url":"https:\/\/permbledhja.com\/sq\/hoxhaj-kosova-pa-asnje-njohje-qe-kater-vjet-i-ka-humbur-momentumi-nderkombetar\/","name":"Hoxhaj: Kosova pa asnj\u00eb njohje q\u00eb kat\u00ebr vjet, i ka humbur momentumi nd\u00ebrkomb\u00ebtar","isPartOf":{"@id":"https:\/\/permbledhja.com\/#website"},"datePublished":"2024-05-09T09:13:23+00:00","dateModified":"2024-05-09T09:13:23+00:00","breadcrumb":{"@id":"https:\/\/permbledhja.com\/sq\/hoxhaj-kosova-pa-asnje-njohje-qe-kater-vjet-i-ka-humbur-momentumi-nderkombetar\/#breadcrumb"},"inLanguage":"sq","potentialAction":[{"@type":"ReadAction","target":["https:\/\/permbledhja.com\/sq\/hoxhaj-kosova-pa-asnje-njohje-qe-kater-vjet-i-ka-humbur-momentumi-nderkombetar\/"]}]},{"@type":"BreadcrumbList","@id":"https:\/\/permbledhja.com\/sq\/hoxhaj-kosova-pa-asnje-njohje-qe-kater-vjet-i-ka-humbur-momentumi-nderkombetar\/#breadcrumb","itemListElement":[{"@type":"ListItem","position":1,"name":"Ballina","item":"https:\/\/permbledhja.com\/sq\/"},{"@type":"ListItem","position":2,"name":"Hoxhaj: Kosova pa asnj\u00eb njohje q\u00eb kat\u00ebr vjet, i ka humbur momentumi nd\u00ebrkomb\u00ebtar"}]},{"@type":"WebSite","@id":"https:\/\/permbledhja.com\/#website","url":"https:\/\/permbledhja.com\/","name":"Ve\u00e7 artikuj p\u00ebrmbledh\u00ebs","description":"","publisher":{"@id":"https:\/\/permbledhja.com\/#organization"},"potentialAction":[{"@type":"SearchAction","target":{"@type":"EntryPoint","urlTemplate":"https:\/\/permbledhja.com\/?s={search_term_string}"},"query-input":"required name=search_term_string"}],"inLanguage":"sq"},{"@type":"Organization","@id":"https:\/\/permbledhja.com\/#organization","name":"MK Media & Pr","url":"https:\/\/permbledhja.com\/","logo":{"@type":"ImageObject","inLanguage":"sq","@id":"https:\/\/permbledhja.com\/#\/schema\/logo\/image\/","url":"https:\/\/permbledhja.com\/wp-content\/uploads\/2021\/12\/07-Press-Logo.jpg","contentUrl":"https:\/\/permbledhja.com\/wp-content\/uploads\/2021\/12\/07-Press-Logo.jpg","width":512,"height":512,"caption":"MK Media & Pr"},"image":{"@id":"https:\/\/permbledhja.com\/#\/schema\/logo\/image\/"},"sameAs":["https:\/\/www.facebook.com\/press07\/"]},{"@type":"Person","@id":"https:\/\/permbledhja.com\/#\/schema\/person\/9c54260cbc4c6f792cb100550491638c","name":"DL","image":{"@type":"ImageObject","inLanguage":"sq","@id":"https:\/\/permbledhja.com\/#\/schema\/person\/image\/","url":"https:\/\/secure.gravatar.com\/avatar\/94503eb28d4c4b2005a5c8753e35fc80?s=96&d=mm&r=g","contentUrl":"https:\/\/secure.gravatar.com\/avatar\/94503eb28d4c4b2005a5c8753e35fc80?s=96&d=mm&r=g","caption":"DL"},"url":"https:\/\/permbledhja.com\/sq\/author\/dl\/"}]}},"_links":{"self":[{"href":"https:\/\/permbledhja.com\/sq\/wp-json\/wp\/v2\/posts\/61182"}],"collection":[{"href":"https:\/\/permbledhja.com\/sq\/wp-json\/wp\/v2\/posts"}],"about":[{"href":"https:\/\/permbledhja.com\/sq\/wp-json\/wp\/v2\/types\/post"}],"author":[{"embeddable":true,"href":"https:\/\/permbledhja.com\/sq\/wp-json\/wp\/v2\/users\/5"}],"replies":[{"embeddable":true,"href":"https:\/\/permbledhja.com\/sq\/wp-json\/wp\/v2\/comments?post=61182"}],"version-history":[{"count":1,"href":"https:\/\/permbledhja.com\/sq\/wp-json\/wp\/v2\/posts\/61182\/revisions"}],"predecessor-version":[{"id":61186,"href":"https:\/\/permbledhja.com\/sq\/wp-json\/wp\/v2\/posts\/61182\/revisions\/61186"}],"wp:featuredmedia":[{"embeddable":true,"href":"https:\/\/permbledhja.com\/sq\/wp-json\/wp\/v2\/media\/25831"}],"wp:attachment":[{"href":"https:\/\/permbledhja.com\/sq\/wp-json\/wp\/v2\/media?parent=61182"}],"wp:term":[{"taxonomy":"category","embeddable":true,"href":"https:\/\/permbledhja.com\/sq\/wp-json\/wp\/v2\/categories?post=61182"},{"taxonomy":"post_tag","embeddable":true,"href":"https:\/\/permbledhja.com\/sq\/wp-json\/wp\/v2\/tags?post=61182"}],"curies":[{"name":"wp","href":"https:\/\/api.w.org\/{rel}","templated":true}]}}