{"id":61181,"date":"2024-05-09T09:07:48","date_gmt":"2024-05-09T09:07:48","guid":{"rendered":"https:\/\/permbledhja.com\/?p=61181"},"modified":"2024-05-09T09:07:48","modified_gmt":"2024-05-09T09:07:48","slug":"keshilltari-i-kurtit-e-fiton-nje-ulese-ne-parlamentin-maqedonas","status":"publish","type":"post","link":"https:\/\/permbledhja.com\/sq\/keshilltari-i-kurtit-e-fiton-nje-ulese-ne-parlamentin-maqedonas\/","title":{"rendered":"K\u00ebshilltari i Kurtit e fiton nj\u00eb ul\u00ebse n\u00eb Parlamentin maqedonas"},"content":{"rendered":"<h3>VMRO-DPMNE, partia e cila ishte n\u00eb opozit\u00eb n\u00eb Maqedonin\u00eb e Veriut, do t\u00eb rikthehet n\u00eb pushtet. Sipas rezultateve fillestare t\u00eb zgjedhjeve t\u00eb djeshme parlamentare q\u00eb Komisioni Shtet\u00ebror i Zgjedhjeve i shpalli m\u00ebngjesin e sot\u00ebm, nga mbi 99,27 p\u00ebr qind t\u00eb votave t\u00eb num\u00ebruara, koalicioni i udh\u00ebhequr prej partis\u00eb s\u00eb Hristjan Mickoskit pritet t\u2019i ket\u00eb 58 mandate n\u00eb p\u00ebrb\u00ebrjen e re parlamentare.<\/h3>\n<p>Koalicioni Fronti Europian, i udh\u00ebhequr nga BDI-ja e Ali Ahmetit pritet t\u2019i ket\u00eb 19 deputet\u00eb, duke u b\u00ebr\u00eb forca e dyt\u00eb politike n\u00eb vend.<\/p>\n<p>Koalicioni p\u00ebr Ardhm\u00ebrin\u00eb Europiane i udh\u00ebhequr nga LSDM-ja pritet t\u2019i ket\u00eb 18 deputet\u00eb.<\/p>\n<p>Koalicioni nga blloku opozitar shqiptar, VLEN, pritet t\u2019i ket\u00eb 13 deputet\u00eb. Me k\u00ebt\u00eb koalicion n\u00eb zgjedhjet parlamentare n\u00eb shtetin fqinj garoi edhe L\u00ebvizja Vet\u00ebvendosje e kryeministrit t\u00eb Kosov\u00ebs, Albin Kurti. Partia q\u00eb qeveris n\u00eb Prishtin\u00eb i pati tre kandidat\u00eb p\u00ebr deputet\u00eb, prej t\u00eb cil\u00ebve Bekim Qoku, k\u00ebshilltar i Kurtit, si\u00e7 raportojn\u00eb mediat n\u00eb Shkup, ka arritur ta siguroj\u00eb nj\u00eb ul\u00ebse n\u00eb Parlamentin maqedonas. T\u00eb nj\u00ebjt\u00ebn gj\u00eb nuk arrit\u00ebn ta b\u00ebjn\u00eb dy kandidatet tjera nga LVV-ja, Nafie Selmani dhe Medine Ukshini, shkruan Gazeta Express.<\/p>\n","protected":false},"excerpt":{"rendered":"<p>VMRO-DPMNE, partia e cila ishte n\u00eb opozit\u00eb n\u00eb Maqedonin\u00eb e Veriut, do t\u00eb rikthehet n\u00eb pushtet. Sipas rezultateve fillestare t\u00eb zgjedhjeve t\u00eb djeshme parlamentare q\u00eb Komisioni Shtet\u00ebror i Zgjedhjeve i shpalli m\u00ebngjesin e sot\u00ebm, nga mbi 99,27 p\u00ebr qind t\u00eb votave t\u00eb num\u00ebruara, koalicioni i udh\u00ebhequr prej partis\u00eb s\u00eb Hristjan Mickoskit pritet t\u2019i ket\u00eb 58 [&hellip;]<\/p>\n","protected":false},"author":5,"featured_media":61183,"comment_status":"closed","ping_status":"closed","sticky":false,"template":"","format":"standard","meta":{"_monsterinsights_skip_tracking":false,"_monsterinsights_sitenote_active":false,"_monsterinsights_sitenote_note":"","_monsterinsights_sitenote_category":0,"_uf_show_specific_survey":0,"_uf_disable_surveys":false,"footnotes":""},"categories":[15],"tags":[],"yoast_head":"<!-- This site is optimized with the Yoast SEO plugin v21.5 - https:\/\/yoast.com\/wordpress\/plugins\/seo\/ -->\n<title>K\u00ebshilltari i Kurtit e fiton nj\u00eb ul\u00ebse n\u00eb Parlamentin maqedonas<\/title>\n<meta name=\"robots\" content=\"index, follow, max-snippet:-1, max-image-preview:large, max-video-preview:-1\" \/>\n<link rel=\"canonical\" href=\"https:\/\/permbledhja.com\/sq\/keshilltari-i-kurtit-e-fiton-nje-ulese-ne-parlamentin-maqedonas\/\" \/>\n<meta property=\"og:locale\" content=\"sq_AL\" \/>\n<meta property=\"og:type\" content=\"article\" \/>\n<meta property=\"og:title\" content=\"K\u00ebshilltari i Kurtit e fiton nj\u00eb ul\u00ebse n\u00eb Parlamentin maqedonas\" \/>\n<meta property=\"og:description\" content=\"VMRO-DPMNE, partia e cila ishte n\u00eb opozit\u00eb n\u00eb Maqedonin\u00eb e Veriut, do t\u00eb rikthehet n\u00eb pushtet. Sipas rezultateve fillestare t\u00eb zgjedhjeve t\u00eb djeshme parlamentare q\u00eb Komisioni Shtet\u00ebror i Zgjedhjeve i shpalli m\u00ebngjesin e sot\u00ebm, nga mbi 99,27 p\u00ebr qind t\u00eb votave t\u00eb num\u00ebruara, koalicioni i udh\u00ebhequr prej partis\u00eb s\u00eb Hristjan Mickoskit pritet t\u2019i ket\u00eb 58 [&hellip;]\" \/>\n<meta property=\"og:url\" content=\"https:\/\/permbledhja.com\/sq\/keshilltari-i-kurtit-e-fiton-nje-ulese-ne-parlamentin-maqedonas\/\" \/>\n<meta property=\"og:site_name\" content=\"Ve\u00e7 artikuj p\u00ebrmbledh\u00ebs\" \/>\n<meta property=\"article:publisher\" content=\"https:\/\/www.facebook.com\/press07\/\" \/>\n<meta property=\"article:published_time\" content=\"2024-05-09T09:07:48+00:00\" \/>\n<meta property=\"og:image\" content=\"https:\/\/permbledhja.com\/wp-content\/uploads\/2024\/05\/kuvend.jpg\" \/>\n\t<meta property=\"og:image:width\" content=\"780\" \/>\n\t<meta property=\"og:image:height\" content=\"439\" \/>\n\t<meta property=\"og:image:type\" content=\"image\/jpeg\" \/>\n<meta name=\"author\" content=\"DL\" \/>\n<meta name=\"twitter:card\" content=\"summary_large_image\" \/>\n<meta name=\"twitter:label1\" content=\"Written by\" \/>\n\t<meta name=\"twitter:data1\" content=\"DL\" \/>\n\t<meta name=\"twitter:label2\" content=\"Est. reading time\" \/>\n\t<meta name=\"twitter:data2\" content=\"1 minut\u00eb\" \/>\n<script type=\"application\/ld+json\" class=\"yoast-schema-graph\">{\"@context\":\"https:\/\/schema.org\",\"@graph\":[{\"@type\":\"Article\",\"@id\":\"https:\/\/permbledhja.com\/sq\/keshilltari-i-kurtit-e-fiton-nje-ulese-ne-parlamentin-maqedonas\/#article\",\"isPartOf\":{\"@id\":\"https:\/\/permbledhja.com\/sq\/keshilltari-i-kurtit-e-fiton-nje-ulese-ne-parlamentin-maqedonas\/\"},\"author\":{\"name\":\"DL\",\"@id\":\"https:\/\/permbledhja.com\/#\/schema\/person\/9c54260cbc4c6f792cb100550491638c\"},\"headline\":\"K\u00ebshilltari i Kurtit e fiton nj\u00eb ul\u00ebse n\u00eb Parlamentin maqedonas\",\"datePublished\":\"2024-05-09T09:07:48+00:00\",\"dateModified\":\"2024-05-09T09:07:48+00:00\",\"mainEntityOfPage\":{\"@id\":\"https:\/\/permbledhja.com\/sq\/keshilltari-i-kurtit-e-fiton-nje-ulese-ne-parlamentin-maqedonas\/\"},\"wordCount\":217,\"publisher\":{\"@id\":\"https:\/\/permbledhja.com\/#organization\"},\"articleSection\":[\"Lajme\"],\"inLanguage\":\"sq\"},{\"@type\":\"WebPage\",\"@id\":\"https:\/\/permbledhja.com\/sq\/keshilltari-i-kurtit-e-fiton-nje-ulese-ne-parlamentin-maqedonas\/\",\"url\":\"https:\/\/permbledhja.com\/sq\/keshilltari-i-kurtit-e-fiton-nje-ulese-ne-parlamentin-maqedonas\/\",\"name\":\"K\u00ebshilltari i Kurtit e fiton nj\u00eb ul\u00ebse n\u00eb Parlamentin maqedonas\",\"isPartOf\":{\"@id\":\"https:\/\/permbledhja.com\/#website\"},\"datePublished\":\"2024-05-09T09:07:48+00:00\",\"dateModified\":\"2024-05-09T09:07:48+00:00\",\"breadcrumb\":{\"@id\":\"https:\/\/permbledhja.com\/sq\/keshilltari-i-kurtit-e-fiton-nje-ulese-ne-parlamentin-maqedonas\/#breadcrumb\"},\"inLanguage\":\"sq\",\"potentialAction\":[{\"@type\":\"ReadAction\",\"target\":[\"https:\/\/permbledhja.com\/sq\/keshilltari-i-kurtit-e-fiton-nje-ulese-ne-parlamentin-maqedonas\/\"]}]},{\"@type\":\"BreadcrumbList\",\"@id\":\"https:\/\/permbledhja.com\/sq\/keshilltari-i-kurtit-e-fiton-nje-ulese-ne-parlamentin-maqedonas\/#breadcrumb\",\"itemListElement\":[{\"@type\":\"ListItem\",\"position\":1,\"name\":\"Ballina\",\"item\":\"https:\/\/permbledhja.com\/sq\/\"},{\"@type\":\"ListItem\",\"position\":2,\"name\":\"K\u00ebshilltari i Kurtit e fiton nj\u00eb ul\u00ebse n\u00eb Parlamentin maqedonas\"}]},{\"@type\":\"WebSite\",\"@id\":\"https:\/\/permbledhja.com\/#website\",\"url\":\"https:\/\/permbledhja.com\/\",\"name\":\"Ve\u00e7 artikuj p\u00ebrmbledh\u00ebs\",\"description\":\"\",\"publisher\":{\"@id\":\"https:\/\/permbledhja.com\/#organization\"},\"potentialAction\":[{\"@type\":\"SearchAction\",\"target\":{\"@type\":\"EntryPoint\",\"urlTemplate\":\"https:\/\/permbledhja.com\/?s={search_term_string}\"},\"query-input\":\"required name=search_term_string\"}],\"inLanguage\":\"sq\"},{\"@type\":\"Organization\",\"@id\":\"https:\/\/permbledhja.com\/#organization\",\"name\":\"MK Media & Pr\",\"url\":\"https:\/\/permbledhja.com\/\",\"logo\":{\"@type\":\"ImageObject\",\"inLanguage\":\"sq\",\"@id\":\"https:\/\/permbledhja.com\/#\/schema\/logo\/image\/\",\"url\":\"https:\/\/permbledhja.com\/wp-content\/uploads\/2021\/12\/07-Press-Logo.jpg\",\"contentUrl\":\"https:\/\/permbledhja.com\/wp-content\/uploads\/2021\/12\/07-Press-Logo.jpg\",\"width\":512,\"height\":512,\"caption\":\"MK Media & Pr\"},\"image\":{\"@id\":\"https:\/\/permbledhja.com\/#\/schema\/logo\/image\/\"},\"sameAs\":[\"https:\/\/www.facebook.com\/press07\/\"]},{\"@type\":\"Person\",\"@id\":\"https:\/\/permbledhja.com\/#\/schema\/person\/9c54260cbc4c6f792cb100550491638c\",\"name\":\"DL\",\"image\":{\"@type\":\"ImageObject\",\"inLanguage\":\"sq\",\"@id\":\"https:\/\/permbledhja.com\/#\/schema\/person\/image\/\",\"url\":\"https:\/\/secure.gravatar.com\/avatar\/94503eb28d4c4b2005a5c8753e35fc80?s=96&d=mm&r=g\",\"contentUrl\":\"https:\/\/secure.gravatar.com\/avatar\/94503eb28d4c4b2005a5c8753e35fc80?s=96&d=mm&r=g\",\"caption\":\"DL\"},\"url\":\"https:\/\/permbledhja.com\/sq\/author\/dl\/\"}]}<\/script>\n<!-- \/ Yoast SEO plugin. -->","yoast_head_json":{"title":"K\u00ebshilltari i Kurtit e fiton nj\u00eb ul\u00ebse n\u00eb Parlamentin maqedonas","robots":{"index":"index","follow":"follow","max-snippet":"max-snippet:-1","max-image-preview":"max-image-preview:large","max-video-preview":"max-video-preview:-1"},"canonical":"https:\/\/permbledhja.com\/sq\/keshilltari-i-kurtit-e-fiton-nje-ulese-ne-parlamentin-maqedonas\/","og_locale":"sq_AL","og_type":"article","og_title":"K\u00ebshilltari i Kurtit e fiton nj\u00eb ul\u00ebse n\u00eb Parlamentin maqedonas","og_description":"VMRO-DPMNE, partia e cila ishte n\u00eb opozit\u00eb n\u00eb Maqedonin\u00eb e Veriut, do t\u00eb rikthehet n\u00eb pushtet. Sipas rezultateve fillestare t\u00eb zgjedhjeve t\u00eb djeshme parlamentare q\u00eb Komisioni Shtet\u00ebror i Zgjedhjeve i shpalli m\u00ebngjesin e sot\u00ebm, nga mbi 99,27 p\u00ebr qind t\u00eb votave t\u00eb num\u00ebruara, koalicioni i udh\u00ebhequr prej partis\u00eb s\u00eb Hristjan Mickoskit pritet t\u2019i ket\u00eb 58 [&hellip;]","og_url":"https:\/\/permbledhja.com\/sq\/keshilltari-i-kurtit-e-fiton-nje-ulese-ne-parlamentin-maqedonas\/","og_site_name":"Ve\u00e7 artikuj p\u00ebrmbledh\u00ebs","article_publisher":"https:\/\/www.facebook.com\/press07\/","article_published_time":"2024-05-09T09:07:48+00:00","og_image":[{"width":780,"height":439,"url":"https:\/\/permbledhja.com\/wp-content\/uploads\/2024\/05\/kuvend.jpg","type":"image\/jpeg"}],"author":"DL","twitter_card":"summary_large_image","twitter_misc":{"Written by":"DL","Est. reading time":"1 minut\u00eb"},"schema":{"@context":"https:\/\/schema.org","@graph":[{"@type":"Article","@id":"https:\/\/permbledhja.com\/sq\/keshilltari-i-kurtit-e-fiton-nje-ulese-ne-parlamentin-maqedonas\/#article","isPartOf":{"@id":"https:\/\/permbledhja.com\/sq\/keshilltari-i-kurtit-e-fiton-nje-ulese-ne-parlamentin-maqedonas\/"},"author":{"name":"DL","@id":"https:\/\/permbledhja.com\/#\/schema\/person\/9c54260cbc4c6f792cb100550491638c"},"headline":"K\u00ebshilltari i Kurtit e fiton nj\u00eb ul\u00ebse n\u00eb Parlamentin maqedonas","datePublished":"2024-05-09T09:07:48+00:00","dateModified":"2024-05-09T09:07:48+00:00","mainEntityOfPage":{"@id":"https:\/\/permbledhja.com\/sq\/keshilltari-i-kurtit-e-fiton-nje-ulese-ne-parlamentin-maqedonas\/"},"wordCount":217,"publisher":{"@id":"https:\/\/permbledhja.com\/#organization"},"articleSection":["Lajme"],"inLanguage":"sq"},{"@type":"WebPage","@id":"https:\/\/permbledhja.com\/sq\/keshilltari-i-kurtit-e-fiton-nje-ulese-ne-parlamentin-maqedonas\/","url":"https:\/\/permbledhja.com\/sq\/keshilltari-i-kurtit-e-fiton-nje-ulese-ne-parlamentin-maqedonas\/","name":"K\u00ebshilltari i Kurtit e fiton nj\u00eb ul\u00ebse n\u00eb Parlamentin maqedonas","isPartOf":{"@id":"https:\/\/permbledhja.com\/#website"},"datePublished":"2024-05-09T09:07:48+00:00","dateModified":"2024-05-09T09:07:48+00:00","breadcrumb":{"@id":"https:\/\/permbledhja.com\/sq\/keshilltari-i-kurtit-e-fiton-nje-ulese-ne-parlamentin-maqedonas\/#breadcrumb"},"inLanguage":"sq","potentialAction":[{"@type":"ReadAction","target":["https:\/\/permbledhja.com\/sq\/keshilltari-i-kurtit-e-fiton-nje-ulese-ne-parlamentin-maqedonas\/"]}]},{"@type":"BreadcrumbList","@id":"https:\/\/permbledhja.com\/sq\/keshilltari-i-kurtit-e-fiton-nje-ulese-ne-parlamentin-maqedonas\/#breadcrumb","itemListElement":[{"@type":"ListItem","position":1,"name":"Ballina","item":"https:\/\/permbledhja.com\/sq\/"},{"@type":"ListItem","position":2,"name":"K\u00ebshilltari i Kurtit e fiton nj\u00eb ul\u00ebse n\u00eb Parlamentin maqedonas"}]},{"@type":"WebSite","@id":"https:\/\/permbledhja.com\/#website","url":"https:\/\/permbledhja.com\/","name":"Ve\u00e7 artikuj p\u00ebrmbledh\u00ebs","description":"","publisher":{"@id":"https:\/\/permbledhja.com\/#organization"},"potentialAction":[{"@type":"SearchAction","target":{"@type":"EntryPoint","urlTemplate":"https:\/\/permbledhja.com\/?s={search_term_string}"},"query-input":"required name=search_term_string"}],"inLanguage":"sq"},{"@type":"Organization","@id":"https:\/\/permbledhja.com\/#organization","name":"MK Media & Pr","url":"https:\/\/permbledhja.com\/","logo":{"@type":"ImageObject","inLanguage":"sq","@id":"https:\/\/permbledhja.com\/#\/schema\/logo\/image\/","url":"https:\/\/permbledhja.com\/wp-content\/uploads\/2021\/12\/07-Press-Logo.jpg","contentUrl":"https:\/\/permbledhja.com\/wp-content\/uploads\/2021\/12\/07-Press-Logo.jpg","width":512,"height":512,"caption":"MK Media & Pr"},"image":{"@id":"https:\/\/permbledhja.com\/#\/schema\/logo\/image\/"},"sameAs":["https:\/\/www.facebook.com\/press07\/"]},{"@type":"Person","@id":"https:\/\/permbledhja.com\/#\/schema\/person\/9c54260cbc4c6f792cb100550491638c","name":"DL","image":{"@type":"ImageObject","inLanguage":"sq","@id":"https:\/\/permbledhja.com\/#\/schema\/person\/image\/","url":"https:\/\/secure.gravatar.com\/avatar\/94503eb28d4c4b2005a5c8753e35fc80?s=96&d=mm&r=g","contentUrl":"https:\/\/secure.gravatar.com\/avatar\/94503eb28d4c4b2005a5c8753e35fc80?s=96&d=mm&r=g","caption":"DL"},"url":"https:\/\/permbledhja.com\/sq\/author\/dl\/"}]}},"_links":{"self":[{"href":"https:\/\/permbledhja.com\/sq\/wp-json\/wp\/v2\/posts\/61181"}],"collection":[{"href":"https:\/\/permbledhja.com\/sq\/wp-json\/wp\/v2\/posts"}],"about":[{"href":"https:\/\/permbledhja.com\/sq\/wp-json\/wp\/v2\/types\/post"}],"author":[{"embeddable":true,"href":"https:\/\/permbledhja.com\/sq\/wp-json\/wp\/v2\/users\/5"}],"replies":[{"embeddable":true,"href":"https:\/\/permbledhja.com\/sq\/wp-json\/wp\/v2\/comments?post=61181"}],"version-history":[{"count":1,"href":"https:\/\/permbledhja.com\/sq\/wp-json\/wp\/v2\/posts\/61181\/revisions"}],"predecessor-version":[{"id":61184,"href":"https:\/\/permbledhja.com\/sq\/wp-json\/wp\/v2\/posts\/61181\/revisions\/61184"}],"wp:featuredmedia":[{"embeddable":true,"href":"https:\/\/permbledhja.com\/sq\/wp-json\/wp\/v2\/media\/61183"}],"wp:attachment":[{"href":"https:\/\/permbledhja.com\/sq\/wp-json\/wp\/v2\/media?parent=61181"}],"wp:term":[{"taxonomy":"category","embeddable":true,"href":"https:\/\/permbledhja.com\/sq\/wp-json\/wp\/v2\/categories?post=61181"},{"taxonomy":"post_tag","embeddable":true,"href":"https:\/\/permbledhja.com\/sq\/wp-json\/wp\/v2\/tags?post=61181"}],"curies":[{"name":"wp","href":"https:\/\/api.w.org\/{rel}","templated":true}]}}