{"id":61175,"date":"2024-05-09T08:35:42","date_gmt":"2024-05-09T08:35:42","guid":{"rendered":"https:\/\/permbledhja.com\/?p=61175"},"modified":"2024-05-09T08:35:42","modified_gmt":"2024-05-09T08:35:42","slug":"ne-26-vjetorin-e-renies-perkujtohen-ilir-konushevci-e-hazir-mala","status":"publish","type":"post","link":"https:\/\/permbledhja.com\/sq\/ne-26-vjetorin-e-renies-perkujtohen-ilir-konushevci-e-hazir-mala\/","title":{"rendered":"N\u00eb 26-vjetorin e r\u00ebnies p\u00ebrkujtohen Ilir Konushevci e Hazir Mala"},"content":{"rendered":"<h3>Presidentja e vendit, Vjosa Osmani, n\u00eb 26-t\u00eb vjetorin e r\u00ebnies ka p\u00ebrkujtuar heroin, Ilir Konushefci dhe mjekun Hazir Mala.<\/h3>\n<p>Zyra e Presidenc\u00ebs, p\u00ebrmes nj\u00eb postimi n\u00eb rrjetin social \u201cFacebook\u201d, ka b\u00ebr\u00eb t\u00eb ditur se vrasja e Ilir Konushevcit, s\u00eb bashku me mjekun Hazir Mala, n\u00eb prit\u00eb t\u00eb organizuar ishin humbje e r\u00ebnd\u00eb, sidomos gjat\u00eb koh\u00ebs s\u00eb organizimit dhe shtrirjes s\u00eb U\u00c7K-s\u00eb.<\/p>\n<p>\u201cVrasja e tij, s\u00eb bashku me mjekun Hazir Mala, n\u00eb prit\u00eb t\u00eb organizuar, ishin humbje e r\u00ebnd\u00eb p\u00ebr U\u00c7K-n\u00eb, pik\u00ebrisht n\u00eb koh\u00ebn e organizimit dhe shtrirjes s\u00eb madhe t\u00eb saj. Besnik\u00ebria, ndershm\u00ebria, guximi dhe vendosm\u00ebria ishin virtytet e Ilirit, i cili ra p\u00ebr lirin\u00eb e popullit t\u00eb tij\u201d, shkroi presidentja.<\/p>\n<p>Osmani tutje thot\u00eb se fal\u00eb tij dhe bashk\u00ebluft\u00ebtar\u00ebve, ne jemi t\u00eb lir\u00eb, ndaj drejt\u00ebsia p\u00ebr t\u00eb \u00ebsht\u00eb domosdoshm\u00ebri dhe respekt p\u00ebr sakrific\u00ebn sublime.<\/p>\n","protected":false},"excerpt":{"rendered":"<p>Presidentja e vendit, Vjosa Osmani, n\u00eb 26-t\u00eb vjetorin e r\u00ebnies ka p\u00ebrkujtuar heroin, Ilir Konushefci dhe mjekun Hazir Mala. Zyra e Presidenc\u00ebs, p\u00ebrmes nj\u00eb postimi n\u00eb rrjetin social \u201cFacebook\u201d, ka b\u00ebr\u00eb t\u00eb ditur se vrasja e Ilir Konushevcit, s\u00eb bashku me mjekun Hazir Mala, n\u00eb prit\u00eb t\u00eb organizuar ishin humbje e r\u00ebnd\u00eb, sidomos gjat\u00eb koh\u00ebs [&hellip;]<\/p>\n","protected":false},"author":5,"featured_media":61176,"comment_status":"closed","ping_status":"closed","sticky":false,"template":"","format":"standard","meta":{"_monsterinsights_skip_tracking":false,"_monsterinsights_sitenote_active":false,"_monsterinsights_sitenote_note":"","_monsterinsights_sitenote_category":0,"_uf_show_specific_survey":0,"_uf_disable_surveys":false,"footnotes":""},"categories":[15],"tags":[],"yoast_head":"<!-- This site is optimized with the Yoast SEO plugin v21.5 - https:\/\/yoast.com\/wordpress\/plugins\/seo\/ -->\n<title>N\u00eb 26-vjetorin e r\u00ebnies p\u00ebrkujtohen Ilir Konushevci e Hazir Mala<\/title>\n<meta name=\"robots\" content=\"index, follow, max-snippet:-1, max-image-preview:large, max-video-preview:-1\" \/>\n<link rel=\"canonical\" href=\"https:\/\/permbledhja.com\/sq\/ne-26-vjetorin-e-renies-perkujtohen-ilir-konushevci-e-hazir-mala\/\" \/>\n<meta property=\"og:locale\" content=\"sq_AL\" \/>\n<meta property=\"og:type\" content=\"article\" \/>\n<meta property=\"og:title\" content=\"N\u00eb 26-vjetorin e r\u00ebnies p\u00ebrkujtohen Ilir Konushevci e Hazir Mala\" \/>\n<meta property=\"og:description\" content=\"Presidentja e vendit, Vjosa Osmani, n\u00eb 26-t\u00eb vjetorin e r\u00ebnies ka p\u00ebrkujtuar heroin, Ilir Konushefci dhe mjekun Hazir Mala. Zyra e Presidenc\u00ebs, p\u00ebrmes nj\u00eb postimi n\u00eb rrjetin social \u201cFacebook\u201d, ka b\u00ebr\u00eb t\u00eb ditur se vrasja e Ilir Konushevcit, s\u00eb bashku me mjekun Hazir Mala, n\u00eb prit\u00eb t\u00eb organizuar ishin humbje e r\u00ebnd\u00eb, sidomos gjat\u00eb koh\u00ebs [&hellip;]\" \/>\n<meta property=\"og:url\" content=\"https:\/\/permbledhja.com\/sq\/ne-26-vjetorin-e-renies-perkujtohen-ilir-konushevci-e-hazir-mala\/\" \/>\n<meta property=\"og:site_name\" content=\"Ve\u00e7 artikuj p\u00ebrmbledh\u00ebs\" \/>\n<meta property=\"article:publisher\" content=\"https:\/\/www.facebook.com\/press07\/\" \/>\n<meta property=\"article:published_time\" content=\"2024-05-09T08:35:42+00:00\" \/>\n<meta property=\"og:image\" content=\"https:\/\/permbledhja.com\/wp-content\/uploads\/2024\/05\/22.jpg\" \/>\n\t<meta property=\"og:image:width\" content=\"380\" \/>\n\t<meta property=\"og:image:height\" content=\"233\" \/>\n\t<meta property=\"og:image:type\" content=\"image\/jpeg\" \/>\n<meta name=\"author\" content=\"DL\" \/>\n<meta name=\"twitter:card\" content=\"summary_large_image\" \/>\n<meta name=\"twitter:label1\" content=\"Written by\" \/>\n\t<meta name=\"twitter:data1\" content=\"DL\" \/>\n\t<meta name=\"twitter:label2\" content=\"Est. reading time\" \/>\n\t<meta name=\"twitter:data2\" content=\"1 minut\u00eb\" \/>\n<script type=\"application\/ld+json\" class=\"yoast-schema-graph\">{\"@context\":\"https:\/\/schema.org\",\"@graph\":[{\"@type\":\"Article\",\"@id\":\"https:\/\/permbledhja.com\/sq\/ne-26-vjetorin-e-renies-perkujtohen-ilir-konushevci-e-hazir-mala\/#article\",\"isPartOf\":{\"@id\":\"https:\/\/permbledhja.com\/sq\/ne-26-vjetorin-e-renies-perkujtohen-ilir-konushevci-e-hazir-mala\/\"},\"author\":{\"name\":\"DL\",\"@id\":\"https:\/\/permbledhja.com\/#\/schema\/person\/9c54260cbc4c6f792cb100550491638c\"},\"headline\":\"N\u00eb 26-vjetorin e r\u00ebnies p\u00ebrkujtohen Ilir Konushevci e Hazir Mala\",\"datePublished\":\"2024-05-09T08:35:42+00:00\",\"dateModified\":\"2024-05-09T08:35:42+00:00\",\"mainEntityOfPage\":{\"@id\":\"https:\/\/permbledhja.com\/sq\/ne-26-vjetorin-e-renies-perkujtohen-ilir-konushevci-e-hazir-mala\/\"},\"wordCount\":171,\"publisher\":{\"@id\":\"https:\/\/permbledhja.com\/#organization\"},\"articleSection\":[\"Lajme\"],\"inLanguage\":\"sq\"},{\"@type\":\"WebPage\",\"@id\":\"https:\/\/permbledhja.com\/sq\/ne-26-vjetorin-e-renies-perkujtohen-ilir-konushevci-e-hazir-mala\/\",\"url\":\"https:\/\/permbledhja.com\/sq\/ne-26-vjetorin-e-renies-perkujtohen-ilir-konushevci-e-hazir-mala\/\",\"name\":\"N\u00eb 26-vjetorin e r\u00ebnies p\u00ebrkujtohen Ilir Konushevci e Hazir Mala\",\"isPartOf\":{\"@id\":\"https:\/\/permbledhja.com\/#website\"},\"datePublished\":\"2024-05-09T08:35:42+00:00\",\"dateModified\":\"2024-05-09T08:35:42+00:00\",\"breadcrumb\":{\"@id\":\"https:\/\/permbledhja.com\/sq\/ne-26-vjetorin-e-renies-perkujtohen-ilir-konushevci-e-hazir-mala\/#breadcrumb\"},\"inLanguage\":\"sq\",\"potentialAction\":[{\"@type\":\"ReadAction\",\"target\":[\"https:\/\/permbledhja.com\/sq\/ne-26-vjetorin-e-renies-perkujtohen-ilir-konushevci-e-hazir-mala\/\"]}]},{\"@type\":\"BreadcrumbList\",\"@id\":\"https:\/\/permbledhja.com\/sq\/ne-26-vjetorin-e-renies-perkujtohen-ilir-konushevci-e-hazir-mala\/#breadcrumb\",\"itemListElement\":[{\"@type\":\"ListItem\",\"position\":1,\"name\":\"Ballina\",\"item\":\"https:\/\/permbledhja.com\/sq\/\"},{\"@type\":\"ListItem\",\"position\":2,\"name\":\"N\u00eb 26-vjetorin e r\u00ebnies p\u00ebrkujtohen Ilir Konushevci e Hazir Mala\"}]},{\"@type\":\"WebSite\",\"@id\":\"https:\/\/permbledhja.com\/#website\",\"url\":\"https:\/\/permbledhja.com\/\",\"name\":\"Ve\u00e7 artikuj p\u00ebrmbledh\u00ebs\",\"description\":\"\",\"publisher\":{\"@id\":\"https:\/\/permbledhja.com\/#organization\"},\"potentialAction\":[{\"@type\":\"SearchAction\",\"target\":{\"@type\":\"EntryPoint\",\"urlTemplate\":\"https:\/\/permbledhja.com\/?s={search_term_string}\"},\"query-input\":\"required name=search_term_string\"}],\"inLanguage\":\"sq\"},{\"@type\":\"Organization\",\"@id\":\"https:\/\/permbledhja.com\/#organization\",\"name\":\"MK Media & Pr\",\"url\":\"https:\/\/permbledhja.com\/\",\"logo\":{\"@type\":\"ImageObject\",\"inLanguage\":\"sq\",\"@id\":\"https:\/\/permbledhja.com\/#\/schema\/logo\/image\/\",\"url\":\"https:\/\/permbledhja.com\/wp-content\/uploads\/2021\/12\/07-Press-Logo.jpg\",\"contentUrl\":\"https:\/\/permbledhja.com\/wp-content\/uploads\/2021\/12\/07-Press-Logo.jpg\",\"width\":512,\"height\":512,\"caption\":\"MK Media & Pr\"},\"image\":{\"@id\":\"https:\/\/permbledhja.com\/#\/schema\/logo\/image\/\"},\"sameAs\":[\"https:\/\/www.facebook.com\/press07\/\"]},{\"@type\":\"Person\",\"@id\":\"https:\/\/permbledhja.com\/#\/schema\/person\/9c54260cbc4c6f792cb100550491638c\",\"name\":\"DL\",\"image\":{\"@type\":\"ImageObject\",\"inLanguage\":\"sq\",\"@id\":\"https:\/\/permbledhja.com\/#\/schema\/person\/image\/\",\"url\":\"https:\/\/secure.gravatar.com\/avatar\/94503eb28d4c4b2005a5c8753e35fc80?s=96&d=mm&r=g\",\"contentUrl\":\"https:\/\/secure.gravatar.com\/avatar\/94503eb28d4c4b2005a5c8753e35fc80?s=96&d=mm&r=g\",\"caption\":\"DL\"},\"url\":\"https:\/\/permbledhja.com\/sq\/author\/dl\/\"}]}<\/script>\n<!-- \/ Yoast SEO plugin. -->","yoast_head_json":{"title":"N\u00eb 26-vjetorin e r\u00ebnies p\u00ebrkujtohen Ilir Konushevci e Hazir Mala","robots":{"index":"index","follow":"follow","max-snippet":"max-snippet:-1","max-image-preview":"max-image-preview:large","max-video-preview":"max-video-preview:-1"},"canonical":"https:\/\/permbledhja.com\/sq\/ne-26-vjetorin-e-renies-perkujtohen-ilir-konushevci-e-hazir-mala\/","og_locale":"sq_AL","og_type":"article","og_title":"N\u00eb 26-vjetorin e r\u00ebnies p\u00ebrkujtohen Ilir Konushevci e Hazir Mala","og_description":"Presidentja e vendit, Vjosa Osmani, n\u00eb 26-t\u00eb vjetorin e r\u00ebnies ka p\u00ebrkujtuar heroin, Ilir Konushefci dhe mjekun Hazir Mala. Zyra e Presidenc\u00ebs, p\u00ebrmes nj\u00eb postimi n\u00eb rrjetin social \u201cFacebook\u201d, ka b\u00ebr\u00eb t\u00eb ditur se vrasja e Ilir Konushevcit, s\u00eb bashku me mjekun Hazir Mala, n\u00eb prit\u00eb t\u00eb organizuar ishin humbje e r\u00ebnd\u00eb, sidomos gjat\u00eb koh\u00ebs [&hellip;]","og_url":"https:\/\/permbledhja.com\/sq\/ne-26-vjetorin-e-renies-perkujtohen-ilir-konushevci-e-hazir-mala\/","og_site_name":"Ve\u00e7 artikuj p\u00ebrmbledh\u00ebs","article_publisher":"https:\/\/www.facebook.com\/press07\/","article_published_time":"2024-05-09T08:35:42+00:00","og_image":[{"width":380,"height":233,"url":"https:\/\/permbledhja.com\/wp-content\/uploads\/2024\/05\/22.jpg","type":"image\/jpeg"}],"author":"DL","twitter_card":"summary_large_image","twitter_misc":{"Written by":"DL","Est. reading time":"1 minut\u00eb"},"schema":{"@context":"https:\/\/schema.org","@graph":[{"@type":"Article","@id":"https:\/\/permbledhja.com\/sq\/ne-26-vjetorin-e-renies-perkujtohen-ilir-konushevci-e-hazir-mala\/#article","isPartOf":{"@id":"https:\/\/permbledhja.com\/sq\/ne-26-vjetorin-e-renies-perkujtohen-ilir-konushevci-e-hazir-mala\/"},"author":{"name":"DL","@id":"https:\/\/permbledhja.com\/#\/schema\/person\/9c54260cbc4c6f792cb100550491638c"},"headline":"N\u00eb 26-vjetorin e r\u00ebnies p\u00ebrkujtohen Ilir Konushevci e Hazir Mala","datePublished":"2024-05-09T08:35:42+00:00","dateModified":"2024-05-09T08:35:42+00:00","mainEntityOfPage":{"@id":"https:\/\/permbledhja.com\/sq\/ne-26-vjetorin-e-renies-perkujtohen-ilir-konushevci-e-hazir-mala\/"},"wordCount":171,"publisher":{"@id":"https:\/\/permbledhja.com\/#organization"},"articleSection":["Lajme"],"inLanguage":"sq"},{"@type":"WebPage","@id":"https:\/\/permbledhja.com\/sq\/ne-26-vjetorin-e-renies-perkujtohen-ilir-konushevci-e-hazir-mala\/","url":"https:\/\/permbledhja.com\/sq\/ne-26-vjetorin-e-renies-perkujtohen-ilir-konushevci-e-hazir-mala\/","name":"N\u00eb 26-vjetorin e r\u00ebnies p\u00ebrkujtohen Ilir Konushevci e Hazir Mala","isPartOf":{"@id":"https:\/\/permbledhja.com\/#website"},"datePublished":"2024-05-09T08:35:42+00:00","dateModified":"2024-05-09T08:35:42+00:00","breadcrumb":{"@id":"https:\/\/permbledhja.com\/sq\/ne-26-vjetorin-e-renies-perkujtohen-ilir-konushevci-e-hazir-mala\/#breadcrumb"},"inLanguage":"sq","potentialAction":[{"@type":"ReadAction","target":["https:\/\/permbledhja.com\/sq\/ne-26-vjetorin-e-renies-perkujtohen-ilir-konushevci-e-hazir-mala\/"]}]},{"@type":"BreadcrumbList","@id":"https:\/\/permbledhja.com\/sq\/ne-26-vjetorin-e-renies-perkujtohen-ilir-konushevci-e-hazir-mala\/#breadcrumb","itemListElement":[{"@type":"ListItem","position":1,"name":"Ballina","item":"https:\/\/permbledhja.com\/sq\/"},{"@type":"ListItem","position":2,"name":"N\u00eb 26-vjetorin e r\u00ebnies p\u00ebrkujtohen Ilir Konushevci e Hazir Mala"}]},{"@type":"WebSite","@id":"https:\/\/permbledhja.com\/#website","url":"https:\/\/permbledhja.com\/","name":"Ve\u00e7 artikuj p\u00ebrmbledh\u00ebs","description":"","publisher":{"@id":"https:\/\/permbledhja.com\/#organization"},"potentialAction":[{"@type":"SearchAction","target":{"@type":"EntryPoint","urlTemplate":"https:\/\/permbledhja.com\/?s={search_term_string}"},"query-input":"required name=search_term_string"}],"inLanguage":"sq"},{"@type":"Organization","@id":"https:\/\/permbledhja.com\/#organization","name":"MK Media & Pr","url":"https:\/\/permbledhja.com\/","logo":{"@type":"ImageObject","inLanguage":"sq","@id":"https:\/\/permbledhja.com\/#\/schema\/logo\/image\/","url":"https:\/\/permbledhja.com\/wp-content\/uploads\/2021\/12\/07-Press-Logo.jpg","contentUrl":"https:\/\/permbledhja.com\/wp-content\/uploads\/2021\/12\/07-Press-Logo.jpg","width":512,"height":512,"caption":"MK Media & Pr"},"image":{"@id":"https:\/\/permbledhja.com\/#\/schema\/logo\/image\/"},"sameAs":["https:\/\/www.facebook.com\/press07\/"]},{"@type":"Person","@id":"https:\/\/permbledhja.com\/#\/schema\/person\/9c54260cbc4c6f792cb100550491638c","name":"DL","image":{"@type":"ImageObject","inLanguage":"sq","@id":"https:\/\/permbledhja.com\/#\/schema\/person\/image\/","url":"https:\/\/secure.gravatar.com\/avatar\/94503eb28d4c4b2005a5c8753e35fc80?s=96&d=mm&r=g","contentUrl":"https:\/\/secure.gravatar.com\/avatar\/94503eb28d4c4b2005a5c8753e35fc80?s=96&d=mm&r=g","caption":"DL"},"url":"https:\/\/permbledhja.com\/sq\/author\/dl\/"}]}},"_links":{"self":[{"href":"https:\/\/permbledhja.com\/sq\/wp-json\/wp\/v2\/posts\/61175"}],"collection":[{"href":"https:\/\/permbledhja.com\/sq\/wp-json\/wp\/v2\/posts"}],"about":[{"href":"https:\/\/permbledhja.com\/sq\/wp-json\/wp\/v2\/types\/post"}],"author":[{"embeddable":true,"href":"https:\/\/permbledhja.com\/sq\/wp-json\/wp\/v2\/users\/5"}],"replies":[{"embeddable":true,"href":"https:\/\/permbledhja.com\/sq\/wp-json\/wp\/v2\/comments?post=61175"}],"version-history":[{"count":1,"href":"https:\/\/permbledhja.com\/sq\/wp-json\/wp\/v2\/posts\/61175\/revisions"}],"predecessor-version":[{"id":61177,"href":"https:\/\/permbledhja.com\/sq\/wp-json\/wp\/v2\/posts\/61175\/revisions\/61177"}],"wp:featuredmedia":[{"embeddable":true,"href":"https:\/\/permbledhja.com\/sq\/wp-json\/wp\/v2\/media\/61176"}],"wp:attachment":[{"href":"https:\/\/permbledhja.com\/sq\/wp-json\/wp\/v2\/media?parent=61175"}],"wp:term":[{"taxonomy":"category","embeddable":true,"href":"https:\/\/permbledhja.com\/sq\/wp-json\/wp\/v2\/categories?post=61175"},{"taxonomy":"post_tag","embeddable":true,"href":"https:\/\/permbledhja.com\/sq\/wp-json\/wp\/v2\/tags?post=61175"}],"curies":[{"name":"wp","href":"https:\/\/api.w.org\/{rel}","templated":true}]}}