{"id":61172,"date":"2024-05-09T08:15:49","date_gmt":"2024-05-09T08:15:49","guid":{"rendered":"https:\/\/permbledhja.com\/?p=61172"},"modified":"2024-05-09T08:15:49","modified_gmt":"2024-05-09T08:15:49","slug":"md-per-projektkodin-civil-drafti-eshte-gati-do-te-procedohet-kur-te-sigurohemi-qe-do-ta-kete-mbeshtetjen-ne-kuvend","status":"publish","type":"post","link":"https:\/\/permbledhja.com\/sq\/md-per-projektkodin-civil-drafti-eshte-gati-do-te-procedohet-kur-te-sigurohemi-qe-do-ta-kete-mbeshtetjen-ne-kuvend\/","title":{"rendered":"MD p\u00ebr projektkodin civil: Drafti \u00ebsht\u00eb gati, do t\u00eb procedohet kur t\u00eb sigurohemi q\u00eb do ta ket\u00eb mb\u00ebshtetjen n\u00eb Kuvend"},"content":{"rendered":"<h3><strong>Jan\u00eb b\u00ebr\u00eb m\u00eb shum\u00eb se dy vjet q\u00eb nga d\u00ebshtimi i votimit t\u00eb projektkodit civil, q\u00eb nd\u00ebr t\u00eb tjerash rregullon regjistrimin e bashk\u00ebsive civile nd\u00ebrmjet personave t\u00eb t\u00eb nj\u00ebjtit seks. P\u00ebr t\u00eb nd\u00ebrtuar shumic\u00ebn parlamentare p\u00ebr votimin e k\u00ebtij projektkodi, zotimin e ka marr\u00eb tashm\u00eb kryeministri Kurti, nd\u00ebrsa nga Ministria e Drejt\u00ebsis\u00eb kan\u00eb th\u00ebn\u00eb se drafti \u00ebsht\u00eb i gatsh\u00ebm por se do ta procedojn\u00eb kur t\u00eb ken\u00eb mb\u00ebshtetje n\u00eb Kuvend.<\/strong><\/h3>\n<p>M\u00eb 16 mars t\u00eb vitit 2022, votimi i projektkodit civil qe n\u00eb rend t\u00eb dit\u00ebs, mir\u00ebpo nuk arriti t\u00eb kaloj\u00eb n\u00eb lexim t\u00eb par\u00eb. N\u00eb momentin e votimit, n\u00eb sall\u00eb ishin 77 deputet\u00eb, prej t\u00eb cil\u00ebve 29 votuan kund\u00ebr, 28 p\u00ebr, 4 abstenuan, nd\u00ebrsa 16 nuk mor\u00ebn pjes\u00eb n\u00eb votim.<\/p>\n<p>Ndon\u00ebse ishin dh\u00ebn\u00eb disa afate, ky projekt kod qe m\u00eb shum\u00eb se dy vjet nuk \u00ebsht\u00eb proceduar m\u00eb n\u00eb Kuvend. Nd\u00ebrkoh\u00eb, Ministria e Drejt\u00ebsis\u00eb ka b\u00ebr\u00eb disa ndryshime, por\u00a0ministrja Haxhiu\u00a0ka deklaruar se \u201cnuk \u00ebsht\u00eb bindur q\u00eb mund ta procedojn\u00eb n\u00eb Kuvendin e Kosov\u00ebs n\u00ebse nuk jan\u00eb t\u00eb bindur se mund t\u00eb kaloj\u00eb\u201d.<\/p>\n<p>N\u00eb nj\u00eb p\u00ebrgjigje p\u00ebr Gazet\u00ebn Express, nga Ministria e Drejt\u00ebsis\u00eb, kan\u00eb th\u00ebn\u00eb se drafti p\u00ebr Kodin Civil \u00ebsht\u00eb i gatsh\u00ebm, derisa kan\u00eb shtuar se do ta procedojn\u00eb n\u00eb Kuvend kur t\u00eb ket\u00eb mb\u00ebshtetje.<\/p>\n<p>\u201cSi\u00e7 jeni n\u00eb dijeni, drafti i Kodit Civil \u00ebsht\u00eb i gatsh\u00ebm. \u00cbsht\u00eb e r\u00ebnd\u00ebsishme q\u00eb i nj\u00ebjti t\u00eb kaloj\u00eb n\u00eb Kuvend prandaj do t\u00eb procedohet kur t\u00eb sigurohemi q\u00eb do ta ket\u00eb mb\u00ebshtetjen n\u00eb Kuvendin e Kosov\u00ebs\u201d, thuhet n\u00eb p\u00ebrgjigjen e MD\u2019s\u00eb p\u00ebr Express.<\/p>\n<p>Dit\u00eb m\u00eb par\u00eb, kryeministri Kurti ka th\u00ebn\u00eb se \u201cpersonalisht do ta nd\u00ebrtoj\u00eb nj\u00eb shumic\u00eb parlamentare\u201d p\u00ebr votimin e k\u00ebtij projektkodi, q\u00eb gjen refuzim t\u00eb madh te deputet\u00ebt e partis\u00eb q\u00eb udh\u00ebheq vet\u00eb ai.<\/p>\n<p>\u201cKosova do t\u00eb synoj\u00eb q\u00eb s\u00eb shpejti t\u00eb b\u00ebhet vendi i dyt\u00eb n\u00eb Ballkanin Per\u00ebndimor, pas fqinjve tan\u00eb, Malit t\u00eb Zi, duke ua ofruar qytetar\u00ebve t\u00eb saj t\u00eb drejt\u00ebn e bashkimeve civile t\u00eb t\u00eb nj\u00ebjtit seks. Ne do t\u00eb punojm\u00eb shum\u00eb p\u00ebr ta kaluar k\u00ebt\u00eb n\u00eb t\u00eb ardhmen shum\u00eb t\u00eb af\u00ebrt\u201d, tha Kurti gjat\u00eb nj\u00eb fjalimi n\u00eb sh\u00ebnimin e 75-vjetorit t\u00eb themelimit t\u00eb K\u00ebshillit t\u00eb Europ\u00ebs, t\u00eb organizuar nga Partia Socialdemokrate e Gjermanis\u00eb (SPD) e kancelarit Olaf Scholz.<\/p>\n<p>\u201cP\u00ebr k\u00ebt\u00eb un\u00eb personalisht do ta nd\u00ebrtoj nj\u00eb shumic\u00eb parlamentare dhe do t\u00eb b\u00ebj thirrje p\u00ebr mb\u00ebshtetje t\u00eb gjer\u00eb p\u00ebr k\u00ebt\u00eb edhe nga partit\u00eb opozitare. Vendimi p\u00ebr mbledhjen e qeveris\u00eb p\u00ebr k\u00ebt\u00eb \u00e7\u00ebshtje tashm\u00eb \u00ebsht\u00eb marr\u00eb\u201d, tha ai.<\/p>\n<p>Nj\u00eb nga deputet\u00ebt e VV\u2019s\u00eb q\u00eb kund\u00ebrshtojn\u00eb k\u00ebt\u00eb projektkod \u00ebsht\u00eb\u00a0Eman Rrahmani. S\u00eb fundi, ai ka th\u00ebn\u00eb se \u00ebsht\u00eb rritur numri i deputet\u00ebve q\u00eb do t\u00eb votojn\u00eb kund\u00ebr.<\/p>\n<p>\u201cPo kryeministri Kurti edhe para dy vitesh \u00ebsht\u00eb marr\u00eb me k\u00ebt\u00eb, kemi pasur diskutime edhe n\u00eb Grupin Parlamentar mes deputet\u00ebve, mir\u00ebpo k\u00ebto jan\u00eb q\u00ebndrime t\u00eb deputet\u00ebve, t\u00eb cil\u00ebt vendosin p\u00ebr vot\u00ebn e tyre se si do t\u00eb votojn\u00eb p\u00ebr \u00e7\u00ebshtje t\u00eb caktuara. Kurse sa i p\u00ebrket Kodit Civil, un\u00eb besoj q\u00eb kurdo q\u00eb vjen do t\u00eb ket\u00eb vota edhe m\u00eb shum\u00eb kund\u00ebr se sa q\u00eb ka pasur para 2 viteve, n\u00eb raport me t\u00eb. T\u00eb pakt\u00ebn nga diskutimet q\u00eb kam pasur un\u00eb me deputet\u00ebt, ka deputet\u00eb t\u00eb cilat kan\u00eb votuar pro her\u00ebn e kaluar dhe tani jan\u00eb kund\u00ebr\u201d, ka th\u00ebn\u00eb ai p\u00ebr Gazet\u00ebn Blic.<\/p>\n","protected":false},"excerpt":{"rendered":"<p>Jan\u00eb b\u00ebr\u00eb m\u00eb shum\u00eb se dy vjet q\u00eb nga d\u00ebshtimi i votimit t\u00eb projektkodit civil, q\u00eb nd\u00ebr t\u00eb tjerash rregullon regjistrimin e bashk\u00ebsive civile nd\u00ebrmjet personave t\u00eb t\u00eb nj\u00ebjtit seks. P\u00ebr t\u00eb nd\u00ebrtuar shumic\u00ebn parlamentare p\u00ebr votimin e k\u00ebtij projektkodi, zotimin e ka marr\u00eb tashm\u00eb kryeministri Kurti, nd\u00ebrsa nga Ministria e Drejt\u00ebsis\u00eb kan\u00eb th\u00ebn\u00eb se [&hellip;]<\/p>\n","protected":false},"author":5,"featured_media":61173,"comment_status":"closed","ping_status":"closed","sticky":false,"template":"","format":"standard","meta":{"_monsterinsights_skip_tracking":false,"_monsterinsights_sitenote_active":false,"_monsterinsights_sitenote_note":"","_monsterinsights_sitenote_category":0,"_uf_show_specific_survey":0,"_uf_disable_surveys":false,"footnotes":""},"categories":[1146],"tags":[],"yoast_head":"<!-- This site is optimized with the Yoast SEO plugin v21.5 - https:\/\/yoast.com\/wordpress\/plugins\/seo\/ -->\n<title>MD p\u00ebr projektkodin civil: Drafti \u00ebsht\u00eb gati, do t\u00eb procedohet kur t\u00eb sigurohemi q\u00eb do ta ket\u00eb mb\u00ebshtetjen n\u00eb Kuvend<\/title>\n<meta name=\"robots\" content=\"index, follow, max-snippet:-1, max-image-preview:large, max-video-preview:-1\" \/>\n<link rel=\"canonical\" href=\"https:\/\/permbledhja.com\/sq\/md-per-projektkodin-civil-drafti-eshte-gati-do-te-procedohet-kur-te-sigurohemi-qe-do-ta-kete-mbeshtetjen-ne-kuvend\/\" \/>\n<meta property=\"og:locale\" content=\"sq_AL\" \/>\n<meta property=\"og:type\" content=\"article\" \/>\n<meta property=\"og:title\" content=\"MD p\u00ebr projektkodin civil: Drafti \u00ebsht\u00eb gati, do t\u00eb procedohet kur t\u00eb sigurohemi q\u00eb do ta ket\u00eb mb\u00ebshtetjen n\u00eb Kuvend\" \/>\n<meta property=\"og:description\" content=\"Jan\u00eb b\u00ebr\u00eb m\u00eb shum\u00eb se dy vjet q\u00eb nga d\u00ebshtimi i votimit t\u00eb projektkodit civil, q\u00eb nd\u00ebr t\u00eb tjerash rregullon regjistrimin e bashk\u00ebsive civile nd\u00ebrmjet personave t\u00eb t\u00eb nj\u00ebjtit seks. P\u00ebr t\u00eb nd\u00ebrtuar shumic\u00ebn parlamentare p\u00ebr votimin e k\u00ebtij projektkodi, zotimin e ka marr\u00eb tashm\u00eb kryeministri Kurti, nd\u00ebrsa nga Ministria e Drejt\u00ebsis\u00eb kan\u00eb th\u00ebn\u00eb se [&hellip;]\" \/>\n<meta property=\"og:url\" content=\"https:\/\/permbledhja.com\/sq\/md-per-projektkodin-civil-drafti-eshte-gati-do-te-procedohet-kur-te-sigurohemi-qe-do-ta-kete-mbeshtetjen-ne-kuvend\/\" \/>\n<meta property=\"og:site_name\" content=\"Ve\u00e7 artikuj p\u00ebrmbledh\u00ebs\" \/>\n<meta property=\"article:publisher\" content=\"https:\/\/www.facebook.com\/press07\/\" \/>\n<meta property=\"article:published_time\" content=\"2024-05-09T08:15:49+00:00\" \/>\n<meta property=\"og:image\" content=\"https:\/\/permbledhja.com\/wp-content\/uploads\/2024\/05\/dmc.webp\" \/>\n\t<meta property=\"og:image:width\" content=\"1023\" \/>\n\t<meta property=\"og:image:height\" content=\"575\" \/>\n\t<meta property=\"og:image:type\" content=\"image\/webp\" \/>\n<meta name=\"author\" content=\"DL\" \/>\n<meta name=\"twitter:card\" content=\"summary_large_image\" \/>\n<meta name=\"twitter:label1\" content=\"Written by\" \/>\n\t<meta name=\"twitter:data1\" content=\"DL\" \/>\n\t<meta name=\"twitter:label2\" content=\"Est. reading time\" \/>\n\t<meta name=\"twitter:data2\" content=\"3 minuta\" \/>\n<script type=\"application\/ld+json\" class=\"yoast-schema-graph\">{\"@context\":\"https:\/\/schema.org\",\"@graph\":[{\"@type\":\"Article\",\"@id\":\"https:\/\/permbledhja.com\/sq\/md-per-projektkodin-civil-drafti-eshte-gati-do-te-procedohet-kur-te-sigurohemi-qe-do-ta-kete-mbeshtetjen-ne-kuvend\/#article\",\"isPartOf\":{\"@id\":\"https:\/\/permbledhja.com\/sq\/md-per-projektkodin-civil-drafti-eshte-gati-do-te-procedohet-kur-te-sigurohemi-qe-do-ta-kete-mbeshtetjen-ne-kuvend\/\"},\"author\":{\"name\":\"DL\",\"@id\":\"https:\/\/permbledhja.com\/#\/schema\/person\/9c54260cbc4c6f792cb100550491638c\"},\"headline\":\"MD p\u00ebr projektkodin civil: Drafti \u00ebsht\u00eb gati, do t\u00eb procedohet kur t\u00eb sigurohemi q\u00eb do ta ket\u00eb mb\u00ebshtetjen n\u00eb Kuvend\",\"datePublished\":\"2024-05-09T08:15:49+00:00\",\"dateModified\":\"2024-05-09T08:15:49+00:00\",\"mainEntityOfPage\":{\"@id\":\"https:\/\/permbledhja.com\/sq\/md-per-projektkodin-civil-drafti-eshte-gati-do-te-procedohet-kur-te-sigurohemi-qe-do-ta-kete-mbeshtetjen-ne-kuvend\/\"},\"wordCount\":647,\"publisher\":{\"@id\":\"https:\/\/permbledhja.com\/#organization\"},\"articleSection\":[\"Kryesoret\"],\"inLanguage\":\"sq\"},{\"@type\":\"WebPage\",\"@id\":\"https:\/\/permbledhja.com\/sq\/md-per-projektkodin-civil-drafti-eshte-gati-do-te-procedohet-kur-te-sigurohemi-qe-do-ta-kete-mbeshtetjen-ne-kuvend\/\",\"url\":\"https:\/\/permbledhja.com\/sq\/md-per-projektkodin-civil-drafti-eshte-gati-do-te-procedohet-kur-te-sigurohemi-qe-do-ta-kete-mbeshtetjen-ne-kuvend\/\",\"name\":\"MD p\u00ebr projektkodin civil: Drafti \u00ebsht\u00eb gati, do t\u00eb procedohet kur t\u00eb sigurohemi q\u00eb do ta ket\u00eb mb\u00ebshtetjen n\u00eb Kuvend\",\"isPartOf\":{\"@id\":\"https:\/\/permbledhja.com\/#website\"},\"datePublished\":\"2024-05-09T08:15:49+00:00\",\"dateModified\":\"2024-05-09T08:15:49+00:00\",\"breadcrumb\":{\"@id\":\"https:\/\/permbledhja.com\/sq\/md-per-projektkodin-civil-drafti-eshte-gati-do-te-procedohet-kur-te-sigurohemi-qe-do-ta-kete-mbeshtetjen-ne-kuvend\/#breadcrumb\"},\"inLanguage\":\"sq\",\"potentialAction\":[{\"@type\":\"ReadAction\",\"target\":[\"https:\/\/permbledhja.com\/sq\/md-per-projektkodin-civil-drafti-eshte-gati-do-te-procedohet-kur-te-sigurohemi-qe-do-ta-kete-mbeshtetjen-ne-kuvend\/\"]}]},{\"@type\":\"BreadcrumbList\",\"@id\":\"https:\/\/permbledhja.com\/sq\/md-per-projektkodin-civil-drafti-eshte-gati-do-te-procedohet-kur-te-sigurohemi-qe-do-ta-kete-mbeshtetjen-ne-kuvend\/#breadcrumb\",\"itemListElement\":[{\"@type\":\"ListItem\",\"position\":1,\"name\":\"Ballina\",\"item\":\"https:\/\/permbledhja.com\/sq\/\"},{\"@type\":\"ListItem\",\"position\":2,\"name\":\"MD p\u00ebr projektkodin civil: Drafti \u00ebsht\u00eb gati, do t\u00eb procedohet kur t\u00eb sigurohemi q\u00eb do ta ket\u00eb mb\u00ebshtetjen n\u00eb Kuvend\"}]},{\"@type\":\"WebSite\",\"@id\":\"https:\/\/permbledhja.com\/#website\",\"url\":\"https:\/\/permbledhja.com\/\",\"name\":\"Ve\u00e7 artikuj p\u00ebrmbledh\u00ebs\",\"description\":\"\",\"publisher\":{\"@id\":\"https:\/\/permbledhja.com\/#organization\"},\"potentialAction\":[{\"@type\":\"SearchAction\",\"target\":{\"@type\":\"EntryPoint\",\"urlTemplate\":\"https:\/\/permbledhja.com\/?s={search_term_string}\"},\"query-input\":\"required name=search_term_string\"}],\"inLanguage\":\"sq\"},{\"@type\":\"Organization\",\"@id\":\"https:\/\/permbledhja.com\/#organization\",\"name\":\"MK Media & Pr\",\"url\":\"https:\/\/permbledhja.com\/\",\"logo\":{\"@type\":\"ImageObject\",\"inLanguage\":\"sq\",\"@id\":\"https:\/\/permbledhja.com\/#\/schema\/logo\/image\/\",\"url\":\"https:\/\/permbledhja.com\/wp-content\/uploads\/2021\/12\/07-Press-Logo.jpg\",\"contentUrl\":\"https:\/\/permbledhja.com\/wp-content\/uploads\/2021\/12\/07-Press-Logo.jpg\",\"width\":512,\"height\":512,\"caption\":\"MK Media & Pr\"},\"image\":{\"@id\":\"https:\/\/permbledhja.com\/#\/schema\/logo\/image\/\"},\"sameAs\":[\"https:\/\/www.facebook.com\/press07\/\"]},{\"@type\":\"Person\",\"@id\":\"https:\/\/permbledhja.com\/#\/schema\/person\/9c54260cbc4c6f792cb100550491638c\",\"name\":\"DL\",\"image\":{\"@type\":\"ImageObject\",\"inLanguage\":\"sq\",\"@id\":\"https:\/\/permbledhja.com\/#\/schema\/person\/image\/\",\"url\":\"https:\/\/secure.gravatar.com\/avatar\/94503eb28d4c4b2005a5c8753e35fc80?s=96&d=mm&r=g\",\"contentUrl\":\"https:\/\/secure.gravatar.com\/avatar\/94503eb28d4c4b2005a5c8753e35fc80?s=96&d=mm&r=g\",\"caption\":\"DL\"},\"url\":\"https:\/\/permbledhja.com\/sq\/author\/dl\/\"}]}<\/script>\n<!-- \/ Yoast SEO plugin. -->","yoast_head_json":{"title":"MD p\u00ebr projektkodin civil: Drafti \u00ebsht\u00eb gati, do t\u00eb procedohet kur t\u00eb sigurohemi q\u00eb do ta ket\u00eb mb\u00ebshtetjen n\u00eb Kuvend","robots":{"index":"index","follow":"follow","max-snippet":"max-snippet:-1","max-image-preview":"max-image-preview:large","max-video-preview":"max-video-preview:-1"},"canonical":"https:\/\/permbledhja.com\/sq\/md-per-projektkodin-civil-drafti-eshte-gati-do-te-procedohet-kur-te-sigurohemi-qe-do-ta-kete-mbeshtetjen-ne-kuvend\/","og_locale":"sq_AL","og_type":"article","og_title":"MD p\u00ebr projektkodin civil: Drafti \u00ebsht\u00eb gati, do t\u00eb procedohet kur t\u00eb sigurohemi q\u00eb do ta ket\u00eb mb\u00ebshtetjen n\u00eb Kuvend","og_description":"Jan\u00eb b\u00ebr\u00eb m\u00eb shum\u00eb se dy vjet q\u00eb nga d\u00ebshtimi i votimit t\u00eb projektkodit civil, q\u00eb nd\u00ebr t\u00eb tjerash rregullon regjistrimin e bashk\u00ebsive civile nd\u00ebrmjet personave t\u00eb t\u00eb nj\u00ebjtit seks. P\u00ebr t\u00eb nd\u00ebrtuar shumic\u00ebn parlamentare p\u00ebr votimin e k\u00ebtij projektkodi, zotimin e ka marr\u00eb tashm\u00eb kryeministri Kurti, nd\u00ebrsa nga Ministria e Drejt\u00ebsis\u00eb kan\u00eb th\u00ebn\u00eb se [&hellip;]","og_url":"https:\/\/permbledhja.com\/sq\/md-per-projektkodin-civil-drafti-eshte-gati-do-te-procedohet-kur-te-sigurohemi-qe-do-ta-kete-mbeshtetjen-ne-kuvend\/","og_site_name":"Ve\u00e7 artikuj p\u00ebrmbledh\u00ebs","article_publisher":"https:\/\/www.facebook.com\/press07\/","article_published_time":"2024-05-09T08:15:49+00:00","og_image":[{"width":1023,"height":575,"url":"https:\/\/permbledhja.com\/wp-content\/uploads\/2024\/05\/dmc.webp","type":"image\/webp"}],"author":"DL","twitter_card":"summary_large_image","twitter_misc":{"Written by":"DL","Est. reading time":"3 minuta"},"schema":{"@context":"https:\/\/schema.org","@graph":[{"@type":"Article","@id":"https:\/\/permbledhja.com\/sq\/md-per-projektkodin-civil-drafti-eshte-gati-do-te-procedohet-kur-te-sigurohemi-qe-do-ta-kete-mbeshtetjen-ne-kuvend\/#article","isPartOf":{"@id":"https:\/\/permbledhja.com\/sq\/md-per-projektkodin-civil-drafti-eshte-gati-do-te-procedohet-kur-te-sigurohemi-qe-do-ta-kete-mbeshtetjen-ne-kuvend\/"},"author":{"name":"DL","@id":"https:\/\/permbledhja.com\/#\/schema\/person\/9c54260cbc4c6f792cb100550491638c"},"headline":"MD p\u00ebr projektkodin civil: Drafti \u00ebsht\u00eb gati, do t\u00eb procedohet kur t\u00eb sigurohemi q\u00eb do ta ket\u00eb mb\u00ebshtetjen n\u00eb Kuvend","datePublished":"2024-05-09T08:15:49+00:00","dateModified":"2024-05-09T08:15:49+00:00","mainEntityOfPage":{"@id":"https:\/\/permbledhja.com\/sq\/md-per-projektkodin-civil-drafti-eshte-gati-do-te-procedohet-kur-te-sigurohemi-qe-do-ta-kete-mbeshtetjen-ne-kuvend\/"},"wordCount":647,"publisher":{"@id":"https:\/\/permbledhja.com\/#organization"},"articleSection":["Kryesoret"],"inLanguage":"sq"},{"@type":"WebPage","@id":"https:\/\/permbledhja.com\/sq\/md-per-projektkodin-civil-drafti-eshte-gati-do-te-procedohet-kur-te-sigurohemi-qe-do-ta-kete-mbeshtetjen-ne-kuvend\/","url":"https:\/\/permbledhja.com\/sq\/md-per-projektkodin-civil-drafti-eshte-gati-do-te-procedohet-kur-te-sigurohemi-qe-do-ta-kete-mbeshtetjen-ne-kuvend\/","name":"MD p\u00ebr projektkodin civil: Drafti \u00ebsht\u00eb gati, do t\u00eb procedohet kur t\u00eb sigurohemi q\u00eb do ta ket\u00eb mb\u00ebshtetjen n\u00eb Kuvend","isPartOf":{"@id":"https:\/\/permbledhja.com\/#website"},"datePublished":"2024-05-09T08:15:49+00:00","dateModified":"2024-05-09T08:15:49+00:00","breadcrumb":{"@id":"https:\/\/permbledhja.com\/sq\/md-per-projektkodin-civil-drafti-eshte-gati-do-te-procedohet-kur-te-sigurohemi-qe-do-ta-kete-mbeshtetjen-ne-kuvend\/#breadcrumb"},"inLanguage":"sq","potentialAction":[{"@type":"ReadAction","target":["https:\/\/permbledhja.com\/sq\/md-per-projektkodin-civil-drafti-eshte-gati-do-te-procedohet-kur-te-sigurohemi-qe-do-ta-kete-mbeshtetjen-ne-kuvend\/"]}]},{"@type":"BreadcrumbList","@id":"https:\/\/permbledhja.com\/sq\/md-per-projektkodin-civil-drafti-eshte-gati-do-te-procedohet-kur-te-sigurohemi-qe-do-ta-kete-mbeshtetjen-ne-kuvend\/#breadcrumb","itemListElement":[{"@type":"ListItem","position":1,"name":"Ballina","item":"https:\/\/permbledhja.com\/sq\/"},{"@type":"ListItem","position":2,"name":"MD p\u00ebr projektkodin civil: Drafti \u00ebsht\u00eb gati, do t\u00eb procedohet kur t\u00eb sigurohemi q\u00eb do ta ket\u00eb mb\u00ebshtetjen n\u00eb Kuvend"}]},{"@type":"WebSite","@id":"https:\/\/permbledhja.com\/#website","url":"https:\/\/permbledhja.com\/","name":"Ve\u00e7 artikuj p\u00ebrmbledh\u00ebs","description":"","publisher":{"@id":"https:\/\/permbledhja.com\/#organization"},"potentialAction":[{"@type":"SearchAction","target":{"@type":"EntryPoint","urlTemplate":"https:\/\/permbledhja.com\/?s={search_term_string}"},"query-input":"required name=search_term_string"}],"inLanguage":"sq"},{"@type":"Organization","@id":"https:\/\/permbledhja.com\/#organization","name":"MK Media & Pr","url":"https:\/\/permbledhja.com\/","logo":{"@type":"ImageObject","inLanguage":"sq","@id":"https:\/\/permbledhja.com\/#\/schema\/logo\/image\/","url":"https:\/\/permbledhja.com\/wp-content\/uploads\/2021\/12\/07-Press-Logo.jpg","contentUrl":"https:\/\/permbledhja.com\/wp-content\/uploads\/2021\/12\/07-Press-Logo.jpg","width":512,"height":512,"caption":"MK Media & Pr"},"image":{"@id":"https:\/\/permbledhja.com\/#\/schema\/logo\/image\/"},"sameAs":["https:\/\/www.facebook.com\/press07\/"]},{"@type":"Person","@id":"https:\/\/permbledhja.com\/#\/schema\/person\/9c54260cbc4c6f792cb100550491638c","name":"DL","image":{"@type":"ImageObject","inLanguage":"sq","@id":"https:\/\/permbledhja.com\/#\/schema\/person\/image\/","url":"https:\/\/secure.gravatar.com\/avatar\/94503eb28d4c4b2005a5c8753e35fc80?s=96&d=mm&r=g","contentUrl":"https:\/\/secure.gravatar.com\/avatar\/94503eb28d4c4b2005a5c8753e35fc80?s=96&d=mm&r=g","caption":"DL"},"url":"https:\/\/permbledhja.com\/sq\/author\/dl\/"}]}},"_links":{"self":[{"href":"https:\/\/permbledhja.com\/sq\/wp-json\/wp\/v2\/posts\/61172"}],"collection":[{"href":"https:\/\/permbledhja.com\/sq\/wp-json\/wp\/v2\/posts"}],"about":[{"href":"https:\/\/permbledhja.com\/sq\/wp-json\/wp\/v2\/types\/post"}],"author":[{"embeddable":true,"href":"https:\/\/permbledhja.com\/sq\/wp-json\/wp\/v2\/users\/5"}],"replies":[{"embeddable":true,"href":"https:\/\/permbledhja.com\/sq\/wp-json\/wp\/v2\/comments?post=61172"}],"version-history":[{"count":1,"href":"https:\/\/permbledhja.com\/sq\/wp-json\/wp\/v2\/posts\/61172\/revisions"}],"predecessor-version":[{"id":61174,"href":"https:\/\/permbledhja.com\/sq\/wp-json\/wp\/v2\/posts\/61172\/revisions\/61174"}],"wp:featuredmedia":[{"embeddable":true,"href":"https:\/\/permbledhja.com\/sq\/wp-json\/wp\/v2\/media\/61173"}],"wp:attachment":[{"href":"https:\/\/permbledhja.com\/sq\/wp-json\/wp\/v2\/media?parent=61172"}],"wp:term":[{"taxonomy":"category","embeddable":true,"href":"https:\/\/permbledhja.com\/sq\/wp-json\/wp\/v2\/categories?post=61172"},{"taxonomy":"post_tag","embeddable":true,"href":"https:\/\/permbledhja.com\/sq\/wp-json\/wp\/v2\/tags?post=61172"}],"curies":[{"name":"wp","href":"https:\/\/api.w.org\/{rel}","templated":true}]}}