{"id":61166,"date":"2024-05-09T07:51:30","date_gmt":"2024-05-09T07:51:30","guid":{"rendered":"https:\/\/permbledhja.com\/?p=61166"},"modified":"2024-05-09T07:51:30","modified_gmt":"2024-05-09T07:51:30","slug":"escobar-kosova-te-degjoje-aleatet-e-saj-evropiane","status":"publish","type":"post","link":"https:\/\/permbledhja.com\/sq\/escobar-kosova-te-degjoje-aleatet-e-saj-evropiane\/","title":{"rendered":"Escobar: Kosova t\u00eb d\u00ebgjoj\u00eb aleat\u00ebt e saj evropian\u00eb"},"content":{"rendered":"<h3>I d\u00ebrguari i Shteteve t\u00eb Bashkuara t\u00eb Amerik\u00ebs p\u00ebr Ballkanin Per\u00ebndimor, Gabriel Escobar, tha se disa shtete an\u00ebtare t\u00eb K\u00ebshillit t\u00eb Evrop\u00ebs kan\u00eb k\u00ebrkuar q\u00eb Kosova t\u00eb themeloj\u00eb Asociacionin e komunave me shumic\u00eb serbe.<\/h3>\n<p>Gjat\u00eb nj\u00eb bisede me gazetar\u00eb, Escobar tha se \u00e7\u00ebshtja e Asociacionit dhe e disa \u00e7\u00ebshtjeve q\u00eb kan\u00eb t\u00eb b\u00ebjn\u00eb me minoritetin serb, q\u00eb nuk jan\u00eb p\u00ebrmbushur, kan\u00eb qen\u00eb k\u00ebrkesa t\u00eb vazhdueshme.<\/p>\n<p>\u201cKjo \u00ebsht\u00eb ajo q\u00eb po nxit shqet\u00ebsimin se Kosova mund t\u00eb mos ket\u00eb votat p\u00ebr K\u00ebshillin e Evrop\u00ebs\u201d, tha Escobar m\u00eb 8 maj.<\/p>\n<p>Ai tha se SHBA-ja nuk ka vot\u00eb n\u00eb k\u00ebt\u00eb organizat\u00eb evropiane p\u00ebr t\u00eb drejtat e njeriut, por q\u00ebndrimi i Uashingtonit \u00ebsht\u00eb q\u00eb Kosova duhet t\u00eb jet\u00eb an\u00ebtare me t\u00eb drejta t\u00eb plota e Bashkimit Evropian, NATO-s dhe Kombeve t\u00eb Bashkuara \u201cdhe do t\u00eb vazhdojm\u00eb t\u00eb punojm\u00eb p\u00ebr k\u00ebt\u00eb\u201d.<\/p>\n<p>\u201cSa i p\u00ebrket integrimit evropian, mendoj se \u00ebsht\u00eb e r\u00ebnd\u00ebsishme p\u00ebr Kosov\u00ebn q\u00eb t\u00eb d\u00ebgjoj\u00eb aleat\u00ebt e saj evropian\u00eb dhe t\u00eb punoj\u00eb me aleat\u00ebt evropian\u00eb, teksa ne forcojm\u00eb kandidatur\u00ebn e Kosov\u00ebn n\u00eb t\u00eb gjitha strukturat euroatlantike\u201d, shtoi ai.<\/p>\n<p>Kosova ve\u00e7se ka kaluar dy faza n\u00eb rrug\u00ebn drejt pranimit n\u00eb KiE. Megjithat\u00eb, vendimi final p\u00ebr pranimin ose jo t\u00eb Kosov\u00ebs n\u00eb k\u00ebt\u00eb organizat\u00eb mund t\u00eb merret m\u00eb 16 maj, kur t\u00eb takohen ministrat e Jasht\u00ebm t\u00eb k\u00ebsaj organizate.<\/p>\n<div class=\"td-a-ad id_inline_ad0 id_ad_content-horiz-center\"><\/div>\n","protected":false},"excerpt":{"rendered":"<p>I d\u00ebrguari i Shteteve t\u00eb Bashkuara t\u00eb Amerik\u00ebs p\u00ebr Ballkanin Per\u00ebndimor, Gabriel Escobar, tha se disa shtete an\u00ebtare t\u00eb K\u00ebshillit t\u00eb Evrop\u00ebs kan\u00eb k\u00ebrkuar q\u00eb Kosova t\u00eb themeloj\u00eb Asociacionin e komunave me shumic\u00eb serbe. Gjat\u00eb nj\u00eb bisede me gazetar\u00eb, Escobar tha se \u00e7\u00ebshtja e Asociacionit dhe e disa \u00e7\u00ebshtjeve q\u00eb kan\u00eb t\u00eb b\u00ebjn\u00eb me minoritetin [&hellip;]<\/p>\n","protected":false},"author":5,"featured_media":60667,"comment_status":"closed","ping_status":"closed","sticky":false,"template":"","format":"standard","meta":{"_monsterinsights_skip_tracking":false,"_monsterinsights_sitenote_active":false,"_monsterinsights_sitenote_note":"","_monsterinsights_sitenote_category":0,"_uf_show_specific_survey":0,"_uf_disable_surveys":false,"footnotes":""},"categories":[2645],"tags":[],"yoast_head":"<!-- This site is optimized with the Yoast SEO plugin v21.5 - https:\/\/yoast.com\/wordpress\/plugins\/seo\/ -->\n<title>Escobar: Kosova t\u00eb d\u00ebgjoj\u00eb aleat\u00ebt e saj evropian\u00eb<\/title>\n<meta name=\"robots\" content=\"index, follow, max-snippet:-1, max-image-preview:large, max-video-preview:-1\" \/>\n<link rel=\"canonical\" href=\"https:\/\/permbledhja.com\/sq\/escobar-kosova-te-degjoje-aleatet-e-saj-evropiane\/\" \/>\n<meta property=\"og:locale\" content=\"sq_AL\" \/>\n<meta property=\"og:type\" content=\"article\" \/>\n<meta property=\"og:title\" content=\"Escobar: Kosova t\u00eb d\u00ebgjoj\u00eb aleat\u00ebt e saj evropian\u00eb\" \/>\n<meta property=\"og:description\" content=\"I d\u00ebrguari i Shteteve t\u00eb Bashkuara t\u00eb Amerik\u00ebs p\u00ebr Ballkanin Per\u00ebndimor, Gabriel Escobar, tha se disa shtete an\u00ebtare t\u00eb K\u00ebshillit t\u00eb Evrop\u00ebs kan\u00eb k\u00ebrkuar q\u00eb Kosova t\u00eb themeloj\u00eb Asociacionin e komunave me shumic\u00eb serbe. Gjat\u00eb nj\u00eb bisede me gazetar\u00eb, Escobar tha se \u00e7\u00ebshtja e Asociacionit dhe e disa \u00e7\u00ebshtjeve q\u00eb kan\u00eb t\u00eb b\u00ebjn\u00eb me minoritetin [&hellip;]\" \/>\n<meta property=\"og:url\" content=\"https:\/\/permbledhja.com\/sq\/escobar-kosova-te-degjoje-aleatet-e-saj-evropiane\/\" \/>\n<meta property=\"og:site_name\" content=\"Ve\u00e7 artikuj p\u00ebrmbledh\u00ebs\" \/>\n<meta property=\"article:publisher\" content=\"https:\/\/www.facebook.com\/press07\/\" \/>\n<meta property=\"article:published_time\" content=\"2024-05-09T07:51:30+00:00\" \/>\n<meta property=\"og:image\" content=\"https:\/\/permbledhja.com\/wp-content\/uploads\/2024\/05\/auto_Escobar-gabriel1674249664.jpg\" \/>\n\t<meta property=\"og:image:width\" content=\"850\" \/>\n\t<meta property=\"og:image:height\" content=\"566\" \/>\n\t<meta property=\"og:image:type\" content=\"image\/jpeg\" \/>\n<meta name=\"author\" content=\"DL\" \/>\n<meta name=\"twitter:card\" content=\"summary_large_image\" \/>\n<meta name=\"twitter:label1\" content=\"Written by\" \/>\n\t<meta name=\"twitter:data1\" content=\"DL\" \/>\n\t<meta name=\"twitter:label2\" content=\"Est. reading time\" \/>\n\t<meta name=\"twitter:data2\" content=\"2 minuta\" \/>\n<script type=\"application\/ld+json\" class=\"yoast-schema-graph\">{\"@context\":\"https:\/\/schema.org\",\"@graph\":[{\"@type\":\"Article\",\"@id\":\"https:\/\/permbledhja.com\/sq\/escobar-kosova-te-degjoje-aleatet-e-saj-evropiane\/#article\",\"isPartOf\":{\"@id\":\"https:\/\/permbledhja.com\/sq\/escobar-kosova-te-degjoje-aleatet-e-saj-evropiane\/\"},\"author\":{\"name\":\"DL\",\"@id\":\"https:\/\/permbledhja.com\/#\/schema\/person\/9c54260cbc4c6f792cb100550491638c\"},\"headline\":\"Escobar: Kosova t\u00eb d\u00ebgjoj\u00eb aleat\u00ebt e saj evropian\u00eb\",\"datePublished\":\"2024-05-09T07:51:30+00:00\",\"dateModified\":\"2024-05-09T07:51:30+00:00\",\"mainEntityOfPage\":{\"@id\":\"https:\/\/permbledhja.com\/sq\/escobar-kosova-te-degjoje-aleatet-e-saj-evropiane\/\"},\"wordCount\":259,\"publisher\":{\"@id\":\"https:\/\/permbledhja.com\/#organization\"},\"articleSection\":[\"T\u00eb r\u00ebnd\u00ebsishme\"],\"inLanguage\":\"sq\"},{\"@type\":\"WebPage\",\"@id\":\"https:\/\/permbledhja.com\/sq\/escobar-kosova-te-degjoje-aleatet-e-saj-evropiane\/\",\"url\":\"https:\/\/permbledhja.com\/sq\/escobar-kosova-te-degjoje-aleatet-e-saj-evropiane\/\",\"name\":\"Escobar: Kosova t\u00eb d\u00ebgjoj\u00eb aleat\u00ebt e saj evropian\u00eb\",\"isPartOf\":{\"@id\":\"https:\/\/permbledhja.com\/#website\"},\"datePublished\":\"2024-05-09T07:51:30+00:00\",\"dateModified\":\"2024-05-09T07:51:30+00:00\",\"breadcrumb\":{\"@id\":\"https:\/\/permbledhja.com\/sq\/escobar-kosova-te-degjoje-aleatet-e-saj-evropiane\/#breadcrumb\"},\"inLanguage\":\"sq\",\"potentialAction\":[{\"@type\":\"ReadAction\",\"target\":[\"https:\/\/permbledhja.com\/sq\/escobar-kosova-te-degjoje-aleatet-e-saj-evropiane\/\"]}]},{\"@type\":\"BreadcrumbList\",\"@id\":\"https:\/\/permbledhja.com\/sq\/escobar-kosova-te-degjoje-aleatet-e-saj-evropiane\/#breadcrumb\",\"itemListElement\":[{\"@type\":\"ListItem\",\"position\":1,\"name\":\"Ballina\",\"item\":\"https:\/\/permbledhja.com\/sq\/\"},{\"@type\":\"ListItem\",\"position\":2,\"name\":\"Escobar: Kosova t\u00eb d\u00ebgjoj\u00eb aleat\u00ebt e saj evropian\u00eb\"}]},{\"@type\":\"WebSite\",\"@id\":\"https:\/\/permbledhja.com\/#website\",\"url\":\"https:\/\/permbledhja.com\/\",\"name\":\"Ve\u00e7 artikuj p\u00ebrmbledh\u00ebs\",\"description\":\"\",\"publisher\":{\"@id\":\"https:\/\/permbledhja.com\/#organization\"},\"potentialAction\":[{\"@type\":\"SearchAction\",\"target\":{\"@type\":\"EntryPoint\",\"urlTemplate\":\"https:\/\/permbledhja.com\/?s={search_term_string}\"},\"query-input\":\"required name=search_term_string\"}],\"inLanguage\":\"sq\"},{\"@type\":\"Organization\",\"@id\":\"https:\/\/permbledhja.com\/#organization\",\"name\":\"MK Media & Pr\",\"url\":\"https:\/\/permbledhja.com\/\",\"logo\":{\"@type\":\"ImageObject\",\"inLanguage\":\"sq\",\"@id\":\"https:\/\/permbledhja.com\/#\/schema\/logo\/image\/\",\"url\":\"https:\/\/permbledhja.com\/wp-content\/uploads\/2021\/12\/07-Press-Logo.jpg\",\"contentUrl\":\"https:\/\/permbledhja.com\/wp-content\/uploads\/2021\/12\/07-Press-Logo.jpg\",\"width\":512,\"height\":512,\"caption\":\"MK Media & Pr\"},\"image\":{\"@id\":\"https:\/\/permbledhja.com\/#\/schema\/logo\/image\/\"},\"sameAs\":[\"https:\/\/www.facebook.com\/press07\/\"]},{\"@type\":\"Person\",\"@id\":\"https:\/\/permbledhja.com\/#\/schema\/person\/9c54260cbc4c6f792cb100550491638c\",\"name\":\"DL\",\"image\":{\"@type\":\"ImageObject\",\"inLanguage\":\"sq\",\"@id\":\"https:\/\/permbledhja.com\/#\/schema\/person\/image\/\",\"url\":\"https:\/\/secure.gravatar.com\/avatar\/94503eb28d4c4b2005a5c8753e35fc80?s=96&d=mm&r=g\",\"contentUrl\":\"https:\/\/secure.gravatar.com\/avatar\/94503eb28d4c4b2005a5c8753e35fc80?s=96&d=mm&r=g\",\"caption\":\"DL\"},\"url\":\"https:\/\/permbledhja.com\/sq\/author\/dl\/\"}]}<\/script>\n<!-- \/ Yoast SEO plugin. -->","yoast_head_json":{"title":"Escobar: Kosova t\u00eb d\u00ebgjoj\u00eb aleat\u00ebt e saj evropian\u00eb","robots":{"index":"index","follow":"follow","max-snippet":"max-snippet:-1","max-image-preview":"max-image-preview:large","max-video-preview":"max-video-preview:-1"},"canonical":"https:\/\/permbledhja.com\/sq\/escobar-kosova-te-degjoje-aleatet-e-saj-evropiane\/","og_locale":"sq_AL","og_type":"article","og_title":"Escobar: Kosova t\u00eb d\u00ebgjoj\u00eb aleat\u00ebt e saj evropian\u00eb","og_description":"I d\u00ebrguari i Shteteve t\u00eb Bashkuara t\u00eb Amerik\u00ebs p\u00ebr Ballkanin Per\u00ebndimor, Gabriel Escobar, tha se disa shtete an\u00ebtare t\u00eb K\u00ebshillit t\u00eb Evrop\u00ebs kan\u00eb k\u00ebrkuar q\u00eb Kosova t\u00eb themeloj\u00eb Asociacionin e komunave me shumic\u00eb serbe. Gjat\u00eb nj\u00eb bisede me gazetar\u00eb, Escobar tha se \u00e7\u00ebshtja e Asociacionit dhe e disa \u00e7\u00ebshtjeve q\u00eb kan\u00eb t\u00eb b\u00ebjn\u00eb me minoritetin [&hellip;]","og_url":"https:\/\/permbledhja.com\/sq\/escobar-kosova-te-degjoje-aleatet-e-saj-evropiane\/","og_site_name":"Ve\u00e7 artikuj p\u00ebrmbledh\u00ebs","article_publisher":"https:\/\/www.facebook.com\/press07\/","article_published_time":"2024-05-09T07:51:30+00:00","og_image":[{"width":850,"height":566,"url":"https:\/\/permbledhja.com\/wp-content\/uploads\/2024\/05\/auto_Escobar-gabriel1674249664.jpg","type":"image\/jpeg"}],"author":"DL","twitter_card":"summary_large_image","twitter_misc":{"Written by":"DL","Est. reading time":"2 minuta"},"schema":{"@context":"https:\/\/schema.org","@graph":[{"@type":"Article","@id":"https:\/\/permbledhja.com\/sq\/escobar-kosova-te-degjoje-aleatet-e-saj-evropiane\/#article","isPartOf":{"@id":"https:\/\/permbledhja.com\/sq\/escobar-kosova-te-degjoje-aleatet-e-saj-evropiane\/"},"author":{"name":"DL","@id":"https:\/\/permbledhja.com\/#\/schema\/person\/9c54260cbc4c6f792cb100550491638c"},"headline":"Escobar: Kosova t\u00eb d\u00ebgjoj\u00eb aleat\u00ebt e saj evropian\u00eb","datePublished":"2024-05-09T07:51:30+00:00","dateModified":"2024-05-09T07:51:30+00:00","mainEntityOfPage":{"@id":"https:\/\/permbledhja.com\/sq\/escobar-kosova-te-degjoje-aleatet-e-saj-evropiane\/"},"wordCount":259,"publisher":{"@id":"https:\/\/permbledhja.com\/#organization"},"articleSection":["T\u00eb r\u00ebnd\u00ebsishme"],"inLanguage":"sq"},{"@type":"WebPage","@id":"https:\/\/permbledhja.com\/sq\/escobar-kosova-te-degjoje-aleatet-e-saj-evropiane\/","url":"https:\/\/permbledhja.com\/sq\/escobar-kosova-te-degjoje-aleatet-e-saj-evropiane\/","name":"Escobar: Kosova t\u00eb d\u00ebgjoj\u00eb aleat\u00ebt e saj evropian\u00eb","isPartOf":{"@id":"https:\/\/permbledhja.com\/#website"},"datePublished":"2024-05-09T07:51:30+00:00","dateModified":"2024-05-09T07:51:30+00:00","breadcrumb":{"@id":"https:\/\/permbledhja.com\/sq\/escobar-kosova-te-degjoje-aleatet-e-saj-evropiane\/#breadcrumb"},"inLanguage":"sq","potentialAction":[{"@type":"ReadAction","target":["https:\/\/permbledhja.com\/sq\/escobar-kosova-te-degjoje-aleatet-e-saj-evropiane\/"]}]},{"@type":"BreadcrumbList","@id":"https:\/\/permbledhja.com\/sq\/escobar-kosova-te-degjoje-aleatet-e-saj-evropiane\/#breadcrumb","itemListElement":[{"@type":"ListItem","position":1,"name":"Ballina","item":"https:\/\/permbledhja.com\/sq\/"},{"@type":"ListItem","position":2,"name":"Escobar: Kosova t\u00eb d\u00ebgjoj\u00eb aleat\u00ebt e saj evropian\u00eb"}]},{"@type":"WebSite","@id":"https:\/\/permbledhja.com\/#website","url":"https:\/\/permbledhja.com\/","name":"Ve\u00e7 artikuj p\u00ebrmbledh\u00ebs","description":"","publisher":{"@id":"https:\/\/permbledhja.com\/#organization"},"potentialAction":[{"@type":"SearchAction","target":{"@type":"EntryPoint","urlTemplate":"https:\/\/permbledhja.com\/?s={search_term_string}"},"query-input":"required name=search_term_string"}],"inLanguage":"sq"},{"@type":"Organization","@id":"https:\/\/permbledhja.com\/#organization","name":"MK Media & Pr","url":"https:\/\/permbledhja.com\/","logo":{"@type":"ImageObject","inLanguage":"sq","@id":"https:\/\/permbledhja.com\/#\/schema\/logo\/image\/","url":"https:\/\/permbledhja.com\/wp-content\/uploads\/2021\/12\/07-Press-Logo.jpg","contentUrl":"https:\/\/permbledhja.com\/wp-content\/uploads\/2021\/12\/07-Press-Logo.jpg","width":512,"height":512,"caption":"MK Media & Pr"},"image":{"@id":"https:\/\/permbledhja.com\/#\/schema\/logo\/image\/"},"sameAs":["https:\/\/www.facebook.com\/press07\/"]},{"@type":"Person","@id":"https:\/\/permbledhja.com\/#\/schema\/person\/9c54260cbc4c6f792cb100550491638c","name":"DL","image":{"@type":"ImageObject","inLanguage":"sq","@id":"https:\/\/permbledhja.com\/#\/schema\/person\/image\/","url":"https:\/\/secure.gravatar.com\/avatar\/94503eb28d4c4b2005a5c8753e35fc80?s=96&d=mm&r=g","contentUrl":"https:\/\/secure.gravatar.com\/avatar\/94503eb28d4c4b2005a5c8753e35fc80?s=96&d=mm&r=g","caption":"DL"},"url":"https:\/\/permbledhja.com\/sq\/author\/dl\/"}]}},"_links":{"self":[{"href":"https:\/\/permbledhja.com\/sq\/wp-json\/wp\/v2\/posts\/61166"}],"collection":[{"href":"https:\/\/permbledhja.com\/sq\/wp-json\/wp\/v2\/posts"}],"about":[{"href":"https:\/\/permbledhja.com\/sq\/wp-json\/wp\/v2\/types\/post"}],"author":[{"embeddable":true,"href":"https:\/\/permbledhja.com\/sq\/wp-json\/wp\/v2\/users\/5"}],"replies":[{"embeddable":true,"href":"https:\/\/permbledhja.com\/sq\/wp-json\/wp\/v2\/comments?post=61166"}],"version-history":[{"count":1,"href":"https:\/\/permbledhja.com\/sq\/wp-json\/wp\/v2\/posts\/61166\/revisions"}],"predecessor-version":[{"id":61168,"href":"https:\/\/permbledhja.com\/sq\/wp-json\/wp\/v2\/posts\/61166\/revisions\/61168"}],"wp:featuredmedia":[{"embeddable":true,"href":"https:\/\/permbledhja.com\/sq\/wp-json\/wp\/v2\/media\/60667"}],"wp:attachment":[{"href":"https:\/\/permbledhja.com\/sq\/wp-json\/wp\/v2\/media?parent=61166"}],"wp:term":[{"taxonomy":"category","embeddable":true,"href":"https:\/\/permbledhja.com\/sq\/wp-json\/wp\/v2\/categories?post=61166"},{"taxonomy":"post_tag","embeddable":true,"href":"https:\/\/permbledhja.com\/sq\/wp-json\/wp\/v2\/tags?post=61166"}],"curies":[{"name":"wp","href":"https:\/\/api.w.org\/{rel}","templated":true}]}}