{"id":61007,"date":"2024-05-08T13:08:50","date_gmt":"2024-05-08T13:08:50","guid":{"rendered":"https:\/\/permbledhja.com\/?p=61007"},"modified":"2024-05-08T13:08:50","modified_gmt":"2024-05-08T13:08:50","slug":"xhaferi-per-perfshirjen-e-konjufces-ne-zgjedhjet-presidenciale-ne-rmv-shpresoj-te-jete-ndjere-i-zhgenjyer","status":"publish","type":"post","link":"https:\/\/permbledhja.com\/sq\/xhaferi-per-perfshirjen-e-konjufces-ne-zgjedhjet-presidenciale-ne-rmv-shpresoj-te-jete-ndjere-i-zhgenjyer\/","title":{"rendered":"Xhaferi p\u00ebr p\u00ebrfshirjen e Konjufc\u00ebs n\u00eb zgjedhjet presidenciale n\u00eb RMV: Shpresoj t\u00eb jet\u00eb ndjer\u00eb i zhg\u00ebnjyer"},"content":{"rendered":"<h3><strong>Kryeministri i Maqedonis\u00eb s\u00eb Veriut, Talat Xhaferi ka folur pasi ka hedhur vot\u00ebn n\u00eb fshatin Forin\u00eb t\u00eb Gostivarit, p\u00ebr zgjedhjet presidenciale dhe parlamentare q\u00eb po mbahen atje.<\/strong><\/h3>\n<p>Xhaferi, mes tjerash p\u00ebrmendi edhe kryetarin e Kuvendit t\u00eb Kosov\u00ebs, Glauk Konjufc\u00ebn, p\u00ebr t\u00eb cilin tha se shpreson q\u00eb t\u00eb ndjehet i zhg\u00ebnjyer p\u00ebr p\u00ebrfshirjen n\u00eb raundin e par\u00eb t\u00eb zgjedhjeve presidenciale.<\/p>\n<p>\u201cPres zgjedhjet t\u00eb jen\u00eb t\u00eb lira, demokratike, qytetar\u00ebt mund t\u00eb shprehin vullnetin e vet lirsh\u00ebm\u201d.<\/p>\n<p>\u201cMua nuk m\u00eb takon t\u00eb komentoj\u00eb takimet nd\u00ebrpartiake. Kryeparlamentari i Kosov\u00ebs ka b\u00ebr\u00eb deklarimin e tij p\u00ebr faktin q\u00eb shpresoj t\u00eb jet\u00eb ndjer\u00eb i zhg\u00ebnjyer nga aktivitetet praktike q\u00eb i ka b\u00ebr\u00eb n\u00eb fushat\u00ebn parazgjedhore p\u00ebr zgjedhjet presidenciale n\u00eb raundin e par\u00eb. Nuk do mend q\u00eb atyre u takon t\u00eb deklarohen ashtu si ndjehen, un\u00eb nuk kam arsye p\u00ebr t\u00eb komentuar\u201d, u shpreh Xhaferi.<\/p>\n","protected":false},"excerpt":{"rendered":"<p>Kryeministri i Maqedonis\u00eb s\u00eb Veriut, Talat Xhaferi ka folur pasi ka hedhur vot\u00ebn n\u00eb fshatin Forin\u00eb t\u00eb Gostivarit, p\u00ebr zgjedhjet presidenciale dhe parlamentare q\u00eb po mbahen atje. Xhaferi, mes tjerash p\u00ebrmendi edhe kryetarin e Kuvendit t\u00eb Kosov\u00ebs, Glauk Konjufc\u00ebn, p\u00ebr t\u00eb cilin tha se shpreson q\u00eb t\u00eb ndjehet i zhg\u00ebnjyer p\u00ebr p\u00ebrfshirjen n\u00eb raundin e [&hellip;]<\/p>\n","protected":false},"author":5,"featured_media":61008,"comment_status":"closed","ping_status":"closed","sticky":false,"template":"","format":"standard","meta":{"_monsterinsights_skip_tracking":false,"_monsterinsights_sitenote_active":false,"_monsterinsights_sitenote_note":"","_monsterinsights_sitenote_category":0,"_uf_show_specific_survey":0,"_uf_disable_surveys":false,"footnotes":""},"categories":[15],"tags":[],"yoast_head":"<!-- This site is optimized with the Yoast SEO plugin v21.5 - https:\/\/yoast.com\/wordpress\/plugins\/seo\/ -->\n<title>Xhaferi p\u00ebr p\u00ebrfshirjen e Konjufc\u00ebs n\u00eb zgjedhjet presidenciale n\u00eb RMV: Shpresoj t\u00eb jet\u00eb ndjer\u00eb i zhg\u00ebnjyer<\/title>\n<meta name=\"robots\" content=\"index, follow, max-snippet:-1, max-image-preview:large, max-video-preview:-1\" \/>\n<link rel=\"canonical\" href=\"https:\/\/permbledhja.com\/sq\/xhaferi-per-perfshirjen-e-konjufces-ne-zgjedhjet-presidenciale-ne-rmv-shpresoj-te-jete-ndjere-i-zhgenjyer\/\" \/>\n<meta property=\"og:locale\" content=\"sq_AL\" \/>\n<meta property=\"og:type\" content=\"article\" \/>\n<meta property=\"og:title\" content=\"Xhaferi p\u00ebr p\u00ebrfshirjen e Konjufc\u00ebs n\u00eb zgjedhjet presidenciale n\u00eb RMV: Shpresoj t\u00eb jet\u00eb ndjer\u00eb i zhg\u00ebnjyer\" \/>\n<meta property=\"og:description\" content=\"Kryeministri i Maqedonis\u00eb s\u00eb Veriut, Talat Xhaferi ka folur pasi ka hedhur vot\u00ebn n\u00eb fshatin Forin\u00eb t\u00eb Gostivarit, p\u00ebr zgjedhjet presidenciale dhe parlamentare q\u00eb po mbahen atje. Xhaferi, mes tjerash p\u00ebrmendi edhe kryetarin e Kuvendit t\u00eb Kosov\u00ebs, Glauk Konjufc\u00ebn, p\u00ebr t\u00eb cilin tha se shpreson q\u00eb t\u00eb ndjehet i zhg\u00ebnjyer p\u00ebr p\u00ebrfshirjen n\u00eb raundin e [&hellip;]\" \/>\n<meta property=\"og:url\" content=\"https:\/\/permbledhja.com\/sq\/xhaferi-per-perfshirjen-e-konjufces-ne-zgjedhjet-presidenciale-ne-rmv-shpresoj-te-jete-ndjere-i-zhgenjyer\/\" \/>\n<meta property=\"og:site_name\" content=\"Ve\u00e7 artikuj p\u00ebrmbledh\u00ebs\" \/>\n<meta property=\"article:publisher\" content=\"https:\/\/www.facebook.com\/press07\/\" \/>\n<meta property=\"article:published_time\" content=\"2024-05-08T13:08:50+00:00\" \/>\n<meta property=\"og:image\" content=\"https:\/\/permbledhja.com\/wp-content\/uploads\/2024\/05\/bb.jpg\" \/>\n\t<meta property=\"og:image:width\" content=\"1440\" \/>\n\t<meta property=\"og:image:height\" content=\"960\" \/>\n\t<meta property=\"og:image:type\" content=\"image\/jpeg\" \/>\n<meta name=\"author\" content=\"DL\" \/>\n<meta name=\"twitter:card\" content=\"summary_large_image\" \/>\n<meta name=\"twitter:label1\" content=\"Written by\" \/>\n\t<meta name=\"twitter:data1\" content=\"DL\" \/>\n\t<meta name=\"twitter:label2\" content=\"Est. reading time\" \/>\n\t<meta name=\"twitter:data2\" content=\"1 minut\u00eb\" \/>\n<script type=\"application\/ld+json\" class=\"yoast-schema-graph\">{\"@context\":\"https:\/\/schema.org\",\"@graph\":[{\"@type\":\"Article\",\"@id\":\"https:\/\/permbledhja.com\/sq\/xhaferi-per-perfshirjen-e-konjufces-ne-zgjedhjet-presidenciale-ne-rmv-shpresoj-te-jete-ndjere-i-zhgenjyer\/#article\",\"isPartOf\":{\"@id\":\"https:\/\/permbledhja.com\/sq\/xhaferi-per-perfshirjen-e-konjufces-ne-zgjedhjet-presidenciale-ne-rmv-shpresoj-te-jete-ndjere-i-zhgenjyer\/\"},\"author\":{\"name\":\"DL\",\"@id\":\"https:\/\/permbledhja.com\/#\/schema\/person\/9c54260cbc4c6f792cb100550491638c\"},\"headline\":\"Xhaferi p\u00ebr p\u00ebrfshirjen e Konjufc\u00ebs n\u00eb zgjedhjet presidenciale n\u00eb RMV: Shpresoj t\u00eb jet\u00eb ndjer\u00eb i zhg\u00ebnjyer\",\"datePublished\":\"2024-05-08T13:08:50+00:00\",\"dateModified\":\"2024-05-08T13:08:50+00:00\",\"mainEntityOfPage\":{\"@id\":\"https:\/\/permbledhja.com\/sq\/xhaferi-per-perfshirjen-e-konjufces-ne-zgjedhjet-presidenciale-ne-rmv-shpresoj-te-jete-ndjere-i-zhgenjyer\/\"},\"wordCount\":178,\"publisher\":{\"@id\":\"https:\/\/permbledhja.com\/#organization\"},\"articleSection\":[\"Lajme\"],\"inLanguage\":\"sq\"},{\"@type\":\"WebPage\",\"@id\":\"https:\/\/permbledhja.com\/sq\/xhaferi-per-perfshirjen-e-konjufces-ne-zgjedhjet-presidenciale-ne-rmv-shpresoj-te-jete-ndjere-i-zhgenjyer\/\",\"url\":\"https:\/\/permbledhja.com\/sq\/xhaferi-per-perfshirjen-e-konjufces-ne-zgjedhjet-presidenciale-ne-rmv-shpresoj-te-jete-ndjere-i-zhgenjyer\/\",\"name\":\"Xhaferi p\u00ebr p\u00ebrfshirjen e Konjufc\u00ebs n\u00eb zgjedhjet presidenciale n\u00eb RMV: Shpresoj t\u00eb jet\u00eb ndjer\u00eb i zhg\u00ebnjyer\",\"isPartOf\":{\"@id\":\"https:\/\/permbledhja.com\/#website\"},\"datePublished\":\"2024-05-08T13:08:50+00:00\",\"dateModified\":\"2024-05-08T13:08:50+00:00\",\"breadcrumb\":{\"@id\":\"https:\/\/permbledhja.com\/sq\/xhaferi-per-perfshirjen-e-konjufces-ne-zgjedhjet-presidenciale-ne-rmv-shpresoj-te-jete-ndjere-i-zhgenjyer\/#breadcrumb\"},\"inLanguage\":\"sq\",\"potentialAction\":[{\"@type\":\"ReadAction\",\"target\":[\"https:\/\/permbledhja.com\/sq\/xhaferi-per-perfshirjen-e-konjufces-ne-zgjedhjet-presidenciale-ne-rmv-shpresoj-te-jete-ndjere-i-zhgenjyer\/\"]}]},{\"@type\":\"BreadcrumbList\",\"@id\":\"https:\/\/permbledhja.com\/sq\/xhaferi-per-perfshirjen-e-konjufces-ne-zgjedhjet-presidenciale-ne-rmv-shpresoj-te-jete-ndjere-i-zhgenjyer\/#breadcrumb\",\"itemListElement\":[{\"@type\":\"ListItem\",\"position\":1,\"name\":\"Ballina\",\"item\":\"https:\/\/permbledhja.com\/sq\/\"},{\"@type\":\"ListItem\",\"position\":2,\"name\":\"Xhaferi p\u00ebr p\u00ebrfshirjen e Konjufc\u00ebs n\u00eb zgjedhjet presidenciale n\u00eb RMV: Shpresoj t\u00eb jet\u00eb ndjer\u00eb i zhg\u00ebnjyer\"}]},{\"@type\":\"WebSite\",\"@id\":\"https:\/\/permbledhja.com\/#website\",\"url\":\"https:\/\/permbledhja.com\/\",\"name\":\"Ve\u00e7 artikuj p\u00ebrmbledh\u00ebs\",\"description\":\"\",\"publisher\":{\"@id\":\"https:\/\/permbledhja.com\/#organization\"},\"potentialAction\":[{\"@type\":\"SearchAction\",\"target\":{\"@type\":\"EntryPoint\",\"urlTemplate\":\"https:\/\/permbledhja.com\/?s={search_term_string}\"},\"query-input\":\"required name=search_term_string\"}],\"inLanguage\":\"sq\"},{\"@type\":\"Organization\",\"@id\":\"https:\/\/permbledhja.com\/#organization\",\"name\":\"MK Media & Pr\",\"url\":\"https:\/\/permbledhja.com\/\",\"logo\":{\"@type\":\"ImageObject\",\"inLanguage\":\"sq\",\"@id\":\"https:\/\/permbledhja.com\/#\/schema\/logo\/image\/\",\"url\":\"https:\/\/permbledhja.com\/wp-content\/uploads\/2021\/12\/07-Press-Logo.jpg\",\"contentUrl\":\"https:\/\/permbledhja.com\/wp-content\/uploads\/2021\/12\/07-Press-Logo.jpg\",\"width\":512,\"height\":512,\"caption\":\"MK Media & Pr\"},\"image\":{\"@id\":\"https:\/\/permbledhja.com\/#\/schema\/logo\/image\/\"},\"sameAs\":[\"https:\/\/www.facebook.com\/press07\/\"]},{\"@type\":\"Person\",\"@id\":\"https:\/\/permbledhja.com\/#\/schema\/person\/9c54260cbc4c6f792cb100550491638c\",\"name\":\"DL\",\"image\":{\"@type\":\"ImageObject\",\"inLanguage\":\"sq\",\"@id\":\"https:\/\/permbledhja.com\/#\/schema\/person\/image\/\",\"url\":\"https:\/\/secure.gravatar.com\/avatar\/94503eb28d4c4b2005a5c8753e35fc80?s=96&d=mm&r=g\",\"contentUrl\":\"https:\/\/secure.gravatar.com\/avatar\/94503eb28d4c4b2005a5c8753e35fc80?s=96&d=mm&r=g\",\"caption\":\"DL\"},\"url\":\"https:\/\/permbledhja.com\/sq\/author\/dl\/\"}]}<\/script>\n<!-- \/ Yoast SEO plugin. -->","yoast_head_json":{"title":"Xhaferi p\u00ebr p\u00ebrfshirjen e Konjufc\u00ebs n\u00eb zgjedhjet presidenciale n\u00eb RMV: Shpresoj t\u00eb jet\u00eb ndjer\u00eb i zhg\u00ebnjyer","robots":{"index":"index","follow":"follow","max-snippet":"max-snippet:-1","max-image-preview":"max-image-preview:large","max-video-preview":"max-video-preview:-1"},"canonical":"https:\/\/permbledhja.com\/sq\/xhaferi-per-perfshirjen-e-konjufces-ne-zgjedhjet-presidenciale-ne-rmv-shpresoj-te-jete-ndjere-i-zhgenjyer\/","og_locale":"sq_AL","og_type":"article","og_title":"Xhaferi p\u00ebr p\u00ebrfshirjen e Konjufc\u00ebs n\u00eb zgjedhjet presidenciale n\u00eb RMV: Shpresoj t\u00eb jet\u00eb ndjer\u00eb i zhg\u00ebnjyer","og_description":"Kryeministri i Maqedonis\u00eb s\u00eb Veriut, Talat Xhaferi ka folur pasi ka hedhur vot\u00ebn n\u00eb fshatin Forin\u00eb t\u00eb Gostivarit, p\u00ebr zgjedhjet presidenciale dhe parlamentare q\u00eb po mbahen atje. Xhaferi, mes tjerash p\u00ebrmendi edhe kryetarin e Kuvendit t\u00eb Kosov\u00ebs, Glauk Konjufc\u00ebn, p\u00ebr t\u00eb cilin tha se shpreson q\u00eb t\u00eb ndjehet i zhg\u00ebnjyer p\u00ebr p\u00ebrfshirjen n\u00eb raundin e [&hellip;]","og_url":"https:\/\/permbledhja.com\/sq\/xhaferi-per-perfshirjen-e-konjufces-ne-zgjedhjet-presidenciale-ne-rmv-shpresoj-te-jete-ndjere-i-zhgenjyer\/","og_site_name":"Ve\u00e7 artikuj p\u00ebrmbledh\u00ebs","article_publisher":"https:\/\/www.facebook.com\/press07\/","article_published_time":"2024-05-08T13:08:50+00:00","og_image":[{"width":1440,"height":960,"url":"https:\/\/permbledhja.com\/wp-content\/uploads\/2024\/05\/bb.jpg","type":"image\/jpeg"}],"author":"DL","twitter_card":"summary_large_image","twitter_misc":{"Written by":"DL","Est. reading time":"1 minut\u00eb"},"schema":{"@context":"https:\/\/schema.org","@graph":[{"@type":"Article","@id":"https:\/\/permbledhja.com\/sq\/xhaferi-per-perfshirjen-e-konjufces-ne-zgjedhjet-presidenciale-ne-rmv-shpresoj-te-jete-ndjere-i-zhgenjyer\/#article","isPartOf":{"@id":"https:\/\/permbledhja.com\/sq\/xhaferi-per-perfshirjen-e-konjufces-ne-zgjedhjet-presidenciale-ne-rmv-shpresoj-te-jete-ndjere-i-zhgenjyer\/"},"author":{"name":"DL","@id":"https:\/\/permbledhja.com\/#\/schema\/person\/9c54260cbc4c6f792cb100550491638c"},"headline":"Xhaferi p\u00ebr p\u00ebrfshirjen e Konjufc\u00ebs n\u00eb zgjedhjet presidenciale n\u00eb RMV: Shpresoj t\u00eb jet\u00eb ndjer\u00eb i zhg\u00ebnjyer","datePublished":"2024-05-08T13:08:50+00:00","dateModified":"2024-05-08T13:08:50+00:00","mainEntityOfPage":{"@id":"https:\/\/permbledhja.com\/sq\/xhaferi-per-perfshirjen-e-konjufces-ne-zgjedhjet-presidenciale-ne-rmv-shpresoj-te-jete-ndjere-i-zhgenjyer\/"},"wordCount":178,"publisher":{"@id":"https:\/\/permbledhja.com\/#organization"},"articleSection":["Lajme"],"inLanguage":"sq"},{"@type":"WebPage","@id":"https:\/\/permbledhja.com\/sq\/xhaferi-per-perfshirjen-e-konjufces-ne-zgjedhjet-presidenciale-ne-rmv-shpresoj-te-jete-ndjere-i-zhgenjyer\/","url":"https:\/\/permbledhja.com\/sq\/xhaferi-per-perfshirjen-e-konjufces-ne-zgjedhjet-presidenciale-ne-rmv-shpresoj-te-jete-ndjere-i-zhgenjyer\/","name":"Xhaferi p\u00ebr p\u00ebrfshirjen e Konjufc\u00ebs n\u00eb zgjedhjet presidenciale n\u00eb RMV: Shpresoj t\u00eb jet\u00eb ndjer\u00eb i zhg\u00ebnjyer","isPartOf":{"@id":"https:\/\/permbledhja.com\/#website"},"datePublished":"2024-05-08T13:08:50+00:00","dateModified":"2024-05-08T13:08:50+00:00","breadcrumb":{"@id":"https:\/\/permbledhja.com\/sq\/xhaferi-per-perfshirjen-e-konjufces-ne-zgjedhjet-presidenciale-ne-rmv-shpresoj-te-jete-ndjere-i-zhgenjyer\/#breadcrumb"},"inLanguage":"sq","potentialAction":[{"@type":"ReadAction","target":["https:\/\/permbledhja.com\/sq\/xhaferi-per-perfshirjen-e-konjufces-ne-zgjedhjet-presidenciale-ne-rmv-shpresoj-te-jete-ndjere-i-zhgenjyer\/"]}]},{"@type":"BreadcrumbList","@id":"https:\/\/permbledhja.com\/sq\/xhaferi-per-perfshirjen-e-konjufces-ne-zgjedhjet-presidenciale-ne-rmv-shpresoj-te-jete-ndjere-i-zhgenjyer\/#breadcrumb","itemListElement":[{"@type":"ListItem","position":1,"name":"Ballina","item":"https:\/\/permbledhja.com\/sq\/"},{"@type":"ListItem","position":2,"name":"Xhaferi p\u00ebr p\u00ebrfshirjen e Konjufc\u00ebs n\u00eb zgjedhjet presidenciale n\u00eb RMV: Shpresoj t\u00eb jet\u00eb ndjer\u00eb i zhg\u00ebnjyer"}]},{"@type":"WebSite","@id":"https:\/\/permbledhja.com\/#website","url":"https:\/\/permbledhja.com\/","name":"Ve\u00e7 artikuj p\u00ebrmbledh\u00ebs","description":"","publisher":{"@id":"https:\/\/permbledhja.com\/#organization"},"potentialAction":[{"@type":"SearchAction","target":{"@type":"EntryPoint","urlTemplate":"https:\/\/permbledhja.com\/?s={search_term_string}"},"query-input":"required name=search_term_string"}],"inLanguage":"sq"},{"@type":"Organization","@id":"https:\/\/permbledhja.com\/#organization","name":"MK Media & Pr","url":"https:\/\/permbledhja.com\/","logo":{"@type":"ImageObject","inLanguage":"sq","@id":"https:\/\/permbledhja.com\/#\/schema\/logo\/image\/","url":"https:\/\/permbledhja.com\/wp-content\/uploads\/2021\/12\/07-Press-Logo.jpg","contentUrl":"https:\/\/permbledhja.com\/wp-content\/uploads\/2021\/12\/07-Press-Logo.jpg","width":512,"height":512,"caption":"MK Media & Pr"},"image":{"@id":"https:\/\/permbledhja.com\/#\/schema\/logo\/image\/"},"sameAs":["https:\/\/www.facebook.com\/press07\/"]},{"@type":"Person","@id":"https:\/\/permbledhja.com\/#\/schema\/person\/9c54260cbc4c6f792cb100550491638c","name":"DL","image":{"@type":"ImageObject","inLanguage":"sq","@id":"https:\/\/permbledhja.com\/#\/schema\/person\/image\/","url":"https:\/\/secure.gravatar.com\/avatar\/94503eb28d4c4b2005a5c8753e35fc80?s=96&d=mm&r=g","contentUrl":"https:\/\/secure.gravatar.com\/avatar\/94503eb28d4c4b2005a5c8753e35fc80?s=96&d=mm&r=g","caption":"DL"},"url":"https:\/\/permbledhja.com\/sq\/author\/dl\/"}]}},"_links":{"self":[{"href":"https:\/\/permbledhja.com\/sq\/wp-json\/wp\/v2\/posts\/61007"}],"collection":[{"href":"https:\/\/permbledhja.com\/sq\/wp-json\/wp\/v2\/posts"}],"about":[{"href":"https:\/\/permbledhja.com\/sq\/wp-json\/wp\/v2\/types\/post"}],"author":[{"embeddable":true,"href":"https:\/\/permbledhja.com\/sq\/wp-json\/wp\/v2\/users\/5"}],"replies":[{"embeddable":true,"href":"https:\/\/permbledhja.com\/sq\/wp-json\/wp\/v2\/comments?post=61007"}],"version-history":[{"count":1,"href":"https:\/\/permbledhja.com\/sq\/wp-json\/wp\/v2\/posts\/61007\/revisions"}],"predecessor-version":[{"id":61010,"href":"https:\/\/permbledhja.com\/sq\/wp-json\/wp\/v2\/posts\/61007\/revisions\/61010"}],"wp:featuredmedia":[{"embeddable":true,"href":"https:\/\/permbledhja.com\/sq\/wp-json\/wp\/v2\/media\/61008"}],"wp:attachment":[{"href":"https:\/\/permbledhja.com\/sq\/wp-json\/wp\/v2\/media?parent=61007"}],"wp:term":[{"taxonomy":"category","embeddable":true,"href":"https:\/\/permbledhja.com\/sq\/wp-json\/wp\/v2\/categories?post=61007"},{"taxonomy":"post_tag","embeddable":true,"href":"https:\/\/permbledhja.com\/sq\/wp-json\/wp\/v2\/tags?post=61007"}],"curies":[{"name":"wp","href":"https:\/\/api.w.org\/{rel}","templated":true}]}}