{"id":60765,"date":"2024-05-07T13:22:22","date_gmt":"2024-05-07T13:22:22","guid":{"rendered":"https:\/\/permbledhja.com\/?p=60765"},"modified":"2024-05-07T13:22:22","modified_gmt":"2024-05-07T13:22:22","slug":"ambasada-gjermane-futja-e-kosoves-ne-rend-dite-per-anetaresim-ne-kie-varet-edhe-nga-hapat-per-asociacionin","status":"publish","type":"post","link":"https:\/\/permbledhja.com\/sq\/ambasada-gjermane-futja-e-kosoves-ne-rend-dite-per-anetaresim-ne-kie-varet-edhe-nga-hapat-per-asociacionin\/","title":{"rendered":"Ambasada Gjermane: Futja e Kosov\u00ebs n\u00eb rend dite p\u00ebr an\u00ebtar\u00ebsim n\u00eb KiE varet edhe nga hapat p\u00ebr Asociacionin"},"content":{"rendered":"<h3><strong>Komiteti i Ministrave t\u00eb K\u00ebshillit t\u00eb Evrop\u00ebs do t\u00eb mblidhet me datat 16 dhe 17 maj. N\u00eb nj\u00eb p\u00ebrgjigje ekskluzive p\u00ebr Gazet\u00ebn Express nga Ambasada Gjermane n\u00eb Prishtin\u00eb kan\u00eb th\u00ebn\u00eb se Berlini zyrtar d\u00ebshiron ta shoh Kosov\u00ebn n\u00eb K\u00ebshill t\u00eb Evrop\u00ebs, megjithat\u00eb potencojn\u00eb se vendimi final n\u00ebse an\u00ebtar\u00ebsimi i Kosov\u00ebs do t\u00eb jet\u00eb n\u00eb agjend\u00eb ose jo, do t\u00eb merret pas nj\u00eb vler\u00ebsimi t\u00eb plot\u00eb t\u00eb veprimeve t\u00eb Kosov\u00ebs, p\u00ebrfshir\u00eb edhe hapat drejt krijimit t\u00eb Asociacionit t\u00eb Komunave me Shumic\u00eb Serbe, p\u00ebr t\u00eb cilin Kosova ka b\u00ebr\u00eb premtim p\u00ebr themelim, shkruan Gazeta Express.<\/strong><\/h3>\n<p>\u201cQeveria gjermane d\u00ebshiron ta shoh\u00eb Kosov\u00ebn n\u00eb K\u00ebshillin e Evrop\u00ebs. Megjithat\u00eb, vendimi p\u00ebrfundimtar \u2013 n\u00ebse kjo pik\u00eb duhet t\u00eb jet\u00eb n\u00eb rend dite \u2013 do t\u00eb merret pas nj\u00eb vler\u00ebsimi t\u00eb plot\u00eb t\u00eb veprimeve t\u00eb Kosov\u00ebs, duke p\u00ebrfshir\u00eb hapat e saj drejt krijimit t\u00eb ASMM-s\u00eb p\u00ebr t\u00eb cil\u00ebn Kosova \u00ebsht\u00eb zotuar\u201d, ka th\u00ebn\u00eb z\u00ebdh\u00ebn\u00ebsi i Ambasad\u00ebs s\u00eb Gjermanis\u00eb n\u00eb Prishtin\u00eb, Christian B\u00f6ttcher.<\/p>\n<p>B\u00f6ttcher ka th\u00ebn\u00eb se nuk i takon Gjermanis\u00eb t\u00eb vendos\u00eb n\u00ebse aplikimi p\u00ebr an\u00ebtar\u00ebsimi do t\u00eb jet\u00eb n\u00eb Agjend\u00eb t\u00eb Komitetit t\u00eb Ministrave apo jo.<\/p>\n<p>\u201cNuk i takon Gjermanis\u00eb t\u00eb vendos\u00eb n\u00ebse aplikimi i Kosov\u00ebs p\u00ebr an\u00ebtar\u00ebsim n\u00eb K\u00ebshillin e Evrop\u00ebs do t\u00eb jet\u00eb n\u00eb agjend\u00ebn e Komitetit t\u00eb Ministrave apo jo\u201d, ka th\u00ebn\u00eb ai p\u00ebr Gazet\u00ebn Express.<\/p>\n<p>Kryeministri Albin Kurti ka biseduar n\u00eb telefon me kancelarin gjerman, Olaf Scholz, m\u00eb 29 prill ku edhe kan\u00eb diskutuar konkretisht lidhur me \u00e7\u00ebshtjen e an\u00ebtar\u00ebsimit t\u00eb Kosov\u00ebs n\u00eb K\u00ebshill t\u00eb Evrop\u00ebs. Kancelari gjerman n\u00eb bised\u00eb, sipas komunikat\u00ebs s\u00eb l\u00ebshuar nga Zyra p\u00ebr Media e Qeveris\u00eb Federale, ka theksuar r\u00ebnd\u00ebsin\u00eb e hapave konkret\u00eb drejt themelimit t\u00eb Asociacionit t\u00eb Komunave me Shumic\u00eb Serbe nga Kosova nd\u00ebrlidhur me aplikimin e Kosov\u00ebs n\u00eb KiE.<\/p>\n<p>\u201cAi n\u00ebnvizoi r\u00ebnd\u00ebsin\u00eb e hapave konkret\u00eb drejt themelimit t\u00eb Asociacionit t\u00eb Komunave me Shumic\u00eb Serbe nga autoritetet e Kosov\u00ebs, edhe n\u00eb kuad\u00ebr t\u00eb aplikimit t\u00eb Kosov\u00ebs p\u00ebr an\u00ebtar\u00ebsim n\u00eb K\u00ebshillin e Evrop\u00ebs\u201d, thuhet n\u00eb njoftimin p\u00ebr media t\u00eb Qeveris\u00eb Federale.<\/p>\n","protected":false},"excerpt":{"rendered":"<p>Komiteti i Ministrave t\u00eb K\u00ebshillit t\u00eb Evrop\u00ebs do t\u00eb mblidhet me datat 16 dhe 17 maj. N\u00eb nj\u00eb p\u00ebrgjigje ekskluzive p\u00ebr Gazet\u00ebn Express nga Ambasada Gjermane n\u00eb Prishtin\u00eb kan\u00eb th\u00ebn\u00eb se Berlini zyrtar d\u00ebshiron ta shoh Kosov\u00ebn n\u00eb K\u00ebshill t\u00eb Evrop\u00ebs, megjithat\u00eb potencojn\u00eb se vendimi final n\u00ebse an\u00ebtar\u00ebsimi i Kosov\u00ebs do t\u00eb jet\u00eb n\u00eb agjend\u00eb [&hellip;]<\/p>\n","protected":false},"author":5,"featured_media":60766,"comment_status":"closed","ping_status":"closed","sticky":false,"template":"","format":"standard","meta":{"_monsterinsights_skip_tracking":false,"_monsterinsights_sitenote_active":false,"_monsterinsights_sitenote_note":"","_monsterinsights_sitenote_category":0,"_uf_show_specific_survey":0,"_uf_disable_surveys":false,"footnotes":""},"categories":[1146],"tags":[],"yoast_head":"<!-- This site is optimized with the Yoast SEO plugin v21.5 - https:\/\/yoast.com\/wordpress\/plugins\/seo\/ -->\n<title>Ambasada Gjermane: Futja e Kosov\u00ebs n\u00eb rend dite p\u00ebr an\u00ebtar\u00ebsim n\u00eb KiE varet edhe nga hapat p\u00ebr Asociacionin<\/title>\n<meta name=\"robots\" content=\"index, follow, max-snippet:-1, max-image-preview:large, max-video-preview:-1\" \/>\n<link rel=\"canonical\" href=\"https:\/\/permbledhja.com\/sq\/ambasada-gjermane-futja-e-kosoves-ne-rend-dite-per-anetaresim-ne-kie-varet-edhe-nga-hapat-per-asociacionin\/\" \/>\n<meta property=\"og:locale\" content=\"sq_AL\" \/>\n<meta property=\"og:type\" content=\"article\" \/>\n<meta property=\"og:title\" content=\"Ambasada Gjermane: Futja e Kosov\u00ebs n\u00eb rend dite p\u00ebr an\u00ebtar\u00ebsim n\u00eb KiE varet edhe nga hapat p\u00ebr Asociacionin\" \/>\n<meta property=\"og:description\" content=\"Komiteti i Ministrave t\u00eb K\u00ebshillit t\u00eb Evrop\u00ebs do t\u00eb mblidhet me datat 16 dhe 17 maj. N\u00eb nj\u00eb p\u00ebrgjigje ekskluzive p\u00ebr Gazet\u00ebn Express nga Ambasada Gjermane n\u00eb Prishtin\u00eb kan\u00eb th\u00ebn\u00eb se Berlini zyrtar d\u00ebshiron ta shoh Kosov\u00ebn n\u00eb K\u00ebshill t\u00eb Evrop\u00ebs, megjithat\u00eb potencojn\u00eb se vendimi final n\u00ebse an\u00ebtar\u00ebsimi i Kosov\u00ebs do t\u00eb jet\u00eb n\u00eb agjend\u00eb [&hellip;]\" \/>\n<meta property=\"og:url\" content=\"https:\/\/permbledhja.com\/sq\/ambasada-gjermane-futja-e-kosoves-ne-rend-dite-per-anetaresim-ne-kie-varet-edhe-nga-hapat-per-asociacionin\/\" \/>\n<meta property=\"og:site_name\" content=\"Ve\u00e7 artikuj p\u00ebrmbledh\u00ebs\" \/>\n<meta property=\"article:publisher\" content=\"https:\/\/www.facebook.com\/press07\/\" \/>\n<meta property=\"article:published_time\" content=\"2024-05-07T13:22:22+00:00\" \/>\n<meta property=\"og:image\" content=\"https:\/\/permbledhja.com\/wp-content\/uploads\/2024\/05\/amb.jpg\" \/>\n\t<meta property=\"og:image:width\" content=\"730\" \/>\n\t<meta property=\"og:image:height\" content=\"440\" \/>\n\t<meta property=\"og:image:type\" content=\"image\/jpeg\" \/>\n<meta name=\"author\" content=\"DL\" \/>\n<meta name=\"twitter:card\" content=\"summary_large_image\" \/>\n<meta name=\"twitter:label1\" content=\"Written by\" \/>\n\t<meta name=\"twitter:data1\" content=\"DL\" \/>\n\t<meta name=\"twitter:label2\" content=\"Est. reading time\" \/>\n\t<meta name=\"twitter:data2\" content=\"2 minuta\" \/>\n<script type=\"application\/ld+json\" class=\"yoast-schema-graph\">{\"@context\":\"https:\/\/schema.org\",\"@graph\":[{\"@type\":\"Article\",\"@id\":\"https:\/\/permbledhja.com\/sq\/ambasada-gjermane-futja-e-kosoves-ne-rend-dite-per-anetaresim-ne-kie-varet-edhe-nga-hapat-per-asociacionin\/#article\",\"isPartOf\":{\"@id\":\"https:\/\/permbledhja.com\/sq\/ambasada-gjermane-futja-e-kosoves-ne-rend-dite-per-anetaresim-ne-kie-varet-edhe-nga-hapat-per-asociacionin\/\"},\"author\":{\"name\":\"DL\",\"@id\":\"https:\/\/permbledhja.com\/#\/schema\/person\/9c54260cbc4c6f792cb100550491638c\"},\"headline\":\"Ambasada Gjermane: Futja e Kosov\u00ebs n\u00eb rend dite p\u00ebr an\u00ebtar\u00ebsim n\u00eb KiE varet edhe nga hapat p\u00ebr Asociacionin\",\"datePublished\":\"2024-05-07T13:22:22+00:00\",\"dateModified\":\"2024-05-07T13:22:22+00:00\",\"mainEntityOfPage\":{\"@id\":\"https:\/\/permbledhja.com\/sq\/ambasada-gjermane-futja-e-kosoves-ne-rend-dite-per-anetaresim-ne-kie-varet-edhe-nga-hapat-per-asociacionin\/\"},\"wordCount\":419,\"publisher\":{\"@id\":\"https:\/\/permbledhja.com\/#organization\"},\"articleSection\":[\"Kryesoret\"],\"inLanguage\":\"sq\"},{\"@type\":\"WebPage\",\"@id\":\"https:\/\/permbledhja.com\/sq\/ambasada-gjermane-futja-e-kosoves-ne-rend-dite-per-anetaresim-ne-kie-varet-edhe-nga-hapat-per-asociacionin\/\",\"url\":\"https:\/\/permbledhja.com\/sq\/ambasada-gjermane-futja-e-kosoves-ne-rend-dite-per-anetaresim-ne-kie-varet-edhe-nga-hapat-per-asociacionin\/\",\"name\":\"Ambasada Gjermane: Futja e Kosov\u00ebs n\u00eb rend dite p\u00ebr an\u00ebtar\u00ebsim n\u00eb KiE varet edhe nga hapat p\u00ebr Asociacionin\",\"isPartOf\":{\"@id\":\"https:\/\/permbledhja.com\/#website\"},\"datePublished\":\"2024-05-07T13:22:22+00:00\",\"dateModified\":\"2024-05-07T13:22:22+00:00\",\"breadcrumb\":{\"@id\":\"https:\/\/permbledhja.com\/sq\/ambasada-gjermane-futja-e-kosoves-ne-rend-dite-per-anetaresim-ne-kie-varet-edhe-nga-hapat-per-asociacionin\/#breadcrumb\"},\"inLanguage\":\"sq\",\"potentialAction\":[{\"@type\":\"ReadAction\",\"target\":[\"https:\/\/permbledhja.com\/sq\/ambasada-gjermane-futja-e-kosoves-ne-rend-dite-per-anetaresim-ne-kie-varet-edhe-nga-hapat-per-asociacionin\/\"]}]},{\"@type\":\"BreadcrumbList\",\"@id\":\"https:\/\/permbledhja.com\/sq\/ambasada-gjermane-futja-e-kosoves-ne-rend-dite-per-anetaresim-ne-kie-varet-edhe-nga-hapat-per-asociacionin\/#breadcrumb\",\"itemListElement\":[{\"@type\":\"ListItem\",\"position\":1,\"name\":\"Ballina\",\"item\":\"https:\/\/permbledhja.com\/sq\/\"},{\"@type\":\"ListItem\",\"position\":2,\"name\":\"Ambasada Gjermane: Futja e Kosov\u00ebs n\u00eb rend dite p\u00ebr an\u00ebtar\u00ebsim n\u00eb KiE varet edhe nga hapat p\u00ebr Asociacionin\"}]},{\"@type\":\"WebSite\",\"@id\":\"https:\/\/permbledhja.com\/#website\",\"url\":\"https:\/\/permbledhja.com\/\",\"name\":\"Ve\u00e7 artikuj p\u00ebrmbledh\u00ebs\",\"description\":\"\",\"publisher\":{\"@id\":\"https:\/\/permbledhja.com\/#organization\"},\"potentialAction\":[{\"@type\":\"SearchAction\",\"target\":{\"@type\":\"EntryPoint\",\"urlTemplate\":\"https:\/\/permbledhja.com\/?s={search_term_string}\"},\"query-input\":\"required name=search_term_string\"}],\"inLanguage\":\"sq\"},{\"@type\":\"Organization\",\"@id\":\"https:\/\/permbledhja.com\/#organization\",\"name\":\"MK Media & Pr\",\"url\":\"https:\/\/permbledhja.com\/\",\"logo\":{\"@type\":\"ImageObject\",\"inLanguage\":\"sq\",\"@id\":\"https:\/\/permbledhja.com\/#\/schema\/logo\/image\/\",\"url\":\"https:\/\/permbledhja.com\/wp-content\/uploads\/2021\/12\/07-Press-Logo.jpg\",\"contentUrl\":\"https:\/\/permbledhja.com\/wp-content\/uploads\/2021\/12\/07-Press-Logo.jpg\",\"width\":512,\"height\":512,\"caption\":\"MK Media & Pr\"},\"image\":{\"@id\":\"https:\/\/permbledhja.com\/#\/schema\/logo\/image\/\"},\"sameAs\":[\"https:\/\/www.facebook.com\/press07\/\"]},{\"@type\":\"Person\",\"@id\":\"https:\/\/permbledhja.com\/#\/schema\/person\/9c54260cbc4c6f792cb100550491638c\",\"name\":\"DL\",\"image\":{\"@type\":\"ImageObject\",\"inLanguage\":\"sq\",\"@id\":\"https:\/\/permbledhja.com\/#\/schema\/person\/image\/\",\"url\":\"https:\/\/secure.gravatar.com\/avatar\/94503eb28d4c4b2005a5c8753e35fc80?s=96&d=mm&r=g\",\"contentUrl\":\"https:\/\/secure.gravatar.com\/avatar\/94503eb28d4c4b2005a5c8753e35fc80?s=96&d=mm&r=g\",\"caption\":\"DL\"},\"url\":\"https:\/\/permbledhja.com\/sq\/author\/dl\/\"}]}<\/script>\n<!-- \/ Yoast SEO plugin. -->","yoast_head_json":{"title":"Ambasada Gjermane: Futja e Kosov\u00ebs n\u00eb rend dite p\u00ebr an\u00ebtar\u00ebsim n\u00eb KiE varet edhe nga hapat p\u00ebr Asociacionin","robots":{"index":"index","follow":"follow","max-snippet":"max-snippet:-1","max-image-preview":"max-image-preview:large","max-video-preview":"max-video-preview:-1"},"canonical":"https:\/\/permbledhja.com\/sq\/ambasada-gjermane-futja-e-kosoves-ne-rend-dite-per-anetaresim-ne-kie-varet-edhe-nga-hapat-per-asociacionin\/","og_locale":"sq_AL","og_type":"article","og_title":"Ambasada Gjermane: Futja e Kosov\u00ebs n\u00eb rend dite p\u00ebr an\u00ebtar\u00ebsim n\u00eb KiE varet edhe nga hapat p\u00ebr Asociacionin","og_description":"Komiteti i Ministrave t\u00eb K\u00ebshillit t\u00eb Evrop\u00ebs do t\u00eb mblidhet me datat 16 dhe 17 maj. N\u00eb nj\u00eb p\u00ebrgjigje ekskluzive p\u00ebr Gazet\u00ebn Express nga Ambasada Gjermane n\u00eb Prishtin\u00eb kan\u00eb th\u00ebn\u00eb se Berlini zyrtar d\u00ebshiron ta shoh Kosov\u00ebn n\u00eb K\u00ebshill t\u00eb Evrop\u00ebs, megjithat\u00eb potencojn\u00eb se vendimi final n\u00ebse an\u00ebtar\u00ebsimi i Kosov\u00ebs do t\u00eb jet\u00eb n\u00eb agjend\u00eb [&hellip;]","og_url":"https:\/\/permbledhja.com\/sq\/ambasada-gjermane-futja-e-kosoves-ne-rend-dite-per-anetaresim-ne-kie-varet-edhe-nga-hapat-per-asociacionin\/","og_site_name":"Ve\u00e7 artikuj p\u00ebrmbledh\u00ebs","article_publisher":"https:\/\/www.facebook.com\/press07\/","article_published_time":"2024-05-07T13:22:22+00:00","og_image":[{"width":730,"height":440,"url":"https:\/\/permbledhja.com\/wp-content\/uploads\/2024\/05\/amb.jpg","type":"image\/jpeg"}],"author":"DL","twitter_card":"summary_large_image","twitter_misc":{"Written by":"DL","Est. reading time":"2 minuta"},"schema":{"@context":"https:\/\/schema.org","@graph":[{"@type":"Article","@id":"https:\/\/permbledhja.com\/sq\/ambasada-gjermane-futja-e-kosoves-ne-rend-dite-per-anetaresim-ne-kie-varet-edhe-nga-hapat-per-asociacionin\/#article","isPartOf":{"@id":"https:\/\/permbledhja.com\/sq\/ambasada-gjermane-futja-e-kosoves-ne-rend-dite-per-anetaresim-ne-kie-varet-edhe-nga-hapat-per-asociacionin\/"},"author":{"name":"DL","@id":"https:\/\/permbledhja.com\/#\/schema\/person\/9c54260cbc4c6f792cb100550491638c"},"headline":"Ambasada Gjermane: Futja e Kosov\u00ebs n\u00eb rend dite p\u00ebr an\u00ebtar\u00ebsim n\u00eb KiE varet edhe nga hapat p\u00ebr Asociacionin","datePublished":"2024-05-07T13:22:22+00:00","dateModified":"2024-05-07T13:22:22+00:00","mainEntityOfPage":{"@id":"https:\/\/permbledhja.com\/sq\/ambasada-gjermane-futja-e-kosoves-ne-rend-dite-per-anetaresim-ne-kie-varet-edhe-nga-hapat-per-asociacionin\/"},"wordCount":419,"publisher":{"@id":"https:\/\/permbledhja.com\/#organization"},"articleSection":["Kryesoret"],"inLanguage":"sq"},{"@type":"WebPage","@id":"https:\/\/permbledhja.com\/sq\/ambasada-gjermane-futja-e-kosoves-ne-rend-dite-per-anetaresim-ne-kie-varet-edhe-nga-hapat-per-asociacionin\/","url":"https:\/\/permbledhja.com\/sq\/ambasada-gjermane-futja-e-kosoves-ne-rend-dite-per-anetaresim-ne-kie-varet-edhe-nga-hapat-per-asociacionin\/","name":"Ambasada Gjermane: Futja e Kosov\u00ebs n\u00eb rend dite p\u00ebr an\u00ebtar\u00ebsim n\u00eb KiE varet edhe nga hapat p\u00ebr Asociacionin","isPartOf":{"@id":"https:\/\/permbledhja.com\/#website"},"datePublished":"2024-05-07T13:22:22+00:00","dateModified":"2024-05-07T13:22:22+00:00","breadcrumb":{"@id":"https:\/\/permbledhja.com\/sq\/ambasada-gjermane-futja-e-kosoves-ne-rend-dite-per-anetaresim-ne-kie-varet-edhe-nga-hapat-per-asociacionin\/#breadcrumb"},"inLanguage":"sq","potentialAction":[{"@type":"ReadAction","target":["https:\/\/permbledhja.com\/sq\/ambasada-gjermane-futja-e-kosoves-ne-rend-dite-per-anetaresim-ne-kie-varet-edhe-nga-hapat-per-asociacionin\/"]}]},{"@type":"BreadcrumbList","@id":"https:\/\/permbledhja.com\/sq\/ambasada-gjermane-futja-e-kosoves-ne-rend-dite-per-anetaresim-ne-kie-varet-edhe-nga-hapat-per-asociacionin\/#breadcrumb","itemListElement":[{"@type":"ListItem","position":1,"name":"Ballina","item":"https:\/\/permbledhja.com\/sq\/"},{"@type":"ListItem","position":2,"name":"Ambasada Gjermane: Futja e Kosov\u00ebs n\u00eb rend dite p\u00ebr an\u00ebtar\u00ebsim n\u00eb KiE varet edhe nga hapat p\u00ebr Asociacionin"}]},{"@type":"WebSite","@id":"https:\/\/permbledhja.com\/#website","url":"https:\/\/permbledhja.com\/","name":"Ve\u00e7 artikuj p\u00ebrmbledh\u00ebs","description":"","publisher":{"@id":"https:\/\/permbledhja.com\/#organization"},"potentialAction":[{"@type":"SearchAction","target":{"@type":"EntryPoint","urlTemplate":"https:\/\/permbledhja.com\/?s={search_term_string}"},"query-input":"required name=search_term_string"}],"inLanguage":"sq"},{"@type":"Organization","@id":"https:\/\/permbledhja.com\/#organization","name":"MK Media & Pr","url":"https:\/\/permbledhja.com\/","logo":{"@type":"ImageObject","inLanguage":"sq","@id":"https:\/\/permbledhja.com\/#\/schema\/logo\/image\/","url":"https:\/\/permbledhja.com\/wp-content\/uploads\/2021\/12\/07-Press-Logo.jpg","contentUrl":"https:\/\/permbledhja.com\/wp-content\/uploads\/2021\/12\/07-Press-Logo.jpg","width":512,"height":512,"caption":"MK Media & Pr"},"image":{"@id":"https:\/\/permbledhja.com\/#\/schema\/logo\/image\/"},"sameAs":["https:\/\/www.facebook.com\/press07\/"]},{"@type":"Person","@id":"https:\/\/permbledhja.com\/#\/schema\/person\/9c54260cbc4c6f792cb100550491638c","name":"DL","image":{"@type":"ImageObject","inLanguage":"sq","@id":"https:\/\/permbledhja.com\/#\/schema\/person\/image\/","url":"https:\/\/secure.gravatar.com\/avatar\/94503eb28d4c4b2005a5c8753e35fc80?s=96&d=mm&r=g","contentUrl":"https:\/\/secure.gravatar.com\/avatar\/94503eb28d4c4b2005a5c8753e35fc80?s=96&d=mm&r=g","caption":"DL"},"url":"https:\/\/permbledhja.com\/sq\/author\/dl\/"}]}},"_links":{"self":[{"href":"https:\/\/permbledhja.com\/sq\/wp-json\/wp\/v2\/posts\/60765"}],"collection":[{"href":"https:\/\/permbledhja.com\/sq\/wp-json\/wp\/v2\/posts"}],"about":[{"href":"https:\/\/permbledhja.com\/sq\/wp-json\/wp\/v2\/types\/post"}],"author":[{"embeddable":true,"href":"https:\/\/permbledhja.com\/sq\/wp-json\/wp\/v2\/users\/5"}],"replies":[{"embeddable":true,"href":"https:\/\/permbledhja.com\/sq\/wp-json\/wp\/v2\/comments?post=60765"}],"version-history":[{"count":1,"href":"https:\/\/permbledhja.com\/sq\/wp-json\/wp\/v2\/posts\/60765\/revisions"}],"predecessor-version":[{"id":60767,"href":"https:\/\/permbledhja.com\/sq\/wp-json\/wp\/v2\/posts\/60765\/revisions\/60767"}],"wp:featuredmedia":[{"embeddable":true,"href":"https:\/\/permbledhja.com\/sq\/wp-json\/wp\/v2\/media\/60766"}],"wp:attachment":[{"href":"https:\/\/permbledhja.com\/sq\/wp-json\/wp\/v2\/media?parent=60765"}],"wp:term":[{"taxonomy":"category","embeddable":true,"href":"https:\/\/permbledhja.com\/sq\/wp-json\/wp\/v2\/categories?post=60765"},{"taxonomy":"post_tag","embeddable":true,"href":"https:\/\/permbledhja.com\/sq\/wp-json\/wp\/v2\/tags?post=60765"}],"curies":[{"name":"wp","href":"https:\/\/api.w.org\/{rel}","templated":true}]}}