{"id":60756,"date":"2024-05-07T12:43:03","date_gmt":"2024-05-07T12:43:03","guid":{"rendered":"https:\/\/permbledhja.com\/?p=60756"},"modified":"2024-05-07T12:43:03","modified_gmt":"2024-05-07T12:43:03","slug":"policia-gjen-dy-kamera-qe-ishin-vendosur-pa-autorizim-ne-brezin-kufitar-mes-kosoves-dhe-serbise-arrestohet-nje-i-dyshuar","status":"publish","type":"post","link":"https:\/\/permbledhja.com\/sq\/policia-gjen-dy-kamera-qe-ishin-vendosur-pa-autorizim-ne-brezin-kufitar-mes-kosoves-dhe-serbise-arrestohet-nje-i-dyshuar\/","title":{"rendered":"Policia gjen dy kamera q\u00eb ishin vendosur pa autorizim n\u00eb brezin kufitar mes Kosov\u00ebs dhe Serbis\u00eb \u2013 arrestohet nj\u00eb i dyshuar"},"content":{"rendered":"<p style=\"box-sizing: border-box; margin-bottom: 15px; font-size: 15px; line-height: 26px; letter-spacing: -0.2px; font-family: Raleway-Regular, sans-serif; color: #212529;\"><span style=\"box-sizing: border-box; font-weight: bolder;\">Policia e Kosov\u00ebs ka gjetur dy kamera me solar, t\u00eb cilat jan\u00eb vendosur p\u00ebr t\u00eb v\u00ebzhguar rrug\u00ebt n\u00eb brezin kufitar n\u00eb mes t\u00eb Republik\u00ebs s\u00eb Kosov\u00ebs dhe Serbis\u00eb, n\u00eb rrug\u00ebn malore nga fshati Ranillug n\u00eb drejtim t\u00eb fshatit Kon\u00e7ul, raporton Express.<\/span><\/p>\n<p style=\"box-sizing: border-box; margin-bottom: 15px; font-size: 15px; line-height: 26px; letter-spacing: -0.2px; font-family: Raleway-Regular, sans-serif; color: #212529;\">Sipas Policis\u00eb, kamerat dyshohet se jan\u00eb vendosur nga persona t\u00eb dyshuar q\u00eb merren me kontraband\u00eb t\u00eb mallrave, raporton Express.<\/p>\n<p style=\"box-sizing: border-box; margin-bottom: 15px; font-size: 15px; line-height: 26px; letter-spacing: -0.2px; font-family: Raleway-Regular, sans-serif; color: #212529;\">N\u00eb t\u00eb nj\u00ebjtin vend, Policia ka ndaluar nj\u00eb automjet me targa serbe me drejtues J. S., 30 vje\u00e7ar, me dy shtet\u00ebsi (t\u00eb Serbis\u00eb dhe Republik\u00ebs s\u00eb Kosov\u00ebs). I nj\u00ebjti dyshohet se aty ka shkuar p\u00ebr t\u2019u kujdesur p\u00ebr kamer\u00ebn q\u00eb ve\u00e7 e kishin marr\u00eb m\u00eb her\u00ebt nj\u00ebsitet policore.<\/p>\n<p style=\"box-sizing: border-box; margin-bottom: 15px; font-size: 15px; line-height: 26px; letter-spacing: -0.2px; font-family: Raleway-Regular, sans-serif; color: #212529;\">\u201cI dyshuari, recidivist i vepr\u00ebs \u201cKontrabanda me mallra\u201d, \u00ebsht\u00eb shoq\u00ebruar n\u00eb polici, nd\u00ebrsa nga verifikimi i automjetit \u00ebsht\u00eb v\u00ebrtetuar se i nj\u00ebjti nuk ka asnj\u00eb hyrje-dalje p\u00ebrmes Pikave t\u00eb Kalimit Kufitar, andaj dyshohet se i nj\u00ebjti, k\u00ebt\u00eb automjet e kishte p\u00ebrdorur vet\u00ebm p\u00ebr kontraband\u00eb t\u00eb mallrave p\u00ebrmes rrug\u00ebve ilegale.<\/p>\n","protected":false},"excerpt":{"rendered":"<p>Policia e Kosov\u00ebs ka gjetur dy kamera me solar, t\u00eb cilat jan\u00eb vendosur p\u00ebr t\u00eb v\u00ebzhguar rrug\u00ebt n\u00eb brezin kufitar n\u00eb mes t\u00eb Republik\u00ebs s\u00eb Kosov\u00ebs dhe Serbis\u00eb, n\u00eb rrug\u00ebn malore nga fshati Ranillug n\u00eb drejtim t\u00eb fshatit Kon\u00e7ul, raporton Express. Sipas Policis\u00eb, kamerat dyshohet se jan\u00eb vendosur nga persona t\u00eb dyshuar q\u00eb merren me [&hellip;]<\/p>\n","protected":false},"author":5,"featured_media":60757,"comment_status":"closed","ping_status":"closed","sticky":false,"template":"","format":"standard","meta":{"_monsterinsights_skip_tracking":false,"_monsterinsights_sitenote_active":false,"_monsterinsights_sitenote_note":"","_monsterinsights_sitenote_category":0,"_uf_show_specific_survey":0,"_uf_disable_surveys":false,"footnotes":""},"categories":[2645],"tags":[],"yoast_head":"<!-- This site is optimized with the Yoast SEO plugin v21.5 - https:\/\/yoast.com\/wordpress\/plugins\/seo\/ -->\n<title>Policia gjen dy kamera q\u00eb ishin vendosur pa autorizim n\u00eb brezin kufitar mes Kosov\u00ebs dhe Serbis\u00eb \u2013 arrestohet nj\u00eb i dyshuar<\/title>\n<meta name=\"robots\" content=\"index, follow, max-snippet:-1, max-image-preview:large, max-video-preview:-1\" \/>\n<link rel=\"canonical\" href=\"https:\/\/permbledhja.com\/sq\/policia-gjen-dy-kamera-qe-ishin-vendosur-pa-autorizim-ne-brezin-kufitar-mes-kosoves-dhe-serbise-arrestohet-nje-i-dyshuar\/\" \/>\n<meta property=\"og:locale\" content=\"sq_AL\" \/>\n<meta property=\"og:type\" content=\"article\" \/>\n<meta property=\"og:title\" content=\"Policia gjen dy kamera q\u00eb ishin vendosur pa autorizim n\u00eb brezin kufitar mes Kosov\u00ebs dhe Serbis\u00eb \u2013 arrestohet nj\u00eb i dyshuar\" \/>\n<meta property=\"og:description\" content=\"Policia e Kosov\u00ebs ka gjetur dy kamera me solar, t\u00eb cilat jan\u00eb vendosur p\u00ebr t\u00eb v\u00ebzhguar rrug\u00ebt n\u00eb brezin kufitar n\u00eb mes t\u00eb Republik\u00ebs s\u00eb Kosov\u00ebs dhe Serbis\u00eb, n\u00eb rrug\u00ebn malore nga fshati Ranillug n\u00eb drejtim t\u00eb fshatit Kon\u00e7ul, raporton Express. Sipas Policis\u00eb, kamerat dyshohet se jan\u00eb vendosur nga persona t\u00eb dyshuar q\u00eb merren me [&hellip;]\" \/>\n<meta property=\"og:url\" content=\"https:\/\/permbledhja.com\/sq\/policia-gjen-dy-kamera-qe-ishin-vendosur-pa-autorizim-ne-brezin-kufitar-mes-kosoves-dhe-serbise-arrestohet-nje-i-dyshuar\/\" \/>\n<meta property=\"og:site_name\" content=\"Ve\u00e7 artikuj p\u00ebrmbledh\u00ebs\" \/>\n<meta property=\"article:publisher\" content=\"https:\/\/www.facebook.com\/press07\/\" \/>\n<meta property=\"article:published_time\" content=\"2024-05-07T12:43:03+00:00\" \/>\n<meta property=\"og:image\" content=\"https:\/\/permbledhja.com\/wp-content\/uploads\/2024\/05\/Screenshot_20240507-144204_Chrome.jpg\" \/>\n\t<meta property=\"og:image:width\" content=\"973\" \/>\n\t<meta property=\"og:image:height\" content=\"573\" \/>\n\t<meta property=\"og:image:type\" content=\"image\/jpeg\" \/>\n<meta name=\"author\" content=\"DL\" \/>\n<meta name=\"twitter:card\" content=\"summary_large_image\" \/>\n<meta name=\"twitter:label1\" content=\"Written by\" \/>\n\t<meta name=\"twitter:data1\" content=\"DL\" \/>\n\t<meta name=\"twitter:label2\" content=\"Est. reading time\" \/>\n\t<meta name=\"twitter:data2\" content=\"1 minut\u00eb\" \/>\n<script type=\"application\/ld+json\" class=\"yoast-schema-graph\">{\"@context\":\"https:\/\/schema.org\",\"@graph\":[{\"@type\":\"Article\",\"@id\":\"https:\/\/permbledhja.com\/policia-gjen-dy-kamera-qe-ishin-vendosur-pa-autorizim-ne-brezin-kufitar-mes-kosoves-dhe-serbise-arrestohet-nje-i-dyshuar\/#article\",\"isPartOf\":{\"@id\":\"https:\/\/permbledhja.com\/policia-gjen-dy-kamera-qe-ishin-vendosur-pa-autorizim-ne-brezin-kufitar-mes-kosoves-dhe-serbise-arrestohet-nje-i-dyshuar\/\"},\"author\":{\"name\":\"DL\",\"@id\":\"https:\/\/permbledhja.com\/#\/schema\/person\/9c54260cbc4c6f792cb100550491638c\"},\"headline\":\"Policia gjen dy kamera q\u00eb ishin vendosur pa autorizim n\u00eb brezin kufitar mes Kosov\u00ebs dhe Serbis\u00eb \u2013 arrestohet nj\u00eb i dyshuar\",\"datePublished\":\"2024-05-07T12:43:03+00:00\",\"dateModified\":\"2024-05-07T12:43:03+00:00\",\"mainEntityOfPage\":{\"@id\":\"https:\/\/permbledhja.com\/policia-gjen-dy-kamera-qe-ishin-vendosur-pa-autorizim-ne-brezin-kufitar-mes-kosoves-dhe-serbise-arrestohet-nje-i-dyshuar\/\"},\"wordCount\":210,\"publisher\":{\"@id\":\"https:\/\/permbledhja.com\/#organization\"},\"articleSection\":[\"T\u00eb r\u00ebnd\u00ebsishme\"],\"inLanguage\":\"sq\"},{\"@type\":\"WebPage\",\"@id\":\"https:\/\/permbledhja.com\/policia-gjen-dy-kamera-qe-ishin-vendosur-pa-autorizim-ne-brezin-kufitar-mes-kosoves-dhe-serbise-arrestohet-nje-i-dyshuar\/\",\"url\":\"https:\/\/permbledhja.com\/policia-gjen-dy-kamera-qe-ishin-vendosur-pa-autorizim-ne-brezin-kufitar-mes-kosoves-dhe-serbise-arrestohet-nje-i-dyshuar\/\",\"name\":\"Policia gjen dy kamera q\u00eb ishin vendosur pa autorizim n\u00eb brezin kufitar mes Kosov\u00ebs dhe Serbis\u00eb \u2013 arrestohet nj\u00eb i dyshuar\",\"isPartOf\":{\"@id\":\"https:\/\/permbledhja.com\/#website\"},\"datePublished\":\"2024-05-07T12:43:03+00:00\",\"dateModified\":\"2024-05-07T12:43:03+00:00\",\"breadcrumb\":{\"@id\":\"https:\/\/permbledhja.com\/policia-gjen-dy-kamera-qe-ishin-vendosur-pa-autorizim-ne-brezin-kufitar-mes-kosoves-dhe-serbise-arrestohet-nje-i-dyshuar\/#breadcrumb\"},\"inLanguage\":\"sq\",\"potentialAction\":[{\"@type\":\"ReadAction\",\"target\":[\"https:\/\/permbledhja.com\/policia-gjen-dy-kamera-qe-ishin-vendosur-pa-autorizim-ne-brezin-kufitar-mes-kosoves-dhe-serbise-arrestohet-nje-i-dyshuar\/\"]}]},{\"@type\":\"BreadcrumbList\",\"@id\":\"https:\/\/permbledhja.com\/policia-gjen-dy-kamera-qe-ishin-vendosur-pa-autorizim-ne-brezin-kufitar-mes-kosoves-dhe-serbise-arrestohet-nje-i-dyshuar\/#breadcrumb\",\"itemListElement\":[{\"@type\":\"ListItem\",\"position\":1,\"name\":\"Ballina\",\"item\":\"https:\/\/permbledhja.com\/sq\/\"},{\"@type\":\"ListItem\",\"position\":2,\"name\":\"Policia gjen dy kamera q\u00eb ishin vendosur pa autorizim n\u00eb brezin kufitar mes Kosov\u00ebs dhe Serbis\u00eb \u2013 arrestohet nj\u00eb i dyshuar\"}]},{\"@type\":\"WebSite\",\"@id\":\"https:\/\/permbledhja.com\/#website\",\"url\":\"https:\/\/permbledhja.com\/\",\"name\":\"Ve\u00e7 artikuj p\u00ebrmbledh\u00ebs\",\"description\":\"\",\"publisher\":{\"@id\":\"https:\/\/permbledhja.com\/#organization\"},\"potentialAction\":[{\"@type\":\"SearchAction\",\"target\":{\"@type\":\"EntryPoint\",\"urlTemplate\":\"https:\/\/permbledhja.com\/?s={search_term_string}\"},\"query-input\":\"required name=search_term_string\"}],\"inLanguage\":\"sq\"},{\"@type\":\"Organization\",\"@id\":\"https:\/\/permbledhja.com\/#organization\",\"name\":\"MK Media & Pr\",\"url\":\"https:\/\/permbledhja.com\/\",\"logo\":{\"@type\":\"ImageObject\",\"inLanguage\":\"sq\",\"@id\":\"https:\/\/permbledhja.com\/#\/schema\/logo\/image\/\",\"url\":\"https:\/\/permbledhja.com\/wp-content\/uploads\/2021\/12\/07-Press-Logo.jpg\",\"contentUrl\":\"https:\/\/permbledhja.com\/wp-content\/uploads\/2021\/12\/07-Press-Logo.jpg\",\"width\":512,\"height\":512,\"caption\":\"MK Media & Pr\"},\"image\":{\"@id\":\"https:\/\/permbledhja.com\/#\/schema\/logo\/image\/\"},\"sameAs\":[\"https:\/\/www.facebook.com\/press07\/\"]},{\"@type\":\"Person\",\"@id\":\"https:\/\/permbledhja.com\/#\/schema\/person\/9c54260cbc4c6f792cb100550491638c\",\"name\":\"DL\",\"image\":{\"@type\":\"ImageObject\",\"inLanguage\":\"sq\",\"@id\":\"https:\/\/permbledhja.com\/#\/schema\/person\/image\/\",\"url\":\"https:\/\/secure.gravatar.com\/avatar\/94503eb28d4c4b2005a5c8753e35fc80?s=96&d=mm&r=g\",\"contentUrl\":\"https:\/\/secure.gravatar.com\/avatar\/94503eb28d4c4b2005a5c8753e35fc80?s=96&d=mm&r=g\",\"caption\":\"DL\"},\"url\":\"https:\/\/permbledhja.com\/sq\/author\/dl\/\"}]}<\/script>\n<!-- \/ Yoast SEO plugin. -->","yoast_head_json":{"title":"Policia gjen dy kamera q\u00eb ishin vendosur pa autorizim n\u00eb brezin kufitar mes Kosov\u00ebs dhe Serbis\u00eb \u2013 arrestohet nj\u00eb i dyshuar","robots":{"index":"index","follow":"follow","max-snippet":"max-snippet:-1","max-image-preview":"max-image-preview:large","max-video-preview":"max-video-preview:-1"},"canonical":"https:\/\/permbledhja.com\/sq\/policia-gjen-dy-kamera-qe-ishin-vendosur-pa-autorizim-ne-brezin-kufitar-mes-kosoves-dhe-serbise-arrestohet-nje-i-dyshuar\/","og_locale":"sq_AL","og_type":"article","og_title":"Policia gjen dy kamera q\u00eb ishin vendosur pa autorizim n\u00eb brezin kufitar mes Kosov\u00ebs dhe Serbis\u00eb \u2013 arrestohet nj\u00eb i dyshuar","og_description":"Policia e Kosov\u00ebs ka gjetur dy kamera me solar, t\u00eb cilat jan\u00eb vendosur p\u00ebr t\u00eb v\u00ebzhguar rrug\u00ebt n\u00eb brezin kufitar n\u00eb mes t\u00eb Republik\u00ebs s\u00eb Kosov\u00ebs dhe Serbis\u00eb, n\u00eb rrug\u00ebn malore nga fshati Ranillug n\u00eb drejtim t\u00eb fshatit Kon\u00e7ul, raporton Express. Sipas Policis\u00eb, kamerat dyshohet se jan\u00eb vendosur nga persona t\u00eb dyshuar q\u00eb merren me [&hellip;]","og_url":"https:\/\/permbledhja.com\/sq\/policia-gjen-dy-kamera-qe-ishin-vendosur-pa-autorizim-ne-brezin-kufitar-mes-kosoves-dhe-serbise-arrestohet-nje-i-dyshuar\/","og_site_name":"Ve\u00e7 artikuj p\u00ebrmbledh\u00ebs","article_publisher":"https:\/\/www.facebook.com\/press07\/","article_published_time":"2024-05-07T12:43:03+00:00","og_image":[{"width":973,"height":573,"url":"https:\/\/permbledhja.com\/wp-content\/uploads\/2024\/05\/Screenshot_20240507-144204_Chrome.jpg","type":"image\/jpeg"}],"author":"DL","twitter_card":"summary_large_image","twitter_misc":{"Written by":"DL","Est. reading time":"1 minut\u00eb"},"schema":{"@context":"https:\/\/schema.org","@graph":[{"@type":"Article","@id":"https:\/\/permbledhja.com\/policia-gjen-dy-kamera-qe-ishin-vendosur-pa-autorizim-ne-brezin-kufitar-mes-kosoves-dhe-serbise-arrestohet-nje-i-dyshuar\/#article","isPartOf":{"@id":"https:\/\/permbledhja.com\/policia-gjen-dy-kamera-qe-ishin-vendosur-pa-autorizim-ne-brezin-kufitar-mes-kosoves-dhe-serbise-arrestohet-nje-i-dyshuar\/"},"author":{"name":"DL","@id":"https:\/\/permbledhja.com\/#\/schema\/person\/9c54260cbc4c6f792cb100550491638c"},"headline":"Policia gjen dy kamera q\u00eb ishin vendosur pa autorizim n\u00eb brezin kufitar mes Kosov\u00ebs dhe Serbis\u00eb \u2013 arrestohet nj\u00eb i dyshuar","datePublished":"2024-05-07T12:43:03+00:00","dateModified":"2024-05-07T12:43:03+00:00","mainEntityOfPage":{"@id":"https:\/\/permbledhja.com\/policia-gjen-dy-kamera-qe-ishin-vendosur-pa-autorizim-ne-brezin-kufitar-mes-kosoves-dhe-serbise-arrestohet-nje-i-dyshuar\/"},"wordCount":210,"publisher":{"@id":"https:\/\/permbledhja.com\/#organization"},"articleSection":["T\u00eb r\u00ebnd\u00ebsishme"],"inLanguage":"sq"},{"@type":"WebPage","@id":"https:\/\/permbledhja.com\/policia-gjen-dy-kamera-qe-ishin-vendosur-pa-autorizim-ne-brezin-kufitar-mes-kosoves-dhe-serbise-arrestohet-nje-i-dyshuar\/","url":"https:\/\/permbledhja.com\/policia-gjen-dy-kamera-qe-ishin-vendosur-pa-autorizim-ne-brezin-kufitar-mes-kosoves-dhe-serbise-arrestohet-nje-i-dyshuar\/","name":"Policia gjen dy kamera q\u00eb ishin vendosur pa autorizim n\u00eb brezin kufitar mes Kosov\u00ebs dhe Serbis\u00eb \u2013 arrestohet nj\u00eb i dyshuar","isPartOf":{"@id":"https:\/\/permbledhja.com\/#website"},"datePublished":"2024-05-07T12:43:03+00:00","dateModified":"2024-05-07T12:43:03+00:00","breadcrumb":{"@id":"https:\/\/permbledhja.com\/policia-gjen-dy-kamera-qe-ishin-vendosur-pa-autorizim-ne-brezin-kufitar-mes-kosoves-dhe-serbise-arrestohet-nje-i-dyshuar\/#breadcrumb"},"inLanguage":"sq","potentialAction":[{"@type":"ReadAction","target":["https:\/\/permbledhja.com\/policia-gjen-dy-kamera-qe-ishin-vendosur-pa-autorizim-ne-brezin-kufitar-mes-kosoves-dhe-serbise-arrestohet-nje-i-dyshuar\/"]}]},{"@type":"BreadcrumbList","@id":"https:\/\/permbledhja.com\/policia-gjen-dy-kamera-qe-ishin-vendosur-pa-autorizim-ne-brezin-kufitar-mes-kosoves-dhe-serbise-arrestohet-nje-i-dyshuar\/#breadcrumb","itemListElement":[{"@type":"ListItem","position":1,"name":"Ballina","item":"https:\/\/permbledhja.com\/sq\/"},{"@type":"ListItem","position":2,"name":"Policia gjen dy kamera q\u00eb ishin vendosur pa autorizim n\u00eb brezin kufitar mes Kosov\u00ebs dhe Serbis\u00eb \u2013 arrestohet nj\u00eb i dyshuar"}]},{"@type":"WebSite","@id":"https:\/\/permbledhja.com\/#website","url":"https:\/\/permbledhja.com\/","name":"Ve\u00e7 artikuj p\u00ebrmbledh\u00ebs","description":"","publisher":{"@id":"https:\/\/permbledhja.com\/#organization"},"potentialAction":[{"@type":"SearchAction","target":{"@type":"EntryPoint","urlTemplate":"https:\/\/permbledhja.com\/?s={search_term_string}"},"query-input":"required name=search_term_string"}],"inLanguage":"sq"},{"@type":"Organization","@id":"https:\/\/permbledhja.com\/#organization","name":"MK Media & Pr","url":"https:\/\/permbledhja.com\/","logo":{"@type":"ImageObject","inLanguage":"sq","@id":"https:\/\/permbledhja.com\/#\/schema\/logo\/image\/","url":"https:\/\/permbledhja.com\/wp-content\/uploads\/2021\/12\/07-Press-Logo.jpg","contentUrl":"https:\/\/permbledhja.com\/wp-content\/uploads\/2021\/12\/07-Press-Logo.jpg","width":512,"height":512,"caption":"MK Media & Pr"},"image":{"@id":"https:\/\/permbledhja.com\/#\/schema\/logo\/image\/"},"sameAs":["https:\/\/www.facebook.com\/press07\/"]},{"@type":"Person","@id":"https:\/\/permbledhja.com\/#\/schema\/person\/9c54260cbc4c6f792cb100550491638c","name":"DL","image":{"@type":"ImageObject","inLanguage":"sq","@id":"https:\/\/permbledhja.com\/#\/schema\/person\/image\/","url":"https:\/\/secure.gravatar.com\/avatar\/94503eb28d4c4b2005a5c8753e35fc80?s=96&d=mm&r=g","contentUrl":"https:\/\/secure.gravatar.com\/avatar\/94503eb28d4c4b2005a5c8753e35fc80?s=96&d=mm&r=g","caption":"DL"},"url":"https:\/\/permbledhja.com\/sq\/author\/dl\/"}]}},"_links":{"self":[{"href":"https:\/\/permbledhja.com\/sq\/wp-json\/wp\/v2\/posts\/60756"}],"collection":[{"href":"https:\/\/permbledhja.com\/sq\/wp-json\/wp\/v2\/posts"}],"about":[{"href":"https:\/\/permbledhja.com\/sq\/wp-json\/wp\/v2\/types\/post"}],"author":[{"embeddable":true,"href":"https:\/\/permbledhja.com\/sq\/wp-json\/wp\/v2\/users\/5"}],"replies":[{"embeddable":true,"href":"https:\/\/permbledhja.com\/sq\/wp-json\/wp\/v2\/comments?post=60756"}],"version-history":[{"count":1,"href":"https:\/\/permbledhja.com\/sq\/wp-json\/wp\/v2\/posts\/60756\/revisions"}],"predecessor-version":[{"id":60758,"href":"https:\/\/permbledhja.com\/sq\/wp-json\/wp\/v2\/posts\/60756\/revisions\/60758"}],"wp:featuredmedia":[{"embeddable":true,"href":"https:\/\/permbledhja.com\/sq\/wp-json\/wp\/v2\/media\/60757"}],"wp:attachment":[{"href":"https:\/\/permbledhja.com\/sq\/wp-json\/wp\/v2\/media?parent=60756"}],"wp:term":[{"taxonomy":"category","embeddable":true,"href":"https:\/\/permbledhja.com\/sq\/wp-json\/wp\/v2\/categories?post=60756"},{"taxonomy":"post_tag","embeddable":true,"href":"https:\/\/permbledhja.com\/sq\/wp-json\/wp\/v2\/tags?post=60756"}],"curies":[{"name":"wp","href":"https:\/\/api.w.org\/{rel}","templated":true}]}}