{"id":60746,"date":"2024-05-07T11:21:24","date_gmt":"2024-05-07T11:21:24","guid":{"rendered":"https:\/\/permbledhja.com\/?p=60746"},"modified":"2024-05-07T11:22:05","modified_gmt":"2024-05-07T11:22:05","slug":"kurti-ne-mbledhjen-e-keshillit-kombetar-per-ekonomi-dhe-investime-besimi-eshte-armatura-ne-themelin-tone-ekonomik","status":"publish","type":"post","link":"https:\/\/permbledhja.com\/sq\/kurti-ne-mbledhjen-e-keshillit-kombetar-per-ekonomi-dhe-investime-besimi-eshte-armatura-ne-themelin-tone-ekonomik\/","title":{"rendered":"Kurti n\u00eb mbledhjen e K\u00ebshillit Komb\u00ebtar p\u00ebr Ekonomi dhe Investime; Besimi \u00ebsht\u00eb armatura n\u00eb themelin ton\u00eb ekonomik"},"content":{"rendered":"<h3><strong>K\u00ebshilli Komb\u00ebtar p\u00ebr Ekonomi dhe Investime \u00ebsht\u00eb mbledhur sot, n\u00ebn kryesimin e Kryeministrit Albin Kurti, derisa pjes\u00ebmarr\u00ebs kan\u00eb qen\u00eb edhe z\u00ebvend\u00ebskryeministri Besnik Bislimi e ministra e p\u00ebrfaq\u00ebsues nga kabinetet qeveritare.<\/strong><\/h3>\n<p>N\u00eb fjal\u00ebn e tij, Kurti ka th\u00ebn\u00eb sese nj\u00eb dialog i fuqish\u00ebm publik privat forcon besimin nd\u00ebrmjet dy sektor\u00ebve prandaj \u00ebsht\u00eb thelb\u00ebsore t\u00eb kuptohet se si nj\u00eb dialog i till\u00eb i strukturuar mir\u00eb mund ta transformoj\u00eb ekonomin\u00eb, raporton Express.<\/p>\n<p>Ai tha se \u201cbesimi \u00ebsht\u00eb armatura n\u00eb themelin ton\u00eb ekonomik\u201d, dhe se pa t\u00eb edhe planet m\u00eb t\u00eb mira d\u00ebshtojn\u00eb..<\/p>\n<p>Kurti u ka b\u00ebr\u00eb thirrje bizneseve m\u00eb konkurruese, shoqatave t\u00eb biznesit dhe projekteve t\u00eb financuara nga donator\u00ebt q\u00eb t\u00eb vazhdojn\u00eb e forcojn\u00eb edhe m\u00eb tej bashk\u00ebpunimin me Qeverin\u00eb e Republik\u00ebs s\u00eb Kosov\u00ebs, p\u00ebr t\u00eb zhvilluar plane strategjike dhe operacionale q\u00eb rrisin investimet e huaja direkte, eksportet dhe nxisin zhvillimin efektiv t\u00eb biznesit.<\/p>\n<p>\u201cP\u00ebrmes dialogut, ne identifikojm\u00eb mund\u00ebsit\u00eb e zhvillimit t\u00eb sektorit privat, duke rritur investimet e huaja direkte, duke shtuar eksportet dhe duke ngritur konkurrenc\u00ebn e p\u00ebrgjithshme t\u00eb bizneseve kosovare. Imagjinoni mund\u00ebsit\u00eb kur bashkojm\u00eb pikat tona t\u00eb forta dhe ndajm\u00eb nj\u00eb vizion t\u00eb p\u00ebrbashk\u00ebt.<\/p>\n<p>Po aq e r\u00ebnd\u00ebsishme \u00ebsht\u00eb edhe fuqia jon\u00eb pun\u00ebtore. N\u00ebp\u00ebrmjet formimit dhe edukimit profesional, q\u00eb synon plot\u00ebsimin e nevojave t\u00eb sektorit privat, ne po krijojm\u00eb nj\u00eb t\u00eb ardhme m\u00eb t\u00eb sigurt p\u00ebr t\u00eb gjith\u00eb. Ne duam q\u00eb qytetar\u00ebt tan\u00eb t\u00eb jen\u00eb t\u00eb p\u00ebrgatitur mir\u00eb dhe konkurrues, pik\u00ebrisht k\u00ebtu n\u00eb Kosov\u00eb\u201d, ka deklaruar Kurti.<\/p>\n<p>Ai ka p\u00ebrmendur edhe se si Kosova s\u00eb fundmi ka arritur vler\u00ebsimin e saj inaugurues t\u00eb kredis\u00eb sovrane nga Fitch Ratings, fal\u00eb mb\u00ebshtetjes nga USAID-i.<\/p>\n<p>\u201cKjo arritje do t\u00eb rris\u00eb investimet e huaja, do t\u00eb ul\u00eb kostot e huamarrjes, do t\u00eb p\u00ebrmir\u00ebsoj\u00eb qasjen n\u00eb tregjet globale t\u00eb kapitalit dhe do t\u00eb nxis\u00eb edhe m\u00eb tej rritjen ekonomike t\u00eb vendit ton\u00eb. Shpresoj se dialogu yn\u00eb mund t\u00eb p\u00ebrqendrohet gjithnj\u00eb e m\u00eb shum\u00eb n\u00eb mund\u00ebsit\u00eb e investimeve dhe t\u00eb eksporteve. Strategjia dhe politikat e mira i parandalojn\u00eb problemet. Me kalimin e koh\u00ebs, ne do t\u00eb bashk\u00ebrendisim dialogun ton\u00eb n\u00eb m\u00ebnyr\u00eb q\u00eb si qeveria ashtu edhe sektori privat t\u00eb ken\u00eb qart\u00ebsi se si t\u00eb p\u00ebrmir\u00ebsojn\u00eb mjedisin e biznesit\u201d, ka th\u00ebn\u00eb Kurti.<\/p>\n<p>&nbsp;<\/p>\n","protected":false},"excerpt":{"rendered":"<p>K\u00ebshilli Komb\u00ebtar p\u00ebr Ekonomi dhe Investime \u00ebsht\u00eb mbledhur sot, n\u00ebn kryesimin e Kryeministrit Albin Kurti, derisa pjes\u00ebmarr\u00ebs kan\u00eb qen\u00eb edhe z\u00ebvend\u00ebskryeministri Besnik Bislimi e ministra e p\u00ebrfaq\u00ebsues nga kabinetet qeveritare. N\u00eb fjal\u00ebn e tij, Kurti ka th\u00ebn\u00eb sese nj\u00eb dialog i fuqish\u00ebm publik privat forcon besimin nd\u00ebrmjet dy sektor\u00ebve prandaj \u00ebsht\u00eb thelb\u00ebsore t\u00eb kuptohet se [&hellip;]<\/p>\n","protected":false},"author":5,"featured_media":60749,"comment_status":"closed","ping_status":"closed","sticky":false,"template":"","format":"standard","meta":{"_monsterinsights_skip_tracking":false,"_monsterinsights_sitenote_active":false,"_monsterinsights_sitenote_note":"","_monsterinsights_sitenote_category":0,"_uf_show_specific_survey":0,"_uf_disable_surveys":false,"footnotes":""},"categories":[2645],"tags":[],"yoast_head":"<!-- This site is optimized with the Yoast SEO plugin v21.5 - https:\/\/yoast.com\/wordpress\/plugins\/seo\/ -->\n<title>Kurti n\u00eb mbledhjen e K\u00ebshillit Komb\u00ebtar p\u00ebr Ekonomi dhe Investime; Besimi \u00ebsht\u00eb armatura n\u00eb themelin ton\u00eb ekonomik<\/title>\n<meta name=\"robots\" content=\"index, follow, max-snippet:-1, max-image-preview:large, max-video-preview:-1\" \/>\n<link rel=\"canonical\" href=\"https:\/\/permbledhja.com\/sq\/kurti-ne-mbledhjen-e-keshillit-kombetar-per-ekonomi-dhe-investime-besimi-eshte-armatura-ne-themelin-tone-ekonomik\/\" \/>\n<meta property=\"og:locale\" content=\"sq_AL\" \/>\n<meta property=\"og:type\" content=\"article\" \/>\n<meta property=\"og:title\" content=\"Kurti n\u00eb mbledhjen e K\u00ebshillit Komb\u00ebtar p\u00ebr Ekonomi dhe Investime; Besimi \u00ebsht\u00eb armatura n\u00eb themelin ton\u00eb ekonomik\" \/>\n<meta property=\"og:description\" content=\"K\u00ebshilli Komb\u00ebtar p\u00ebr Ekonomi dhe Investime \u00ebsht\u00eb mbledhur sot, n\u00ebn kryesimin e Kryeministrit Albin Kurti, derisa pjes\u00ebmarr\u00ebs kan\u00eb qen\u00eb edhe z\u00ebvend\u00ebskryeministri Besnik Bislimi e ministra e p\u00ebrfaq\u00ebsues nga kabinetet qeveritare. N\u00eb fjal\u00ebn e tij, Kurti ka th\u00ebn\u00eb sese nj\u00eb dialog i fuqish\u00ebm publik privat forcon besimin nd\u00ebrmjet dy sektor\u00ebve prandaj \u00ebsht\u00eb thelb\u00ebsore t\u00eb kuptohet se [&hellip;]\" \/>\n<meta property=\"og:url\" content=\"https:\/\/permbledhja.com\/sq\/kurti-ne-mbledhjen-e-keshillit-kombetar-per-ekonomi-dhe-investime-besimi-eshte-armatura-ne-themelin-tone-ekonomik\/\" \/>\n<meta property=\"og:site_name\" content=\"Ve\u00e7 artikuj p\u00ebrmbledh\u00ebs\" \/>\n<meta property=\"article:publisher\" content=\"https:\/\/www.facebook.com\/press07\/\" \/>\n<meta property=\"article:published_time\" content=\"2024-05-07T11:21:24+00:00\" \/>\n<meta property=\"article:modified_time\" content=\"2024-05-07T11:22:05+00:00\" \/>\n<meta property=\"og:image\" content=\"https:\/\/permbledhja.com\/wp-content\/uploads\/2024\/05\/kurt.jpg\" \/>\n\t<meta property=\"og:image:width\" content=\"600\" \/>\n\t<meta property=\"og:image:height\" content=\"360\" \/>\n\t<meta property=\"og:image:type\" content=\"image\/jpeg\" \/>\n<meta name=\"author\" content=\"DL\" \/>\n<meta name=\"twitter:card\" content=\"summary_large_image\" \/>\n<meta name=\"twitter:label1\" content=\"Written by\" \/>\n\t<meta name=\"twitter:data1\" content=\"DL\" \/>\n\t<meta name=\"twitter:label2\" content=\"Est. reading time\" \/>\n\t<meta name=\"twitter:data2\" content=\"2 minuta\" \/>\n<script type=\"application\/ld+json\" class=\"yoast-schema-graph\">{\"@context\":\"https:\/\/schema.org\",\"@graph\":[{\"@type\":\"Article\",\"@id\":\"https:\/\/permbledhja.com\/sq\/kurti-ne-mbledhjen-e-keshillit-kombetar-per-ekonomi-dhe-investime-besimi-eshte-armatura-ne-themelin-tone-ekonomik\/#article\",\"isPartOf\":{\"@id\":\"https:\/\/permbledhja.com\/sq\/kurti-ne-mbledhjen-e-keshillit-kombetar-per-ekonomi-dhe-investime-besimi-eshte-armatura-ne-themelin-tone-ekonomik\/\"},\"author\":{\"name\":\"DL\",\"@id\":\"https:\/\/permbledhja.com\/#\/schema\/person\/9c54260cbc4c6f792cb100550491638c\"},\"headline\":\"Kurti n\u00eb mbledhjen e K\u00ebshillit Komb\u00ebtar p\u00ebr Ekonomi dhe Investime; Besimi \u00ebsht\u00eb armatura n\u00eb themelin ton\u00eb ekonomik\",\"datePublished\":\"2024-05-07T11:21:24+00:00\",\"dateModified\":\"2024-05-07T11:22:05+00:00\",\"mainEntityOfPage\":{\"@id\":\"https:\/\/permbledhja.com\/sq\/kurti-ne-mbledhjen-e-keshillit-kombetar-per-ekonomi-dhe-investime-besimi-eshte-armatura-ne-themelin-tone-ekonomik\/\"},\"wordCount\":430,\"publisher\":{\"@id\":\"https:\/\/permbledhja.com\/#organization\"},\"articleSection\":[\"T\u00eb r\u00ebnd\u00ebsishme\"],\"inLanguage\":\"sq\"},{\"@type\":\"WebPage\",\"@id\":\"https:\/\/permbledhja.com\/sq\/kurti-ne-mbledhjen-e-keshillit-kombetar-per-ekonomi-dhe-investime-besimi-eshte-armatura-ne-themelin-tone-ekonomik\/\",\"url\":\"https:\/\/permbledhja.com\/sq\/kurti-ne-mbledhjen-e-keshillit-kombetar-per-ekonomi-dhe-investime-besimi-eshte-armatura-ne-themelin-tone-ekonomik\/\",\"name\":\"Kurti n\u00eb mbledhjen e K\u00ebshillit Komb\u00ebtar p\u00ebr Ekonomi dhe Investime; Besimi \u00ebsht\u00eb armatura n\u00eb themelin ton\u00eb ekonomik\",\"isPartOf\":{\"@id\":\"https:\/\/permbledhja.com\/#website\"},\"datePublished\":\"2024-05-07T11:21:24+00:00\",\"dateModified\":\"2024-05-07T11:22:05+00:00\",\"breadcrumb\":{\"@id\":\"https:\/\/permbledhja.com\/sq\/kurti-ne-mbledhjen-e-keshillit-kombetar-per-ekonomi-dhe-investime-besimi-eshte-armatura-ne-themelin-tone-ekonomik\/#breadcrumb\"},\"inLanguage\":\"sq\",\"potentialAction\":[{\"@type\":\"ReadAction\",\"target\":[\"https:\/\/permbledhja.com\/sq\/kurti-ne-mbledhjen-e-keshillit-kombetar-per-ekonomi-dhe-investime-besimi-eshte-armatura-ne-themelin-tone-ekonomik\/\"]}]},{\"@type\":\"BreadcrumbList\",\"@id\":\"https:\/\/permbledhja.com\/sq\/kurti-ne-mbledhjen-e-keshillit-kombetar-per-ekonomi-dhe-investime-besimi-eshte-armatura-ne-themelin-tone-ekonomik\/#breadcrumb\",\"itemListElement\":[{\"@type\":\"ListItem\",\"position\":1,\"name\":\"Ballina\",\"item\":\"https:\/\/permbledhja.com\/sq\/\"},{\"@type\":\"ListItem\",\"position\":2,\"name\":\"Kurti n\u00eb mbledhjen e K\u00ebshillit Komb\u00ebtar p\u00ebr Ekonomi dhe Investime; Besimi \u00ebsht\u00eb armatura n\u00eb themelin ton\u00eb ekonomik\"}]},{\"@type\":\"WebSite\",\"@id\":\"https:\/\/permbledhja.com\/#website\",\"url\":\"https:\/\/permbledhja.com\/\",\"name\":\"Ve\u00e7 artikuj p\u00ebrmbledh\u00ebs\",\"description\":\"\",\"publisher\":{\"@id\":\"https:\/\/permbledhja.com\/#organization\"},\"potentialAction\":[{\"@type\":\"SearchAction\",\"target\":{\"@type\":\"EntryPoint\",\"urlTemplate\":\"https:\/\/permbledhja.com\/?s={search_term_string}\"},\"query-input\":\"required name=search_term_string\"}],\"inLanguage\":\"sq\"},{\"@type\":\"Organization\",\"@id\":\"https:\/\/permbledhja.com\/#organization\",\"name\":\"MK Media & Pr\",\"url\":\"https:\/\/permbledhja.com\/\",\"logo\":{\"@type\":\"ImageObject\",\"inLanguage\":\"sq\",\"@id\":\"https:\/\/permbledhja.com\/#\/schema\/logo\/image\/\",\"url\":\"https:\/\/permbledhja.com\/wp-content\/uploads\/2021\/12\/07-Press-Logo.jpg\",\"contentUrl\":\"https:\/\/permbledhja.com\/wp-content\/uploads\/2021\/12\/07-Press-Logo.jpg\",\"width\":512,\"height\":512,\"caption\":\"MK Media & Pr\"},\"image\":{\"@id\":\"https:\/\/permbledhja.com\/#\/schema\/logo\/image\/\"},\"sameAs\":[\"https:\/\/www.facebook.com\/press07\/\"]},{\"@type\":\"Person\",\"@id\":\"https:\/\/permbledhja.com\/#\/schema\/person\/9c54260cbc4c6f792cb100550491638c\",\"name\":\"DL\",\"image\":{\"@type\":\"ImageObject\",\"inLanguage\":\"sq\",\"@id\":\"https:\/\/permbledhja.com\/#\/schema\/person\/image\/\",\"url\":\"https:\/\/secure.gravatar.com\/avatar\/94503eb28d4c4b2005a5c8753e35fc80?s=96&d=mm&r=g\",\"contentUrl\":\"https:\/\/secure.gravatar.com\/avatar\/94503eb28d4c4b2005a5c8753e35fc80?s=96&d=mm&r=g\",\"caption\":\"DL\"},\"url\":\"https:\/\/permbledhja.com\/sq\/author\/dl\/\"}]}<\/script>\n<!-- \/ Yoast SEO plugin. -->","yoast_head_json":{"title":"Kurti n\u00eb mbledhjen e K\u00ebshillit Komb\u00ebtar p\u00ebr Ekonomi dhe Investime; Besimi \u00ebsht\u00eb armatura n\u00eb themelin ton\u00eb ekonomik","robots":{"index":"index","follow":"follow","max-snippet":"max-snippet:-1","max-image-preview":"max-image-preview:large","max-video-preview":"max-video-preview:-1"},"canonical":"https:\/\/permbledhja.com\/sq\/kurti-ne-mbledhjen-e-keshillit-kombetar-per-ekonomi-dhe-investime-besimi-eshte-armatura-ne-themelin-tone-ekonomik\/","og_locale":"sq_AL","og_type":"article","og_title":"Kurti n\u00eb mbledhjen e K\u00ebshillit Komb\u00ebtar p\u00ebr Ekonomi dhe Investime; Besimi \u00ebsht\u00eb armatura n\u00eb themelin ton\u00eb ekonomik","og_description":"K\u00ebshilli Komb\u00ebtar p\u00ebr Ekonomi dhe Investime \u00ebsht\u00eb mbledhur sot, n\u00ebn kryesimin e Kryeministrit Albin Kurti, derisa pjes\u00ebmarr\u00ebs kan\u00eb qen\u00eb edhe z\u00ebvend\u00ebskryeministri Besnik Bislimi e ministra e p\u00ebrfaq\u00ebsues nga kabinetet qeveritare. N\u00eb fjal\u00ebn e tij, Kurti ka th\u00ebn\u00eb sese nj\u00eb dialog i fuqish\u00ebm publik privat forcon besimin nd\u00ebrmjet dy sektor\u00ebve prandaj \u00ebsht\u00eb thelb\u00ebsore t\u00eb kuptohet se [&hellip;]","og_url":"https:\/\/permbledhja.com\/sq\/kurti-ne-mbledhjen-e-keshillit-kombetar-per-ekonomi-dhe-investime-besimi-eshte-armatura-ne-themelin-tone-ekonomik\/","og_site_name":"Ve\u00e7 artikuj p\u00ebrmbledh\u00ebs","article_publisher":"https:\/\/www.facebook.com\/press07\/","article_published_time":"2024-05-07T11:21:24+00:00","article_modified_time":"2024-05-07T11:22:05+00:00","og_image":[{"width":600,"height":360,"url":"https:\/\/permbledhja.com\/wp-content\/uploads\/2024\/05\/kurt.jpg","type":"image\/jpeg"}],"author":"DL","twitter_card":"summary_large_image","twitter_misc":{"Written by":"DL","Est. reading time":"2 minuta"},"schema":{"@context":"https:\/\/schema.org","@graph":[{"@type":"Article","@id":"https:\/\/permbledhja.com\/sq\/kurti-ne-mbledhjen-e-keshillit-kombetar-per-ekonomi-dhe-investime-besimi-eshte-armatura-ne-themelin-tone-ekonomik\/#article","isPartOf":{"@id":"https:\/\/permbledhja.com\/sq\/kurti-ne-mbledhjen-e-keshillit-kombetar-per-ekonomi-dhe-investime-besimi-eshte-armatura-ne-themelin-tone-ekonomik\/"},"author":{"name":"DL","@id":"https:\/\/permbledhja.com\/#\/schema\/person\/9c54260cbc4c6f792cb100550491638c"},"headline":"Kurti n\u00eb mbledhjen e K\u00ebshillit Komb\u00ebtar p\u00ebr Ekonomi dhe Investime; Besimi \u00ebsht\u00eb armatura n\u00eb themelin ton\u00eb ekonomik","datePublished":"2024-05-07T11:21:24+00:00","dateModified":"2024-05-07T11:22:05+00:00","mainEntityOfPage":{"@id":"https:\/\/permbledhja.com\/sq\/kurti-ne-mbledhjen-e-keshillit-kombetar-per-ekonomi-dhe-investime-besimi-eshte-armatura-ne-themelin-tone-ekonomik\/"},"wordCount":430,"publisher":{"@id":"https:\/\/permbledhja.com\/#organization"},"articleSection":["T\u00eb r\u00ebnd\u00ebsishme"],"inLanguage":"sq"},{"@type":"WebPage","@id":"https:\/\/permbledhja.com\/sq\/kurti-ne-mbledhjen-e-keshillit-kombetar-per-ekonomi-dhe-investime-besimi-eshte-armatura-ne-themelin-tone-ekonomik\/","url":"https:\/\/permbledhja.com\/sq\/kurti-ne-mbledhjen-e-keshillit-kombetar-per-ekonomi-dhe-investime-besimi-eshte-armatura-ne-themelin-tone-ekonomik\/","name":"Kurti n\u00eb mbledhjen e K\u00ebshillit Komb\u00ebtar p\u00ebr Ekonomi dhe Investime; Besimi \u00ebsht\u00eb armatura n\u00eb themelin ton\u00eb ekonomik","isPartOf":{"@id":"https:\/\/permbledhja.com\/#website"},"datePublished":"2024-05-07T11:21:24+00:00","dateModified":"2024-05-07T11:22:05+00:00","breadcrumb":{"@id":"https:\/\/permbledhja.com\/sq\/kurti-ne-mbledhjen-e-keshillit-kombetar-per-ekonomi-dhe-investime-besimi-eshte-armatura-ne-themelin-tone-ekonomik\/#breadcrumb"},"inLanguage":"sq","potentialAction":[{"@type":"ReadAction","target":["https:\/\/permbledhja.com\/sq\/kurti-ne-mbledhjen-e-keshillit-kombetar-per-ekonomi-dhe-investime-besimi-eshte-armatura-ne-themelin-tone-ekonomik\/"]}]},{"@type":"BreadcrumbList","@id":"https:\/\/permbledhja.com\/sq\/kurti-ne-mbledhjen-e-keshillit-kombetar-per-ekonomi-dhe-investime-besimi-eshte-armatura-ne-themelin-tone-ekonomik\/#breadcrumb","itemListElement":[{"@type":"ListItem","position":1,"name":"Ballina","item":"https:\/\/permbledhja.com\/sq\/"},{"@type":"ListItem","position":2,"name":"Kurti n\u00eb mbledhjen e K\u00ebshillit Komb\u00ebtar p\u00ebr Ekonomi dhe Investime; Besimi \u00ebsht\u00eb armatura n\u00eb themelin ton\u00eb ekonomik"}]},{"@type":"WebSite","@id":"https:\/\/permbledhja.com\/#website","url":"https:\/\/permbledhja.com\/","name":"Ve\u00e7 artikuj p\u00ebrmbledh\u00ebs","description":"","publisher":{"@id":"https:\/\/permbledhja.com\/#organization"},"potentialAction":[{"@type":"SearchAction","target":{"@type":"EntryPoint","urlTemplate":"https:\/\/permbledhja.com\/?s={search_term_string}"},"query-input":"required name=search_term_string"}],"inLanguage":"sq"},{"@type":"Organization","@id":"https:\/\/permbledhja.com\/#organization","name":"MK Media & Pr","url":"https:\/\/permbledhja.com\/","logo":{"@type":"ImageObject","inLanguage":"sq","@id":"https:\/\/permbledhja.com\/#\/schema\/logo\/image\/","url":"https:\/\/permbledhja.com\/wp-content\/uploads\/2021\/12\/07-Press-Logo.jpg","contentUrl":"https:\/\/permbledhja.com\/wp-content\/uploads\/2021\/12\/07-Press-Logo.jpg","width":512,"height":512,"caption":"MK Media & Pr"},"image":{"@id":"https:\/\/permbledhja.com\/#\/schema\/logo\/image\/"},"sameAs":["https:\/\/www.facebook.com\/press07\/"]},{"@type":"Person","@id":"https:\/\/permbledhja.com\/#\/schema\/person\/9c54260cbc4c6f792cb100550491638c","name":"DL","image":{"@type":"ImageObject","inLanguage":"sq","@id":"https:\/\/permbledhja.com\/#\/schema\/person\/image\/","url":"https:\/\/secure.gravatar.com\/avatar\/94503eb28d4c4b2005a5c8753e35fc80?s=96&d=mm&r=g","contentUrl":"https:\/\/secure.gravatar.com\/avatar\/94503eb28d4c4b2005a5c8753e35fc80?s=96&d=mm&r=g","caption":"DL"},"url":"https:\/\/permbledhja.com\/sq\/author\/dl\/"}]}},"_links":{"self":[{"href":"https:\/\/permbledhja.com\/sq\/wp-json\/wp\/v2\/posts\/60746"}],"collection":[{"href":"https:\/\/permbledhja.com\/sq\/wp-json\/wp\/v2\/posts"}],"about":[{"href":"https:\/\/permbledhja.com\/sq\/wp-json\/wp\/v2\/types\/post"}],"author":[{"embeddable":true,"href":"https:\/\/permbledhja.com\/sq\/wp-json\/wp\/v2\/users\/5"}],"replies":[{"embeddable":true,"href":"https:\/\/permbledhja.com\/sq\/wp-json\/wp\/v2\/comments?post=60746"}],"version-history":[{"count":2,"href":"https:\/\/permbledhja.com\/sq\/wp-json\/wp\/v2\/posts\/60746\/revisions"}],"predecessor-version":[{"id":60751,"href":"https:\/\/permbledhja.com\/sq\/wp-json\/wp\/v2\/posts\/60746\/revisions\/60751"}],"wp:featuredmedia":[{"embeddable":true,"href":"https:\/\/permbledhja.com\/sq\/wp-json\/wp\/v2\/media\/60749"}],"wp:attachment":[{"href":"https:\/\/permbledhja.com\/sq\/wp-json\/wp\/v2\/media?parent=60746"}],"wp:term":[{"taxonomy":"category","embeddable":true,"href":"https:\/\/permbledhja.com\/sq\/wp-json\/wp\/v2\/categories?post=60746"},{"taxonomy":"post_tag","embeddable":true,"href":"https:\/\/permbledhja.com\/sq\/wp-json\/wp\/v2\/tags?post=60746"}],"curies":[{"name":"wp","href":"https:\/\/api.w.org\/{rel}","templated":true}]}}