{"id":60695,"date":"2024-05-07T06:51:54","date_gmt":"2024-05-07T06:51:54","guid":{"rendered":"https:\/\/permbledhja.com\/?p=60695"},"modified":"2024-05-07T06:51:54","modified_gmt":"2024-05-07T06:51:54","slug":"gervalla-paqja-ne-evrope-sigurohet-duke-ndalur-rusine-dhe-serbine","status":"publish","type":"post","link":"https:\/\/permbledhja.com\/sq\/gervalla-paqja-ne-evrope-sigurohet-duke-ndalur-rusine-dhe-serbine\/","title":{"rendered":"G\u00ebrvalla: Paqja n\u00eb Evrop\u00eb sigurohet duke ndalur Rusin\u00eb dhe Serbin\u00eb"},"content":{"rendered":"<h3><strong>Ministrja e Pun\u00ebve t\u00eb Jashtme e Kosov\u00ebs, Donika G\u00ebrvalla n\u00eb panelin e par\u00eb t\u00eb konferenc\u00ebs dyditore \u201cDefence 24 Days\u201d, ka deklaruar se paqja n\u00eb Evrop\u00eb mund t\u00eb sigurohet vet\u00ebm duke ndalur Rusin\u00eb dhe Serbin\u00eb.<\/strong><\/h3>\n<p>\u201c\u00c7\u00ebshtja m\u00eb urgjente dhe m\u00eb sfiduese p\u00ebr sigurin\u00eb e vendit ton\u00eb jan\u00eb sot Serbia dhe Rusia, pasi q\u00eb fantazmat e s\u00eb kaluar\u00ebs jan\u00eb ende gjall\u00eb, ata q\u00eb shkaktuan luft\u00ebra dhe gjenocid 25 vjet m\u00eb par\u00eb jan\u00eb ende aktiv. Prandaj paqja n\u00eb Evrop\u00eb mund t\u00eb sigurohet vet\u00ebm duke ndalur t\u00eb gjith\u00eb s\u00eb bashku Rusin\u00eb dhe Serbin\u00eb\u201d, ka th\u00ebn\u00eb G\u00ebrvalla n\u00eb k\u00ebt\u00eb panel.<\/p>\n<p>Si\u00e7 ka njoftuar MPJD-ja, duke diskutuar rreth tem\u00ebs \u201cSiguria Rajonale \u2013 Sfid\u00eb p\u00ebr Evrop\u00ebn\u201d, bashk\u00eb me p\u00ebrfaq\u00ebsues t\u00eb shteteve tjera, n\u00ebn moderimin e Robert Pszczel nga Organizata p\u00ebr Studime Orientale (OSW), G\u00ebrvalla foli rreth veprimeve destabilizuese t\u00eb Serbis\u00eb, mend\u00ebsin\u00eb e saj t\u00eb shekullit t\u00eb kaluar, munges\u00ebn e demokracis\u00eb dhe pretendimet e saj, t\u00eb nj\u00ebjta me t\u00eb Rusis\u00eb jo vet\u00ebm p\u00ebr t\u00eb pushtuar territore t\u00eb shteteve fqinje, por edhe p\u00ebr t\u00eb d\u00ebbuar qytetar\u00ebt dhe p\u00ebr t\u00eb shkat\u00ebrruar kultur\u00ebn dhe trash\u00ebgimin\u00eb e k\u00ebtyre shteteve.<\/p>\n<p>Ajo m\u00eb pas foli edhe p\u00ebr qeverin\u00eb e re t\u00eb Serbis\u00eb duke th\u00ebn\u00eb se Serbia ka em\u00ebruar qeveri t\u00eb luft\u00ebs, qeveri e cila p\u00ebrb\u00ebhet nga ish-ministrat e Millosheviqit dhe t\u00eb sanksionuarit e SHBA-ve.<\/p>\n","protected":false},"excerpt":{"rendered":"<p>Ministrja e Pun\u00ebve t\u00eb Jashtme e Kosov\u00ebs, Donika G\u00ebrvalla n\u00eb panelin e par\u00eb t\u00eb konferenc\u00ebs dyditore \u201cDefence 24 Days\u201d, ka deklaruar se paqja n\u00eb Evrop\u00eb mund t\u00eb sigurohet vet\u00ebm duke ndalur Rusin\u00eb dhe Serbin\u00eb. \u201c\u00c7\u00ebshtja m\u00eb urgjente dhe m\u00eb sfiduese p\u00ebr sigurin\u00eb e vendit ton\u00eb jan\u00eb sot Serbia dhe Rusia, pasi q\u00eb fantazmat e s\u00eb [&hellip;]<\/p>\n","protected":false},"author":5,"featured_media":60696,"comment_status":"closed","ping_status":"closed","sticky":false,"template":"","format":"standard","meta":{"_monsterinsights_skip_tracking":false,"_monsterinsights_sitenote_active":false,"_monsterinsights_sitenote_note":"","_monsterinsights_sitenote_category":0,"_uf_show_specific_survey":0,"_uf_disable_surveys":false,"footnotes":""},"categories":[2645],"tags":[],"yoast_head":"<!-- This site is optimized with the Yoast SEO plugin v21.5 - https:\/\/yoast.com\/wordpress\/plugins\/seo\/ -->\n<title>G\u00ebrvalla: Paqja n\u00eb Evrop\u00eb sigurohet duke ndalur Rusin\u00eb dhe Serbin\u00eb<\/title>\n<meta name=\"robots\" content=\"index, follow, max-snippet:-1, max-image-preview:large, max-video-preview:-1\" \/>\n<link rel=\"canonical\" href=\"https:\/\/permbledhja.com\/sq\/gervalla-paqja-ne-evrope-sigurohet-duke-ndalur-rusine-dhe-serbine\/\" \/>\n<meta property=\"og:locale\" content=\"sq_AL\" \/>\n<meta property=\"og:type\" content=\"article\" \/>\n<meta property=\"og:title\" content=\"G\u00ebrvalla: Paqja n\u00eb Evrop\u00eb sigurohet duke ndalur Rusin\u00eb dhe Serbin\u00eb\" \/>\n<meta property=\"og:description\" content=\"Ministrja e Pun\u00ebve t\u00eb Jashtme e Kosov\u00ebs, Donika G\u00ebrvalla n\u00eb panelin e par\u00eb t\u00eb konferenc\u00ebs dyditore \u201cDefence 24 Days\u201d, ka deklaruar se paqja n\u00eb Evrop\u00eb mund t\u00eb sigurohet vet\u00ebm duke ndalur Rusin\u00eb dhe Serbin\u00eb. \u201c\u00c7\u00ebshtja m\u00eb urgjente dhe m\u00eb sfiduese p\u00ebr sigurin\u00eb e vendit ton\u00eb jan\u00eb sot Serbia dhe Rusia, pasi q\u00eb fantazmat e s\u00eb [&hellip;]\" \/>\n<meta property=\"og:url\" content=\"https:\/\/permbledhja.com\/sq\/gervalla-paqja-ne-evrope-sigurohet-duke-ndalur-rusine-dhe-serbine\/\" \/>\n<meta property=\"og:site_name\" content=\"Ve\u00e7 artikuj p\u00ebrmbledh\u00ebs\" \/>\n<meta property=\"article:publisher\" content=\"https:\/\/www.facebook.com\/press07\/\" \/>\n<meta property=\"article:published_time\" content=\"2024-05-07T06:51:54+00:00\" \/>\n<meta property=\"og:image\" content=\"https:\/\/permbledhja.com\/wp-content\/uploads\/2024\/05\/gvv.jpeg\" \/>\n\t<meta property=\"og:image:width\" content=\"600\" \/>\n\t<meta property=\"og:image:height\" content=\"360\" \/>\n\t<meta property=\"og:image:type\" content=\"image\/jpeg\" \/>\n<meta name=\"author\" content=\"DL\" \/>\n<meta name=\"twitter:card\" content=\"summary_large_image\" \/>\n<meta name=\"twitter:label1\" content=\"Written by\" \/>\n\t<meta name=\"twitter:data1\" content=\"DL\" \/>\n\t<meta name=\"twitter:label2\" content=\"Est. reading time\" \/>\n\t<meta name=\"twitter:data2\" content=\"2 minuta\" \/>\n<script type=\"application\/ld+json\" class=\"yoast-schema-graph\">{\"@context\":\"https:\/\/schema.org\",\"@graph\":[{\"@type\":\"Article\",\"@id\":\"https:\/\/permbledhja.com\/sq\/gervalla-paqja-ne-evrope-sigurohet-duke-ndalur-rusine-dhe-serbine\/#article\",\"isPartOf\":{\"@id\":\"https:\/\/permbledhja.com\/sq\/gervalla-paqja-ne-evrope-sigurohet-duke-ndalur-rusine-dhe-serbine\/\"},\"author\":{\"name\":\"DL\",\"@id\":\"https:\/\/permbledhja.com\/#\/schema\/person\/9c54260cbc4c6f792cb100550491638c\"},\"headline\":\"G\u00ebrvalla: Paqja n\u00eb Evrop\u00eb sigurohet duke ndalur Rusin\u00eb dhe Serbin\u00eb\",\"datePublished\":\"2024-05-07T06:51:54+00:00\",\"dateModified\":\"2024-05-07T06:51:54+00:00\",\"mainEntityOfPage\":{\"@id\":\"https:\/\/permbledhja.com\/sq\/gervalla-paqja-ne-evrope-sigurohet-duke-ndalur-rusine-dhe-serbine\/\"},\"wordCount\":257,\"publisher\":{\"@id\":\"https:\/\/permbledhja.com\/#organization\"},\"articleSection\":[\"T\u00eb r\u00ebnd\u00ebsishme\"],\"inLanguage\":\"sq\"},{\"@type\":\"WebPage\",\"@id\":\"https:\/\/permbledhja.com\/sq\/gervalla-paqja-ne-evrope-sigurohet-duke-ndalur-rusine-dhe-serbine\/\",\"url\":\"https:\/\/permbledhja.com\/sq\/gervalla-paqja-ne-evrope-sigurohet-duke-ndalur-rusine-dhe-serbine\/\",\"name\":\"G\u00ebrvalla: Paqja n\u00eb Evrop\u00eb sigurohet duke ndalur Rusin\u00eb dhe Serbin\u00eb\",\"isPartOf\":{\"@id\":\"https:\/\/permbledhja.com\/#website\"},\"datePublished\":\"2024-05-07T06:51:54+00:00\",\"dateModified\":\"2024-05-07T06:51:54+00:00\",\"breadcrumb\":{\"@id\":\"https:\/\/permbledhja.com\/sq\/gervalla-paqja-ne-evrope-sigurohet-duke-ndalur-rusine-dhe-serbine\/#breadcrumb\"},\"inLanguage\":\"sq\",\"potentialAction\":[{\"@type\":\"ReadAction\",\"target\":[\"https:\/\/permbledhja.com\/sq\/gervalla-paqja-ne-evrope-sigurohet-duke-ndalur-rusine-dhe-serbine\/\"]}]},{\"@type\":\"BreadcrumbList\",\"@id\":\"https:\/\/permbledhja.com\/sq\/gervalla-paqja-ne-evrope-sigurohet-duke-ndalur-rusine-dhe-serbine\/#breadcrumb\",\"itemListElement\":[{\"@type\":\"ListItem\",\"position\":1,\"name\":\"Ballina\",\"item\":\"https:\/\/permbledhja.com\/sq\/\"},{\"@type\":\"ListItem\",\"position\":2,\"name\":\"G\u00ebrvalla: Paqja n\u00eb Evrop\u00eb sigurohet duke ndalur Rusin\u00eb dhe Serbin\u00eb\"}]},{\"@type\":\"WebSite\",\"@id\":\"https:\/\/permbledhja.com\/#website\",\"url\":\"https:\/\/permbledhja.com\/\",\"name\":\"Ve\u00e7 artikuj p\u00ebrmbledh\u00ebs\",\"description\":\"\",\"publisher\":{\"@id\":\"https:\/\/permbledhja.com\/#organization\"},\"potentialAction\":[{\"@type\":\"SearchAction\",\"target\":{\"@type\":\"EntryPoint\",\"urlTemplate\":\"https:\/\/permbledhja.com\/?s={search_term_string}\"},\"query-input\":\"required name=search_term_string\"}],\"inLanguage\":\"sq\"},{\"@type\":\"Organization\",\"@id\":\"https:\/\/permbledhja.com\/#organization\",\"name\":\"MK Media & Pr\",\"url\":\"https:\/\/permbledhja.com\/\",\"logo\":{\"@type\":\"ImageObject\",\"inLanguage\":\"sq\",\"@id\":\"https:\/\/permbledhja.com\/#\/schema\/logo\/image\/\",\"url\":\"https:\/\/permbledhja.com\/wp-content\/uploads\/2021\/12\/07-Press-Logo.jpg\",\"contentUrl\":\"https:\/\/permbledhja.com\/wp-content\/uploads\/2021\/12\/07-Press-Logo.jpg\",\"width\":512,\"height\":512,\"caption\":\"MK Media & Pr\"},\"image\":{\"@id\":\"https:\/\/permbledhja.com\/#\/schema\/logo\/image\/\"},\"sameAs\":[\"https:\/\/www.facebook.com\/press07\/\"]},{\"@type\":\"Person\",\"@id\":\"https:\/\/permbledhja.com\/#\/schema\/person\/9c54260cbc4c6f792cb100550491638c\",\"name\":\"DL\",\"image\":{\"@type\":\"ImageObject\",\"inLanguage\":\"sq\",\"@id\":\"https:\/\/permbledhja.com\/#\/schema\/person\/image\/\",\"url\":\"https:\/\/secure.gravatar.com\/avatar\/94503eb28d4c4b2005a5c8753e35fc80?s=96&d=mm&r=g\",\"contentUrl\":\"https:\/\/secure.gravatar.com\/avatar\/94503eb28d4c4b2005a5c8753e35fc80?s=96&d=mm&r=g\",\"caption\":\"DL\"},\"url\":\"https:\/\/permbledhja.com\/sq\/author\/dl\/\"}]}<\/script>\n<!-- \/ Yoast SEO plugin. -->","yoast_head_json":{"title":"G\u00ebrvalla: Paqja n\u00eb Evrop\u00eb sigurohet duke ndalur Rusin\u00eb dhe Serbin\u00eb","robots":{"index":"index","follow":"follow","max-snippet":"max-snippet:-1","max-image-preview":"max-image-preview:large","max-video-preview":"max-video-preview:-1"},"canonical":"https:\/\/permbledhja.com\/sq\/gervalla-paqja-ne-evrope-sigurohet-duke-ndalur-rusine-dhe-serbine\/","og_locale":"sq_AL","og_type":"article","og_title":"G\u00ebrvalla: Paqja n\u00eb Evrop\u00eb sigurohet duke ndalur Rusin\u00eb dhe Serbin\u00eb","og_description":"Ministrja e Pun\u00ebve t\u00eb Jashtme e Kosov\u00ebs, Donika G\u00ebrvalla n\u00eb panelin e par\u00eb t\u00eb konferenc\u00ebs dyditore \u201cDefence 24 Days\u201d, ka deklaruar se paqja n\u00eb Evrop\u00eb mund t\u00eb sigurohet vet\u00ebm duke ndalur Rusin\u00eb dhe Serbin\u00eb. \u201c\u00c7\u00ebshtja m\u00eb urgjente dhe m\u00eb sfiduese p\u00ebr sigurin\u00eb e vendit ton\u00eb jan\u00eb sot Serbia dhe Rusia, pasi q\u00eb fantazmat e s\u00eb [&hellip;]","og_url":"https:\/\/permbledhja.com\/sq\/gervalla-paqja-ne-evrope-sigurohet-duke-ndalur-rusine-dhe-serbine\/","og_site_name":"Ve\u00e7 artikuj p\u00ebrmbledh\u00ebs","article_publisher":"https:\/\/www.facebook.com\/press07\/","article_published_time":"2024-05-07T06:51:54+00:00","og_image":[{"width":600,"height":360,"url":"https:\/\/permbledhja.com\/wp-content\/uploads\/2024\/05\/gvv.jpeg","type":"image\/jpeg"}],"author":"DL","twitter_card":"summary_large_image","twitter_misc":{"Written by":"DL","Est. reading time":"2 minuta"},"schema":{"@context":"https:\/\/schema.org","@graph":[{"@type":"Article","@id":"https:\/\/permbledhja.com\/sq\/gervalla-paqja-ne-evrope-sigurohet-duke-ndalur-rusine-dhe-serbine\/#article","isPartOf":{"@id":"https:\/\/permbledhja.com\/sq\/gervalla-paqja-ne-evrope-sigurohet-duke-ndalur-rusine-dhe-serbine\/"},"author":{"name":"DL","@id":"https:\/\/permbledhja.com\/#\/schema\/person\/9c54260cbc4c6f792cb100550491638c"},"headline":"G\u00ebrvalla: Paqja n\u00eb Evrop\u00eb sigurohet duke ndalur Rusin\u00eb dhe Serbin\u00eb","datePublished":"2024-05-07T06:51:54+00:00","dateModified":"2024-05-07T06:51:54+00:00","mainEntityOfPage":{"@id":"https:\/\/permbledhja.com\/sq\/gervalla-paqja-ne-evrope-sigurohet-duke-ndalur-rusine-dhe-serbine\/"},"wordCount":257,"publisher":{"@id":"https:\/\/permbledhja.com\/#organization"},"articleSection":["T\u00eb r\u00ebnd\u00ebsishme"],"inLanguage":"sq"},{"@type":"WebPage","@id":"https:\/\/permbledhja.com\/sq\/gervalla-paqja-ne-evrope-sigurohet-duke-ndalur-rusine-dhe-serbine\/","url":"https:\/\/permbledhja.com\/sq\/gervalla-paqja-ne-evrope-sigurohet-duke-ndalur-rusine-dhe-serbine\/","name":"G\u00ebrvalla: Paqja n\u00eb Evrop\u00eb sigurohet duke ndalur Rusin\u00eb dhe Serbin\u00eb","isPartOf":{"@id":"https:\/\/permbledhja.com\/#website"},"datePublished":"2024-05-07T06:51:54+00:00","dateModified":"2024-05-07T06:51:54+00:00","breadcrumb":{"@id":"https:\/\/permbledhja.com\/sq\/gervalla-paqja-ne-evrope-sigurohet-duke-ndalur-rusine-dhe-serbine\/#breadcrumb"},"inLanguage":"sq","potentialAction":[{"@type":"ReadAction","target":["https:\/\/permbledhja.com\/sq\/gervalla-paqja-ne-evrope-sigurohet-duke-ndalur-rusine-dhe-serbine\/"]}]},{"@type":"BreadcrumbList","@id":"https:\/\/permbledhja.com\/sq\/gervalla-paqja-ne-evrope-sigurohet-duke-ndalur-rusine-dhe-serbine\/#breadcrumb","itemListElement":[{"@type":"ListItem","position":1,"name":"Ballina","item":"https:\/\/permbledhja.com\/sq\/"},{"@type":"ListItem","position":2,"name":"G\u00ebrvalla: Paqja n\u00eb Evrop\u00eb sigurohet duke ndalur Rusin\u00eb dhe Serbin\u00eb"}]},{"@type":"WebSite","@id":"https:\/\/permbledhja.com\/#website","url":"https:\/\/permbledhja.com\/","name":"Ve\u00e7 artikuj p\u00ebrmbledh\u00ebs","description":"","publisher":{"@id":"https:\/\/permbledhja.com\/#organization"},"potentialAction":[{"@type":"SearchAction","target":{"@type":"EntryPoint","urlTemplate":"https:\/\/permbledhja.com\/?s={search_term_string}"},"query-input":"required name=search_term_string"}],"inLanguage":"sq"},{"@type":"Organization","@id":"https:\/\/permbledhja.com\/#organization","name":"MK Media & Pr","url":"https:\/\/permbledhja.com\/","logo":{"@type":"ImageObject","inLanguage":"sq","@id":"https:\/\/permbledhja.com\/#\/schema\/logo\/image\/","url":"https:\/\/permbledhja.com\/wp-content\/uploads\/2021\/12\/07-Press-Logo.jpg","contentUrl":"https:\/\/permbledhja.com\/wp-content\/uploads\/2021\/12\/07-Press-Logo.jpg","width":512,"height":512,"caption":"MK Media & Pr"},"image":{"@id":"https:\/\/permbledhja.com\/#\/schema\/logo\/image\/"},"sameAs":["https:\/\/www.facebook.com\/press07\/"]},{"@type":"Person","@id":"https:\/\/permbledhja.com\/#\/schema\/person\/9c54260cbc4c6f792cb100550491638c","name":"DL","image":{"@type":"ImageObject","inLanguage":"sq","@id":"https:\/\/permbledhja.com\/#\/schema\/person\/image\/","url":"https:\/\/secure.gravatar.com\/avatar\/94503eb28d4c4b2005a5c8753e35fc80?s=96&d=mm&r=g","contentUrl":"https:\/\/secure.gravatar.com\/avatar\/94503eb28d4c4b2005a5c8753e35fc80?s=96&d=mm&r=g","caption":"DL"},"url":"https:\/\/permbledhja.com\/sq\/author\/dl\/"}]}},"_links":{"self":[{"href":"https:\/\/permbledhja.com\/sq\/wp-json\/wp\/v2\/posts\/60695"}],"collection":[{"href":"https:\/\/permbledhja.com\/sq\/wp-json\/wp\/v2\/posts"}],"about":[{"href":"https:\/\/permbledhja.com\/sq\/wp-json\/wp\/v2\/types\/post"}],"author":[{"embeddable":true,"href":"https:\/\/permbledhja.com\/sq\/wp-json\/wp\/v2\/users\/5"}],"replies":[{"embeddable":true,"href":"https:\/\/permbledhja.com\/sq\/wp-json\/wp\/v2\/comments?post=60695"}],"version-history":[{"count":1,"href":"https:\/\/permbledhja.com\/sq\/wp-json\/wp\/v2\/posts\/60695\/revisions"}],"predecessor-version":[{"id":60697,"href":"https:\/\/permbledhja.com\/sq\/wp-json\/wp\/v2\/posts\/60695\/revisions\/60697"}],"wp:featuredmedia":[{"embeddable":true,"href":"https:\/\/permbledhja.com\/sq\/wp-json\/wp\/v2\/media\/60696"}],"wp:attachment":[{"href":"https:\/\/permbledhja.com\/sq\/wp-json\/wp\/v2\/media?parent=60695"}],"wp:term":[{"taxonomy":"category","embeddable":true,"href":"https:\/\/permbledhja.com\/sq\/wp-json\/wp\/v2\/categories?post=60695"},{"taxonomy":"post_tag","embeddable":true,"href":"https:\/\/permbledhja.com\/sq\/wp-json\/wp\/v2\/tags?post=60695"}],"curies":[{"name":"wp","href":"https:\/\/api.w.org\/{rel}","templated":true}]}}