{"id":60166,"date":"2024-05-04T21:42:16","date_gmt":"2024-05-04T21:42:16","guid":{"rendered":"https:\/\/permbledhja.com\/?p=60166"},"modified":"2024-05-04T21:42:16","modified_gmt":"2024-05-04T21:42:16","slug":"agk-sulmet-e-dimal-bashes-ndaj-gazetareve-te-rrezikshme-po-synon-disiplinimin-e-agk-se-dhe-rtk-se-nga-shteti","status":"publish","type":"post","link":"https:\/\/permbledhja.com\/sq\/agk-sulmet-e-dimal-bashes-ndaj-gazetareve-te-rrezikshme-po-synon-disiplinimin-e-agk-se-dhe-rtk-se-nga-shteti\/","title":{"rendered":"AGK: Sulmet e Dimal Bash\u00ebs ndaj gazetar\u00ebve t\u00eb rrezikshme, po synon disiplinimin e AGK-s\u00eb dhe RTK-s\u00eb nga shteti"},"content":{"rendered":"<p><strong>Asociacioni i Gazetar\u00ebve ka reaguar s\u00ebrish ndaj deputetit Dimal Basha, i cili edhe sot vazhdoi gjuh\u00ebn nxit\u00ebse ndaj gazetar\u00ebve.<\/strong><\/p>\n<p>AGK thot\u00eb se Basha tregon hapur tendenc\u00ebn p\u00ebr t\u00eb treguar se \u00e7ka konsiderohet prioritet p\u00ebr t\u2019u raportuar nga RTK.<\/p>\n<p><em>\u201cN\u00eb reagimin e ri pas intimidimit q\u00eb b\u00ebri ndaj gazetares s\u00eb RTK-s\u00eb, Basha, e tregon hapur tendenc\u00ebn p\u00ebr t\u00eb kontrolluar p\u00ebrmbajtjen editoriale t\u00eb Transmetuesit Publik, duke nd\u00ebrhyr\u00eb n\u00eb at\u00eb se \u00e7ka konsiderohet prioritet p\u00ebr t\u2019u trajtuar dhe p\u00ebr t\u2019u raportuar. Ngjash\u00ebm vepron edhe me AGK-n\u00eb, kur provon t\u00eb tregoj\u00eb se \u00e7far\u00eb duhet t\u00eb b\u00ebj\u00eb dhe si duhet t\u00eb sillet e t\u00eb veproj\u00eb\u201d.<\/em><\/p>\n<p>Asociacioni i Gazetar\u00ebve thot\u00eb se mbrojn\u00eb t\u00eb drejtat e gazetar\u00ebve derisa sipas tyre p\u00ebr shkelje t\u00eb etik\u00ebs nga k\u00ebta t\u00eb fundit ka organe ku duhet t\u00eb raportohen.<\/p>\n<p><em>\u201cAGK-ja, e ka p\u00ebr mision primar mbrojtjen e t\u00eb drejtave dhe lirive t\u00eb gazetar\u00ebve, dhe reagon kur k\u00ebto t\u00eb drejta e liri, cenohen e shkelen. Teksa, lidhur me shkeljet e mundshme t\u00eb Kodit t\u00eb Etik\u00ebs, \u00e7do qytetar i Republik\u00ebs s\u00eb Kosov\u00ebs, duke p\u00ebrfshir\u00eb deputet\u00ebt, mund t\u2018i drejtojn\u00eb ato tek organi vet\u00ebrregullues KMShK p\u00ebr mediet online, dhe tek KPM p\u00ebr televizione dhe radio\u201d.<\/em><\/p>\n<p>AGK-ja ka ftuar s\u00ebrish deputetin Basha q\u00eb t\u00eb p\u00ebrmbahet nga \u201cseria e sulmeve, si ndaj AGK-s\u00eb, ashtu edhe ndaj medieve\u201d, duke e p\u00ebrfshir\u00eb Transmetuesin Publik, RTK.<\/p>\n<p><em>\u201cAludimi i serish\u00ebm i z. Basha se si AGK ashtu edhe RTK u sh\u00ebrbejn\u00eb interesave t\u00eb presidentit serb, Aleksandar Vuciq, \u00ebsht\u00eb krejt\u00ebsisht i pabazuar e i papranuesh\u00ebm, por mbi t\u00eb gjitha shum\u00eb i rreziksh\u00ebm. Gjuha e till\u00eb, e vazhdueshme sikur kjo e z.Basha dhe eksponent\u00ebve t\u00eb tjer\u00eb t\u00eb partis\u00eb n\u00eb pushtet, kan\u00eb kontribuar q\u00eb Kosova t\u00eb bie kaq shum\u00eb n\u00eb nivelin e respektimit t\u00eb liris\u00eb s\u00eb medies, sikurse e ka konstatuar raporti i fundit i Reporter\u00ebve pa Kufij\u201d<\/em>, thuhet tutje n\u00eb reagim.<\/p>\n<p><iframe loading=\"lazy\" style=\"border: none; overflow: hidden;\" src=\"https:\/\/www.facebook.com\/plugins\/post.php?href=https%3A%2F%2Fwww.facebook.com%2Fasociacioniigazetareve%2Fposts%2Fpfbid02tVowvQUaVweEkLZAdgXq9AiNdr3hJistyKYo4fuDHLhu45zM9hpmj7aP4hDuh4YHl&amp;show_text=true&amp;width=500&amp;is_preview=true\" width=\"500\" height=\"718\" frameborder=\"0\" scrolling=\"no\" allowfullscreen=\"allowfullscreen\"><\/iframe><\/p>\n","protected":false},"excerpt":{"rendered":"<p>Asociacioni i Gazetar\u00ebve ka reaguar s\u00ebrish ndaj deputetit Dimal Basha, i cili edhe sot vazhdoi gjuh\u00ebn nxit\u00ebse ndaj gazetar\u00ebve. AGK thot\u00eb se Basha tregon hapur tendenc\u00ebn p\u00ebr t\u00eb treguar se \u00e7ka konsiderohet prioritet p\u00ebr t\u2019u raportuar nga RTK. \u201cN\u00eb reagimin e ri pas intimidimit q\u00eb b\u00ebri ndaj gazetares s\u00eb RTK-s\u00eb, Basha, e tregon hapur tendenc\u00ebn [&hellip;]<\/p>\n","protected":false},"author":1,"featured_media":60167,"comment_status":"closed","ping_status":"closed","sticky":false,"template":"","format":"standard","meta":{"_monsterinsights_skip_tracking":false,"_monsterinsights_sitenote_active":false,"_monsterinsights_sitenote_note":"","_monsterinsights_sitenote_category":0,"_uf_show_specific_survey":0,"_uf_disable_surveys":false,"footnotes":""},"categories":[2645],"tags":[1936],"yoast_head":"<!-- This site is optimized with the Yoast SEO plugin v21.5 - https:\/\/yoast.com\/wordpress\/plugins\/seo\/ -->\n<title>AGK: Sulmet e Dimal Bash\u00ebs ndaj gazetar\u00ebve t\u00eb rrezikshme, po synon disiplinimin e AGK-s\u00eb dhe RTK-s\u00eb nga shteti<\/title>\n<meta name=\"robots\" content=\"index, follow, max-snippet:-1, max-image-preview:large, max-video-preview:-1\" \/>\n<link rel=\"canonical\" href=\"https:\/\/permbledhja.com\/sq\/agk-sulmet-e-dimal-bashes-ndaj-gazetareve-te-rrezikshme-po-synon-disiplinimin-e-agk-se-dhe-rtk-se-nga-shteti\/\" \/>\n<meta property=\"og:locale\" content=\"sq_AL\" \/>\n<meta property=\"og:type\" content=\"article\" \/>\n<meta property=\"og:title\" content=\"AGK: Sulmet e Dimal Bash\u00ebs ndaj gazetar\u00ebve t\u00eb rrezikshme, po synon disiplinimin e AGK-s\u00eb dhe RTK-s\u00eb nga shteti\" \/>\n<meta property=\"og:description\" content=\"Asociacioni i Gazetar\u00ebve ka reaguar s\u00ebrish ndaj deputetit Dimal Basha, i cili edhe sot vazhdoi gjuh\u00ebn nxit\u00ebse ndaj gazetar\u00ebve. AGK thot\u00eb se Basha tregon hapur tendenc\u00ebn p\u00ebr t\u00eb treguar se \u00e7ka konsiderohet prioritet p\u00ebr t\u2019u raportuar nga RTK. \u201cN\u00eb reagimin e ri pas intimidimit q\u00eb b\u00ebri ndaj gazetares s\u00eb RTK-s\u00eb, Basha, e tregon hapur tendenc\u00ebn [&hellip;]\" \/>\n<meta property=\"og:url\" content=\"https:\/\/permbledhja.com\/sq\/agk-sulmet-e-dimal-bashes-ndaj-gazetareve-te-rrezikshme-po-synon-disiplinimin-e-agk-se-dhe-rtk-se-nga-shteti\/\" \/>\n<meta property=\"og:site_name\" content=\"Ve\u00e7 artikuj p\u00ebrmbledh\u00ebs\" \/>\n<meta property=\"article:publisher\" content=\"https:\/\/www.facebook.com\/press07\/\" \/>\n<meta property=\"article:author\" content=\"https:\/\/www.facebook.com\/kafexhiu.muharrem\/\" \/>\n<meta property=\"article:published_time\" content=\"2024-05-04T21:42:16+00:00\" \/>\n<meta property=\"og:image\" content=\"https:\/\/permbledhja.com\/wp-content\/uploads\/2024\/05\/agk-dimalbasha-780x439-1.jpg\" \/>\n\t<meta property=\"og:image:width\" content=\"780\" \/>\n\t<meta property=\"og:image:height\" content=\"439\" \/>\n\t<meta property=\"og:image:type\" content=\"image\/jpeg\" \/>\n<meta name=\"author\" content=\"P\u00ebrmbledhja\" \/>\n<meta name=\"twitter:card\" content=\"summary_large_image\" \/>\n<meta name=\"twitter:label1\" content=\"Written by\" \/>\n\t<meta name=\"twitter:data1\" content=\"P\u00ebrmbledhja\" \/>\n\t<meta name=\"twitter:label2\" content=\"Est. reading time\" \/>\n\t<meta name=\"twitter:data2\" content=\"2 minuta\" \/>\n<script type=\"application\/ld+json\" class=\"yoast-schema-graph\">{\"@context\":\"https:\/\/schema.org\",\"@graph\":[{\"@type\":\"Article\",\"@id\":\"https:\/\/permbledhja.com\/agk-sulmet-e-dimal-bashes-ndaj-gazetareve-te-rrezikshme-po-synon-disiplinimin-e-agk-se-dhe-rtk-se-nga-shteti\/#article\",\"isPartOf\":{\"@id\":\"https:\/\/permbledhja.com\/agk-sulmet-e-dimal-bashes-ndaj-gazetareve-te-rrezikshme-po-synon-disiplinimin-e-agk-se-dhe-rtk-se-nga-shteti\/\"},\"author\":{\"name\":\"P\u00ebrmbledhja\",\"@id\":\"https:\/\/permbledhja.com\/#\/schema\/person\/0d064377258d3221e50693947b9eb4fe\"},\"headline\":\"AGK: Sulmet e Dimal Bash\u00ebs ndaj gazetar\u00ebve t\u00eb rrezikshme, po synon disiplinimin e AGK-s\u00eb dhe RTK-s\u00eb nga shteti\",\"datePublished\":\"2024-05-04T21:42:16+00:00\",\"dateModified\":\"2024-05-04T21:42:16+00:00\",\"mainEntityOfPage\":{\"@id\":\"https:\/\/permbledhja.com\/agk-sulmet-e-dimal-bashes-ndaj-gazetareve-te-rrezikshme-po-synon-disiplinimin-e-agk-se-dhe-rtk-se-nga-shteti\/\"},\"wordCount\":365,\"publisher\":{\"@id\":\"https:\/\/permbledhja.com\/#organization\"},\"keywords\":[\"AGK\"],\"articleSection\":[\"T\u00eb r\u00ebnd\u00ebsishme\"],\"inLanguage\":\"sq\"},{\"@type\":\"WebPage\",\"@id\":\"https:\/\/permbledhja.com\/agk-sulmet-e-dimal-bashes-ndaj-gazetareve-te-rrezikshme-po-synon-disiplinimin-e-agk-se-dhe-rtk-se-nga-shteti\/\",\"url\":\"https:\/\/permbledhja.com\/agk-sulmet-e-dimal-bashes-ndaj-gazetareve-te-rrezikshme-po-synon-disiplinimin-e-agk-se-dhe-rtk-se-nga-shteti\/\",\"name\":\"AGK: Sulmet e Dimal Bash\u00ebs ndaj gazetar\u00ebve t\u00eb rrezikshme, po synon disiplinimin e AGK-s\u00eb dhe RTK-s\u00eb nga shteti\",\"isPartOf\":{\"@id\":\"https:\/\/permbledhja.com\/#website\"},\"datePublished\":\"2024-05-04T21:42:16+00:00\",\"dateModified\":\"2024-05-04T21:42:16+00:00\",\"breadcrumb\":{\"@id\":\"https:\/\/permbledhja.com\/agk-sulmet-e-dimal-bashes-ndaj-gazetareve-te-rrezikshme-po-synon-disiplinimin-e-agk-se-dhe-rtk-se-nga-shteti\/#breadcrumb\"},\"inLanguage\":\"sq\",\"potentialAction\":[{\"@type\":\"ReadAction\",\"target\":[\"https:\/\/permbledhja.com\/agk-sulmet-e-dimal-bashes-ndaj-gazetareve-te-rrezikshme-po-synon-disiplinimin-e-agk-se-dhe-rtk-se-nga-shteti\/\"]}]},{\"@type\":\"BreadcrumbList\",\"@id\":\"https:\/\/permbledhja.com\/agk-sulmet-e-dimal-bashes-ndaj-gazetareve-te-rrezikshme-po-synon-disiplinimin-e-agk-se-dhe-rtk-se-nga-shteti\/#breadcrumb\",\"itemListElement\":[{\"@type\":\"ListItem\",\"position\":1,\"name\":\"Ballina\",\"item\":\"https:\/\/permbledhja.com\/sq\/\"},{\"@type\":\"ListItem\",\"position\":2,\"name\":\"AGK: Sulmet e Dimal Bash\u00ebs ndaj gazetar\u00ebve t\u00eb rrezikshme, po synon disiplinimin e AGK-s\u00eb dhe RTK-s\u00eb nga shteti\"}]},{\"@type\":\"WebSite\",\"@id\":\"https:\/\/permbledhja.com\/#website\",\"url\":\"https:\/\/permbledhja.com\/\",\"name\":\"Ve\u00e7 artikuj p\u00ebrmbledh\u00ebs\",\"description\":\"\",\"publisher\":{\"@id\":\"https:\/\/permbledhja.com\/#organization\"},\"potentialAction\":[{\"@type\":\"SearchAction\",\"target\":{\"@type\":\"EntryPoint\",\"urlTemplate\":\"https:\/\/permbledhja.com\/?s={search_term_string}\"},\"query-input\":\"required name=search_term_string\"}],\"inLanguage\":\"sq\"},{\"@type\":\"Organization\",\"@id\":\"https:\/\/permbledhja.com\/#organization\",\"name\":\"MK Media & Pr\",\"url\":\"https:\/\/permbledhja.com\/\",\"logo\":{\"@type\":\"ImageObject\",\"inLanguage\":\"sq\",\"@id\":\"https:\/\/permbledhja.com\/#\/schema\/logo\/image\/\",\"url\":\"https:\/\/permbledhja.com\/wp-content\/uploads\/2021\/12\/07-Press-Logo.jpg\",\"contentUrl\":\"https:\/\/permbledhja.com\/wp-content\/uploads\/2021\/12\/07-Press-Logo.jpg\",\"width\":512,\"height\":512,\"caption\":\"MK Media & Pr\"},\"image\":{\"@id\":\"https:\/\/permbledhja.com\/#\/schema\/logo\/image\/\"},\"sameAs\":[\"https:\/\/www.facebook.com\/press07\/\"]},{\"@type\":\"Person\",\"@id\":\"https:\/\/permbledhja.com\/#\/schema\/person\/0d064377258d3221e50693947b9eb4fe\",\"name\":\"P\u00ebrmbledhja\",\"image\":{\"@type\":\"ImageObject\",\"inLanguage\":\"sq\",\"@id\":\"https:\/\/permbledhja.com\/#\/schema\/person\/image\/\",\"url\":\"https:\/\/permbledhja.com\/wp-content\/uploads\/2026\/01\/452004717_1040944174702970_8932037511805513407_n-96x96.jpg\",\"contentUrl\":\"https:\/\/permbledhja.com\/wp-content\/uploads\/2026\/01\/452004717_1040944174702970_8932037511805513407_n-96x96.jpg\",\"caption\":\"P\u00ebrmbledhja\"},\"sameAs\":[\"https:\/\/www.facebook.com\/kafexhiu.muharrem\/\",\"https:\/\/www.instagram.com\/muharrem_kafexhiu\/\"],\"url\":\"https:\/\/permbledhja.com\/sq\/author\/admin\/\"}]}<\/script>\n<!-- \/ Yoast SEO plugin. -->","yoast_head_json":{"title":"AGK: Sulmet e Dimal Bash\u00ebs ndaj gazetar\u00ebve t\u00eb rrezikshme, po synon disiplinimin e AGK-s\u00eb dhe RTK-s\u00eb nga shteti","robots":{"index":"index","follow":"follow","max-snippet":"max-snippet:-1","max-image-preview":"max-image-preview:large","max-video-preview":"max-video-preview:-1"},"canonical":"https:\/\/permbledhja.com\/sq\/agk-sulmet-e-dimal-bashes-ndaj-gazetareve-te-rrezikshme-po-synon-disiplinimin-e-agk-se-dhe-rtk-se-nga-shteti\/","og_locale":"sq_AL","og_type":"article","og_title":"AGK: Sulmet e Dimal Bash\u00ebs ndaj gazetar\u00ebve t\u00eb rrezikshme, po synon disiplinimin e AGK-s\u00eb dhe RTK-s\u00eb nga shteti","og_description":"Asociacioni i Gazetar\u00ebve ka reaguar s\u00ebrish ndaj deputetit Dimal Basha, i cili edhe sot vazhdoi gjuh\u00ebn nxit\u00ebse ndaj gazetar\u00ebve. AGK thot\u00eb se Basha tregon hapur tendenc\u00ebn p\u00ebr t\u00eb treguar se \u00e7ka konsiderohet prioritet p\u00ebr t\u2019u raportuar nga RTK. \u201cN\u00eb reagimin e ri pas intimidimit q\u00eb b\u00ebri ndaj gazetares s\u00eb RTK-s\u00eb, Basha, e tregon hapur tendenc\u00ebn [&hellip;]","og_url":"https:\/\/permbledhja.com\/sq\/agk-sulmet-e-dimal-bashes-ndaj-gazetareve-te-rrezikshme-po-synon-disiplinimin-e-agk-se-dhe-rtk-se-nga-shteti\/","og_site_name":"Ve\u00e7 artikuj p\u00ebrmbledh\u00ebs","article_publisher":"https:\/\/www.facebook.com\/press07\/","article_author":"https:\/\/www.facebook.com\/kafexhiu.muharrem\/","article_published_time":"2024-05-04T21:42:16+00:00","og_image":[{"width":780,"height":439,"url":"https:\/\/permbledhja.com\/wp-content\/uploads\/2024\/05\/agk-dimalbasha-780x439-1.jpg","type":"image\/jpeg"}],"author":"P\u00ebrmbledhja","twitter_card":"summary_large_image","twitter_misc":{"Written by":"P\u00ebrmbledhja","Est. reading time":"2 minuta"},"schema":{"@context":"https:\/\/schema.org","@graph":[{"@type":"Article","@id":"https:\/\/permbledhja.com\/agk-sulmet-e-dimal-bashes-ndaj-gazetareve-te-rrezikshme-po-synon-disiplinimin-e-agk-se-dhe-rtk-se-nga-shteti\/#article","isPartOf":{"@id":"https:\/\/permbledhja.com\/agk-sulmet-e-dimal-bashes-ndaj-gazetareve-te-rrezikshme-po-synon-disiplinimin-e-agk-se-dhe-rtk-se-nga-shteti\/"},"author":{"name":"P\u00ebrmbledhja","@id":"https:\/\/permbledhja.com\/#\/schema\/person\/0d064377258d3221e50693947b9eb4fe"},"headline":"AGK: Sulmet e Dimal Bash\u00ebs ndaj gazetar\u00ebve t\u00eb rrezikshme, po synon disiplinimin e AGK-s\u00eb dhe RTK-s\u00eb nga shteti","datePublished":"2024-05-04T21:42:16+00:00","dateModified":"2024-05-04T21:42:16+00:00","mainEntityOfPage":{"@id":"https:\/\/permbledhja.com\/agk-sulmet-e-dimal-bashes-ndaj-gazetareve-te-rrezikshme-po-synon-disiplinimin-e-agk-se-dhe-rtk-se-nga-shteti\/"},"wordCount":365,"publisher":{"@id":"https:\/\/permbledhja.com\/#organization"},"keywords":["AGK"],"articleSection":["T\u00eb r\u00ebnd\u00ebsishme"],"inLanguage":"sq"},{"@type":"WebPage","@id":"https:\/\/permbledhja.com\/agk-sulmet-e-dimal-bashes-ndaj-gazetareve-te-rrezikshme-po-synon-disiplinimin-e-agk-se-dhe-rtk-se-nga-shteti\/","url":"https:\/\/permbledhja.com\/agk-sulmet-e-dimal-bashes-ndaj-gazetareve-te-rrezikshme-po-synon-disiplinimin-e-agk-se-dhe-rtk-se-nga-shteti\/","name":"AGK: Sulmet e Dimal Bash\u00ebs ndaj gazetar\u00ebve t\u00eb rrezikshme, po synon disiplinimin e AGK-s\u00eb dhe RTK-s\u00eb nga shteti","isPartOf":{"@id":"https:\/\/permbledhja.com\/#website"},"datePublished":"2024-05-04T21:42:16+00:00","dateModified":"2024-05-04T21:42:16+00:00","breadcrumb":{"@id":"https:\/\/permbledhja.com\/agk-sulmet-e-dimal-bashes-ndaj-gazetareve-te-rrezikshme-po-synon-disiplinimin-e-agk-se-dhe-rtk-se-nga-shteti\/#breadcrumb"},"inLanguage":"sq","potentialAction":[{"@type":"ReadAction","target":["https:\/\/permbledhja.com\/agk-sulmet-e-dimal-bashes-ndaj-gazetareve-te-rrezikshme-po-synon-disiplinimin-e-agk-se-dhe-rtk-se-nga-shteti\/"]}]},{"@type":"BreadcrumbList","@id":"https:\/\/permbledhja.com\/agk-sulmet-e-dimal-bashes-ndaj-gazetareve-te-rrezikshme-po-synon-disiplinimin-e-agk-se-dhe-rtk-se-nga-shteti\/#breadcrumb","itemListElement":[{"@type":"ListItem","position":1,"name":"Ballina","item":"https:\/\/permbledhja.com\/sq\/"},{"@type":"ListItem","position":2,"name":"AGK: Sulmet e Dimal Bash\u00ebs ndaj gazetar\u00ebve t\u00eb rrezikshme, po synon disiplinimin e AGK-s\u00eb dhe RTK-s\u00eb nga shteti"}]},{"@type":"WebSite","@id":"https:\/\/permbledhja.com\/#website","url":"https:\/\/permbledhja.com\/","name":"Ve\u00e7 artikuj p\u00ebrmbledh\u00ebs","description":"","publisher":{"@id":"https:\/\/permbledhja.com\/#organization"},"potentialAction":[{"@type":"SearchAction","target":{"@type":"EntryPoint","urlTemplate":"https:\/\/permbledhja.com\/?s={search_term_string}"},"query-input":"required name=search_term_string"}],"inLanguage":"sq"},{"@type":"Organization","@id":"https:\/\/permbledhja.com\/#organization","name":"MK Media & Pr","url":"https:\/\/permbledhja.com\/","logo":{"@type":"ImageObject","inLanguage":"sq","@id":"https:\/\/permbledhja.com\/#\/schema\/logo\/image\/","url":"https:\/\/permbledhja.com\/wp-content\/uploads\/2021\/12\/07-Press-Logo.jpg","contentUrl":"https:\/\/permbledhja.com\/wp-content\/uploads\/2021\/12\/07-Press-Logo.jpg","width":512,"height":512,"caption":"MK Media & Pr"},"image":{"@id":"https:\/\/permbledhja.com\/#\/schema\/logo\/image\/"},"sameAs":["https:\/\/www.facebook.com\/press07\/"]},{"@type":"Person","@id":"https:\/\/permbledhja.com\/#\/schema\/person\/0d064377258d3221e50693947b9eb4fe","name":"P\u00ebrmbledhja","image":{"@type":"ImageObject","inLanguage":"sq","@id":"https:\/\/permbledhja.com\/#\/schema\/person\/image\/","url":"https:\/\/permbledhja.com\/wp-content\/uploads\/2026\/01\/452004717_1040944174702970_8932037511805513407_n-96x96.jpg","contentUrl":"https:\/\/permbledhja.com\/wp-content\/uploads\/2026\/01\/452004717_1040944174702970_8932037511805513407_n-96x96.jpg","caption":"P\u00ebrmbledhja"},"sameAs":["https:\/\/www.facebook.com\/kafexhiu.muharrem\/","https:\/\/www.instagram.com\/muharrem_kafexhiu\/"],"url":"https:\/\/permbledhja.com\/sq\/author\/admin\/"}]}},"_links":{"self":[{"href":"https:\/\/permbledhja.com\/sq\/wp-json\/wp\/v2\/posts\/60166"}],"collection":[{"href":"https:\/\/permbledhja.com\/sq\/wp-json\/wp\/v2\/posts"}],"about":[{"href":"https:\/\/permbledhja.com\/sq\/wp-json\/wp\/v2\/types\/post"}],"author":[{"embeddable":true,"href":"https:\/\/permbledhja.com\/sq\/wp-json\/wp\/v2\/users\/1"}],"replies":[{"embeddable":true,"href":"https:\/\/permbledhja.com\/sq\/wp-json\/wp\/v2\/comments?post=60166"}],"version-history":[{"count":1,"href":"https:\/\/permbledhja.com\/sq\/wp-json\/wp\/v2\/posts\/60166\/revisions"}],"predecessor-version":[{"id":60168,"href":"https:\/\/permbledhja.com\/sq\/wp-json\/wp\/v2\/posts\/60166\/revisions\/60168"}],"wp:featuredmedia":[{"embeddable":true,"href":"https:\/\/permbledhja.com\/sq\/wp-json\/wp\/v2\/media\/60167"}],"wp:attachment":[{"href":"https:\/\/permbledhja.com\/sq\/wp-json\/wp\/v2\/media?parent=60166"}],"wp:term":[{"taxonomy":"category","embeddable":true,"href":"https:\/\/permbledhja.com\/sq\/wp-json\/wp\/v2\/categories?post=60166"},{"taxonomy":"post_tag","embeddable":true,"href":"https:\/\/permbledhja.com\/sq\/wp-json\/wp\/v2\/tags?post=60166"}],"curies":[{"name":"wp","href":"https:\/\/api.w.org\/{rel}","templated":true}]}}