{"id":59772,"date":"2024-05-02T08:45:23","date_gmt":"2024-05-02T08:45:23","guid":{"rendered":"https:\/\/permbledhja.com\/?p=59772"},"modified":"2024-05-02T08:45:23","modified_gmt":"2024-05-02T08:45:23","slug":"prona-e-vellait-kredia-milioneshe-ne-raiffaisen-bank-ali-e-ethem-ceku-dergohen-ne-gjyq-nga-mbesa","status":"publish","type":"post","link":"https:\/\/permbledhja.com\/sq\/prona-e-vellait-kredia-milioneshe-ne-raiffaisen-bank-ali-e-ethem-ceku-dergohen-ne-gjyq-nga-mbesa\/","title":{"rendered":"Prona e v\u00ebllait, kredia milion\u00ebshe n\u00eb Raiffaisen Bank- Ali e Ethem \u00c7eku d\u00ebrgohen n\u00eb Gjyq nga mbesa"},"content":{"rendered":"<h3><strong>N\u00eb gjykat\u00ebn e Pej\u00ebs, n\u00eb nj\u00eb zyr\u00eb t\u00eb vog\u00ebl, u mbajt nj\u00eb seanc\u00eb p\u00ebr nj\u00eb \u00e7\u00ebshtje aspak t\u00eb vog\u00ebl. Doruntina \u00c7eku, nj\u00eb qytetare e Pej\u00ebs ka d\u00ebrguar n\u00eb Gjyq xhaxhain e saj, Ali \u00c7eku. Por, publikisht n\u00eb k\u00ebt\u00eb q\u00eb ka nisur si l\u00ebnd\u00eb civile ajo e p\u00ebrmend edhe axh\u00ebn tjet\u00ebr t\u00eb saj, ish-Ministrin Ethem \u00c7eku, dhe v\u00ebllain e tyre, Gani \u00c7eku.<\/strong><\/h3>\n<p>\u201cHistoria fillon qysh nga vitet 90ta dhe vazhdon akoma e qe pika kulminante e k\u00ebsaj historie \u00ebsht\u00eb viti 2013 dhe padin\u00eb te cil\u00ebn e kam inicuar ne Gusht te vitit 2018. Si dhe pse deri k\u00ebtu e k\u00ebshtu do ju tregoj me vone\u201d, pati deklaruar jav\u00eb m\u00eb par\u00eb ajo n\u00eb nj\u00eb postim n\u00eb Facebook.<\/p>\n<p>\u201cNe kete histori jane te involvuar shume njerez duke filluar nga \u201cfamilja e babait \u201c dhe duke vazhduar deri tek institucionet dhe lajthitja e organizuar dhe e orkestruar konkretisht nga : Ali Deme \u00c7eku, Ethem Deme \u00c7eku dhe Gani Deme \u00c7eku. Te njejtit jane te paditur dhe lenda do te vijon ne shqyrtimin e radhes. Per me shume mediat do te ju mbajne te informuar. Ne kete lende une perfaqesoj prinderit e mi dhe poashtu motrat dhe vellezerit mi si e autorizuar. Skandali dhe historia po vazhdon\u2026\u201d, pati shkruar ajo.<\/p>\n<p>Gazeta Insajderi ishte n\u00eb k\u00ebt\u00eb seanc\u00eb, e cila u mbajt n\u00eb nj\u00eb zyr\u00eb t\u00eb vog\u00ebl, e ku p\u00ebr t\u00eb paditurin Ali \u00c7eku prezantoi vet\u00ebm avokati i tij, Dukagjin K\u00ebrveshi.<br \/>\nSeanca ishte e gjat\u00eb. Por, pasi q\u00eb ishte nd\u00ebrruar s\u00eb fundmi gjyqtarja e rastit, pothuajse gjith\u00e7ka nisi nga fillimi. U b\u00ebn\u00eb disa propozime, por nuk u vendos asgj\u00eb. Krejt kjo mbeti q\u00eb t\u00eb vendoset pas seanc\u00ebs nga ana e gjyqtar\u00ebs aktual rishtazi n\u00eb k\u00ebt\u00eb \u00e7\u00ebshtje.<\/p>\n<p>Por, n\u00eb disa raste situata diti q\u00eb edhe t\u00eb tensionohet.<br \/>\nSe p\u00ebr \u00e7ka e ka paditur axh\u00ebn e saj Ali \u00c7eku, se si e ka p\u00ebrfshir\u00eb xhaxhain tjet\u00ebr, ish-Ministrin Ethem \u00c7eku dhe v\u00ebllain e tyre Gani \u00c7ekun, pas seanc\u00ebs ka treguar Doruntina \u00c7eku.<\/p>\n<p><iframe loading=\"lazy\" style=\"border: none; overflow: hidden;\" src=\"https:\/\/www.facebook.com\/plugins\/video.php?href=https%3A%2F%2Fwww.facebook.com%2FInsajderiVideos%2Fvideos%2F778226621080292%2F%3Fref%3Dembed_video&amp;show_text=0&amp;width=476\" width=\"476\" height=\"476\" frameborder=\"0\" scrolling=\"no\" allowfullscreen=\"allowfullscreen\"><\/iframe><\/p>\n","protected":false},"excerpt":{"rendered":"<p>N\u00eb gjykat\u00ebn e Pej\u00ebs, n\u00eb nj\u00eb zyr\u00eb t\u00eb vog\u00ebl, u mbajt nj\u00eb seanc\u00eb p\u00ebr nj\u00eb \u00e7\u00ebshtje aspak t\u00eb vog\u00ebl. Doruntina \u00c7eku, nj\u00eb qytetare e Pej\u00ebs ka d\u00ebrguar n\u00eb Gjyq xhaxhain e saj, Ali \u00c7eku. Por, publikisht n\u00eb k\u00ebt\u00eb q\u00eb ka nisur si l\u00ebnd\u00eb civile ajo e p\u00ebrmend edhe axh\u00ebn tjet\u00ebr t\u00eb saj, ish-Ministrin Ethem \u00c7eku, [&hellip;]<\/p>\n","protected":false},"author":5,"featured_media":59773,"comment_status":"closed","ping_status":"closed","sticky":false,"template":"","format":"standard","meta":{"_monsterinsights_skip_tracking":false,"_monsterinsights_sitenote_active":false,"_monsterinsights_sitenote_note":"","_monsterinsights_sitenote_category":0,"_uf_show_specific_survey":0,"_uf_disable_surveys":false,"footnotes":""},"categories":[15],"tags":[],"yoast_head":"<!-- This site is optimized with the Yoast SEO plugin v21.5 - https:\/\/yoast.com\/wordpress\/plugins\/seo\/ -->\n<title>Prona e v\u00ebllait, kredia milion\u00ebshe n\u00eb Raiffaisen Bank- Ali e Ethem \u00c7eku d\u00ebrgohen n\u00eb Gjyq nga mbesa<\/title>\n<meta name=\"robots\" content=\"index, follow, max-snippet:-1, max-image-preview:large, max-video-preview:-1\" \/>\n<link rel=\"canonical\" href=\"https:\/\/permbledhja.com\/sq\/prona-e-vellait-kredia-milioneshe-ne-raiffaisen-bank-ali-e-ethem-ceku-dergohen-ne-gjyq-nga-mbesa\/\" \/>\n<meta property=\"og:locale\" content=\"sq_AL\" \/>\n<meta property=\"og:type\" content=\"article\" \/>\n<meta property=\"og:title\" content=\"Prona e v\u00ebllait, kredia milion\u00ebshe n\u00eb Raiffaisen Bank- Ali e Ethem \u00c7eku d\u00ebrgohen n\u00eb Gjyq nga mbesa\" \/>\n<meta property=\"og:description\" content=\"N\u00eb gjykat\u00ebn e Pej\u00ebs, n\u00eb nj\u00eb zyr\u00eb t\u00eb vog\u00ebl, u mbajt nj\u00eb seanc\u00eb p\u00ebr nj\u00eb \u00e7\u00ebshtje aspak t\u00eb vog\u00ebl. Doruntina \u00c7eku, nj\u00eb qytetare e Pej\u00ebs ka d\u00ebrguar n\u00eb Gjyq xhaxhain e saj, Ali \u00c7eku. Por, publikisht n\u00eb k\u00ebt\u00eb q\u00eb ka nisur si l\u00ebnd\u00eb civile ajo e p\u00ebrmend edhe axh\u00ebn tjet\u00ebr t\u00eb saj, ish-Ministrin Ethem \u00c7eku, [&hellip;]\" \/>\n<meta property=\"og:url\" content=\"https:\/\/permbledhja.com\/sq\/prona-e-vellait-kredia-milioneshe-ne-raiffaisen-bank-ali-e-ethem-ceku-dergohen-ne-gjyq-nga-mbesa\/\" \/>\n<meta property=\"og:site_name\" content=\"Ve\u00e7 artikuj p\u00ebrmbledh\u00ebs\" \/>\n<meta property=\"article:publisher\" content=\"https:\/\/www.facebook.com\/press07\/\" \/>\n<meta property=\"article:published_time\" content=\"2024-05-02T08:45:23+00:00\" \/>\n<meta property=\"og:image\" content=\"https:\/\/permbledhja.com\/wp-content\/uploads\/2024\/05\/w.jpg\" \/>\n\t<meta property=\"og:image:width\" content=\"720\" \/>\n\t<meta property=\"og:image:height\" content=\"405\" \/>\n\t<meta property=\"og:image:type\" content=\"image\/jpeg\" \/>\n<meta name=\"author\" content=\"DL\" \/>\n<meta name=\"twitter:card\" content=\"summary_large_image\" \/>\n<meta name=\"twitter:label1\" content=\"Written by\" \/>\n\t<meta name=\"twitter:data1\" content=\"DL\" \/>\n\t<meta name=\"twitter:label2\" content=\"Est. reading time\" \/>\n\t<meta name=\"twitter:data2\" content=\"2 minuta\" \/>\n<script type=\"application\/ld+json\" class=\"yoast-schema-graph\">{\"@context\":\"https:\/\/schema.org\",\"@graph\":[{\"@type\":\"Article\",\"@id\":\"https:\/\/permbledhja.com\/sq\/prona-e-vellait-kredia-milioneshe-ne-raiffaisen-bank-ali-e-ethem-ceku-dergohen-ne-gjyq-nga-mbesa\/#article\",\"isPartOf\":{\"@id\":\"https:\/\/permbledhja.com\/sq\/prona-e-vellait-kredia-milioneshe-ne-raiffaisen-bank-ali-e-ethem-ceku-dergohen-ne-gjyq-nga-mbesa\/\"},\"author\":{\"name\":\"DL\",\"@id\":\"https:\/\/permbledhja.com\/#\/schema\/person\/9c54260cbc4c6f792cb100550491638c\"},\"headline\":\"Prona e v\u00ebllait, kredia milion\u00ebshe n\u00eb Raiffaisen Bank- Ali e Ethem \u00c7eku d\u00ebrgohen n\u00eb Gjyq nga mbesa\",\"datePublished\":\"2024-05-02T08:45:23+00:00\",\"dateModified\":\"2024-05-02T08:45:23+00:00\",\"mainEntityOfPage\":{\"@id\":\"https:\/\/permbledhja.com\/sq\/prona-e-vellait-kredia-milioneshe-ne-raiffaisen-bank-ali-e-ethem-ceku-dergohen-ne-gjyq-nga-mbesa\/\"},\"wordCount\":372,\"publisher\":{\"@id\":\"https:\/\/permbledhja.com\/#organization\"},\"articleSection\":[\"Lajme\"],\"inLanguage\":\"sq\"},{\"@type\":\"WebPage\",\"@id\":\"https:\/\/permbledhja.com\/sq\/prona-e-vellait-kredia-milioneshe-ne-raiffaisen-bank-ali-e-ethem-ceku-dergohen-ne-gjyq-nga-mbesa\/\",\"url\":\"https:\/\/permbledhja.com\/sq\/prona-e-vellait-kredia-milioneshe-ne-raiffaisen-bank-ali-e-ethem-ceku-dergohen-ne-gjyq-nga-mbesa\/\",\"name\":\"Prona e v\u00ebllait, kredia milion\u00ebshe n\u00eb Raiffaisen Bank- Ali e Ethem \u00c7eku d\u00ebrgohen n\u00eb Gjyq nga mbesa\",\"isPartOf\":{\"@id\":\"https:\/\/permbledhja.com\/#website\"},\"datePublished\":\"2024-05-02T08:45:23+00:00\",\"dateModified\":\"2024-05-02T08:45:23+00:00\",\"breadcrumb\":{\"@id\":\"https:\/\/permbledhja.com\/sq\/prona-e-vellait-kredia-milioneshe-ne-raiffaisen-bank-ali-e-ethem-ceku-dergohen-ne-gjyq-nga-mbesa\/#breadcrumb\"},\"inLanguage\":\"sq\",\"potentialAction\":[{\"@type\":\"ReadAction\",\"target\":[\"https:\/\/permbledhja.com\/sq\/prona-e-vellait-kredia-milioneshe-ne-raiffaisen-bank-ali-e-ethem-ceku-dergohen-ne-gjyq-nga-mbesa\/\"]}]},{\"@type\":\"BreadcrumbList\",\"@id\":\"https:\/\/permbledhja.com\/sq\/prona-e-vellait-kredia-milioneshe-ne-raiffaisen-bank-ali-e-ethem-ceku-dergohen-ne-gjyq-nga-mbesa\/#breadcrumb\",\"itemListElement\":[{\"@type\":\"ListItem\",\"position\":1,\"name\":\"Ballina\",\"item\":\"https:\/\/permbledhja.com\/sq\/\"},{\"@type\":\"ListItem\",\"position\":2,\"name\":\"Prona e v\u00ebllait, kredia milion\u00ebshe n\u00eb Raiffaisen Bank- Ali e Ethem \u00c7eku d\u00ebrgohen n\u00eb Gjyq nga mbesa\"}]},{\"@type\":\"WebSite\",\"@id\":\"https:\/\/permbledhja.com\/#website\",\"url\":\"https:\/\/permbledhja.com\/\",\"name\":\"Ve\u00e7 artikuj p\u00ebrmbledh\u00ebs\",\"description\":\"\",\"publisher\":{\"@id\":\"https:\/\/permbledhja.com\/#organization\"},\"potentialAction\":[{\"@type\":\"SearchAction\",\"target\":{\"@type\":\"EntryPoint\",\"urlTemplate\":\"https:\/\/permbledhja.com\/?s={search_term_string}\"},\"query-input\":\"required name=search_term_string\"}],\"inLanguage\":\"sq\"},{\"@type\":\"Organization\",\"@id\":\"https:\/\/permbledhja.com\/#organization\",\"name\":\"MK Media & Pr\",\"url\":\"https:\/\/permbledhja.com\/\",\"logo\":{\"@type\":\"ImageObject\",\"inLanguage\":\"sq\",\"@id\":\"https:\/\/permbledhja.com\/#\/schema\/logo\/image\/\",\"url\":\"https:\/\/permbledhja.com\/wp-content\/uploads\/2021\/12\/07-Press-Logo.jpg\",\"contentUrl\":\"https:\/\/permbledhja.com\/wp-content\/uploads\/2021\/12\/07-Press-Logo.jpg\",\"width\":512,\"height\":512,\"caption\":\"MK Media & Pr\"},\"image\":{\"@id\":\"https:\/\/permbledhja.com\/#\/schema\/logo\/image\/\"},\"sameAs\":[\"https:\/\/www.facebook.com\/press07\/\"]},{\"@type\":\"Person\",\"@id\":\"https:\/\/permbledhja.com\/#\/schema\/person\/9c54260cbc4c6f792cb100550491638c\",\"name\":\"DL\",\"image\":{\"@type\":\"ImageObject\",\"inLanguage\":\"sq\",\"@id\":\"https:\/\/permbledhja.com\/#\/schema\/person\/image\/\",\"url\":\"https:\/\/secure.gravatar.com\/avatar\/94503eb28d4c4b2005a5c8753e35fc80?s=96&d=mm&r=g\",\"contentUrl\":\"https:\/\/secure.gravatar.com\/avatar\/94503eb28d4c4b2005a5c8753e35fc80?s=96&d=mm&r=g\",\"caption\":\"DL\"},\"url\":\"https:\/\/permbledhja.com\/sq\/author\/dl\/\"}]}<\/script>\n<!-- \/ Yoast SEO plugin. -->","yoast_head_json":{"title":"Prona e v\u00ebllait, kredia milion\u00ebshe n\u00eb Raiffaisen Bank- Ali e Ethem \u00c7eku d\u00ebrgohen n\u00eb Gjyq nga mbesa","robots":{"index":"index","follow":"follow","max-snippet":"max-snippet:-1","max-image-preview":"max-image-preview:large","max-video-preview":"max-video-preview:-1"},"canonical":"https:\/\/permbledhja.com\/sq\/prona-e-vellait-kredia-milioneshe-ne-raiffaisen-bank-ali-e-ethem-ceku-dergohen-ne-gjyq-nga-mbesa\/","og_locale":"sq_AL","og_type":"article","og_title":"Prona e v\u00ebllait, kredia milion\u00ebshe n\u00eb Raiffaisen Bank- Ali e Ethem \u00c7eku d\u00ebrgohen n\u00eb Gjyq nga mbesa","og_description":"N\u00eb gjykat\u00ebn e Pej\u00ebs, n\u00eb nj\u00eb zyr\u00eb t\u00eb vog\u00ebl, u mbajt nj\u00eb seanc\u00eb p\u00ebr nj\u00eb \u00e7\u00ebshtje aspak t\u00eb vog\u00ebl. Doruntina \u00c7eku, nj\u00eb qytetare e Pej\u00ebs ka d\u00ebrguar n\u00eb Gjyq xhaxhain e saj, Ali \u00c7eku. Por, publikisht n\u00eb k\u00ebt\u00eb q\u00eb ka nisur si l\u00ebnd\u00eb civile ajo e p\u00ebrmend edhe axh\u00ebn tjet\u00ebr t\u00eb saj, ish-Ministrin Ethem \u00c7eku, [&hellip;]","og_url":"https:\/\/permbledhja.com\/sq\/prona-e-vellait-kredia-milioneshe-ne-raiffaisen-bank-ali-e-ethem-ceku-dergohen-ne-gjyq-nga-mbesa\/","og_site_name":"Ve\u00e7 artikuj p\u00ebrmbledh\u00ebs","article_publisher":"https:\/\/www.facebook.com\/press07\/","article_published_time":"2024-05-02T08:45:23+00:00","og_image":[{"width":720,"height":405,"url":"https:\/\/permbledhja.com\/wp-content\/uploads\/2024\/05\/w.jpg","type":"image\/jpeg"}],"author":"DL","twitter_card":"summary_large_image","twitter_misc":{"Written by":"DL","Est. reading time":"2 minuta"},"schema":{"@context":"https:\/\/schema.org","@graph":[{"@type":"Article","@id":"https:\/\/permbledhja.com\/sq\/prona-e-vellait-kredia-milioneshe-ne-raiffaisen-bank-ali-e-ethem-ceku-dergohen-ne-gjyq-nga-mbesa\/#article","isPartOf":{"@id":"https:\/\/permbledhja.com\/sq\/prona-e-vellait-kredia-milioneshe-ne-raiffaisen-bank-ali-e-ethem-ceku-dergohen-ne-gjyq-nga-mbesa\/"},"author":{"name":"DL","@id":"https:\/\/permbledhja.com\/#\/schema\/person\/9c54260cbc4c6f792cb100550491638c"},"headline":"Prona e v\u00ebllait, kredia milion\u00ebshe n\u00eb Raiffaisen Bank- Ali e Ethem \u00c7eku d\u00ebrgohen n\u00eb Gjyq nga mbesa","datePublished":"2024-05-02T08:45:23+00:00","dateModified":"2024-05-02T08:45:23+00:00","mainEntityOfPage":{"@id":"https:\/\/permbledhja.com\/sq\/prona-e-vellait-kredia-milioneshe-ne-raiffaisen-bank-ali-e-ethem-ceku-dergohen-ne-gjyq-nga-mbesa\/"},"wordCount":372,"publisher":{"@id":"https:\/\/permbledhja.com\/#organization"},"articleSection":["Lajme"],"inLanguage":"sq"},{"@type":"WebPage","@id":"https:\/\/permbledhja.com\/sq\/prona-e-vellait-kredia-milioneshe-ne-raiffaisen-bank-ali-e-ethem-ceku-dergohen-ne-gjyq-nga-mbesa\/","url":"https:\/\/permbledhja.com\/sq\/prona-e-vellait-kredia-milioneshe-ne-raiffaisen-bank-ali-e-ethem-ceku-dergohen-ne-gjyq-nga-mbesa\/","name":"Prona e v\u00ebllait, kredia milion\u00ebshe n\u00eb Raiffaisen Bank- Ali e Ethem \u00c7eku d\u00ebrgohen n\u00eb Gjyq nga mbesa","isPartOf":{"@id":"https:\/\/permbledhja.com\/#website"},"datePublished":"2024-05-02T08:45:23+00:00","dateModified":"2024-05-02T08:45:23+00:00","breadcrumb":{"@id":"https:\/\/permbledhja.com\/sq\/prona-e-vellait-kredia-milioneshe-ne-raiffaisen-bank-ali-e-ethem-ceku-dergohen-ne-gjyq-nga-mbesa\/#breadcrumb"},"inLanguage":"sq","potentialAction":[{"@type":"ReadAction","target":["https:\/\/permbledhja.com\/sq\/prona-e-vellait-kredia-milioneshe-ne-raiffaisen-bank-ali-e-ethem-ceku-dergohen-ne-gjyq-nga-mbesa\/"]}]},{"@type":"BreadcrumbList","@id":"https:\/\/permbledhja.com\/sq\/prona-e-vellait-kredia-milioneshe-ne-raiffaisen-bank-ali-e-ethem-ceku-dergohen-ne-gjyq-nga-mbesa\/#breadcrumb","itemListElement":[{"@type":"ListItem","position":1,"name":"Ballina","item":"https:\/\/permbledhja.com\/sq\/"},{"@type":"ListItem","position":2,"name":"Prona e v\u00ebllait, kredia milion\u00ebshe n\u00eb Raiffaisen Bank- Ali e Ethem \u00c7eku d\u00ebrgohen n\u00eb Gjyq nga mbesa"}]},{"@type":"WebSite","@id":"https:\/\/permbledhja.com\/#website","url":"https:\/\/permbledhja.com\/","name":"Ve\u00e7 artikuj p\u00ebrmbledh\u00ebs","description":"","publisher":{"@id":"https:\/\/permbledhja.com\/#organization"},"potentialAction":[{"@type":"SearchAction","target":{"@type":"EntryPoint","urlTemplate":"https:\/\/permbledhja.com\/?s={search_term_string}"},"query-input":"required name=search_term_string"}],"inLanguage":"sq"},{"@type":"Organization","@id":"https:\/\/permbledhja.com\/#organization","name":"MK Media & Pr","url":"https:\/\/permbledhja.com\/","logo":{"@type":"ImageObject","inLanguage":"sq","@id":"https:\/\/permbledhja.com\/#\/schema\/logo\/image\/","url":"https:\/\/permbledhja.com\/wp-content\/uploads\/2021\/12\/07-Press-Logo.jpg","contentUrl":"https:\/\/permbledhja.com\/wp-content\/uploads\/2021\/12\/07-Press-Logo.jpg","width":512,"height":512,"caption":"MK Media & Pr"},"image":{"@id":"https:\/\/permbledhja.com\/#\/schema\/logo\/image\/"},"sameAs":["https:\/\/www.facebook.com\/press07\/"]},{"@type":"Person","@id":"https:\/\/permbledhja.com\/#\/schema\/person\/9c54260cbc4c6f792cb100550491638c","name":"DL","image":{"@type":"ImageObject","inLanguage":"sq","@id":"https:\/\/permbledhja.com\/#\/schema\/person\/image\/","url":"https:\/\/secure.gravatar.com\/avatar\/94503eb28d4c4b2005a5c8753e35fc80?s=96&d=mm&r=g","contentUrl":"https:\/\/secure.gravatar.com\/avatar\/94503eb28d4c4b2005a5c8753e35fc80?s=96&d=mm&r=g","caption":"DL"},"url":"https:\/\/permbledhja.com\/sq\/author\/dl\/"}]}},"_links":{"self":[{"href":"https:\/\/permbledhja.com\/sq\/wp-json\/wp\/v2\/posts\/59772"}],"collection":[{"href":"https:\/\/permbledhja.com\/sq\/wp-json\/wp\/v2\/posts"}],"about":[{"href":"https:\/\/permbledhja.com\/sq\/wp-json\/wp\/v2\/types\/post"}],"author":[{"embeddable":true,"href":"https:\/\/permbledhja.com\/sq\/wp-json\/wp\/v2\/users\/5"}],"replies":[{"embeddable":true,"href":"https:\/\/permbledhja.com\/sq\/wp-json\/wp\/v2\/comments?post=59772"}],"version-history":[{"count":1,"href":"https:\/\/permbledhja.com\/sq\/wp-json\/wp\/v2\/posts\/59772\/revisions"}],"predecessor-version":[{"id":59774,"href":"https:\/\/permbledhja.com\/sq\/wp-json\/wp\/v2\/posts\/59772\/revisions\/59774"}],"wp:featuredmedia":[{"embeddable":true,"href":"https:\/\/permbledhja.com\/sq\/wp-json\/wp\/v2\/media\/59773"}],"wp:attachment":[{"href":"https:\/\/permbledhja.com\/sq\/wp-json\/wp\/v2\/media?parent=59772"}],"wp:term":[{"taxonomy":"category","embeddable":true,"href":"https:\/\/permbledhja.com\/sq\/wp-json\/wp\/v2\/categories?post=59772"},{"taxonomy":"post_tag","embeddable":true,"href":"https:\/\/permbledhja.com\/sq\/wp-json\/wp\/v2\/tags?post=59772"}],"curies":[{"name":"wp","href":"https:\/\/api.w.org\/{rel}","templated":true}]}}