{"id":59766,"date":"2024-05-02T08:24:39","date_gmt":"2024-05-02T08:24:39","guid":{"rendered":"https:\/\/permbledhja.com\/?p=59766"},"modified":"2024-05-02T08:24:39","modified_gmt":"2024-05-02T08:24:39","slug":"dergohet-ne-okb-propozimi-final-per-rezoluten-per-srebrenicen","status":"publish","type":"post","link":"https:\/\/permbledhja.com\/sq\/dergohet-ne-okb-propozimi-final-per-rezoluten-per-srebrenicen\/","title":{"rendered":"D\u00ebrgohet n\u00eb OKB propozimi final p\u00ebr rezolut\u00ebn p\u00ebr Srebrenic\u00ebn"},"content":{"rendered":"<h3><strong>Propozimi final p\u00ebr rezolut\u00ebn p\u00ebr Srebrenic\u00ebn i \u00ebsht\u00eb d\u00ebrguar presidentit t\u00eb Asambles\u00eb s\u00eb P\u00ebrgjithshme t\u00eb Kombe t\u00eb Bashkuara, Dennis Francis, dhe t\u00eb gjitha misioneve t\u00eb p\u00ebrhershme n\u00eb OKB.<\/strong><\/h3>\n<p>Njoftimi u b\u00eb nga ambasadori i Bosnje e Hercegovin\u00ebs n\u00eb OKB, Zllatko Lagumxhija.<\/p>\n<p>\u201cPas disa rundesh t\u00eb konsultimeve gjith\u00ebp\u00ebrfshir\u00ebse, propozimi final p\u00ebr rezolut\u00ebn p\u00ebr \u2018Dit\u00ebn Nd\u00ebrkomb\u00ebtare t\u00eb Reflektimit dhe Kujtimit t\u00eb Gjenocidit n\u00eb Srebrenic\u00eb m\u00eb 1995\u2019, i hartuar nga nj\u00eb grup shtetesh, i \u00ebsht\u00eb d\u00ebrguar presidentit t\u00eb Asambles\u00eb s\u00eb P\u00ebrgjithshme dhe t\u00eb gjitha misioneve t\u00eb p\u00ebrhershme n\u00eb OKB\u201d, shkroi ai n\u00eb X, q\u00eb m\u00eb her\u00ebt njihej si Twitter.<\/p>\n<p>Dit\u00ebve t\u00eb fundit, konsultime joformale jan\u00eb mbajtur n\u00eb selin\u00eb e OKB-s\u00eb n\u00eb Nju Jork p\u00ebr draft-rezolut\u00ebn q\u00eb synon t\u00eb shpall\u00eb 11 korrikun si Dit\u00eb Nd\u00ebrkomb\u00ebtare t\u00eb Kujtimit t\u00eb Gjenocidit n\u00eb Srebrenic\u00eb.<\/p>\n<p>Si\u00e7 ishte njoftuar paraprakisht n\u00eb ueb-faqen e OKB-s\u00eb, n\u00eb konsultimet p\u00ebr draft-rezolut\u00ebn mor\u00ebn pjes\u00eb misionet e p\u00ebrhershme t\u00eb Gjermanis\u00eb dhe Ruand\u00ebs, s\u00eb bashku me misionet e Shqip\u00ebris\u00eb, Bosnje e Hercegovin\u00ebs, Kilit, Finland\u00ebs, Franc\u00ebs, Irland\u00ebs, Italis\u00eb, Jordanis\u00eb, Holand\u00ebs, Lihtenshtajnit, Malajzis\u00eb, Zeland\u00ebs s\u00eb Re, Sllovenis\u00eb, Turqis\u00eb dhe Shteteve t\u00eb Bashkuara.<\/p>\n<p>Nd\u00ebrkaq, m\u00eb 30 prill, K\u00ebshilli i Sigurimit i OKB-s\u00eb mbajti nj\u00eb seanc\u00eb p\u00ebr Bosnje e Hercegovin\u00ebn me k\u00ebrkes\u00eb t\u00eb Rusis\u00eb. Seanca u mbajt me arsyetimin p\u00ebr t\u00eb diskutuar situat\u00ebn e siguris\u00eb dhe rreziqet e cenimit t\u00eb Marr\u00ebveshjes s\u00eb Paqes t\u00eb Dejtonit. Rusia k\u00ebrkoi mbajtjen e seanc\u00ebs pas letr\u00ebs s\u00eb Zhellka Cijanoviqit, an\u00ebtares serbe t\u00eb Presidenc\u00ebs s\u00eb Bosnj\u00ebs q\u00eb i d\u00ebrgoi K\u00ebshillit t\u00eb Sigurimit.<\/p>\n<p>Seanca u mbajt n\u00eb koh\u00ebn kur Serbia dhe politikan\u00ebt nga entiteti i Republik\u00ebs S\u00ebrpska n\u00eb Bosnje, dhe aleatja e tyre, Rusia, po lobojn\u00eb kund\u00ebr miratimit t\u00eb rezolut\u00ebs p\u00ebr gjencodin n\u00eb Srebrenic\u00eb n\u00eb OKB. Votimi i k\u00ebsaj rezolute n\u00eb Asamblen\u00eb e P\u00ebrgjithshme gjat\u00eb majit.<\/p>\n<p>Kur K\u00ebshilli i Sigurimit i OKB-s\u00eb vendosi t\u00eb miratonte nj\u00eb rezolut\u00eb p\u00ebr gjenocidin n\u00eb Srebrenic\u00eb n\u00ebnt\u00eb vjet m\u00eb par\u00eb, Rusia vendosi veto dhe miratimi d\u00ebshtoi. K\u00ebsaj radhe, rezoluta do t\u00eb hidhet n\u00eb votim n\u00eb Asamblen\u00eb e P\u00ebrgjithshme, ku nuk ka t\u00eb drejt\u00eb t\u00eb vetos.<\/p>\n<p>Pavar\u00ebsisht vendimeve t\u00eb gjykatave nd\u00ebrkomb\u00ebtare, Beogradi dhe autoritetet n\u00eb Republik\u00ebn S\u00ebrpska mohojn\u00eb se n\u00eb korrik t\u00eb vitit 1995 n\u00eb Srebrenic\u00eb \u00ebsht\u00eb kryer gjenocid.<\/p>\n<p>M\u00eb 2007, Gjykata Nd\u00ebrkomb\u00ebtare e Drejt\u00ebsis\u00eb n\u00eb Hag\u00eb e cil\u00ebsoi si gjenocid krimin e kryer n\u00eb Srebrenic\u00eb, ku m\u00eb shum\u00eb se 8.000 burra dhe djem u vran\u00eb nga Ushtria e Republik\u00ebs S\u00ebrpska.<\/p>\n<p>Deri m\u00eb tani, m\u00eb shum\u00eb se 50 persona jan\u00eb d\u00ebnuar me mbi 700 vjet burgim p\u00ebr gjencodin dhe krime t\u00eb tjera t\u00eb kryera n\u00eb Srebrenic\u00eb.<\/p>\n","protected":false},"excerpt":{"rendered":"<p>Propozimi final p\u00ebr rezolut\u00ebn p\u00ebr Srebrenic\u00ebn i \u00ebsht\u00eb d\u00ebrguar presidentit t\u00eb Asambles\u00eb s\u00eb P\u00ebrgjithshme t\u00eb Kombe t\u00eb Bashkuara, Dennis Francis, dhe t\u00eb gjitha misioneve t\u00eb p\u00ebrhershme n\u00eb OKB. Njoftimi u b\u00eb nga ambasadori i Bosnje e Hercegovin\u00ebs n\u00eb OKB, Zllatko Lagumxhija. \u201cPas disa rundesh t\u00eb konsultimeve gjith\u00ebp\u00ebrfshir\u00ebse, propozimi final p\u00ebr rezolut\u00ebn p\u00ebr \u2018Dit\u00ebn Nd\u00ebrkomb\u00ebtare t\u00eb [&hellip;]<\/p>\n","protected":false},"author":5,"featured_media":59767,"comment_status":"closed","ping_status":"closed","sticky":false,"template":"","format":"standard","meta":{"_monsterinsights_skip_tracking":false,"_monsterinsights_sitenote_active":false,"_monsterinsights_sitenote_note":"","_monsterinsights_sitenote_category":0,"_uf_show_specific_survey":0,"_uf_disable_surveys":false,"footnotes":""},"categories":[2645],"tags":[],"yoast_head":"<!-- This site is optimized with the Yoast SEO plugin v21.5 - https:\/\/yoast.com\/wordpress\/plugins\/seo\/ -->\n<title>D\u00ebrgohet n\u00eb OKB propozimi final p\u00ebr rezolut\u00ebn p\u00ebr Srebrenic\u00ebn<\/title>\n<meta name=\"robots\" content=\"index, follow, max-snippet:-1, max-image-preview:large, max-video-preview:-1\" \/>\n<link rel=\"canonical\" href=\"https:\/\/permbledhja.com\/sq\/dergohet-ne-okb-propozimi-final-per-rezoluten-per-srebrenicen\/\" \/>\n<meta property=\"og:locale\" content=\"sq_AL\" \/>\n<meta property=\"og:type\" content=\"article\" \/>\n<meta property=\"og:title\" content=\"D\u00ebrgohet n\u00eb OKB propozimi final p\u00ebr rezolut\u00ebn p\u00ebr Srebrenic\u00ebn\" \/>\n<meta property=\"og:description\" content=\"Propozimi final p\u00ebr rezolut\u00ebn p\u00ebr Srebrenic\u00ebn i \u00ebsht\u00eb d\u00ebrguar presidentit t\u00eb Asambles\u00eb s\u00eb P\u00ebrgjithshme t\u00eb Kombe t\u00eb Bashkuara, Dennis Francis, dhe t\u00eb gjitha misioneve t\u00eb p\u00ebrhershme n\u00eb OKB. Njoftimi u b\u00eb nga ambasadori i Bosnje e Hercegovin\u00ebs n\u00eb OKB, Zllatko Lagumxhija. \u201cPas disa rundesh t\u00eb konsultimeve gjith\u00ebp\u00ebrfshir\u00ebse, propozimi final p\u00ebr rezolut\u00ebn p\u00ebr \u2018Dit\u00ebn Nd\u00ebrkomb\u00ebtare t\u00eb [&hellip;]\" \/>\n<meta property=\"og:url\" content=\"https:\/\/permbledhja.com\/sq\/dergohet-ne-okb-propozimi-final-per-rezoluten-per-srebrenicen\/\" \/>\n<meta property=\"og:site_name\" content=\"Ve\u00e7 artikuj p\u00ebrmbledh\u00ebs\" \/>\n<meta property=\"article:publisher\" content=\"https:\/\/www.facebook.com\/press07\/\" \/>\n<meta property=\"article:published_time\" content=\"2024-05-02T08:24:39+00:00\" \/>\n<meta property=\"og:image\" content=\"https:\/\/permbledhja.com\/wp-content\/uploads\/2024\/05\/okb.jpg\" \/>\n\t<meta property=\"og:image:width\" content=\"872\" \/>\n\t<meta property=\"og:image:height\" content=\"544\" \/>\n\t<meta property=\"og:image:type\" content=\"image\/jpeg\" \/>\n<meta name=\"author\" content=\"DL\" \/>\n<meta name=\"twitter:card\" content=\"summary_large_image\" \/>\n<meta name=\"twitter:label1\" content=\"Written by\" \/>\n\t<meta name=\"twitter:data1\" content=\"DL\" \/>\n\t<meta name=\"twitter:label2\" content=\"Est. reading time\" \/>\n\t<meta name=\"twitter:data2\" content=\"3 minuta\" \/>\n<script type=\"application\/ld+json\" class=\"yoast-schema-graph\">{\"@context\":\"https:\/\/schema.org\",\"@graph\":[{\"@type\":\"Article\",\"@id\":\"https:\/\/permbledhja.com\/dergohet-ne-okb-propozimi-final-per-rezoluten-per-srebrenicen\/#article\",\"isPartOf\":{\"@id\":\"https:\/\/permbledhja.com\/dergohet-ne-okb-propozimi-final-per-rezoluten-per-srebrenicen\/\"},\"author\":{\"name\":\"DL\",\"@id\":\"https:\/\/permbledhja.com\/#\/schema\/person\/9c54260cbc4c6f792cb100550491638c\"},\"headline\":\"D\u00ebrgohet n\u00eb OKB propozimi final p\u00ebr rezolut\u00ebn p\u00ebr Srebrenic\u00ebn\",\"datePublished\":\"2024-05-02T08:24:39+00:00\",\"dateModified\":\"2024-05-02T08:24:39+00:00\",\"mainEntityOfPage\":{\"@id\":\"https:\/\/permbledhja.com\/dergohet-ne-okb-propozimi-final-per-rezoluten-per-srebrenicen\/\"},\"wordCount\":493,\"publisher\":{\"@id\":\"https:\/\/permbledhja.com\/#organization\"},\"articleSection\":[\"T\u00eb r\u00ebnd\u00ebsishme\"],\"inLanguage\":\"sq\"},{\"@type\":\"WebPage\",\"@id\":\"https:\/\/permbledhja.com\/dergohet-ne-okb-propozimi-final-per-rezoluten-per-srebrenicen\/\",\"url\":\"https:\/\/permbledhja.com\/dergohet-ne-okb-propozimi-final-per-rezoluten-per-srebrenicen\/\",\"name\":\"D\u00ebrgohet n\u00eb OKB propozimi final p\u00ebr rezolut\u00ebn p\u00ebr Srebrenic\u00ebn\",\"isPartOf\":{\"@id\":\"https:\/\/permbledhja.com\/#website\"},\"datePublished\":\"2024-05-02T08:24:39+00:00\",\"dateModified\":\"2024-05-02T08:24:39+00:00\",\"breadcrumb\":{\"@id\":\"https:\/\/permbledhja.com\/dergohet-ne-okb-propozimi-final-per-rezoluten-per-srebrenicen\/#breadcrumb\"},\"inLanguage\":\"sq\",\"potentialAction\":[{\"@type\":\"ReadAction\",\"target\":[\"https:\/\/permbledhja.com\/dergohet-ne-okb-propozimi-final-per-rezoluten-per-srebrenicen\/\"]}]},{\"@type\":\"BreadcrumbList\",\"@id\":\"https:\/\/permbledhja.com\/dergohet-ne-okb-propozimi-final-per-rezoluten-per-srebrenicen\/#breadcrumb\",\"itemListElement\":[{\"@type\":\"ListItem\",\"position\":1,\"name\":\"Ballina\",\"item\":\"https:\/\/permbledhja.com\/sq\/\"},{\"@type\":\"ListItem\",\"position\":2,\"name\":\"D\u00ebrgohet n\u00eb OKB propozimi final p\u00ebr rezolut\u00ebn p\u00ebr Srebrenic\u00ebn\"}]},{\"@type\":\"WebSite\",\"@id\":\"https:\/\/permbledhja.com\/#website\",\"url\":\"https:\/\/permbledhja.com\/\",\"name\":\"Ve\u00e7 artikuj p\u00ebrmbledh\u00ebs\",\"description\":\"\",\"publisher\":{\"@id\":\"https:\/\/permbledhja.com\/#organization\"},\"potentialAction\":[{\"@type\":\"SearchAction\",\"target\":{\"@type\":\"EntryPoint\",\"urlTemplate\":\"https:\/\/permbledhja.com\/?s={search_term_string}\"},\"query-input\":\"required name=search_term_string\"}],\"inLanguage\":\"sq\"},{\"@type\":\"Organization\",\"@id\":\"https:\/\/permbledhja.com\/#organization\",\"name\":\"MK Media & Pr\",\"url\":\"https:\/\/permbledhja.com\/\",\"logo\":{\"@type\":\"ImageObject\",\"inLanguage\":\"sq\",\"@id\":\"https:\/\/permbledhja.com\/#\/schema\/logo\/image\/\",\"url\":\"https:\/\/permbledhja.com\/wp-content\/uploads\/2021\/12\/07-Press-Logo.jpg\",\"contentUrl\":\"https:\/\/permbledhja.com\/wp-content\/uploads\/2021\/12\/07-Press-Logo.jpg\",\"width\":512,\"height\":512,\"caption\":\"MK Media & Pr\"},\"image\":{\"@id\":\"https:\/\/permbledhja.com\/#\/schema\/logo\/image\/\"},\"sameAs\":[\"https:\/\/www.facebook.com\/press07\/\"]},{\"@type\":\"Person\",\"@id\":\"https:\/\/permbledhja.com\/#\/schema\/person\/9c54260cbc4c6f792cb100550491638c\",\"name\":\"DL\",\"image\":{\"@type\":\"ImageObject\",\"inLanguage\":\"sq\",\"@id\":\"https:\/\/permbledhja.com\/#\/schema\/person\/image\/\",\"url\":\"https:\/\/secure.gravatar.com\/avatar\/94503eb28d4c4b2005a5c8753e35fc80?s=96&d=mm&r=g\",\"contentUrl\":\"https:\/\/secure.gravatar.com\/avatar\/94503eb28d4c4b2005a5c8753e35fc80?s=96&d=mm&r=g\",\"caption\":\"DL\"},\"url\":\"https:\/\/permbledhja.com\/sq\/author\/dl\/\"}]}<\/script>\n<!-- \/ Yoast SEO plugin. -->","yoast_head_json":{"title":"D\u00ebrgohet n\u00eb OKB propozimi final p\u00ebr rezolut\u00ebn p\u00ebr Srebrenic\u00ebn","robots":{"index":"index","follow":"follow","max-snippet":"max-snippet:-1","max-image-preview":"max-image-preview:large","max-video-preview":"max-video-preview:-1"},"canonical":"https:\/\/permbledhja.com\/sq\/dergohet-ne-okb-propozimi-final-per-rezoluten-per-srebrenicen\/","og_locale":"sq_AL","og_type":"article","og_title":"D\u00ebrgohet n\u00eb OKB propozimi final p\u00ebr rezolut\u00ebn p\u00ebr Srebrenic\u00ebn","og_description":"Propozimi final p\u00ebr rezolut\u00ebn p\u00ebr Srebrenic\u00ebn i \u00ebsht\u00eb d\u00ebrguar presidentit t\u00eb Asambles\u00eb s\u00eb P\u00ebrgjithshme t\u00eb Kombe t\u00eb Bashkuara, Dennis Francis, dhe t\u00eb gjitha misioneve t\u00eb p\u00ebrhershme n\u00eb OKB. Njoftimi u b\u00eb nga ambasadori i Bosnje e Hercegovin\u00ebs n\u00eb OKB, Zllatko Lagumxhija. \u201cPas disa rundesh t\u00eb konsultimeve gjith\u00ebp\u00ebrfshir\u00ebse, propozimi final p\u00ebr rezolut\u00ebn p\u00ebr \u2018Dit\u00ebn Nd\u00ebrkomb\u00ebtare t\u00eb [&hellip;]","og_url":"https:\/\/permbledhja.com\/sq\/dergohet-ne-okb-propozimi-final-per-rezoluten-per-srebrenicen\/","og_site_name":"Ve\u00e7 artikuj p\u00ebrmbledh\u00ebs","article_publisher":"https:\/\/www.facebook.com\/press07\/","article_published_time":"2024-05-02T08:24:39+00:00","og_image":[{"width":872,"height":544,"url":"https:\/\/permbledhja.com\/wp-content\/uploads\/2024\/05\/okb.jpg","type":"image\/jpeg"}],"author":"DL","twitter_card":"summary_large_image","twitter_misc":{"Written by":"DL","Est. reading time":"3 minuta"},"schema":{"@context":"https:\/\/schema.org","@graph":[{"@type":"Article","@id":"https:\/\/permbledhja.com\/dergohet-ne-okb-propozimi-final-per-rezoluten-per-srebrenicen\/#article","isPartOf":{"@id":"https:\/\/permbledhja.com\/dergohet-ne-okb-propozimi-final-per-rezoluten-per-srebrenicen\/"},"author":{"name":"DL","@id":"https:\/\/permbledhja.com\/#\/schema\/person\/9c54260cbc4c6f792cb100550491638c"},"headline":"D\u00ebrgohet n\u00eb OKB propozimi final p\u00ebr rezolut\u00ebn p\u00ebr Srebrenic\u00ebn","datePublished":"2024-05-02T08:24:39+00:00","dateModified":"2024-05-02T08:24:39+00:00","mainEntityOfPage":{"@id":"https:\/\/permbledhja.com\/dergohet-ne-okb-propozimi-final-per-rezoluten-per-srebrenicen\/"},"wordCount":493,"publisher":{"@id":"https:\/\/permbledhja.com\/#organization"},"articleSection":["T\u00eb r\u00ebnd\u00ebsishme"],"inLanguage":"sq"},{"@type":"WebPage","@id":"https:\/\/permbledhja.com\/dergohet-ne-okb-propozimi-final-per-rezoluten-per-srebrenicen\/","url":"https:\/\/permbledhja.com\/dergohet-ne-okb-propozimi-final-per-rezoluten-per-srebrenicen\/","name":"D\u00ebrgohet n\u00eb OKB propozimi final p\u00ebr rezolut\u00ebn p\u00ebr Srebrenic\u00ebn","isPartOf":{"@id":"https:\/\/permbledhja.com\/#website"},"datePublished":"2024-05-02T08:24:39+00:00","dateModified":"2024-05-02T08:24:39+00:00","breadcrumb":{"@id":"https:\/\/permbledhja.com\/dergohet-ne-okb-propozimi-final-per-rezoluten-per-srebrenicen\/#breadcrumb"},"inLanguage":"sq","potentialAction":[{"@type":"ReadAction","target":["https:\/\/permbledhja.com\/dergohet-ne-okb-propozimi-final-per-rezoluten-per-srebrenicen\/"]}]},{"@type":"BreadcrumbList","@id":"https:\/\/permbledhja.com\/dergohet-ne-okb-propozimi-final-per-rezoluten-per-srebrenicen\/#breadcrumb","itemListElement":[{"@type":"ListItem","position":1,"name":"Ballina","item":"https:\/\/permbledhja.com\/sq\/"},{"@type":"ListItem","position":2,"name":"D\u00ebrgohet n\u00eb OKB propozimi final p\u00ebr rezolut\u00ebn p\u00ebr Srebrenic\u00ebn"}]},{"@type":"WebSite","@id":"https:\/\/permbledhja.com\/#website","url":"https:\/\/permbledhja.com\/","name":"Ve\u00e7 artikuj p\u00ebrmbledh\u00ebs","description":"","publisher":{"@id":"https:\/\/permbledhja.com\/#organization"},"potentialAction":[{"@type":"SearchAction","target":{"@type":"EntryPoint","urlTemplate":"https:\/\/permbledhja.com\/?s={search_term_string}"},"query-input":"required name=search_term_string"}],"inLanguage":"sq"},{"@type":"Organization","@id":"https:\/\/permbledhja.com\/#organization","name":"MK Media & Pr","url":"https:\/\/permbledhja.com\/","logo":{"@type":"ImageObject","inLanguage":"sq","@id":"https:\/\/permbledhja.com\/#\/schema\/logo\/image\/","url":"https:\/\/permbledhja.com\/wp-content\/uploads\/2021\/12\/07-Press-Logo.jpg","contentUrl":"https:\/\/permbledhja.com\/wp-content\/uploads\/2021\/12\/07-Press-Logo.jpg","width":512,"height":512,"caption":"MK Media & Pr"},"image":{"@id":"https:\/\/permbledhja.com\/#\/schema\/logo\/image\/"},"sameAs":["https:\/\/www.facebook.com\/press07\/"]},{"@type":"Person","@id":"https:\/\/permbledhja.com\/#\/schema\/person\/9c54260cbc4c6f792cb100550491638c","name":"DL","image":{"@type":"ImageObject","inLanguage":"sq","@id":"https:\/\/permbledhja.com\/#\/schema\/person\/image\/","url":"https:\/\/secure.gravatar.com\/avatar\/94503eb28d4c4b2005a5c8753e35fc80?s=96&d=mm&r=g","contentUrl":"https:\/\/secure.gravatar.com\/avatar\/94503eb28d4c4b2005a5c8753e35fc80?s=96&d=mm&r=g","caption":"DL"},"url":"https:\/\/permbledhja.com\/sq\/author\/dl\/"}]}},"_links":{"self":[{"href":"https:\/\/permbledhja.com\/sq\/wp-json\/wp\/v2\/posts\/59766"}],"collection":[{"href":"https:\/\/permbledhja.com\/sq\/wp-json\/wp\/v2\/posts"}],"about":[{"href":"https:\/\/permbledhja.com\/sq\/wp-json\/wp\/v2\/types\/post"}],"author":[{"embeddable":true,"href":"https:\/\/permbledhja.com\/sq\/wp-json\/wp\/v2\/users\/5"}],"replies":[{"embeddable":true,"href":"https:\/\/permbledhja.com\/sq\/wp-json\/wp\/v2\/comments?post=59766"}],"version-history":[{"count":1,"href":"https:\/\/permbledhja.com\/sq\/wp-json\/wp\/v2\/posts\/59766\/revisions"}],"predecessor-version":[{"id":59771,"href":"https:\/\/permbledhja.com\/sq\/wp-json\/wp\/v2\/posts\/59766\/revisions\/59771"}],"wp:featuredmedia":[{"embeddable":true,"href":"https:\/\/permbledhja.com\/sq\/wp-json\/wp\/v2\/media\/59767"}],"wp:attachment":[{"href":"https:\/\/permbledhja.com\/sq\/wp-json\/wp\/v2\/media?parent=59766"}],"wp:term":[{"taxonomy":"category","embeddable":true,"href":"https:\/\/permbledhja.com\/sq\/wp-json\/wp\/v2\/categories?post=59766"},{"taxonomy":"post_tag","embeddable":true,"href":"https:\/\/permbledhja.com\/sq\/wp-json\/wp\/v2\/tags?post=59766"}],"curies":[{"name":"wp","href":"https:\/\/api.w.org\/{rel}","templated":true}]}}