{"id":59575,"date":"2024-04-30T18:22:30","date_gmt":"2024-04-30T18:22:30","guid":{"rendered":"https:\/\/permbledhja.com\/?p=59575"},"modified":"2024-04-30T18:22:30","modified_gmt":"2024-04-30T18:22:30","slug":"blerim-devolli-humb-gjyqin-me-avokaturen-shteterore-me-permbarues-do-ti-merren-1-3-milion-euro","status":"publish","type":"post","link":"https:\/\/permbledhja.com\/sq\/blerim-devolli-humb-gjyqin-me-avokaturen-shteterore-me-permbarues-do-ti-merren-1-3-milion-euro\/","title":{"rendered":"Blerim Devolli humb gjyqin me Avokatur\u00ebn Shtet\u00ebrore, me p\u00ebrmbarues do t\u2019i merren 1.3 milion euro"},"content":{"rendered":"<h3>N\u00eb prillin e vitit t\u00eb kaluar Ministria e Drejt\u00ebsis\u00eb, p\u00ebrmes Avokatur\u00ebs Shtet\u00ebrore s\u00eb bashku me ekipin mbrojt\u00ebs t\u00eb Squire Patton Boggs kishin arritur fitoren e radh\u00ebs n\u00eb arbitrazhin nd\u00ebrkomb\u00ebtar, duke mposhtur pretendimet e Blerim Devollit kund\u00ebr Republik\u00ebs s\u00eb Kosov\u00ebs.<\/h3>\n<p>P\u00ebrmes nj\u00eb padie t\u00eb dor\u00ebzuar pran\u00eb Gjykat\u00ebs Nd\u00ebrkomb\u00ebtare t\u00eb Arbitrazhit pran\u00eb Dhom\u00ebs Nd\u00ebrkomb\u00ebtare t\u00eb Tregtis\u00eb n\u00eb mars t\u00eb vitit 2020, Blerim Devolli kishte k\u00ebrkuar kompensim prej s\u00eb paku 45 milion\u00eb euro nga Republika e Kosov\u00ebs si pasoj\u00eb e pretendimeve p\u00ebr shpron\u00ebsimin e Dardafon.net, operatorin e rrjetit celular virtual n\u00eb Kosov\u00eb, pron\u00eb kjo e z.Devolli.<\/p>\n<p>P\u00ebrve\u00e7 q\u00eb kishte hedhur posht\u00eb n\u00eb t\u00ebr\u00ebsi pretendimet e z. Devolli Tribunali nd\u00ebrkomb\u00ebtar i Arbitrazhit kishte urdh\u00ebruar k\u00ebt\u00eb t\u00eb fundit t\u2019ia paguaj\u00eb Republik\u00ebs s\u00eb Kosov\u00ebs mbi 1.3 milion euro n\u00eb em\u00ebr t\u00eb shpenzimeve t\u00eb procedur\u00ebs.<\/p>\n<p>Por pages\u00ebn prej 1.3 milion eurove kundrejt Qeveris\u00eb s\u00eb Kosov\u00ebs si aksionar i vet\u00ebm i Telekomit t\u00eb Kosov\u00ebs, Blerim Devolli e kishte kund\u00ebrshtuar duke e kontestuar n\u00eb Gjykat\u00ebn Themelore n\u00eb Pej\u00eb, Departamenti i P\u00ebrgjithsh\u00ebm \u2013 Divizioni Civil.<\/p>\n<p>Gjykata Themelore n\u00eb Pej\u00eb m\u00eb 8 prill t\u00eb k\u00ebtij viti ka nxierr aktvendim rreth k\u00ebsaj \u00e7\u00ebshtje duke i REFUZUAR SI T\u00cb PABAZUAR prap\u00ebsimin p\u00ebrmbarimor ndaj Blerim Devollit.<\/p>\n<p>Nd\u00ebrsa e ka l\u00ebn\u00eb n\u00eb fuqi urdh\u00ebrin e p\u00ebrmbaruesit privat Fatos Shatri t\u00eb dat\u00ebs 06.02.2024.<\/p>\n<p><img loading=\"lazy\" decoding=\"async\" class=\"alignnone wp-image-59576 size-large\" src=\"https:\/\/permbledhja.com\/wp-content\/uploads\/2024\/04\/37ab9080-a7d0-45be-b750-6cfdc1c68c02-jpg-728x1024.webp\" alt=\"\" width=\"640\" height=\"900\" srcset=\"https:\/\/permbledhja.com\/wp-content\/uploads\/2024\/04\/37ab9080-a7d0-45be-b750-6cfdc1c68c02-jpg-728x1024.webp 728w, https:\/\/permbledhja.com\/wp-content\/uploads\/2024\/04\/37ab9080-a7d0-45be-b750-6cfdc1c68c02-jpg-213x300.webp 213w, https:\/\/permbledhja.com\/wp-content\/uploads\/2024\/04\/37ab9080-a7d0-45be-b750-6cfdc1c68c02-jpg-768x1081.webp 768w, https:\/\/permbledhja.com\/wp-content\/uploads\/2024\/04\/37ab9080-a7d0-45be-b750-6cfdc1c68c02-jpg-9x12.webp 9w, https:\/\/permbledhja.com\/wp-content\/uploads\/2024\/04\/37ab9080-a7d0-45be-b750-6cfdc1c68c02-jpg.webp 1080w\" sizes=\"(max-width: 640px) 100vw, 640px\" \/><\/p>\n<p>Kosovanews e ka siguruar aktvendimin e dat\u00ebs 8 prill t\u00eb Gjykat\u00ebs Themelore n\u00eb Pej\u00eb n\u00eb arsyetimin e t\u00eb cilit thuhet se Qeveria e Kosov\u00ebs, ka paraqitur propozim p\u00ebr lejimin e p\u00ebrmbarimit, ndaj Blerim Devollit n\u00eb shum\u00ebn prej 1.330.706 euro dhe 7.172 mij\u00eb funta<\/p>\n<p>P\u00ebrmbaruesi privat Fatos Shatri me urdh\u00ebr p\u00ebr p\u00ebrmbarim me nr.40\/24 t\u00eb dat\u00ebs 06.02.2024 ka lejuar p\u00ebrmbarimin e propozuar.<\/p>\n<p>Blerim Devolli e kishte kontestuar urdhrin p\u00ebrmbarimor me arsyetimin se dokumenti p\u00ebrmbarues nuk i plot\u00ebson kushtet e p\u00ebrcaktuara me nenin 27 t\u00eb Ligjit p\u00ebr Procedur\u00ebn P\u00ebrmbarimore dhe se pala q\u00eb e ka paraqitur propozim nuk ka qen\u00eb pal\u00eb n\u00eb procedur\u00ebn e Arbitrazhit e gjithashtu nuk ka qen\u00eb pal\u00eb n\u00eb procedur\u00ebn e njohjes dhe ekzekutimit t\u00eb vendimit te arbitrazhit. Gjithashtu Blerim Devolli kishte pretenduar se Qeveria e Republik\u00ebs s\u00eb Kosov\u00ebs n\u00eb cil\u00ebsin\u00eb e Aksionarit t\u00eb Telekomlt t\u00eb Kosov\u00ebs, i ka t\u00eb pashlyera detyrime Blerim Devollit n\u00eb cil\u00ebsin\u00eb e aksionarit t\u00eb Dardafon.net LLC.<\/p>\n<p>Por t\u00eb gjitha k\u00ebto pretendime gjykata ia kishte rr\u00ebzuar Blerim Devollit:<\/p>\n<p>\u201cGjykata ne procedur\u00ebn p\u00ebrmbarimore pasi ka shqyrtuar dhe vler\u00ebsuar prap\u00ebsimin e pal\u00ebs debitore, si dhe shkresat e tjera te l\u00ebnd\u00ebs, ka konstatuar se t\u00eb nj\u00ebjtat nuk jan\u00eb t\u00eb bazuara dhe nuk p\u00ebrmbajn\u00eb asnj\u00eb nga shkaqet e p\u00ebrcaktuara me nenin 71 t\u00e9 LPP-s\u00eb, n\u00eb baz\u00eb t\u00eb t\u00eb cilave shkaqe gjykata duhet ta aprovoj prap\u00ebsimin si te bazuar\u201d thuhet nd\u00ebr t\u00eb tjera n\u00eb arsyetimin e k\u00ebtij aktvendimi t\u00eb gjyqtarit Genc Hoxha.<\/p>\n<p><img loading=\"lazy\" decoding=\"async\" class=\"alignnone wp-image-59577 size-large\" src=\"https:\/\/permbledhja.com\/wp-content\/uploads\/2024\/04\/ef1760cd-a48b-4b4d-9048-465f360a23a3-742x1024.jpg\" alt=\"\" width=\"640\" height=\"883\" srcset=\"https:\/\/permbledhja.com\/wp-content\/uploads\/2024\/04\/ef1760cd-a48b-4b4d-9048-465f360a23a3-742x1024.jpg 742w, https:\/\/permbledhja.com\/wp-content\/uploads\/2024\/04\/ef1760cd-a48b-4b4d-9048-465f360a23a3-217x300.jpg 217w, https:\/\/permbledhja.com\/wp-content\/uploads\/2024\/04\/ef1760cd-a48b-4b4d-9048-465f360a23a3-768x1060.jpg 768w, https:\/\/permbledhja.com\/wp-content\/uploads\/2024\/04\/ef1760cd-a48b-4b4d-9048-465f360a23a3-9x12.jpg 9w, https:\/\/permbledhja.com\/wp-content\/uploads\/2024\/04\/ef1760cd-a48b-4b4d-9048-465f360a23a3.jpg 1080w\" sizes=\"(max-width: 640px) 100vw, 640px\" \/><\/p>\n<p>Blerim Devolli m\u00eb 29 shkurt t\u00eb k\u00ebtij viti ia ka bllokuar xhirollogarit\u00eb bankare Telekomit t\u00eb Kosov\u00ebs pas vendimit t\u00eb shkall\u00ebs s\u00eb par\u00eb t\u00eb Gjykat\u00ebs Komerciale lidhur me borxhin prej 5.7 milion\u00eb euro ndaj Z-Mobile.<\/p>\n<p>Q\u00eb nga ajo koh\u00eb mij\u00ebra pun\u00ebtor\u00eb t\u00eb Telekomit po hyjn\u00eb n\u00eb muajin e dyt\u00eb duke mbetur pa rroga.<br \/>\nTelekomi i Kosov\u00ebs e ka kontestuar vendimin e shkall\u00ebs s\u00eb par\u00eb t\u00eb Gjykat\u00ebs Komerciale duke e d\u00ebrguar p\u00ebr t\u00eb kat\u00ebrt\u00ebn her\u00eb n\u00eb shkall\u00ebn e dyt\u00eb, nd\u00ebrsa me 2 maj pritet t\u00eb mbahet seanca gjyq\u00ebsore n\u00eb mes Telekomit dhe Z-Mobile.<\/p>\n<p><img loading=\"lazy\" decoding=\"async\" class=\"alignnone wp-image-59578 size-large\" src=\"https:\/\/permbledhja.com\/wp-content\/uploads\/2024\/04\/e9892a30-6463-432f-9a1c-62d88df0f0eb-720x1024.jpg\" alt=\"\" width=\"640\" height=\"910\" srcset=\"https:\/\/permbledhja.com\/wp-content\/uploads\/2024\/04\/e9892a30-6463-432f-9a1c-62d88df0f0eb-720x1024.jpg 720w, https:\/\/permbledhja.com\/wp-content\/uploads\/2024\/04\/e9892a30-6463-432f-9a1c-62d88df0f0eb-211x300.jpg 211w, https:\/\/permbledhja.com\/wp-content\/uploads\/2024\/04\/e9892a30-6463-432f-9a1c-62d88df0f0eb-768x1093.jpg 768w, https:\/\/permbledhja.com\/wp-content\/uploads\/2024\/04\/e9892a30-6463-432f-9a1c-62d88df0f0eb-8x12.jpg 8w, https:\/\/permbledhja.com\/wp-content\/uploads\/2024\/04\/e9892a30-6463-432f-9a1c-62d88df0f0eb.jpg 1080w\" sizes=\"(max-width: 640px) 100vw, 640px\" \/><\/p>\n<p><img loading=\"lazy\" decoding=\"async\" class=\"alignnone wp-image-59579 size-large\" src=\"https:\/\/permbledhja.com\/wp-content\/uploads\/2024\/04\/ff17bd86-9934-412b-8985-36d5e10d7422-1060x1536-1-707x1024.webp\" alt=\"\" width=\"640\" height=\"927\" srcset=\"https:\/\/permbledhja.com\/wp-content\/uploads\/2024\/04\/ff17bd86-9934-412b-8985-36d5e10d7422-1060x1536-1-707x1024.webp 707w, https:\/\/permbledhja.com\/wp-content\/uploads\/2024\/04\/ff17bd86-9934-412b-8985-36d5e10d7422-1060x1536-1-207x300.webp 207w, https:\/\/permbledhja.com\/wp-content\/uploads\/2024\/04\/ff17bd86-9934-412b-8985-36d5e10d7422-1060x1536-1-768x1113.webp 768w, https:\/\/permbledhja.com\/wp-content\/uploads\/2024\/04\/ff17bd86-9934-412b-8985-36d5e10d7422-1060x1536-1-8x12.webp 8w, https:\/\/permbledhja.com\/wp-content\/uploads\/2024\/04\/ff17bd86-9934-412b-8985-36d5e10d7422-1060x1536-1.webp 1060w\" sizes=\"(max-width: 640px) 100vw, 640px\" \/><\/p>\n","protected":false},"excerpt":{"rendered":"<p>N\u00eb prillin e vitit t\u00eb kaluar Ministria e Drejt\u00ebsis\u00eb, p\u00ebrmes Avokatur\u00ebs Shtet\u00ebrore s\u00eb bashku me ekipin mbrojt\u00ebs t\u00eb Squire Patton Boggs kishin arritur fitoren e radh\u00ebs n\u00eb arbitrazhin nd\u00ebrkomb\u00ebtar, duke mposhtur pretendimet e Blerim Devollit kund\u00ebr Republik\u00ebs s\u00eb Kosov\u00ebs. P\u00ebrmes nj\u00eb padie t\u00eb dor\u00ebzuar pran\u00eb Gjykat\u00ebs Nd\u00ebrkomb\u00ebtare t\u00eb Arbitrazhit pran\u00eb Dhom\u00ebs Nd\u00ebrkomb\u00ebtare t\u00eb Tregtis\u00eb n\u00eb [&hellip;]<\/p>\n","protected":false},"author":2,"featured_media":59580,"comment_status":"closed","ping_status":"closed","sticky":false,"template":"","format":"standard","meta":{"_monsterinsights_skip_tracking":false,"_monsterinsights_sitenote_active":false,"_monsterinsights_sitenote_note":"","_monsterinsights_sitenote_category":0,"_uf_show_specific_survey":0,"_uf_disable_surveys":false,"footnotes":""},"categories":[15],"tags":[],"yoast_head":"<!-- This site is optimized with the Yoast SEO plugin v21.5 - https:\/\/yoast.com\/wordpress\/plugins\/seo\/ -->\n<title>Blerim Devolli humb gjyqin me Avokatur\u00ebn Shtet\u00ebrore, me p\u00ebrmbarues do t\u2019i merren 1.3 milion euro<\/title>\n<meta name=\"robots\" content=\"index, follow, max-snippet:-1, max-image-preview:large, max-video-preview:-1\" \/>\n<link rel=\"canonical\" href=\"https:\/\/permbledhja.com\/sq\/blerim-devolli-humb-gjyqin-me-avokaturen-shteterore-me-permbarues-do-ti-merren-1-3-milion-euro\/\" \/>\n<meta property=\"og:locale\" content=\"sq_AL\" \/>\n<meta property=\"og:type\" content=\"article\" \/>\n<meta property=\"og:title\" content=\"Blerim Devolli humb gjyqin me Avokatur\u00ebn Shtet\u00ebrore, me p\u00ebrmbarues do t\u2019i merren 1.3 milion euro\" \/>\n<meta property=\"og:description\" content=\"N\u00eb prillin e vitit t\u00eb kaluar Ministria e Drejt\u00ebsis\u00eb, p\u00ebrmes Avokatur\u00ebs Shtet\u00ebrore s\u00eb bashku me ekipin mbrojt\u00ebs t\u00eb Squire Patton Boggs kishin arritur fitoren e radh\u00ebs n\u00eb arbitrazhin nd\u00ebrkomb\u00ebtar, duke mposhtur pretendimet e Blerim Devollit kund\u00ebr Republik\u00ebs s\u00eb Kosov\u00ebs. P\u00ebrmes nj\u00eb padie t\u00eb dor\u00ebzuar pran\u00eb Gjykat\u00ebs Nd\u00ebrkomb\u00ebtare t\u00eb Arbitrazhit pran\u00eb Dhom\u00ebs Nd\u00ebrkomb\u00ebtare t\u00eb Tregtis\u00eb n\u00eb [&hellip;]\" \/>\n<meta property=\"og:url\" content=\"https:\/\/permbledhja.com\/sq\/blerim-devolli-humb-gjyqin-me-avokaturen-shteterore-me-permbarues-do-ti-merren-1-3-milion-euro\/\" \/>\n<meta property=\"og:site_name\" content=\"Ve\u00e7 artikuj p\u00ebrmbledh\u00ebs\" \/>\n<meta property=\"article:publisher\" content=\"https:\/\/www.facebook.com\/press07\/\" \/>\n<meta property=\"article:published_time\" content=\"2024-04-30T18:22:30+00:00\" \/>\n<meta property=\"og:image\" content=\"https:\/\/permbledhja.com\/wp-content\/uploads\/2024\/04\/images-2.jpeg\" \/>\n\t<meta property=\"og:image:width\" content=\"729\" \/>\n\t<meta property=\"og:image:height\" content=\"420\" \/>\n\t<meta property=\"og:image:type\" content=\"image\/jpeg\" \/>\n<meta name=\"author\" content=\"M M\" \/>\n<meta name=\"twitter:card\" content=\"summary_large_image\" \/>\n<meta name=\"twitter:label1\" content=\"Written by\" \/>\n\t<meta name=\"twitter:data1\" content=\"M M\" \/>\n\t<meta name=\"twitter:label2\" content=\"Est. reading time\" \/>\n\t<meta name=\"twitter:data2\" content=\"4 minuta\" \/>\n<script type=\"application\/ld+json\" class=\"yoast-schema-graph\">{\"@context\":\"https:\/\/schema.org\",\"@graph\":[{\"@type\":\"Article\",\"@id\":\"https:\/\/permbledhja.com\/sq\/blerim-devolli-humb-gjyqin-me-avokaturen-shteterore-me-permbarues-do-ti-merren-1-3-milion-euro\/#article\",\"isPartOf\":{\"@id\":\"https:\/\/permbledhja.com\/sq\/blerim-devolli-humb-gjyqin-me-avokaturen-shteterore-me-permbarues-do-ti-merren-1-3-milion-euro\/\"},\"author\":{\"name\":\"M M\",\"@id\":\"https:\/\/permbledhja.com\/#\/schema\/person\/d23f13f59b5722643933d6780783acf3\"},\"headline\":\"Blerim Devolli humb gjyqin me Avokatur\u00ebn Shtet\u00ebrore, me p\u00ebrmbarues do t\u2019i merren 1.3 milion euro\",\"datePublished\":\"2024-04-30T18:22:30+00:00\",\"dateModified\":\"2024-04-30T18:22:30+00:00\",\"mainEntityOfPage\":{\"@id\":\"https:\/\/permbledhja.com\/sq\/blerim-devolli-humb-gjyqin-me-avokaturen-shteterore-me-permbarues-do-ti-merren-1-3-milion-euro\/\"},\"wordCount\":644,\"publisher\":{\"@id\":\"https:\/\/permbledhja.com\/#organization\"},\"articleSection\":[\"Lajme\"],\"inLanguage\":\"sq\"},{\"@type\":\"WebPage\",\"@id\":\"https:\/\/permbledhja.com\/sq\/blerim-devolli-humb-gjyqin-me-avokaturen-shteterore-me-permbarues-do-ti-merren-1-3-milion-euro\/\",\"url\":\"https:\/\/permbledhja.com\/sq\/blerim-devolli-humb-gjyqin-me-avokaturen-shteterore-me-permbarues-do-ti-merren-1-3-milion-euro\/\",\"name\":\"Blerim Devolli humb gjyqin me Avokatur\u00ebn Shtet\u00ebrore, me p\u00ebrmbarues do t\u2019i merren 1.3 milion euro\",\"isPartOf\":{\"@id\":\"https:\/\/permbledhja.com\/#website\"},\"datePublished\":\"2024-04-30T18:22:30+00:00\",\"dateModified\":\"2024-04-30T18:22:30+00:00\",\"breadcrumb\":{\"@id\":\"https:\/\/permbledhja.com\/sq\/blerim-devolli-humb-gjyqin-me-avokaturen-shteterore-me-permbarues-do-ti-merren-1-3-milion-euro\/#breadcrumb\"},\"inLanguage\":\"sq\",\"potentialAction\":[{\"@type\":\"ReadAction\",\"target\":[\"https:\/\/permbledhja.com\/sq\/blerim-devolli-humb-gjyqin-me-avokaturen-shteterore-me-permbarues-do-ti-merren-1-3-milion-euro\/\"]}]},{\"@type\":\"BreadcrumbList\",\"@id\":\"https:\/\/permbledhja.com\/sq\/blerim-devolli-humb-gjyqin-me-avokaturen-shteterore-me-permbarues-do-ti-merren-1-3-milion-euro\/#breadcrumb\",\"itemListElement\":[{\"@type\":\"ListItem\",\"position\":1,\"name\":\"Ballina\",\"item\":\"https:\/\/permbledhja.com\/sq\/\"},{\"@type\":\"ListItem\",\"position\":2,\"name\":\"Blerim Devolli humb gjyqin me Avokatur\u00ebn Shtet\u00ebrore, me p\u00ebrmbarues do t\u2019i merren 1.3 milion euro\"}]},{\"@type\":\"WebSite\",\"@id\":\"https:\/\/permbledhja.com\/#website\",\"url\":\"https:\/\/permbledhja.com\/\",\"name\":\"Ve\u00e7 artikuj p\u00ebrmbledh\u00ebs\",\"description\":\"\",\"publisher\":{\"@id\":\"https:\/\/permbledhja.com\/#organization\"},\"potentialAction\":[{\"@type\":\"SearchAction\",\"target\":{\"@type\":\"EntryPoint\",\"urlTemplate\":\"https:\/\/permbledhja.com\/?s={search_term_string}\"},\"query-input\":\"required name=search_term_string\"}],\"inLanguage\":\"sq\"},{\"@type\":\"Organization\",\"@id\":\"https:\/\/permbledhja.com\/#organization\",\"name\":\"MK Media & Pr\",\"url\":\"https:\/\/permbledhja.com\/\",\"logo\":{\"@type\":\"ImageObject\",\"inLanguage\":\"sq\",\"@id\":\"https:\/\/permbledhja.com\/#\/schema\/logo\/image\/\",\"url\":\"https:\/\/permbledhja.com\/wp-content\/uploads\/2021\/12\/07-Press-Logo.jpg\",\"contentUrl\":\"https:\/\/permbledhja.com\/wp-content\/uploads\/2021\/12\/07-Press-Logo.jpg\",\"width\":512,\"height\":512,\"caption\":\"MK Media & Pr\"},\"image\":{\"@id\":\"https:\/\/permbledhja.com\/#\/schema\/logo\/image\/\"},\"sameAs\":[\"https:\/\/www.facebook.com\/press07\/\"]},{\"@type\":\"Person\",\"@id\":\"https:\/\/permbledhja.com\/#\/schema\/person\/d23f13f59b5722643933d6780783acf3\",\"name\":\"M M\",\"image\":{\"@type\":\"ImageObject\",\"inLanguage\":\"sq\",\"@id\":\"https:\/\/permbledhja.com\/#\/schema\/person\/image\/\",\"url\":\"https:\/\/secure.gravatar.com\/avatar\/e2835a76ca7c31a2416b2d51c4ec9a8f?s=96&d=mm&r=g\",\"contentUrl\":\"https:\/\/secure.gravatar.com\/avatar\/e2835a76ca7c31a2416b2d51c4ec9a8f?s=96&d=mm&r=g\",\"caption\":\"M M\"},\"sameAs\":[\"http:\/\/MM\"],\"url\":\"https:\/\/permbledhja.com\/sq\/author\/muhamet\/\"}]}<\/script>\n<!-- \/ Yoast SEO plugin. -->","yoast_head_json":{"title":"Blerim Devolli humb gjyqin me Avokatur\u00ebn Shtet\u00ebrore, me p\u00ebrmbarues do t\u2019i merren 1.3 milion euro","robots":{"index":"index","follow":"follow","max-snippet":"max-snippet:-1","max-image-preview":"max-image-preview:large","max-video-preview":"max-video-preview:-1"},"canonical":"https:\/\/permbledhja.com\/sq\/blerim-devolli-humb-gjyqin-me-avokaturen-shteterore-me-permbarues-do-ti-merren-1-3-milion-euro\/","og_locale":"sq_AL","og_type":"article","og_title":"Blerim Devolli humb gjyqin me Avokatur\u00ebn Shtet\u00ebrore, me p\u00ebrmbarues do t\u2019i merren 1.3 milion euro","og_description":"N\u00eb prillin e vitit t\u00eb kaluar Ministria e Drejt\u00ebsis\u00eb, p\u00ebrmes Avokatur\u00ebs Shtet\u00ebrore s\u00eb bashku me ekipin mbrojt\u00ebs t\u00eb Squire Patton Boggs kishin arritur fitoren e radh\u00ebs n\u00eb arbitrazhin nd\u00ebrkomb\u00ebtar, duke mposhtur pretendimet e Blerim Devollit kund\u00ebr Republik\u00ebs s\u00eb Kosov\u00ebs. P\u00ebrmes nj\u00eb padie t\u00eb dor\u00ebzuar pran\u00eb Gjykat\u00ebs Nd\u00ebrkomb\u00ebtare t\u00eb Arbitrazhit pran\u00eb Dhom\u00ebs Nd\u00ebrkomb\u00ebtare t\u00eb Tregtis\u00eb n\u00eb [&hellip;]","og_url":"https:\/\/permbledhja.com\/sq\/blerim-devolli-humb-gjyqin-me-avokaturen-shteterore-me-permbarues-do-ti-merren-1-3-milion-euro\/","og_site_name":"Ve\u00e7 artikuj p\u00ebrmbledh\u00ebs","article_publisher":"https:\/\/www.facebook.com\/press07\/","article_published_time":"2024-04-30T18:22:30+00:00","og_image":[{"width":729,"height":420,"url":"https:\/\/permbledhja.com\/wp-content\/uploads\/2024\/04\/images-2.jpeg","type":"image\/jpeg"}],"author":"M M","twitter_card":"summary_large_image","twitter_misc":{"Written by":"M M","Est. reading time":"4 minuta"},"schema":{"@context":"https:\/\/schema.org","@graph":[{"@type":"Article","@id":"https:\/\/permbledhja.com\/sq\/blerim-devolli-humb-gjyqin-me-avokaturen-shteterore-me-permbarues-do-ti-merren-1-3-milion-euro\/#article","isPartOf":{"@id":"https:\/\/permbledhja.com\/sq\/blerim-devolli-humb-gjyqin-me-avokaturen-shteterore-me-permbarues-do-ti-merren-1-3-milion-euro\/"},"author":{"name":"M M","@id":"https:\/\/permbledhja.com\/#\/schema\/person\/d23f13f59b5722643933d6780783acf3"},"headline":"Blerim Devolli humb gjyqin me Avokatur\u00ebn Shtet\u00ebrore, me p\u00ebrmbarues do t\u2019i merren 1.3 milion euro","datePublished":"2024-04-30T18:22:30+00:00","dateModified":"2024-04-30T18:22:30+00:00","mainEntityOfPage":{"@id":"https:\/\/permbledhja.com\/sq\/blerim-devolli-humb-gjyqin-me-avokaturen-shteterore-me-permbarues-do-ti-merren-1-3-milion-euro\/"},"wordCount":644,"publisher":{"@id":"https:\/\/permbledhja.com\/#organization"},"articleSection":["Lajme"],"inLanguage":"sq"},{"@type":"WebPage","@id":"https:\/\/permbledhja.com\/sq\/blerim-devolli-humb-gjyqin-me-avokaturen-shteterore-me-permbarues-do-ti-merren-1-3-milion-euro\/","url":"https:\/\/permbledhja.com\/sq\/blerim-devolli-humb-gjyqin-me-avokaturen-shteterore-me-permbarues-do-ti-merren-1-3-milion-euro\/","name":"Blerim Devolli humb gjyqin me Avokatur\u00ebn Shtet\u00ebrore, me p\u00ebrmbarues do t\u2019i merren 1.3 milion euro","isPartOf":{"@id":"https:\/\/permbledhja.com\/#website"},"datePublished":"2024-04-30T18:22:30+00:00","dateModified":"2024-04-30T18:22:30+00:00","breadcrumb":{"@id":"https:\/\/permbledhja.com\/sq\/blerim-devolli-humb-gjyqin-me-avokaturen-shteterore-me-permbarues-do-ti-merren-1-3-milion-euro\/#breadcrumb"},"inLanguage":"sq","potentialAction":[{"@type":"ReadAction","target":["https:\/\/permbledhja.com\/sq\/blerim-devolli-humb-gjyqin-me-avokaturen-shteterore-me-permbarues-do-ti-merren-1-3-milion-euro\/"]}]},{"@type":"BreadcrumbList","@id":"https:\/\/permbledhja.com\/sq\/blerim-devolli-humb-gjyqin-me-avokaturen-shteterore-me-permbarues-do-ti-merren-1-3-milion-euro\/#breadcrumb","itemListElement":[{"@type":"ListItem","position":1,"name":"Ballina","item":"https:\/\/permbledhja.com\/sq\/"},{"@type":"ListItem","position":2,"name":"Blerim Devolli humb gjyqin me Avokatur\u00ebn Shtet\u00ebrore, me p\u00ebrmbarues do t\u2019i merren 1.3 milion euro"}]},{"@type":"WebSite","@id":"https:\/\/permbledhja.com\/#website","url":"https:\/\/permbledhja.com\/","name":"Ve\u00e7 artikuj p\u00ebrmbledh\u00ebs","description":"","publisher":{"@id":"https:\/\/permbledhja.com\/#organization"},"potentialAction":[{"@type":"SearchAction","target":{"@type":"EntryPoint","urlTemplate":"https:\/\/permbledhja.com\/?s={search_term_string}"},"query-input":"required name=search_term_string"}],"inLanguage":"sq"},{"@type":"Organization","@id":"https:\/\/permbledhja.com\/#organization","name":"MK Media & Pr","url":"https:\/\/permbledhja.com\/","logo":{"@type":"ImageObject","inLanguage":"sq","@id":"https:\/\/permbledhja.com\/#\/schema\/logo\/image\/","url":"https:\/\/permbledhja.com\/wp-content\/uploads\/2021\/12\/07-Press-Logo.jpg","contentUrl":"https:\/\/permbledhja.com\/wp-content\/uploads\/2021\/12\/07-Press-Logo.jpg","width":512,"height":512,"caption":"MK Media & Pr"},"image":{"@id":"https:\/\/permbledhja.com\/#\/schema\/logo\/image\/"},"sameAs":["https:\/\/www.facebook.com\/press07\/"]},{"@type":"Person","@id":"https:\/\/permbledhja.com\/#\/schema\/person\/d23f13f59b5722643933d6780783acf3","name":"M M","image":{"@type":"ImageObject","inLanguage":"sq","@id":"https:\/\/permbledhja.com\/#\/schema\/person\/image\/","url":"https:\/\/secure.gravatar.com\/avatar\/e2835a76ca7c31a2416b2d51c4ec9a8f?s=96&d=mm&r=g","contentUrl":"https:\/\/secure.gravatar.com\/avatar\/e2835a76ca7c31a2416b2d51c4ec9a8f?s=96&d=mm&r=g","caption":"M M"},"sameAs":["http:\/\/MM"],"url":"https:\/\/permbledhja.com\/sq\/author\/muhamet\/"}]}},"_links":{"self":[{"href":"https:\/\/permbledhja.com\/sq\/wp-json\/wp\/v2\/posts\/59575"}],"collection":[{"href":"https:\/\/permbledhja.com\/sq\/wp-json\/wp\/v2\/posts"}],"about":[{"href":"https:\/\/permbledhja.com\/sq\/wp-json\/wp\/v2\/types\/post"}],"author":[{"embeddable":true,"href":"https:\/\/permbledhja.com\/sq\/wp-json\/wp\/v2\/users\/2"}],"replies":[{"embeddable":true,"href":"https:\/\/permbledhja.com\/sq\/wp-json\/wp\/v2\/comments?post=59575"}],"version-history":[{"count":1,"href":"https:\/\/permbledhja.com\/sq\/wp-json\/wp\/v2\/posts\/59575\/revisions"}],"predecessor-version":[{"id":59581,"href":"https:\/\/permbledhja.com\/sq\/wp-json\/wp\/v2\/posts\/59575\/revisions\/59581"}],"wp:featuredmedia":[{"embeddable":true,"href":"https:\/\/permbledhja.com\/sq\/wp-json\/wp\/v2\/media\/59580"}],"wp:attachment":[{"href":"https:\/\/permbledhja.com\/sq\/wp-json\/wp\/v2\/media?parent=59575"}],"wp:term":[{"taxonomy":"category","embeddable":true,"href":"https:\/\/permbledhja.com\/sq\/wp-json\/wp\/v2\/categories?post=59575"},{"taxonomy":"post_tag","embeddable":true,"href":"https:\/\/permbledhja.com\/sq\/wp-json\/wp\/v2\/tags?post=59575"}],"curies":[{"name":"wp","href":"https:\/\/api.w.org\/{rel}","templated":true}]}}