{"id":59570,"date":"2024-04-30T17:58:32","date_gmt":"2024-04-30T17:58:32","guid":{"rendered":"https:\/\/permbledhja.com\/?p=59570"},"modified":"2024-04-30T17:58:32","modified_gmt":"2024-04-30T17:58:32","slug":"kushtezimi-me-asociacionin-kurti-sflet-per-qendrimin-e-gjermanise-rreth-kie-se","status":"publish","type":"post","link":"https:\/\/permbledhja.com\/sq\/kushtezimi-me-asociacionin-kurti-sflet-per-qendrimin-e-gjermanise-rreth-kie-se\/","title":{"rendered":"Kusht\u00ebzimi me Asociacionin, Kurti s\u2019flet p\u00ebr q\u00ebndrimin e Gjermanis\u00eb rreth KiE-s\u00eb"},"content":{"rendered":"<h3>Kryeministri Albin Kurti nuk ka dashur t\u00eb komentoj\u00eb q\u00ebndrimin publik t\u00eb Gjermanis\u00eb se Kosova duhet t\u00eb nis\u00eb pun\u00ebn p\u00ebr themelimin e Asociacioni, n\u00eb m\u00ebnyr\u00eb q\u00eb t\u00eb an\u00ebtar\u00ebsohet n\u00eb K\u00ebshillin e Evrop\u00ebs.<\/h3>\n<p>\u201cPo shkojm\u00eb n\u00eb nd\u00ebrtes\u00eb q\u00eb t\u2019i shohim kushtet\u2026\u201d, thot\u00eb N\u00eb arsyetimin e par\u00eb Kurti.<\/p>\n<p>P\u00ebr k\u00ebt\u00eb, gazetar\u00ebt tentuan dy her\u00eb t\u00eb marrin nj\u00eb q\u00ebndrim nga Kurti gjat\u00eb nj\u00eb aktiviteti t\u00eb tij n\u00eb Gra\u00e7anic\u00eb.<\/p>\n<p>\u201cDuhet t\u00eb shkojm\u00eb tash, e kemi l\u00ebn\u00eb bashk\u00eb me k\u00ebta q\u00eb i kan\u00eb marr\u00eb \u00e7el\u00ebsat t\u00eb takohemi te ajo qendra\u201d, thot\u00eb arsyetimin e dyt\u00eb Kurti.<\/p>\n<p>Pas telefonat\u00ebs mes Scholzit dhe Kurtit, kabineti i kancelarit gjerman deklaroi se ai ia theksoi kryeministrit kosovar r\u00ebnd\u00ebsin\u00eb e hapave konkret drejt Asociacionit p\u00ebr an\u00ebtar\u00ebsimin e n\u00eb KiE.<\/p>\n<p>Presioni nd\u00ebrkomb\u00ebtar p\u00ebr Asociacionin \u00ebsht\u00eb rritur ndaj Kosov\u00ebs pak para mbledhjes s\u00eb Komitetit t\u00eb Ministrave n\u00eb KiE, q\u00eb mbahet n\u00eb mes t\u00eb majit.<\/p>\n<p>Q\u00ebndrim t\u00eb ngjash\u00ebm si Gjermania ka shfaqur edhe Franca.<\/p>\n<p>Kurse, hapat e Qeveris\u00eb deri n\u00eb at\u00eb koh\u00eb jan\u00eb vler\u00ebsuar si p\u00ebrcaktues p\u00ebr futjen apo jo n\u00eb rend dite t\u00eb aplikimit t\u00eb Kosov\u00ebs sivjet.<\/p>\n","protected":false},"excerpt":{"rendered":"<p>Kryeministri Albin Kurti nuk ka dashur t\u00eb komentoj\u00eb q\u00ebndrimin publik t\u00eb Gjermanis\u00eb se Kosova duhet t\u00eb nis\u00eb pun\u00ebn p\u00ebr themelimin e Asociacioni, n\u00eb m\u00ebnyr\u00eb q\u00eb t\u00eb an\u00ebtar\u00ebsohet n\u00eb K\u00ebshillin e Evrop\u00ebs. \u201cPo shkojm\u00eb n\u00eb nd\u00ebrtes\u00eb q\u00eb t\u2019i shohim kushtet\u2026\u201d, thot\u00eb N\u00eb arsyetimin e par\u00eb Kurti. P\u00ebr k\u00ebt\u00eb, gazetar\u00ebt tentuan dy her\u00eb t\u00eb marrin nj\u00eb q\u00ebndrim [&hellip;]<\/p>\n","protected":false},"author":2,"featured_media":59571,"comment_status":"closed","ping_status":"closed","sticky":false,"template":"","format":"standard","meta":{"_monsterinsights_skip_tracking":false,"_monsterinsights_sitenote_active":false,"_monsterinsights_sitenote_note":"","_monsterinsights_sitenote_category":0,"_uf_show_specific_survey":0,"_uf_disable_surveys":false,"footnotes":""},"categories":[1146],"tags":[86],"yoast_head":"<!-- This site is optimized with the Yoast SEO plugin v21.5 - https:\/\/yoast.com\/wordpress\/plugins\/seo\/ -->\n<title>Kusht\u00ebzimi me Asociacionin, Kurti s\u2019flet p\u00ebr q\u00ebndrimin e Gjermanis\u00eb rreth KiE-s\u00eb<\/title>\n<meta name=\"robots\" content=\"index, follow, max-snippet:-1, max-image-preview:large, max-video-preview:-1\" \/>\n<link rel=\"canonical\" href=\"https:\/\/permbledhja.com\/sq\/kushtezimi-me-asociacionin-kurti-sflet-per-qendrimin-e-gjermanise-rreth-kie-se\/\" \/>\n<meta property=\"og:locale\" content=\"sq_AL\" \/>\n<meta property=\"og:type\" content=\"article\" \/>\n<meta property=\"og:title\" content=\"Kusht\u00ebzimi me Asociacionin, Kurti s\u2019flet p\u00ebr q\u00ebndrimin e Gjermanis\u00eb rreth KiE-s\u00eb\" \/>\n<meta property=\"og:description\" content=\"Kryeministri Albin Kurti nuk ka dashur t\u00eb komentoj\u00eb q\u00ebndrimin publik t\u00eb Gjermanis\u00eb se Kosova duhet t\u00eb nis\u00eb pun\u00ebn p\u00ebr themelimin e Asociacioni, n\u00eb m\u00ebnyr\u00eb q\u00eb t\u00eb an\u00ebtar\u00ebsohet n\u00eb K\u00ebshillin e Evrop\u00ebs. \u201cPo shkojm\u00eb n\u00eb nd\u00ebrtes\u00eb q\u00eb t\u2019i shohim kushtet\u2026\u201d, thot\u00eb N\u00eb arsyetimin e par\u00eb Kurti. P\u00ebr k\u00ebt\u00eb, gazetar\u00ebt tentuan dy her\u00eb t\u00eb marrin nj\u00eb q\u00ebndrim [&hellip;]\" \/>\n<meta property=\"og:url\" content=\"https:\/\/permbledhja.com\/sq\/kushtezimi-me-asociacionin-kurti-sflet-per-qendrimin-e-gjermanise-rreth-kie-se\/\" \/>\n<meta property=\"og:site_name\" content=\"Ve\u00e7 artikuj p\u00ebrmbledh\u00ebs\" \/>\n<meta property=\"article:publisher\" content=\"https:\/\/www.facebook.com\/press07\/\" \/>\n<meta property=\"article:published_time\" content=\"2024-04-30T17:58:32+00:00\" \/>\n<meta property=\"og:image\" content=\"https:\/\/permbledhja.com\/wp-content\/uploads\/2024\/04\/Screenshot_20240430_195754_Chrome.jpg\" \/>\n\t<meta property=\"og:image:width\" content=\"1361\" \/>\n\t<meta property=\"og:image:height\" content=\"746\" \/>\n\t<meta property=\"og:image:type\" content=\"image\/jpeg\" \/>\n<meta name=\"author\" content=\"M M\" \/>\n<meta name=\"twitter:card\" content=\"summary_large_image\" \/>\n<meta name=\"twitter:label1\" content=\"Written by\" \/>\n\t<meta name=\"twitter:data1\" content=\"M M\" \/>\n\t<meta name=\"twitter:label2\" content=\"Est. reading time\" \/>\n\t<meta name=\"twitter:data2\" content=\"1 minut\u00eb\" \/>\n<script type=\"application\/ld+json\" class=\"yoast-schema-graph\">{\"@context\":\"https:\/\/schema.org\",\"@graph\":[{\"@type\":\"Article\",\"@id\":\"https:\/\/permbledhja.com\/kushtezimi-me-asociacionin-kurti-sflet-per-qendrimin-e-gjermanise-rreth-kie-se\/#article\",\"isPartOf\":{\"@id\":\"https:\/\/permbledhja.com\/kushtezimi-me-asociacionin-kurti-sflet-per-qendrimin-e-gjermanise-rreth-kie-se\/\"},\"author\":{\"name\":\"M M\",\"@id\":\"https:\/\/permbledhja.com\/#\/schema\/person\/d23f13f59b5722643933d6780783acf3\"},\"headline\":\"Kusht\u00ebzimi me Asociacionin, Kurti s\u2019flet p\u00ebr q\u00ebndrimin e Gjermanis\u00eb rreth KiE-s\u00eb\",\"datePublished\":\"2024-04-30T17:58:32+00:00\",\"dateModified\":\"2024-04-30T17:58:32+00:00\",\"mainEntityOfPage\":{\"@id\":\"https:\/\/permbledhja.com\/kushtezimi-me-asociacionin-kurti-sflet-per-qendrimin-e-gjermanise-rreth-kie-se\/\"},\"wordCount\":222,\"publisher\":{\"@id\":\"https:\/\/permbledhja.com\/#organization\"},\"keywords\":[\"Albin Kurti\"],\"articleSection\":[\"Kryesoret\"],\"inLanguage\":\"sq\"},{\"@type\":\"WebPage\",\"@id\":\"https:\/\/permbledhja.com\/kushtezimi-me-asociacionin-kurti-sflet-per-qendrimin-e-gjermanise-rreth-kie-se\/\",\"url\":\"https:\/\/permbledhja.com\/kushtezimi-me-asociacionin-kurti-sflet-per-qendrimin-e-gjermanise-rreth-kie-se\/\",\"name\":\"Kusht\u00ebzimi me Asociacionin, Kurti s\u2019flet p\u00ebr q\u00ebndrimin e Gjermanis\u00eb rreth KiE-s\u00eb\",\"isPartOf\":{\"@id\":\"https:\/\/permbledhja.com\/#website\"},\"datePublished\":\"2024-04-30T17:58:32+00:00\",\"dateModified\":\"2024-04-30T17:58:32+00:00\",\"breadcrumb\":{\"@id\":\"https:\/\/permbledhja.com\/kushtezimi-me-asociacionin-kurti-sflet-per-qendrimin-e-gjermanise-rreth-kie-se\/#breadcrumb\"},\"inLanguage\":\"sq\",\"potentialAction\":[{\"@type\":\"ReadAction\",\"target\":[\"https:\/\/permbledhja.com\/kushtezimi-me-asociacionin-kurti-sflet-per-qendrimin-e-gjermanise-rreth-kie-se\/\"]}]},{\"@type\":\"BreadcrumbList\",\"@id\":\"https:\/\/permbledhja.com\/kushtezimi-me-asociacionin-kurti-sflet-per-qendrimin-e-gjermanise-rreth-kie-se\/#breadcrumb\",\"itemListElement\":[{\"@type\":\"ListItem\",\"position\":1,\"name\":\"Ballina\",\"item\":\"https:\/\/permbledhja.com\/sq\/\"},{\"@type\":\"ListItem\",\"position\":2,\"name\":\"Kusht\u00ebzimi me Asociacionin, Kurti s\u2019flet p\u00ebr q\u00ebndrimin e Gjermanis\u00eb rreth KiE-s\u00eb\"}]},{\"@type\":\"WebSite\",\"@id\":\"https:\/\/permbledhja.com\/#website\",\"url\":\"https:\/\/permbledhja.com\/\",\"name\":\"Ve\u00e7 artikuj p\u00ebrmbledh\u00ebs\",\"description\":\"\",\"publisher\":{\"@id\":\"https:\/\/permbledhja.com\/#organization\"},\"potentialAction\":[{\"@type\":\"SearchAction\",\"target\":{\"@type\":\"EntryPoint\",\"urlTemplate\":\"https:\/\/permbledhja.com\/?s={search_term_string}\"},\"query-input\":\"required name=search_term_string\"}],\"inLanguage\":\"sq\"},{\"@type\":\"Organization\",\"@id\":\"https:\/\/permbledhja.com\/#organization\",\"name\":\"MK Media & Pr\",\"url\":\"https:\/\/permbledhja.com\/\",\"logo\":{\"@type\":\"ImageObject\",\"inLanguage\":\"sq\",\"@id\":\"https:\/\/permbledhja.com\/#\/schema\/logo\/image\/\",\"url\":\"https:\/\/permbledhja.com\/wp-content\/uploads\/2021\/12\/07-Press-Logo.jpg\",\"contentUrl\":\"https:\/\/permbledhja.com\/wp-content\/uploads\/2021\/12\/07-Press-Logo.jpg\",\"width\":512,\"height\":512,\"caption\":\"MK Media & Pr\"},\"image\":{\"@id\":\"https:\/\/permbledhja.com\/#\/schema\/logo\/image\/\"},\"sameAs\":[\"https:\/\/www.facebook.com\/press07\/\"]},{\"@type\":\"Person\",\"@id\":\"https:\/\/permbledhja.com\/#\/schema\/person\/d23f13f59b5722643933d6780783acf3\",\"name\":\"M M\",\"image\":{\"@type\":\"ImageObject\",\"inLanguage\":\"sq\",\"@id\":\"https:\/\/permbledhja.com\/#\/schema\/person\/image\/\",\"url\":\"https:\/\/secure.gravatar.com\/avatar\/e2835a76ca7c31a2416b2d51c4ec9a8f?s=96&d=mm&r=g\",\"contentUrl\":\"https:\/\/secure.gravatar.com\/avatar\/e2835a76ca7c31a2416b2d51c4ec9a8f?s=96&d=mm&r=g\",\"caption\":\"M M\"},\"sameAs\":[\"http:\/\/MM\"],\"url\":\"https:\/\/permbledhja.com\/sq\/author\/muhamet\/\"}]}<\/script>\n<!-- \/ Yoast SEO plugin. -->","yoast_head_json":{"title":"Kusht\u00ebzimi me Asociacionin, Kurti s\u2019flet p\u00ebr q\u00ebndrimin e Gjermanis\u00eb rreth KiE-s\u00eb","robots":{"index":"index","follow":"follow","max-snippet":"max-snippet:-1","max-image-preview":"max-image-preview:large","max-video-preview":"max-video-preview:-1"},"canonical":"https:\/\/permbledhja.com\/sq\/kushtezimi-me-asociacionin-kurti-sflet-per-qendrimin-e-gjermanise-rreth-kie-se\/","og_locale":"sq_AL","og_type":"article","og_title":"Kusht\u00ebzimi me Asociacionin, Kurti s\u2019flet p\u00ebr q\u00ebndrimin e Gjermanis\u00eb rreth KiE-s\u00eb","og_description":"Kryeministri Albin Kurti nuk ka dashur t\u00eb komentoj\u00eb q\u00ebndrimin publik t\u00eb Gjermanis\u00eb se Kosova duhet t\u00eb nis\u00eb pun\u00ebn p\u00ebr themelimin e Asociacioni, n\u00eb m\u00ebnyr\u00eb q\u00eb t\u00eb an\u00ebtar\u00ebsohet n\u00eb K\u00ebshillin e Evrop\u00ebs. \u201cPo shkojm\u00eb n\u00eb nd\u00ebrtes\u00eb q\u00eb t\u2019i shohim kushtet\u2026\u201d, thot\u00eb N\u00eb arsyetimin e par\u00eb Kurti. P\u00ebr k\u00ebt\u00eb, gazetar\u00ebt tentuan dy her\u00eb t\u00eb marrin nj\u00eb q\u00ebndrim [&hellip;]","og_url":"https:\/\/permbledhja.com\/sq\/kushtezimi-me-asociacionin-kurti-sflet-per-qendrimin-e-gjermanise-rreth-kie-se\/","og_site_name":"Ve\u00e7 artikuj p\u00ebrmbledh\u00ebs","article_publisher":"https:\/\/www.facebook.com\/press07\/","article_published_time":"2024-04-30T17:58:32+00:00","og_image":[{"width":1361,"height":746,"url":"https:\/\/permbledhja.com\/wp-content\/uploads\/2024\/04\/Screenshot_20240430_195754_Chrome.jpg","type":"image\/jpeg"}],"author":"M M","twitter_card":"summary_large_image","twitter_misc":{"Written by":"M M","Est. reading time":"1 minut\u00eb"},"schema":{"@context":"https:\/\/schema.org","@graph":[{"@type":"Article","@id":"https:\/\/permbledhja.com\/kushtezimi-me-asociacionin-kurti-sflet-per-qendrimin-e-gjermanise-rreth-kie-se\/#article","isPartOf":{"@id":"https:\/\/permbledhja.com\/kushtezimi-me-asociacionin-kurti-sflet-per-qendrimin-e-gjermanise-rreth-kie-se\/"},"author":{"name":"M M","@id":"https:\/\/permbledhja.com\/#\/schema\/person\/d23f13f59b5722643933d6780783acf3"},"headline":"Kusht\u00ebzimi me Asociacionin, Kurti s\u2019flet p\u00ebr q\u00ebndrimin e Gjermanis\u00eb rreth KiE-s\u00eb","datePublished":"2024-04-30T17:58:32+00:00","dateModified":"2024-04-30T17:58:32+00:00","mainEntityOfPage":{"@id":"https:\/\/permbledhja.com\/kushtezimi-me-asociacionin-kurti-sflet-per-qendrimin-e-gjermanise-rreth-kie-se\/"},"wordCount":222,"publisher":{"@id":"https:\/\/permbledhja.com\/#organization"},"keywords":["Albin Kurti"],"articleSection":["Kryesoret"],"inLanguage":"sq"},{"@type":"WebPage","@id":"https:\/\/permbledhja.com\/kushtezimi-me-asociacionin-kurti-sflet-per-qendrimin-e-gjermanise-rreth-kie-se\/","url":"https:\/\/permbledhja.com\/kushtezimi-me-asociacionin-kurti-sflet-per-qendrimin-e-gjermanise-rreth-kie-se\/","name":"Kusht\u00ebzimi me Asociacionin, Kurti s\u2019flet p\u00ebr q\u00ebndrimin e Gjermanis\u00eb rreth KiE-s\u00eb","isPartOf":{"@id":"https:\/\/permbledhja.com\/#website"},"datePublished":"2024-04-30T17:58:32+00:00","dateModified":"2024-04-30T17:58:32+00:00","breadcrumb":{"@id":"https:\/\/permbledhja.com\/kushtezimi-me-asociacionin-kurti-sflet-per-qendrimin-e-gjermanise-rreth-kie-se\/#breadcrumb"},"inLanguage":"sq","potentialAction":[{"@type":"ReadAction","target":["https:\/\/permbledhja.com\/kushtezimi-me-asociacionin-kurti-sflet-per-qendrimin-e-gjermanise-rreth-kie-se\/"]}]},{"@type":"BreadcrumbList","@id":"https:\/\/permbledhja.com\/kushtezimi-me-asociacionin-kurti-sflet-per-qendrimin-e-gjermanise-rreth-kie-se\/#breadcrumb","itemListElement":[{"@type":"ListItem","position":1,"name":"Ballina","item":"https:\/\/permbledhja.com\/sq\/"},{"@type":"ListItem","position":2,"name":"Kusht\u00ebzimi me Asociacionin, Kurti s\u2019flet p\u00ebr q\u00ebndrimin e Gjermanis\u00eb rreth KiE-s\u00eb"}]},{"@type":"WebSite","@id":"https:\/\/permbledhja.com\/#website","url":"https:\/\/permbledhja.com\/","name":"Ve\u00e7 artikuj p\u00ebrmbledh\u00ebs","description":"","publisher":{"@id":"https:\/\/permbledhja.com\/#organization"},"potentialAction":[{"@type":"SearchAction","target":{"@type":"EntryPoint","urlTemplate":"https:\/\/permbledhja.com\/?s={search_term_string}"},"query-input":"required name=search_term_string"}],"inLanguage":"sq"},{"@type":"Organization","@id":"https:\/\/permbledhja.com\/#organization","name":"MK Media & Pr","url":"https:\/\/permbledhja.com\/","logo":{"@type":"ImageObject","inLanguage":"sq","@id":"https:\/\/permbledhja.com\/#\/schema\/logo\/image\/","url":"https:\/\/permbledhja.com\/wp-content\/uploads\/2021\/12\/07-Press-Logo.jpg","contentUrl":"https:\/\/permbledhja.com\/wp-content\/uploads\/2021\/12\/07-Press-Logo.jpg","width":512,"height":512,"caption":"MK Media & Pr"},"image":{"@id":"https:\/\/permbledhja.com\/#\/schema\/logo\/image\/"},"sameAs":["https:\/\/www.facebook.com\/press07\/"]},{"@type":"Person","@id":"https:\/\/permbledhja.com\/#\/schema\/person\/d23f13f59b5722643933d6780783acf3","name":"M M","image":{"@type":"ImageObject","inLanguage":"sq","@id":"https:\/\/permbledhja.com\/#\/schema\/person\/image\/","url":"https:\/\/secure.gravatar.com\/avatar\/e2835a76ca7c31a2416b2d51c4ec9a8f?s=96&d=mm&r=g","contentUrl":"https:\/\/secure.gravatar.com\/avatar\/e2835a76ca7c31a2416b2d51c4ec9a8f?s=96&d=mm&r=g","caption":"M M"},"sameAs":["http:\/\/MM"],"url":"https:\/\/permbledhja.com\/sq\/author\/muhamet\/"}]}},"_links":{"self":[{"href":"https:\/\/permbledhja.com\/sq\/wp-json\/wp\/v2\/posts\/59570"}],"collection":[{"href":"https:\/\/permbledhja.com\/sq\/wp-json\/wp\/v2\/posts"}],"about":[{"href":"https:\/\/permbledhja.com\/sq\/wp-json\/wp\/v2\/types\/post"}],"author":[{"embeddable":true,"href":"https:\/\/permbledhja.com\/sq\/wp-json\/wp\/v2\/users\/2"}],"replies":[{"embeddable":true,"href":"https:\/\/permbledhja.com\/sq\/wp-json\/wp\/v2\/comments?post=59570"}],"version-history":[{"count":1,"href":"https:\/\/permbledhja.com\/sq\/wp-json\/wp\/v2\/posts\/59570\/revisions"}],"predecessor-version":[{"id":59572,"href":"https:\/\/permbledhja.com\/sq\/wp-json\/wp\/v2\/posts\/59570\/revisions\/59572"}],"wp:featuredmedia":[{"embeddable":true,"href":"https:\/\/permbledhja.com\/sq\/wp-json\/wp\/v2\/media\/59571"}],"wp:attachment":[{"href":"https:\/\/permbledhja.com\/sq\/wp-json\/wp\/v2\/media?parent=59570"}],"wp:term":[{"taxonomy":"category","embeddable":true,"href":"https:\/\/permbledhja.com\/sq\/wp-json\/wp\/v2\/categories?post=59570"},{"taxonomy":"post_tag","embeddable":true,"href":"https:\/\/permbledhja.com\/sq\/wp-json\/wp\/v2\/tags?post=59570"}],"curies":[{"name":"wp","href":"https:\/\/api.w.org\/{rel}","templated":true}]}}