{"id":59398,"date":"2024-04-30T06:11:25","date_gmt":"2024-04-30T06:11:25","guid":{"rendered":"https:\/\/permbledhja.com\/?p=59398"},"modified":"2024-04-30T06:11:25","modified_gmt":"2024-04-30T06:11:25","slug":"as-sna-troket-kush-ne-dere-as-sdo-ta-hapim-serbet-ne-veri-hezitojne-te-regjistrohen-2","status":"publish","type":"post","link":"https:\/\/permbledhja.com\/sq\/as-sna-troket-kush-ne-dere-as-sdo-ta-hapim-serbet-ne-veri-hezitojne-te-regjistrohen-2\/","title":{"rendered":"\u201cAs s\u2019na troket kush n\u00eb der\u00eb, as s\u2019do ta hapim\u201d, serb\u00ebt n\u00eb veri hezitojn\u00eb t\u00eb regjistrohen"},"content":{"rendered":"<h3>Regjistruesit nuk kan\u00eb trokitur ende n\u00eb der\u00ebn e familjes 6-an\u00ebtar\u00ebshe Milletiq n\u00eb Leposaviq, edhe pse kan\u00eb kaluar m\u00eb shum\u00eb se tri jav\u00eb q\u00eb nga nisja e procesit t\u00eb regjistrimit t\u00eb popullsis\u00eb n\u00eb Kosov\u00eb.<\/h3>\n<p>Kjo familje thot\u00eb se nuk \u00ebsht\u00eb e sigurt se do t\u00eb p\u00ebrgjigjet n\u00eb pyetjet nga pyet\u00ebsori, edhe n\u00ebse dikush do t\u2019i trokiste n\u00eb der\u00eb gjat\u00eb dy jav\u00ebve t\u00eb ardhshme.<\/p>\n<p>\u201cKjo \u00ebsht\u00eb b\u00ebr\u00eb m\u00eb shum\u00eb \u00e7\u00ebshtje politike\u201d, thot\u00eb Dallibor Milletiq p\u00ebr Radion Evropa e Lir\u00eb, duke iu referuar regjistrimit t\u00eb popullsis\u00eb q\u00eb ka nisur m\u00eb 5 prill dhe do t\u00eb vazhdoj\u00eb deri m\u00eb 17 maj.<\/p>\n<p>Ai shton se askush nuk ua ka shpjeguar detajet e k\u00ebtij procesi dhe se mesazhe kontradiktore po d\u00ebgjohen si nga Prishtina, ashtu edhe nga p\u00ebrfaq\u00ebsuesit politik\u00eb t\u00eb serb\u00ebve.<\/p>\n<p>Edhe pse beson se do t\u00eb ishte mir\u00eb t\u00eb dihej numri i sakt\u00eb i pjes\u00ebtar\u00ebve t\u00eb komunitetit serb n\u00eb Kosov\u00eb, ai thot\u00eb se \u201cky nuk \u00ebsht\u00eb moment i favorsh\u00ebm p\u00ebr regjistrim\u201d.<\/p>\n<p>\u201cNuk e di ende se \u00e7far\u00eb do t\u00eb b\u00ebj [sa i p\u00ebrket regjistrimit]\u201d, thot\u00eb ky banor i Leposaviqit \u2013 komun\u00eb e banuar me shumic\u00eb serbe n\u00eb veri t\u00eb Kosov\u00ebs.<\/p>\n<p>Regjistruesit nuk e kan\u00eb vizituar ende as pensionistin nga Mitrovica e Veriut, Dragan Illiq.<\/p>\n<p>N\u00eb k\u00ebt\u00eb komun\u00eb, t\u00eb banuar po ashtu me shumic\u00eb serbe, ai jeton vet\u00ebm me gruan e tij, por thot\u00eb se nuk do t\u00eb marr\u00eb pjes\u00eb n\u00eb regjistrim, edhe n\u00ebse dikush u troket n\u00eb der\u00eb dhe u k\u00ebrkon t\u2019iu p\u00ebrgjigjen disa pyetjeve.<\/p>\n<p>\u201cPopulli nuk \u00ebsht\u00eb budalla, populli sheh, populli kupton. Ky regjistrim do t\u00eb thot\u00eb shkat\u00ebrrim p\u00ebr t\u00eb. Thjesht, kjo \u00ebsht\u00eb situata n\u00eb Kosov\u00eb tani\u201d, thot\u00eb Illiq p\u00ebr Radion Evropa e Lir\u00eb.<\/p>\n<p>Familjet Milletiq dhe Illiq nuk jan\u00eb t\u00eb vetmet q\u00eb hezitojn\u00eb ose refuzojn\u00eb t\u00eb regjistrohen.<\/p>\n<p>Shumica e serb\u00ebve n\u00eb kat\u00ebr komunat n\u00eb veri t\u00eb Kosov\u00ebs refuzojn\u00eb t\u00eb regjistrohen, than\u00eb zyrtar\u00eb t\u00eb Agjencis\u00eb s\u00eb Statistikave t\u00eb Kosov\u00ebs, t\u00eb h\u00ebn\u00ebn.<\/p>\n<p>Drejtori i k\u00ebsaj agjencie, Avni Kastrati, tha se bojkotimi i regjistrimit nuk \u00ebsht\u00eb gj\u00eb e mir\u00eb p\u00ebr komunitetin serb dhe n\u00ebse vazhdon, shtoi ai, aje do t\u00eb b\u00ebhet vet\u00ebm vler\u00ebsimi i popullsis\u00eb.<\/p>\n<p>N\u00eb \u201cthirrjen\u201d p\u00ebr bojkotim ka marr\u00eb pjes\u00eb Lista Serbe \u2013 partia m\u00eb e madhe e serb\u00ebve n\u00eb Kosov\u00eb, e cila g\u00ebzon mb\u00ebshtetjen e Beogradit.<\/p>\n<p>Para fillimit t\u00eb regjistrimit, ajo ka th\u00ebn\u00eb se pjes\u00ebtar\u00ebt e komunitetit serb nuk do t\u00eb marrin pjes\u00eb n\u00eb regjistrimin e popullsis\u00eb, p\u00ebr shkak t\u00eb \u201crepresionit\u201d nga autoritetet e Kosov\u00ebs.<\/p>\n<p>Numri i regjistruesve n\u00eb komunat me shumic\u00eb serbe n\u00eb Kosov\u00eb<\/p>\n<p>N\u00eb disa prej komunave me shumic\u00eb serbe n\u00eb Kosov\u00eb, numri i regjistruesve t\u00eb trajnuar p\u00ebr t\u00eb punuar n\u00eb procesin e regjistrimit t\u00eb popullsis\u00eb n\u00eb Kosov\u00eb \u00ebsht\u00eb m\u00eb i ul\u00ebt sesa q\u00eb ishte planifikuar.<\/p>\n<p>N\u00eb komunat me shumic\u00eb serbe n\u00eb veri, tensionet jan\u00eb t\u00eb larta tash e sa koh\u00eb. Krizat kan\u00eb vazhduar q\u00eb kur serb\u00ebt jan\u00eb larguar nga institucionet e Kosov\u00ebs n\u00eb veri, me iniciativ\u00ebn e List\u00ebs Serbe, n\u00eb n\u00ebntor t\u00eb vitit 2022.<\/p>\n<p>Pas t\u00ebrheqjes s\u00eb tyre, udh\u00ebheqjen e kat\u00ebr komunave n\u00eb veri \u2013 Mitrovic\u00eb e Veriut, Zve\u00e7an, Zubin Potok dhe Leposaviq \u2013 e kan\u00eb marr\u00eb kryetar\u00ebt shqiptar\u00eb, gj\u00eb q\u00eb i ka rritur tensionet edhe m\u00eb shum\u00eb.<\/p>\n<p>Serb\u00ebt n\u00eb veri t\u00eb Kosov\u00ebs nuk kan\u00eb marr\u00eb pjes\u00eb as n\u00eb regjistrimin e fundit t\u00eb popullsis\u00eb n\u00eb vitin 2011, nd\u00ebrsa pjes\u00ebtar\u00ebt e komunitetit serb n\u00eb jug t\u00eb Ibrit, n\u00eb p\u00ebrgjith\u00ebsi, e kan\u00eb bojkotuar at\u00eb, me ftes\u00eb t\u00eb Beogradit zyrtar.<\/p>\n<p>Sipas atij regjistrimi, numri i p\u00ebrgjithsh\u00ebm i banor\u00ebve n\u00eb Kosov\u00eb \u00ebsht\u00eb rreth 1.8 milion \u2013 prej t\u00eb cil\u00ebve rreth 25.000 jan\u00eb serb\u00eb. Megjithat\u00eb, sipas vler\u00ebsimeve t\u00eb sektorit civil, jan\u00eb rreth 100.000 pjes\u00ebtar\u00eb t\u00eb komunitetit serb q\u00eb jetojn\u00eb n\u00eb Kosov\u00eb.<\/p>\n","protected":false},"excerpt":{"rendered":"<p>Regjistruesit nuk kan\u00eb trokitur ende n\u00eb der\u00ebn e familjes 6-an\u00ebtar\u00ebshe Milletiq n\u00eb Leposaviq, edhe pse kan\u00eb kaluar m\u00eb shum\u00eb se tri jav\u00eb q\u00eb nga nisja e procesit t\u00eb regjistrimit t\u00eb popullsis\u00eb n\u00eb Kosov\u00eb. Kjo familje thot\u00eb se nuk \u00ebsht\u00eb e sigurt se do t\u00eb p\u00ebrgjigjet n\u00eb pyetjet nga pyet\u00ebsori, edhe n\u00ebse dikush do t\u2019i trokiste [&hellip;]<\/p>\n","protected":false},"author":5,"featured_media":59399,"comment_status":"closed","ping_status":"closed","sticky":false,"template":"","format":"standard","meta":{"_monsterinsights_skip_tracking":false,"_monsterinsights_sitenote_active":false,"_monsterinsights_sitenote_note":"","_monsterinsights_sitenote_category":0,"_uf_show_specific_survey":0,"_uf_disable_surveys":false,"footnotes":""},"categories":[2645],"tags":[],"yoast_head":"<!-- This site is optimized with the Yoast SEO plugin v21.5 - https:\/\/yoast.com\/wordpress\/plugins\/seo\/ -->\n<title>\u201cAs s\u2019na troket kush n\u00eb der\u00eb, as s\u2019do ta hapim\u201d, serb\u00ebt n\u00eb veri hezitojn\u00eb t\u00eb regjistrohen<\/title>\n<meta name=\"robots\" content=\"index, follow, max-snippet:-1, max-image-preview:large, max-video-preview:-1\" \/>\n<link rel=\"canonical\" href=\"https:\/\/permbledhja.com\/sq\/as-sna-troket-kush-ne-dere-as-sdo-ta-hapim-serbet-ne-veri-hezitojne-te-regjistrohen-2\/\" \/>\n<meta property=\"og:locale\" content=\"sq_AL\" \/>\n<meta property=\"og:type\" content=\"article\" \/>\n<meta property=\"og:title\" content=\"\u201cAs s\u2019na troket kush n\u00eb der\u00eb, as s\u2019do ta hapim\u201d, serb\u00ebt n\u00eb veri hezitojn\u00eb t\u00eb regjistrohen\" \/>\n<meta property=\"og:description\" content=\"Regjistruesit nuk kan\u00eb trokitur ende n\u00eb der\u00ebn e familjes 6-an\u00ebtar\u00ebshe Milletiq n\u00eb Leposaviq, edhe pse kan\u00eb kaluar m\u00eb shum\u00eb se tri jav\u00eb q\u00eb nga nisja e procesit t\u00eb regjistrimit t\u00eb popullsis\u00eb n\u00eb Kosov\u00eb. Kjo familje thot\u00eb se nuk \u00ebsht\u00eb e sigurt se do t\u00eb p\u00ebrgjigjet n\u00eb pyetjet nga pyet\u00ebsori, edhe n\u00ebse dikush do t\u2019i trokiste [&hellip;]\" \/>\n<meta property=\"og:url\" content=\"https:\/\/permbledhja.com\/sq\/as-sna-troket-kush-ne-dere-as-sdo-ta-hapim-serbet-ne-veri-hezitojne-te-regjistrohen-2\/\" \/>\n<meta property=\"og:site_name\" content=\"Ve\u00e7 artikuj p\u00ebrmbledh\u00ebs\" \/>\n<meta property=\"article:publisher\" content=\"https:\/\/www.facebook.com\/press07\/\" \/>\n<meta property=\"article:published_time\" content=\"2024-04-30T06:11:25+00:00\" \/>\n<meta property=\"og:image\" content=\"https:\/\/permbledhja.com\/wp-content\/uploads\/2024\/04\/s-2.png\" \/>\n\t<meta property=\"og:image:width\" content=\"600\" \/>\n\t<meta property=\"og:image:height\" content=\"360\" \/>\n\t<meta property=\"og:image:type\" content=\"image\/png\" \/>\n<meta name=\"author\" content=\"DL\" \/>\n<meta name=\"twitter:card\" content=\"summary_large_image\" \/>\n<meta name=\"twitter:label1\" content=\"Written by\" \/>\n\t<meta name=\"twitter:data1\" content=\"DL\" \/>\n\t<meta name=\"twitter:label2\" content=\"Est. reading time\" \/>\n\t<meta name=\"twitter:data2\" content=\"4 minuta\" \/>\n<script type=\"application\/ld+json\" class=\"yoast-schema-graph\">{\"@context\":\"https:\/\/schema.org\",\"@graph\":[{\"@type\":\"Article\",\"@id\":\"https:\/\/permbledhja.com\/as-sna-troket-kush-ne-dere-as-sdo-ta-hapim-serbet-ne-veri-hezitojne-te-regjistrohen-2\/#article\",\"isPartOf\":{\"@id\":\"https:\/\/permbledhja.com\/as-sna-troket-kush-ne-dere-as-sdo-ta-hapim-serbet-ne-veri-hezitojne-te-regjistrohen-2\/\"},\"author\":{\"name\":\"DL\",\"@id\":\"https:\/\/permbledhja.com\/#\/schema\/person\/9c54260cbc4c6f792cb100550491638c\"},\"headline\":\"\u201cAs s\u2019na troket kush n\u00eb der\u00eb, as s\u2019do ta hapim\u201d, serb\u00ebt n\u00eb veri hezitojn\u00eb t\u00eb regjistrohen\",\"datePublished\":\"2024-04-30T06:11:25+00:00\",\"dateModified\":\"2024-04-30T06:11:25+00:00\",\"mainEntityOfPage\":{\"@id\":\"https:\/\/permbledhja.com\/as-sna-troket-kush-ne-dere-as-sdo-ta-hapim-serbet-ne-veri-hezitojne-te-regjistrohen-2\/\"},\"wordCount\":670,\"publisher\":{\"@id\":\"https:\/\/permbledhja.com\/#organization\"},\"articleSection\":[\"T\u00eb r\u00ebnd\u00ebsishme\"],\"inLanguage\":\"sq\"},{\"@type\":\"WebPage\",\"@id\":\"https:\/\/permbledhja.com\/as-sna-troket-kush-ne-dere-as-sdo-ta-hapim-serbet-ne-veri-hezitojne-te-regjistrohen-2\/\",\"url\":\"https:\/\/permbledhja.com\/as-sna-troket-kush-ne-dere-as-sdo-ta-hapim-serbet-ne-veri-hezitojne-te-regjistrohen-2\/\",\"name\":\"\u201cAs s\u2019na troket kush n\u00eb der\u00eb, as s\u2019do ta hapim\u201d, serb\u00ebt n\u00eb veri hezitojn\u00eb t\u00eb regjistrohen\",\"isPartOf\":{\"@id\":\"https:\/\/permbledhja.com\/#website\"},\"datePublished\":\"2024-04-30T06:11:25+00:00\",\"dateModified\":\"2024-04-30T06:11:25+00:00\",\"breadcrumb\":{\"@id\":\"https:\/\/permbledhja.com\/as-sna-troket-kush-ne-dere-as-sdo-ta-hapim-serbet-ne-veri-hezitojne-te-regjistrohen-2\/#breadcrumb\"},\"inLanguage\":\"sq\",\"potentialAction\":[{\"@type\":\"ReadAction\",\"target\":[\"https:\/\/permbledhja.com\/as-sna-troket-kush-ne-dere-as-sdo-ta-hapim-serbet-ne-veri-hezitojne-te-regjistrohen-2\/\"]}]},{\"@type\":\"BreadcrumbList\",\"@id\":\"https:\/\/permbledhja.com\/as-sna-troket-kush-ne-dere-as-sdo-ta-hapim-serbet-ne-veri-hezitojne-te-regjistrohen-2\/#breadcrumb\",\"itemListElement\":[{\"@type\":\"ListItem\",\"position\":1,\"name\":\"Ballina\",\"item\":\"https:\/\/permbledhja.com\/sq\/\"},{\"@type\":\"ListItem\",\"position\":2,\"name\":\"\u201cAs s\u2019na troket kush n\u00eb der\u00eb, as s\u2019do ta hapim\u201d, serb\u00ebt n\u00eb veri hezitojn\u00eb t\u00eb regjistrohen\"}]},{\"@type\":\"WebSite\",\"@id\":\"https:\/\/permbledhja.com\/#website\",\"url\":\"https:\/\/permbledhja.com\/\",\"name\":\"Ve\u00e7 artikuj p\u00ebrmbledh\u00ebs\",\"description\":\"\",\"publisher\":{\"@id\":\"https:\/\/permbledhja.com\/#organization\"},\"potentialAction\":[{\"@type\":\"SearchAction\",\"target\":{\"@type\":\"EntryPoint\",\"urlTemplate\":\"https:\/\/permbledhja.com\/?s={search_term_string}\"},\"query-input\":\"required name=search_term_string\"}],\"inLanguage\":\"sq\"},{\"@type\":\"Organization\",\"@id\":\"https:\/\/permbledhja.com\/#organization\",\"name\":\"MK Media & Pr\",\"url\":\"https:\/\/permbledhja.com\/\",\"logo\":{\"@type\":\"ImageObject\",\"inLanguage\":\"sq\",\"@id\":\"https:\/\/permbledhja.com\/#\/schema\/logo\/image\/\",\"url\":\"https:\/\/permbledhja.com\/wp-content\/uploads\/2021\/12\/07-Press-Logo.jpg\",\"contentUrl\":\"https:\/\/permbledhja.com\/wp-content\/uploads\/2021\/12\/07-Press-Logo.jpg\",\"width\":512,\"height\":512,\"caption\":\"MK Media & Pr\"},\"image\":{\"@id\":\"https:\/\/permbledhja.com\/#\/schema\/logo\/image\/\"},\"sameAs\":[\"https:\/\/www.facebook.com\/press07\/\"]},{\"@type\":\"Person\",\"@id\":\"https:\/\/permbledhja.com\/#\/schema\/person\/9c54260cbc4c6f792cb100550491638c\",\"name\":\"DL\",\"image\":{\"@type\":\"ImageObject\",\"inLanguage\":\"sq\",\"@id\":\"https:\/\/permbledhja.com\/#\/schema\/person\/image\/\",\"url\":\"https:\/\/secure.gravatar.com\/avatar\/94503eb28d4c4b2005a5c8753e35fc80?s=96&d=mm&r=g\",\"contentUrl\":\"https:\/\/secure.gravatar.com\/avatar\/94503eb28d4c4b2005a5c8753e35fc80?s=96&d=mm&r=g\",\"caption\":\"DL\"},\"url\":\"https:\/\/permbledhja.com\/sq\/author\/dl\/\"}]}<\/script>\n<!-- \/ Yoast SEO plugin. -->","yoast_head_json":{"title":"\u201cAs s\u2019na troket kush n\u00eb der\u00eb, as s\u2019do ta hapim\u201d, serb\u00ebt n\u00eb veri hezitojn\u00eb t\u00eb regjistrohen","robots":{"index":"index","follow":"follow","max-snippet":"max-snippet:-1","max-image-preview":"max-image-preview:large","max-video-preview":"max-video-preview:-1"},"canonical":"https:\/\/permbledhja.com\/sq\/as-sna-troket-kush-ne-dere-as-sdo-ta-hapim-serbet-ne-veri-hezitojne-te-regjistrohen-2\/","og_locale":"sq_AL","og_type":"article","og_title":"\u201cAs s\u2019na troket kush n\u00eb der\u00eb, as s\u2019do ta hapim\u201d, serb\u00ebt n\u00eb veri hezitojn\u00eb t\u00eb regjistrohen","og_description":"Regjistruesit nuk kan\u00eb trokitur ende n\u00eb der\u00ebn e familjes 6-an\u00ebtar\u00ebshe Milletiq n\u00eb Leposaviq, edhe pse kan\u00eb kaluar m\u00eb shum\u00eb se tri jav\u00eb q\u00eb nga nisja e procesit t\u00eb regjistrimit t\u00eb popullsis\u00eb n\u00eb Kosov\u00eb. Kjo familje thot\u00eb se nuk \u00ebsht\u00eb e sigurt se do t\u00eb p\u00ebrgjigjet n\u00eb pyetjet nga pyet\u00ebsori, edhe n\u00ebse dikush do t\u2019i trokiste [&hellip;]","og_url":"https:\/\/permbledhja.com\/sq\/as-sna-troket-kush-ne-dere-as-sdo-ta-hapim-serbet-ne-veri-hezitojne-te-regjistrohen-2\/","og_site_name":"Ve\u00e7 artikuj p\u00ebrmbledh\u00ebs","article_publisher":"https:\/\/www.facebook.com\/press07\/","article_published_time":"2024-04-30T06:11:25+00:00","og_image":[{"width":600,"height":360,"url":"https:\/\/permbledhja.com\/wp-content\/uploads\/2024\/04\/s-2.png","type":"image\/png"}],"author":"DL","twitter_card":"summary_large_image","twitter_misc":{"Written by":"DL","Est. reading time":"4 minuta"},"schema":{"@context":"https:\/\/schema.org","@graph":[{"@type":"Article","@id":"https:\/\/permbledhja.com\/as-sna-troket-kush-ne-dere-as-sdo-ta-hapim-serbet-ne-veri-hezitojne-te-regjistrohen-2\/#article","isPartOf":{"@id":"https:\/\/permbledhja.com\/as-sna-troket-kush-ne-dere-as-sdo-ta-hapim-serbet-ne-veri-hezitojne-te-regjistrohen-2\/"},"author":{"name":"DL","@id":"https:\/\/permbledhja.com\/#\/schema\/person\/9c54260cbc4c6f792cb100550491638c"},"headline":"\u201cAs s\u2019na troket kush n\u00eb der\u00eb, as s\u2019do ta hapim\u201d, serb\u00ebt n\u00eb veri hezitojn\u00eb t\u00eb regjistrohen","datePublished":"2024-04-30T06:11:25+00:00","dateModified":"2024-04-30T06:11:25+00:00","mainEntityOfPage":{"@id":"https:\/\/permbledhja.com\/as-sna-troket-kush-ne-dere-as-sdo-ta-hapim-serbet-ne-veri-hezitojne-te-regjistrohen-2\/"},"wordCount":670,"publisher":{"@id":"https:\/\/permbledhja.com\/#organization"},"articleSection":["T\u00eb r\u00ebnd\u00ebsishme"],"inLanguage":"sq"},{"@type":"WebPage","@id":"https:\/\/permbledhja.com\/as-sna-troket-kush-ne-dere-as-sdo-ta-hapim-serbet-ne-veri-hezitojne-te-regjistrohen-2\/","url":"https:\/\/permbledhja.com\/as-sna-troket-kush-ne-dere-as-sdo-ta-hapim-serbet-ne-veri-hezitojne-te-regjistrohen-2\/","name":"\u201cAs s\u2019na troket kush n\u00eb der\u00eb, as s\u2019do ta hapim\u201d, serb\u00ebt n\u00eb veri hezitojn\u00eb t\u00eb regjistrohen","isPartOf":{"@id":"https:\/\/permbledhja.com\/#website"},"datePublished":"2024-04-30T06:11:25+00:00","dateModified":"2024-04-30T06:11:25+00:00","breadcrumb":{"@id":"https:\/\/permbledhja.com\/as-sna-troket-kush-ne-dere-as-sdo-ta-hapim-serbet-ne-veri-hezitojne-te-regjistrohen-2\/#breadcrumb"},"inLanguage":"sq","potentialAction":[{"@type":"ReadAction","target":["https:\/\/permbledhja.com\/as-sna-troket-kush-ne-dere-as-sdo-ta-hapim-serbet-ne-veri-hezitojne-te-regjistrohen-2\/"]}]},{"@type":"BreadcrumbList","@id":"https:\/\/permbledhja.com\/as-sna-troket-kush-ne-dere-as-sdo-ta-hapim-serbet-ne-veri-hezitojne-te-regjistrohen-2\/#breadcrumb","itemListElement":[{"@type":"ListItem","position":1,"name":"Ballina","item":"https:\/\/permbledhja.com\/sq\/"},{"@type":"ListItem","position":2,"name":"\u201cAs s\u2019na troket kush n\u00eb der\u00eb, as s\u2019do ta hapim\u201d, serb\u00ebt n\u00eb veri hezitojn\u00eb t\u00eb regjistrohen"}]},{"@type":"WebSite","@id":"https:\/\/permbledhja.com\/#website","url":"https:\/\/permbledhja.com\/","name":"Ve\u00e7 artikuj p\u00ebrmbledh\u00ebs","description":"","publisher":{"@id":"https:\/\/permbledhja.com\/#organization"},"potentialAction":[{"@type":"SearchAction","target":{"@type":"EntryPoint","urlTemplate":"https:\/\/permbledhja.com\/?s={search_term_string}"},"query-input":"required name=search_term_string"}],"inLanguage":"sq"},{"@type":"Organization","@id":"https:\/\/permbledhja.com\/#organization","name":"MK Media & Pr","url":"https:\/\/permbledhja.com\/","logo":{"@type":"ImageObject","inLanguage":"sq","@id":"https:\/\/permbledhja.com\/#\/schema\/logo\/image\/","url":"https:\/\/permbledhja.com\/wp-content\/uploads\/2021\/12\/07-Press-Logo.jpg","contentUrl":"https:\/\/permbledhja.com\/wp-content\/uploads\/2021\/12\/07-Press-Logo.jpg","width":512,"height":512,"caption":"MK Media & Pr"},"image":{"@id":"https:\/\/permbledhja.com\/#\/schema\/logo\/image\/"},"sameAs":["https:\/\/www.facebook.com\/press07\/"]},{"@type":"Person","@id":"https:\/\/permbledhja.com\/#\/schema\/person\/9c54260cbc4c6f792cb100550491638c","name":"DL","image":{"@type":"ImageObject","inLanguage":"sq","@id":"https:\/\/permbledhja.com\/#\/schema\/person\/image\/","url":"https:\/\/secure.gravatar.com\/avatar\/94503eb28d4c4b2005a5c8753e35fc80?s=96&d=mm&r=g","contentUrl":"https:\/\/secure.gravatar.com\/avatar\/94503eb28d4c4b2005a5c8753e35fc80?s=96&d=mm&r=g","caption":"DL"},"url":"https:\/\/permbledhja.com\/sq\/author\/dl\/"}]}},"_links":{"self":[{"href":"https:\/\/permbledhja.com\/sq\/wp-json\/wp\/v2\/posts\/59398"}],"collection":[{"href":"https:\/\/permbledhja.com\/sq\/wp-json\/wp\/v2\/posts"}],"about":[{"href":"https:\/\/permbledhja.com\/sq\/wp-json\/wp\/v2\/types\/post"}],"author":[{"embeddable":true,"href":"https:\/\/permbledhja.com\/sq\/wp-json\/wp\/v2\/users\/5"}],"replies":[{"embeddable":true,"href":"https:\/\/permbledhja.com\/sq\/wp-json\/wp\/v2\/comments?post=59398"}],"version-history":[{"count":1,"href":"https:\/\/permbledhja.com\/sq\/wp-json\/wp\/v2\/posts\/59398\/revisions"}],"predecessor-version":[{"id":59400,"href":"https:\/\/permbledhja.com\/sq\/wp-json\/wp\/v2\/posts\/59398\/revisions\/59400"}],"wp:featuredmedia":[{"embeddable":true,"href":"https:\/\/permbledhja.com\/sq\/wp-json\/wp\/v2\/media\/59399"}],"wp:attachment":[{"href":"https:\/\/permbledhja.com\/sq\/wp-json\/wp\/v2\/media?parent=59398"}],"wp:term":[{"taxonomy":"category","embeddable":true,"href":"https:\/\/permbledhja.com\/sq\/wp-json\/wp\/v2\/categories?post=59398"},{"taxonomy":"post_tag","embeddable":true,"href":"https:\/\/permbledhja.com\/sq\/wp-json\/wp\/v2\/tags?post=59398"}],"curies":[{"name":"wp","href":"https:\/\/api.w.org\/{rel}","templated":true}]}}