{"id":59200,"date":"2024-04-29T09:29:57","date_gmt":"2024-04-29T09:29:57","guid":{"rendered":"https:\/\/permbledhja.com\/?p=59200"},"modified":"2024-04-29T09:29:57","modified_gmt":"2024-04-29T09:29:57","slug":"ish-deputeti-i-kuvendit-te-serbise-oborri-serb-eshte-me-krime-lufte-dhe-gjenocid-kosova-eshte-shtet-i-pavarur","status":"publish","type":"post","link":"https:\/\/permbledhja.com\/sq\/ish-deputeti-i-kuvendit-te-serbise-oborri-serb-eshte-me-krime-lufte-dhe-gjenocid-kosova-eshte-shtet-i-pavarur\/","title":{"rendered":"Ish-deputeti i Kuvendit t\u00eb Serbis\u00eb: Oborri serb \u00ebsht\u00eb me krime lufte dhe gjenocid, Kosova \u00ebsht\u00eb shtet i pavarur"},"content":{"rendered":"<h3>Aleksandar Olenik, avokat dhe politikan, ish-deputet i Kuvendit t\u00eb Serbis\u00eb, \u00a0an\u00ebtar i Lidhjes s\u00eb Socialdemokrat\u00ebve t\u00eb Vojvodin\u00ebs n\u00eb nj\u00eb intervist\u00eb p\u00ebr mediumin boshnjak \u201cSlobodna Bosnja\u201d ka folur p\u00ebr politik\u00ebn e rrezikshme q\u00eb Aleksandar Vu\u00e7iq po zbaton prej 12 vitesh, Rezolut\u00ebn p\u00ebr gjenocidin n\u00eb Srebrenic\u00eb si dhe raportet e Serbis\u00eb me Kosov\u00ebn.<\/h3>\n<p>Sipas tij, Kosova \u00ebsht\u00eb shtet i pavarur q\u00eb t\u00eb gjith\u00eb e shohin at\u00eb dhe t\u00eb gjith\u00eb e din\u00eb.<\/p>\n<p>I pyetur se a mund t\u00eb ket\u00eb pajtim mes popujve t\u00eb Ballkanit derisa Serbia t\u00eb njoh\u00eb Kosov\u00ebn dhe gjenocidin n\u00eb Srebrenic\u00eb, ish-deputeti serb mendon se pa ballafaqim me krimet e kryera nga individ\u00eb nga pala serbe, dhe pranimi i krimit t\u00eb gjenocidit \u00ebsht\u00eb vet\u00ebm nj\u00eb m\u00ebnyr\u00eb p\u00ebr t\u2019u p\u00ebrballur me t\u00eb, nuk do t\u00eb ket\u00eb kurr\u00eb pajtim mes qytetar\u00ebve, p\u00ebrkat\u00ebsisht kombeve.<\/p>\n<p>\u201cPajtimi mund t\u00eb ndodh\u00eb n\u00ebse t\u00eb gjith\u00eb shikojm\u00eb n\u00eb oborrin ton\u00eb. Oborri serb \u00ebsht\u00eb me krime lufte dhe gjenocid. N\u00ebse e p\u00ebrballojm\u00eb fillimisht, vet\u00ebm mbi k\u00ebto arsye mund t\u00eb p\u00ebrpiqemi t\u00eb arrijm\u00eb nj\u00eb marr\u00ebveshje me fqinj\u00ebt tan\u00eb. P\u00ebr t\u00eb arritur pajtimin, duhet t\u00eb dihet se kush ishte agresori, kush e udh\u00ebhoqi luft\u00ebn, kush e humbi luft\u00ebn dhe cilat ishin pasojat. Nuk mund t\u00eb jemi t\u00eb gjith\u00eb fitues n\u00eb luft\u00eb, nuk mund t\u00eb jemi t\u00eb gjith\u00eb ata q\u00eb mbrojt\u00ebn vet\u00ebm t\u00eb tyret. Dihet se kush ka luftuar n\u00eb territore t\u00eb huaja, n\u00eb territore t\u00eb vendeve t\u00eb tjera, e kjo \u00ebsht\u00eb vet\u00ebm Ushtria e Jugosllavis\u00eb, pra Republika e Serbis\u00eb. Dihet se kush \u00ebsht\u00eb p\u00ebrgjegj\u00ebs p\u00ebr gjenocidin dhe kjo \u00ebsht\u00eb pik\u00ebnisja. Mendimi im \u00ebsht\u00eb se lufta n\u00eb Jugosllavi vet\u00ebm u ndal dhe p\u00ebrfundoi, por nuk mbaroi. Dhe se nj\u00eb num\u00ebr i madh i qytetar\u00ebve t\u00eb Serbis\u00eb, por edhe t\u00eb vendeve fqinje, jan\u00eb ende n\u00eb luft\u00eb n\u00eb kok\u00eb. Pa pajtim t\u00eb v\u00ebrtet\u00eb, nj\u00eb mendim i till\u00eb v\u00ebshtir\u00eb se do t\u00eb ndalet\u201d, thot\u00eb ai.<\/p>\n<p>Olenik thot\u00eb se ka ardhur koha q\u00eb Serbia t\u00eb decentralizohet dhe se Vojvodina duhet t\u00eb kthej\u00eb kompetencat e saj, t\u00eb cilat i humbi n\u00eb vitin 1988 me t\u00eb ashtuquajturin \u201crevolucion i kosit\u201d. Ishte pik\u00ebrisht ky revolucion q\u00eb sipas ish-deputetit serb ka vulosur shk\u00ebputjen e Kosov\u00ebs nga Serbia.<\/p>\n<p>\u201cMeq\u00eb nuk mund\u00ebn ta b\u00ebnin \u201crevolucionin e kosit\u201d n\u00eb Kosov\u00eb, ai u krye me tanke, kur u shkat\u00ebrrua autonomia e Kosov\u00ebs n\u00eb kuad\u00ebr t\u00eb Serbis\u00eb dhe pastaj Serbia humbi Kosov\u00ebn. Me fjal\u00eb t\u00eb tjera, at\u00ebher\u00eb Serbia e d\u00ebboi Kosov\u00ebn nga Serbia dhe ajo l\u00ebvizje shkaktoi t\u00eb gjitha tmerret e ardhshme q\u00eb pasuan si n\u00eb Kosov\u00eb ashtu edhe n\u00eb ish-RSFJ\u201d<\/p>\n<p>. Un\u00eb do t\u00eb vazhdoj t\u00eb b\u00ebj gjith\u00e7ka q\u00eb kam b\u00ebr\u00eb tani n\u00eb kuad\u00ebr t\u00eb Lidhjes s\u00eb Socialdemokrat\u00ebve t\u00eb Vojvodin\u00ebs dhe nuk do t\u00eb devijoj nga politika ime\u201d.<\/p>\n","protected":false},"excerpt":{"rendered":"<p>Aleksandar Olenik, avokat dhe politikan, ish-deputet i Kuvendit t\u00eb Serbis\u00eb, \u00a0an\u00ebtar i Lidhjes s\u00eb Socialdemokrat\u00ebve t\u00eb Vojvodin\u00ebs n\u00eb nj\u00eb intervist\u00eb p\u00ebr mediumin boshnjak \u201cSlobodna Bosnja\u201d ka folur p\u00ebr politik\u00ebn e rrezikshme q\u00eb Aleksandar Vu\u00e7iq po zbaton prej 12 vitesh, Rezolut\u00ebn p\u00ebr gjenocidin n\u00eb Srebrenic\u00eb si dhe raportet e Serbis\u00eb me Kosov\u00ebn. Sipas tij, Kosova \u00ebsht\u00eb [&hellip;]<\/p>\n","protected":false},"author":5,"featured_media":59201,"comment_status":"closed","ping_status":"closed","sticky":false,"template":"","format":"standard","meta":{"_monsterinsights_skip_tracking":false,"_monsterinsights_sitenote_active":false,"_monsterinsights_sitenote_note":"","_monsterinsights_sitenote_category":0,"_uf_show_specific_survey":0,"_uf_disable_surveys":false,"footnotes":""},"categories":[15],"tags":[],"yoast_head":"<!-- This site is optimized with the Yoast SEO plugin v21.5 - https:\/\/yoast.com\/wordpress\/plugins\/seo\/ -->\n<title>Ish-deputeti i Kuvendit t\u00eb Serbis\u00eb: Oborri serb \u00ebsht\u00eb me krime lufte dhe gjenocid, Kosova \u00ebsht\u00eb shtet i pavarur<\/title>\n<meta name=\"robots\" content=\"index, follow, max-snippet:-1, max-image-preview:large, max-video-preview:-1\" \/>\n<link rel=\"canonical\" href=\"https:\/\/permbledhja.com\/sq\/ish-deputeti-i-kuvendit-te-serbise-oborri-serb-eshte-me-krime-lufte-dhe-gjenocid-kosova-eshte-shtet-i-pavarur\/\" \/>\n<meta property=\"og:locale\" content=\"sq_AL\" \/>\n<meta property=\"og:type\" content=\"article\" \/>\n<meta property=\"og:title\" content=\"Ish-deputeti i Kuvendit t\u00eb Serbis\u00eb: Oborri serb \u00ebsht\u00eb me krime lufte dhe gjenocid, Kosova \u00ebsht\u00eb shtet i pavarur\" \/>\n<meta property=\"og:description\" content=\"Aleksandar Olenik, avokat dhe politikan, ish-deputet i Kuvendit t\u00eb Serbis\u00eb, \u00a0an\u00ebtar i Lidhjes s\u00eb Socialdemokrat\u00ebve t\u00eb Vojvodin\u00ebs n\u00eb nj\u00eb intervist\u00eb p\u00ebr mediumin boshnjak \u201cSlobodna Bosnja\u201d ka folur p\u00ebr politik\u00ebn e rrezikshme q\u00eb Aleksandar Vu\u00e7iq po zbaton prej 12 vitesh, Rezolut\u00ebn p\u00ebr gjenocidin n\u00eb Srebrenic\u00eb si dhe raportet e Serbis\u00eb me Kosov\u00ebn. Sipas tij, Kosova \u00ebsht\u00eb [&hellip;]\" \/>\n<meta property=\"og:url\" content=\"https:\/\/permbledhja.com\/sq\/ish-deputeti-i-kuvendit-te-serbise-oborri-serb-eshte-me-krime-lufte-dhe-gjenocid-kosova-eshte-shtet-i-pavarur\/\" \/>\n<meta property=\"og:site_name\" content=\"Ve\u00e7 artikuj p\u00ebrmbledh\u00ebs\" \/>\n<meta property=\"article:publisher\" content=\"https:\/\/www.facebook.com\/press07\/\" \/>\n<meta property=\"article:published_time\" content=\"2024-04-29T09:29:57+00:00\" \/>\n<meta property=\"og:image\" content=\"https:\/\/permbledhja.com\/wp-content\/uploads\/2024\/04\/ish-1.jpg\" \/>\n\t<meta property=\"og:image:width\" content=\"600\" \/>\n\t<meta property=\"og:image:height\" content=\"360\" \/>\n\t<meta property=\"og:image:type\" content=\"image\/jpeg\" \/>\n<meta name=\"author\" content=\"DL\" \/>\n<meta name=\"twitter:card\" content=\"summary_large_image\" \/>\n<meta name=\"twitter:label1\" content=\"Written by\" \/>\n\t<meta name=\"twitter:data1\" content=\"DL\" \/>\n\t<meta name=\"twitter:label2\" content=\"Est. reading time\" \/>\n\t<meta name=\"twitter:data2\" content=\"3 minuta\" \/>\n<script type=\"application\/ld+json\" class=\"yoast-schema-graph\">{\"@context\":\"https:\/\/schema.org\",\"@graph\":[{\"@type\":\"Article\",\"@id\":\"https:\/\/permbledhja.com\/ish-deputeti-i-kuvendit-te-serbise-oborri-serb-eshte-me-krime-lufte-dhe-gjenocid-kosova-eshte-shtet-i-pavarur\/#article\",\"isPartOf\":{\"@id\":\"https:\/\/permbledhja.com\/ish-deputeti-i-kuvendit-te-serbise-oborri-serb-eshte-me-krime-lufte-dhe-gjenocid-kosova-eshte-shtet-i-pavarur\/\"},\"author\":{\"name\":\"DL\",\"@id\":\"https:\/\/permbledhja.com\/#\/schema\/person\/9c54260cbc4c6f792cb100550491638c\"},\"headline\":\"Ish-deputeti i Kuvendit t\u00eb Serbis\u00eb: Oborri serb \u00ebsht\u00eb me krime lufte dhe gjenocid, Kosova \u00ebsht\u00eb shtet i pavarur\",\"datePublished\":\"2024-04-29T09:29:57+00:00\",\"dateModified\":\"2024-04-29T09:29:57+00:00\",\"mainEntityOfPage\":{\"@id\":\"https:\/\/permbledhja.com\/ish-deputeti-i-kuvendit-te-serbise-oborri-serb-eshte-me-krime-lufte-dhe-gjenocid-kosova-eshte-shtet-i-pavarur\/\"},\"wordCount\":511,\"publisher\":{\"@id\":\"https:\/\/permbledhja.com\/#organization\"},\"articleSection\":[\"Lajme\"],\"inLanguage\":\"sq\"},{\"@type\":\"WebPage\",\"@id\":\"https:\/\/permbledhja.com\/ish-deputeti-i-kuvendit-te-serbise-oborri-serb-eshte-me-krime-lufte-dhe-gjenocid-kosova-eshte-shtet-i-pavarur\/\",\"url\":\"https:\/\/permbledhja.com\/ish-deputeti-i-kuvendit-te-serbise-oborri-serb-eshte-me-krime-lufte-dhe-gjenocid-kosova-eshte-shtet-i-pavarur\/\",\"name\":\"Ish-deputeti i Kuvendit t\u00eb Serbis\u00eb: Oborri serb \u00ebsht\u00eb me krime lufte dhe gjenocid, Kosova \u00ebsht\u00eb shtet i pavarur\",\"isPartOf\":{\"@id\":\"https:\/\/permbledhja.com\/#website\"},\"datePublished\":\"2024-04-29T09:29:57+00:00\",\"dateModified\":\"2024-04-29T09:29:57+00:00\",\"breadcrumb\":{\"@id\":\"https:\/\/permbledhja.com\/ish-deputeti-i-kuvendit-te-serbise-oborri-serb-eshte-me-krime-lufte-dhe-gjenocid-kosova-eshte-shtet-i-pavarur\/#breadcrumb\"},\"inLanguage\":\"sq\",\"potentialAction\":[{\"@type\":\"ReadAction\",\"target\":[\"https:\/\/permbledhja.com\/ish-deputeti-i-kuvendit-te-serbise-oborri-serb-eshte-me-krime-lufte-dhe-gjenocid-kosova-eshte-shtet-i-pavarur\/\"]}]},{\"@type\":\"BreadcrumbList\",\"@id\":\"https:\/\/permbledhja.com\/ish-deputeti-i-kuvendit-te-serbise-oborri-serb-eshte-me-krime-lufte-dhe-gjenocid-kosova-eshte-shtet-i-pavarur\/#breadcrumb\",\"itemListElement\":[{\"@type\":\"ListItem\",\"position\":1,\"name\":\"Ballina\",\"item\":\"https:\/\/permbledhja.com\/sq\/\"},{\"@type\":\"ListItem\",\"position\":2,\"name\":\"Ish-deputeti i Kuvendit t\u00eb Serbis\u00eb: Oborri serb \u00ebsht\u00eb me krime lufte dhe gjenocid, Kosova \u00ebsht\u00eb shtet i pavarur\"}]},{\"@type\":\"WebSite\",\"@id\":\"https:\/\/permbledhja.com\/#website\",\"url\":\"https:\/\/permbledhja.com\/\",\"name\":\"Ve\u00e7 artikuj p\u00ebrmbledh\u00ebs\",\"description\":\"\",\"publisher\":{\"@id\":\"https:\/\/permbledhja.com\/#organization\"},\"potentialAction\":[{\"@type\":\"SearchAction\",\"target\":{\"@type\":\"EntryPoint\",\"urlTemplate\":\"https:\/\/permbledhja.com\/?s={search_term_string}\"},\"query-input\":\"required name=search_term_string\"}],\"inLanguage\":\"sq\"},{\"@type\":\"Organization\",\"@id\":\"https:\/\/permbledhja.com\/#organization\",\"name\":\"MK Media & Pr\",\"url\":\"https:\/\/permbledhja.com\/\",\"logo\":{\"@type\":\"ImageObject\",\"inLanguage\":\"sq\",\"@id\":\"https:\/\/permbledhja.com\/#\/schema\/logo\/image\/\",\"url\":\"https:\/\/permbledhja.com\/wp-content\/uploads\/2021\/12\/07-Press-Logo.jpg\",\"contentUrl\":\"https:\/\/permbledhja.com\/wp-content\/uploads\/2021\/12\/07-Press-Logo.jpg\",\"width\":512,\"height\":512,\"caption\":\"MK Media & Pr\"},\"image\":{\"@id\":\"https:\/\/permbledhja.com\/#\/schema\/logo\/image\/\"},\"sameAs\":[\"https:\/\/www.facebook.com\/press07\/\"]},{\"@type\":\"Person\",\"@id\":\"https:\/\/permbledhja.com\/#\/schema\/person\/9c54260cbc4c6f792cb100550491638c\",\"name\":\"DL\",\"image\":{\"@type\":\"ImageObject\",\"inLanguage\":\"sq\",\"@id\":\"https:\/\/permbledhja.com\/#\/schema\/person\/image\/\",\"url\":\"https:\/\/secure.gravatar.com\/avatar\/94503eb28d4c4b2005a5c8753e35fc80?s=96&d=mm&r=g\",\"contentUrl\":\"https:\/\/secure.gravatar.com\/avatar\/94503eb28d4c4b2005a5c8753e35fc80?s=96&d=mm&r=g\",\"caption\":\"DL\"},\"url\":\"https:\/\/permbledhja.com\/sq\/author\/dl\/\"}]}<\/script>\n<!-- \/ Yoast SEO plugin. -->","yoast_head_json":{"title":"Ish-deputeti i Kuvendit t\u00eb Serbis\u00eb: Oborri serb \u00ebsht\u00eb me krime lufte dhe gjenocid, Kosova \u00ebsht\u00eb shtet i pavarur","robots":{"index":"index","follow":"follow","max-snippet":"max-snippet:-1","max-image-preview":"max-image-preview:large","max-video-preview":"max-video-preview:-1"},"canonical":"https:\/\/permbledhja.com\/sq\/ish-deputeti-i-kuvendit-te-serbise-oborri-serb-eshte-me-krime-lufte-dhe-gjenocid-kosova-eshte-shtet-i-pavarur\/","og_locale":"sq_AL","og_type":"article","og_title":"Ish-deputeti i Kuvendit t\u00eb Serbis\u00eb: Oborri serb \u00ebsht\u00eb me krime lufte dhe gjenocid, Kosova \u00ebsht\u00eb shtet i pavarur","og_description":"Aleksandar Olenik, avokat dhe politikan, ish-deputet i Kuvendit t\u00eb Serbis\u00eb, \u00a0an\u00ebtar i Lidhjes s\u00eb Socialdemokrat\u00ebve t\u00eb Vojvodin\u00ebs n\u00eb nj\u00eb intervist\u00eb p\u00ebr mediumin boshnjak \u201cSlobodna Bosnja\u201d ka folur p\u00ebr politik\u00ebn e rrezikshme q\u00eb Aleksandar Vu\u00e7iq po zbaton prej 12 vitesh, Rezolut\u00ebn p\u00ebr gjenocidin n\u00eb Srebrenic\u00eb si dhe raportet e Serbis\u00eb me Kosov\u00ebn. Sipas tij, Kosova \u00ebsht\u00eb [&hellip;]","og_url":"https:\/\/permbledhja.com\/sq\/ish-deputeti-i-kuvendit-te-serbise-oborri-serb-eshte-me-krime-lufte-dhe-gjenocid-kosova-eshte-shtet-i-pavarur\/","og_site_name":"Ve\u00e7 artikuj p\u00ebrmbledh\u00ebs","article_publisher":"https:\/\/www.facebook.com\/press07\/","article_published_time":"2024-04-29T09:29:57+00:00","og_image":[{"width":600,"height":360,"url":"https:\/\/permbledhja.com\/wp-content\/uploads\/2024\/04\/ish-1.jpg","type":"image\/jpeg"}],"author":"DL","twitter_card":"summary_large_image","twitter_misc":{"Written by":"DL","Est. reading time":"3 minuta"},"schema":{"@context":"https:\/\/schema.org","@graph":[{"@type":"Article","@id":"https:\/\/permbledhja.com\/ish-deputeti-i-kuvendit-te-serbise-oborri-serb-eshte-me-krime-lufte-dhe-gjenocid-kosova-eshte-shtet-i-pavarur\/#article","isPartOf":{"@id":"https:\/\/permbledhja.com\/ish-deputeti-i-kuvendit-te-serbise-oborri-serb-eshte-me-krime-lufte-dhe-gjenocid-kosova-eshte-shtet-i-pavarur\/"},"author":{"name":"DL","@id":"https:\/\/permbledhja.com\/#\/schema\/person\/9c54260cbc4c6f792cb100550491638c"},"headline":"Ish-deputeti i Kuvendit t\u00eb Serbis\u00eb: Oborri serb \u00ebsht\u00eb me krime lufte dhe gjenocid, Kosova \u00ebsht\u00eb shtet i pavarur","datePublished":"2024-04-29T09:29:57+00:00","dateModified":"2024-04-29T09:29:57+00:00","mainEntityOfPage":{"@id":"https:\/\/permbledhja.com\/ish-deputeti-i-kuvendit-te-serbise-oborri-serb-eshte-me-krime-lufte-dhe-gjenocid-kosova-eshte-shtet-i-pavarur\/"},"wordCount":511,"publisher":{"@id":"https:\/\/permbledhja.com\/#organization"},"articleSection":["Lajme"],"inLanguage":"sq"},{"@type":"WebPage","@id":"https:\/\/permbledhja.com\/ish-deputeti-i-kuvendit-te-serbise-oborri-serb-eshte-me-krime-lufte-dhe-gjenocid-kosova-eshte-shtet-i-pavarur\/","url":"https:\/\/permbledhja.com\/ish-deputeti-i-kuvendit-te-serbise-oborri-serb-eshte-me-krime-lufte-dhe-gjenocid-kosova-eshte-shtet-i-pavarur\/","name":"Ish-deputeti i Kuvendit t\u00eb Serbis\u00eb: Oborri serb \u00ebsht\u00eb me krime lufte dhe gjenocid, Kosova \u00ebsht\u00eb shtet i pavarur","isPartOf":{"@id":"https:\/\/permbledhja.com\/#website"},"datePublished":"2024-04-29T09:29:57+00:00","dateModified":"2024-04-29T09:29:57+00:00","breadcrumb":{"@id":"https:\/\/permbledhja.com\/ish-deputeti-i-kuvendit-te-serbise-oborri-serb-eshte-me-krime-lufte-dhe-gjenocid-kosova-eshte-shtet-i-pavarur\/#breadcrumb"},"inLanguage":"sq","potentialAction":[{"@type":"ReadAction","target":["https:\/\/permbledhja.com\/ish-deputeti-i-kuvendit-te-serbise-oborri-serb-eshte-me-krime-lufte-dhe-gjenocid-kosova-eshte-shtet-i-pavarur\/"]}]},{"@type":"BreadcrumbList","@id":"https:\/\/permbledhja.com\/ish-deputeti-i-kuvendit-te-serbise-oborri-serb-eshte-me-krime-lufte-dhe-gjenocid-kosova-eshte-shtet-i-pavarur\/#breadcrumb","itemListElement":[{"@type":"ListItem","position":1,"name":"Ballina","item":"https:\/\/permbledhja.com\/sq\/"},{"@type":"ListItem","position":2,"name":"Ish-deputeti i Kuvendit t\u00eb Serbis\u00eb: Oborri serb \u00ebsht\u00eb me krime lufte dhe gjenocid, Kosova \u00ebsht\u00eb shtet i pavarur"}]},{"@type":"WebSite","@id":"https:\/\/permbledhja.com\/#website","url":"https:\/\/permbledhja.com\/","name":"Ve\u00e7 artikuj p\u00ebrmbledh\u00ebs","description":"","publisher":{"@id":"https:\/\/permbledhja.com\/#organization"},"potentialAction":[{"@type":"SearchAction","target":{"@type":"EntryPoint","urlTemplate":"https:\/\/permbledhja.com\/?s={search_term_string}"},"query-input":"required name=search_term_string"}],"inLanguage":"sq"},{"@type":"Organization","@id":"https:\/\/permbledhja.com\/#organization","name":"MK Media & Pr","url":"https:\/\/permbledhja.com\/","logo":{"@type":"ImageObject","inLanguage":"sq","@id":"https:\/\/permbledhja.com\/#\/schema\/logo\/image\/","url":"https:\/\/permbledhja.com\/wp-content\/uploads\/2021\/12\/07-Press-Logo.jpg","contentUrl":"https:\/\/permbledhja.com\/wp-content\/uploads\/2021\/12\/07-Press-Logo.jpg","width":512,"height":512,"caption":"MK Media & Pr"},"image":{"@id":"https:\/\/permbledhja.com\/#\/schema\/logo\/image\/"},"sameAs":["https:\/\/www.facebook.com\/press07\/"]},{"@type":"Person","@id":"https:\/\/permbledhja.com\/#\/schema\/person\/9c54260cbc4c6f792cb100550491638c","name":"DL","image":{"@type":"ImageObject","inLanguage":"sq","@id":"https:\/\/permbledhja.com\/#\/schema\/person\/image\/","url":"https:\/\/secure.gravatar.com\/avatar\/94503eb28d4c4b2005a5c8753e35fc80?s=96&d=mm&r=g","contentUrl":"https:\/\/secure.gravatar.com\/avatar\/94503eb28d4c4b2005a5c8753e35fc80?s=96&d=mm&r=g","caption":"DL"},"url":"https:\/\/permbledhja.com\/sq\/author\/dl\/"}]}},"_links":{"self":[{"href":"https:\/\/permbledhja.com\/sq\/wp-json\/wp\/v2\/posts\/59200"}],"collection":[{"href":"https:\/\/permbledhja.com\/sq\/wp-json\/wp\/v2\/posts"}],"about":[{"href":"https:\/\/permbledhja.com\/sq\/wp-json\/wp\/v2\/types\/post"}],"author":[{"embeddable":true,"href":"https:\/\/permbledhja.com\/sq\/wp-json\/wp\/v2\/users\/5"}],"replies":[{"embeddable":true,"href":"https:\/\/permbledhja.com\/sq\/wp-json\/wp\/v2\/comments?post=59200"}],"version-history":[{"count":1,"href":"https:\/\/permbledhja.com\/sq\/wp-json\/wp\/v2\/posts\/59200\/revisions"}],"predecessor-version":[{"id":59202,"href":"https:\/\/permbledhja.com\/sq\/wp-json\/wp\/v2\/posts\/59200\/revisions\/59202"}],"wp:featuredmedia":[{"embeddable":true,"href":"https:\/\/permbledhja.com\/sq\/wp-json\/wp\/v2\/media\/59201"}],"wp:attachment":[{"href":"https:\/\/permbledhja.com\/sq\/wp-json\/wp\/v2\/media?parent=59200"}],"wp:term":[{"taxonomy":"category","embeddable":true,"href":"https:\/\/permbledhja.com\/sq\/wp-json\/wp\/v2\/categories?post=59200"},{"taxonomy":"post_tag","embeddable":true,"href":"https:\/\/permbledhja.com\/sq\/wp-json\/wp\/v2\/tags?post=59200"}],"curies":[{"name":"wp","href":"https:\/\/api.w.org\/{rel}","templated":true}]}}