{"id":59194,"date":"2024-04-29T09:26:43","date_gmt":"2024-04-29T09:26:43","guid":{"rendered":"https:\/\/permbledhja.com\/?p=59194"},"modified":"2024-04-29T09:26:43","modified_gmt":"2024-04-29T09:26:43","slug":"gervalla-per-mediumin-ukrainas-ideja-e-shkembimit-te-territoreve-eshte-e-rrezikshme-con-ne-lufte","status":"publish","type":"post","link":"https:\/\/permbledhja.com\/sq\/gervalla-per-mediumin-ukrainas-ideja-e-shkembimit-te-territoreve-eshte-e-rrezikshme-con-ne-lufte\/","title":{"rendered":"G\u00ebrvalla p\u00ebr mediumin ukrainas: Ideja e shk\u00ebmbimit t\u00eb territoreve \u00ebsht\u00eb e rrezikshme, \u00e7on n\u00eb luft\u00eb"},"content":{"rendered":"<h3><strong>Ministrja e Pun\u00ebve t\u00eb Jashtme dhe Diaspor\u00ebs (MPJD), Donika G\u00ebrvalla-Schwarz, ka deklaruar se ideja e shk\u00ebmbimit t\u00eb territoreve apo ri p\u00ebrcaktimit t\u00eb kufijve mund t\u00eb \u00e7oj\u00eb n\u00eb nj\u00eb luft\u00eb t\u00eb re n\u00eb Ballkanin Per\u00ebndimor.<\/strong><\/h3>\n<p>Sipas saj, nj\u00eb ide e till\u00eb \u00ebsht\u00eb e rrezikshme.<\/p>\n<p>\u201cKy plan nuk zgjidh probleme, por krijon t\u00eb reja p\u00ebr t\u00eb gjith\u00eb rajonin. Precedenti i ndryshimit t\u00eb kufirit n\u00eb Ballkan mund t\u00eb jet\u00eb shum\u00eb i rreziksh\u00ebm dhe mund t\u00eb nis\u00eb nj\u00eb luft\u00eb t\u00eb re,\u201d tha ajo p\u00ebr platform\u00ebn ukrainase t\u00eb lajmeve \u201cEuropean Pravda\u201d.<\/p>\n<p>G\u00ebrvalla shtoi tutje se Kosova nuk ka probleme me qytetar\u00ebt tan\u00eb me origjin\u00eb serbe, por me qeverin\u00eb e Serbis\u00eb.<\/p>\n<p>\u201cNe nuk kemi probleme me qytetar\u00ebt tan\u00eb me origjin\u00eb serbe. Ne jemi nj\u00eb vend demokratik dhe jemi t\u00eb gatsh\u00ebm t\u2019i respektojm\u00eb t\u00eb drejtat e tyre. N\u00eb vend t\u00eb k\u00ebsaj, kemi probleme me qeverin\u00eb serbe dhe presidentin e saj, Aleksandar Vu\u00e7iq, p\u00ebr t\u00eb cilin situata rreth serb\u00ebve t\u00eb Kosov\u00ebs \u00ebsht\u00eb nj\u00eb mjet p\u00ebr t\u00eb ruajtur pushtetin e tij\u201d, thot\u00eb G\u00ebrvalla-Schwarz.<\/p>\n","protected":false},"excerpt":{"rendered":"<p>Ministrja e Pun\u00ebve t\u00eb Jashtme dhe Diaspor\u00ebs (MPJD), Donika G\u00ebrvalla-Schwarz, ka deklaruar se ideja e shk\u00ebmbimit t\u00eb territoreve apo ri p\u00ebrcaktimit t\u00eb kufijve mund t\u00eb \u00e7oj\u00eb n\u00eb nj\u00eb luft\u00eb t\u00eb re n\u00eb Ballkanin Per\u00ebndimor. Sipas saj, nj\u00eb ide e till\u00eb \u00ebsht\u00eb e rrezikshme. \u201cKy plan nuk zgjidh probleme, por krijon t\u00eb reja p\u00ebr t\u00eb gjith\u00eb [&hellip;]<\/p>\n","protected":false},"author":5,"featured_media":59198,"comment_status":"closed","ping_status":"closed","sticky":false,"template":"","format":"standard","meta":{"_monsterinsights_skip_tracking":false,"_monsterinsights_sitenote_active":false,"_monsterinsights_sitenote_note":"","_monsterinsights_sitenote_category":0,"_uf_show_specific_survey":0,"_uf_disable_surveys":false,"footnotes":""},"categories":[2645],"tags":[],"yoast_head":"<!-- This site is optimized with the Yoast SEO plugin v21.5 - https:\/\/yoast.com\/wordpress\/plugins\/seo\/ -->\n<title>G\u00ebrvalla p\u00ebr mediumin ukrainas: Ideja e shk\u00ebmbimit t\u00eb territoreve \u00ebsht\u00eb e rrezikshme, \u00e7on n\u00eb luft\u00eb<\/title>\n<meta name=\"robots\" content=\"index, follow, max-snippet:-1, max-image-preview:large, max-video-preview:-1\" \/>\n<link rel=\"canonical\" href=\"https:\/\/permbledhja.com\/sq\/gervalla-per-mediumin-ukrainas-ideja-e-shkembimit-te-territoreve-eshte-e-rrezikshme-con-ne-lufte\/\" \/>\n<meta property=\"og:locale\" content=\"sq_AL\" \/>\n<meta property=\"og:type\" content=\"article\" \/>\n<meta property=\"og:title\" content=\"G\u00ebrvalla p\u00ebr mediumin ukrainas: Ideja e shk\u00ebmbimit t\u00eb territoreve \u00ebsht\u00eb e rrezikshme, \u00e7on n\u00eb luft\u00eb\" \/>\n<meta property=\"og:description\" content=\"Ministrja e Pun\u00ebve t\u00eb Jashtme dhe Diaspor\u00ebs (MPJD), Donika G\u00ebrvalla-Schwarz, ka deklaruar se ideja e shk\u00ebmbimit t\u00eb territoreve apo ri p\u00ebrcaktimit t\u00eb kufijve mund t\u00eb \u00e7oj\u00eb n\u00eb nj\u00eb luft\u00eb t\u00eb re n\u00eb Ballkanin Per\u00ebndimor. Sipas saj, nj\u00eb ide e till\u00eb \u00ebsht\u00eb e rrezikshme. \u201cKy plan nuk zgjidh probleme, por krijon t\u00eb reja p\u00ebr t\u00eb gjith\u00eb [&hellip;]\" \/>\n<meta property=\"og:url\" content=\"https:\/\/permbledhja.com\/sq\/gervalla-per-mediumin-ukrainas-ideja-e-shkembimit-te-territoreve-eshte-e-rrezikshme-con-ne-lufte\/\" \/>\n<meta property=\"og:site_name\" content=\"Ve\u00e7 artikuj p\u00ebrmbledh\u00ebs\" \/>\n<meta property=\"article:publisher\" content=\"https:\/\/www.facebook.com\/press07\/\" \/>\n<meta property=\"article:published_time\" content=\"2024-04-29T09:26:43+00:00\" \/>\n<meta property=\"og:image\" content=\"https:\/\/permbledhja.com\/wp-content\/uploads\/2024\/04\/gervalla-3.jpg\" \/>\n\t<meta property=\"og:image:width\" content=\"2048\" \/>\n\t<meta property=\"og:image:height\" content=\"1369\" \/>\n\t<meta property=\"og:image:type\" content=\"image\/jpeg\" \/>\n<meta name=\"author\" content=\"DL\" \/>\n<meta name=\"twitter:card\" content=\"summary_large_image\" \/>\n<meta name=\"twitter:label1\" content=\"Written by\" \/>\n\t<meta name=\"twitter:data1\" content=\"DL\" \/>\n\t<meta name=\"twitter:label2\" content=\"Est. reading time\" \/>\n\t<meta name=\"twitter:data2\" content=\"1 minut\u00eb\" \/>\n<script type=\"application\/ld+json\" class=\"yoast-schema-graph\">{\"@context\":\"https:\/\/schema.org\",\"@graph\":[{\"@type\":\"Article\",\"@id\":\"https:\/\/permbledhja.com\/gervalla-per-mediumin-ukrainas-ideja-e-shkembimit-te-territoreve-eshte-e-rrezikshme-con-ne-lufte\/#article\",\"isPartOf\":{\"@id\":\"https:\/\/permbledhja.com\/gervalla-per-mediumin-ukrainas-ideja-e-shkembimit-te-territoreve-eshte-e-rrezikshme-con-ne-lufte\/\"},\"author\":{\"name\":\"DL\",\"@id\":\"https:\/\/permbledhja.com\/#\/schema\/person\/9c54260cbc4c6f792cb100550491638c\"},\"headline\":\"G\u00ebrvalla p\u00ebr mediumin ukrainas: Ideja e shk\u00ebmbimit t\u00eb territoreve \u00ebsht\u00eb e rrezikshme, \u00e7on n\u00eb luft\u00eb\",\"datePublished\":\"2024-04-29T09:26:43+00:00\",\"dateModified\":\"2024-04-29T09:26:43+00:00\",\"mainEntityOfPage\":{\"@id\":\"https:\/\/permbledhja.com\/gervalla-per-mediumin-ukrainas-ideja-e-shkembimit-te-territoreve-eshte-e-rrezikshme-con-ne-lufte\/\"},\"wordCount\":204,\"publisher\":{\"@id\":\"https:\/\/permbledhja.com\/#organization\"},\"articleSection\":[\"T\u00eb r\u00ebnd\u00ebsishme\"],\"inLanguage\":\"sq\"},{\"@type\":\"WebPage\",\"@id\":\"https:\/\/permbledhja.com\/gervalla-per-mediumin-ukrainas-ideja-e-shkembimit-te-territoreve-eshte-e-rrezikshme-con-ne-lufte\/\",\"url\":\"https:\/\/permbledhja.com\/gervalla-per-mediumin-ukrainas-ideja-e-shkembimit-te-territoreve-eshte-e-rrezikshme-con-ne-lufte\/\",\"name\":\"G\u00ebrvalla p\u00ebr mediumin ukrainas: Ideja e shk\u00ebmbimit t\u00eb territoreve \u00ebsht\u00eb e rrezikshme, \u00e7on n\u00eb luft\u00eb\",\"isPartOf\":{\"@id\":\"https:\/\/permbledhja.com\/#website\"},\"datePublished\":\"2024-04-29T09:26:43+00:00\",\"dateModified\":\"2024-04-29T09:26:43+00:00\",\"breadcrumb\":{\"@id\":\"https:\/\/permbledhja.com\/gervalla-per-mediumin-ukrainas-ideja-e-shkembimit-te-territoreve-eshte-e-rrezikshme-con-ne-lufte\/#breadcrumb\"},\"inLanguage\":\"sq\",\"potentialAction\":[{\"@type\":\"ReadAction\",\"target\":[\"https:\/\/permbledhja.com\/gervalla-per-mediumin-ukrainas-ideja-e-shkembimit-te-territoreve-eshte-e-rrezikshme-con-ne-lufte\/\"]}]},{\"@type\":\"BreadcrumbList\",\"@id\":\"https:\/\/permbledhja.com\/gervalla-per-mediumin-ukrainas-ideja-e-shkembimit-te-territoreve-eshte-e-rrezikshme-con-ne-lufte\/#breadcrumb\",\"itemListElement\":[{\"@type\":\"ListItem\",\"position\":1,\"name\":\"Ballina\",\"item\":\"https:\/\/permbledhja.com\/sq\/\"},{\"@type\":\"ListItem\",\"position\":2,\"name\":\"G\u00ebrvalla p\u00ebr mediumin ukrainas: Ideja e shk\u00ebmbimit t\u00eb territoreve \u00ebsht\u00eb e rrezikshme, \u00e7on n\u00eb luft\u00eb\"}]},{\"@type\":\"WebSite\",\"@id\":\"https:\/\/permbledhja.com\/#website\",\"url\":\"https:\/\/permbledhja.com\/\",\"name\":\"Ve\u00e7 artikuj p\u00ebrmbledh\u00ebs\",\"description\":\"\",\"publisher\":{\"@id\":\"https:\/\/permbledhja.com\/#organization\"},\"potentialAction\":[{\"@type\":\"SearchAction\",\"target\":{\"@type\":\"EntryPoint\",\"urlTemplate\":\"https:\/\/permbledhja.com\/?s={search_term_string}\"},\"query-input\":\"required name=search_term_string\"}],\"inLanguage\":\"sq\"},{\"@type\":\"Organization\",\"@id\":\"https:\/\/permbledhja.com\/#organization\",\"name\":\"MK Media & Pr\",\"url\":\"https:\/\/permbledhja.com\/\",\"logo\":{\"@type\":\"ImageObject\",\"inLanguage\":\"sq\",\"@id\":\"https:\/\/permbledhja.com\/#\/schema\/logo\/image\/\",\"url\":\"https:\/\/permbledhja.com\/wp-content\/uploads\/2021\/12\/07-Press-Logo.jpg\",\"contentUrl\":\"https:\/\/permbledhja.com\/wp-content\/uploads\/2021\/12\/07-Press-Logo.jpg\",\"width\":512,\"height\":512,\"caption\":\"MK Media & Pr\"},\"image\":{\"@id\":\"https:\/\/permbledhja.com\/#\/schema\/logo\/image\/\"},\"sameAs\":[\"https:\/\/www.facebook.com\/press07\/\"]},{\"@type\":\"Person\",\"@id\":\"https:\/\/permbledhja.com\/#\/schema\/person\/9c54260cbc4c6f792cb100550491638c\",\"name\":\"DL\",\"image\":{\"@type\":\"ImageObject\",\"inLanguage\":\"sq\",\"@id\":\"https:\/\/permbledhja.com\/#\/schema\/person\/image\/\",\"url\":\"https:\/\/secure.gravatar.com\/avatar\/94503eb28d4c4b2005a5c8753e35fc80?s=96&d=mm&r=g\",\"contentUrl\":\"https:\/\/secure.gravatar.com\/avatar\/94503eb28d4c4b2005a5c8753e35fc80?s=96&d=mm&r=g\",\"caption\":\"DL\"},\"url\":\"https:\/\/permbledhja.com\/sq\/author\/dl\/\"}]}<\/script>\n<!-- \/ Yoast SEO plugin. -->","yoast_head_json":{"title":"G\u00ebrvalla p\u00ebr mediumin ukrainas: Ideja e shk\u00ebmbimit t\u00eb territoreve \u00ebsht\u00eb e rrezikshme, \u00e7on n\u00eb luft\u00eb","robots":{"index":"index","follow":"follow","max-snippet":"max-snippet:-1","max-image-preview":"max-image-preview:large","max-video-preview":"max-video-preview:-1"},"canonical":"https:\/\/permbledhja.com\/sq\/gervalla-per-mediumin-ukrainas-ideja-e-shkembimit-te-territoreve-eshte-e-rrezikshme-con-ne-lufte\/","og_locale":"sq_AL","og_type":"article","og_title":"G\u00ebrvalla p\u00ebr mediumin ukrainas: Ideja e shk\u00ebmbimit t\u00eb territoreve \u00ebsht\u00eb e rrezikshme, \u00e7on n\u00eb luft\u00eb","og_description":"Ministrja e Pun\u00ebve t\u00eb Jashtme dhe Diaspor\u00ebs (MPJD), Donika G\u00ebrvalla-Schwarz, ka deklaruar se ideja e shk\u00ebmbimit t\u00eb territoreve apo ri p\u00ebrcaktimit t\u00eb kufijve mund t\u00eb \u00e7oj\u00eb n\u00eb nj\u00eb luft\u00eb t\u00eb re n\u00eb Ballkanin Per\u00ebndimor. Sipas saj, nj\u00eb ide e till\u00eb \u00ebsht\u00eb e rrezikshme. \u201cKy plan nuk zgjidh probleme, por krijon t\u00eb reja p\u00ebr t\u00eb gjith\u00eb [&hellip;]","og_url":"https:\/\/permbledhja.com\/sq\/gervalla-per-mediumin-ukrainas-ideja-e-shkembimit-te-territoreve-eshte-e-rrezikshme-con-ne-lufte\/","og_site_name":"Ve\u00e7 artikuj p\u00ebrmbledh\u00ebs","article_publisher":"https:\/\/www.facebook.com\/press07\/","article_published_time":"2024-04-29T09:26:43+00:00","og_image":[{"width":2048,"height":1369,"url":"https:\/\/permbledhja.com\/wp-content\/uploads\/2024\/04\/gervalla-3.jpg","type":"image\/jpeg"}],"author":"DL","twitter_card":"summary_large_image","twitter_misc":{"Written by":"DL","Est. reading time":"1 minut\u00eb"},"schema":{"@context":"https:\/\/schema.org","@graph":[{"@type":"Article","@id":"https:\/\/permbledhja.com\/gervalla-per-mediumin-ukrainas-ideja-e-shkembimit-te-territoreve-eshte-e-rrezikshme-con-ne-lufte\/#article","isPartOf":{"@id":"https:\/\/permbledhja.com\/gervalla-per-mediumin-ukrainas-ideja-e-shkembimit-te-territoreve-eshte-e-rrezikshme-con-ne-lufte\/"},"author":{"name":"DL","@id":"https:\/\/permbledhja.com\/#\/schema\/person\/9c54260cbc4c6f792cb100550491638c"},"headline":"G\u00ebrvalla p\u00ebr mediumin ukrainas: Ideja e shk\u00ebmbimit t\u00eb territoreve \u00ebsht\u00eb e rrezikshme, \u00e7on n\u00eb luft\u00eb","datePublished":"2024-04-29T09:26:43+00:00","dateModified":"2024-04-29T09:26:43+00:00","mainEntityOfPage":{"@id":"https:\/\/permbledhja.com\/gervalla-per-mediumin-ukrainas-ideja-e-shkembimit-te-territoreve-eshte-e-rrezikshme-con-ne-lufte\/"},"wordCount":204,"publisher":{"@id":"https:\/\/permbledhja.com\/#organization"},"articleSection":["T\u00eb r\u00ebnd\u00ebsishme"],"inLanguage":"sq"},{"@type":"WebPage","@id":"https:\/\/permbledhja.com\/gervalla-per-mediumin-ukrainas-ideja-e-shkembimit-te-territoreve-eshte-e-rrezikshme-con-ne-lufte\/","url":"https:\/\/permbledhja.com\/gervalla-per-mediumin-ukrainas-ideja-e-shkembimit-te-territoreve-eshte-e-rrezikshme-con-ne-lufte\/","name":"G\u00ebrvalla p\u00ebr mediumin ukrainas: Ideja e shk\u00ebmbimit t\u00eb territoreve \u00ebsht\u00eb e rrezikshme, \u00e7on n\u00eb luft\u00eb","isPartOf":{"@id":"https:\/\/permbledhja.com\/#website"},"datePublished":"2024-04-29T09:26:43+00:00","dateModified":"2024-04-29T09:26:43+00:00","breadcrumb":{"@id":"https:\/\/permbledhja.com\/gervalla-per-mediumin-ukrainas-ideja-e-shkembimit-te-territoreve-eshte-e-rrezikshme-con-ne-lufte\/#breadcrumb"},"inLanguage":"sq","potentialAction":[{"@type":"ReadAction","target":["https:\/\/permbledhja.com\/gervalla-per-mediumin-ukrainas-ideja-e-shkembimit-te-territoreve-eshte-e-rrezikshme-con-ne-lufte\/"]}]},{"@type":"BreadcrumbList","@id":"https:\/\/permbledhja.com\/gervalla-per-mediumin-ukrainas-ideja-e-shkembimit-te-territoreve-eshte-e-rrezikshme-con-ne-lufte\/#breadcrumb","itemListElement":[{"@type":"ListItem","position":1,"name":"Ballina","item":"https:\/\/permbledhja.com\/sq\/"},{"@type":"ListItem","position":2,"name":"G\u00ebrvalla p\u00ebr mediumin ukrainas: Ideja e shk\u00ebmbimit t\u00eb territoreve \u00ebsht\u00eb e rrezikshme, \u00e7on n\u00eb luft\u00eb"}]},{"@type":"WebSite","@id":"https:\/\/permbledhja.com\/#website","url":"https:\/\/permbledhja.com\/","name":"Ve\u00e7 artikuj p\u00ebrmbledh\u00ebs","description":"","publisher":{"@id":"https:\/\/permbledhja.com\/#organization"},"potentialAction":[{"@type":"SearchAction","target":{"@type":"EntryPoint","urlTemplate":"https:\/\/permbledhja.com\/?s={search_term_string}"},"query-input":"required name=search_term_string"}],"inLanguage":"sq"},{"@type":"Organization","@id":"https:\/\/permbledhja.com\/#organization","name":"MK Media & Pr","url":"https:\/\/permbledhja.com\/","logo":{"@type":"ImageObject","inLanguage":"sq","@id":"https:\/\/permbledhja.com\/#\/schema\/logo\/image\/","url":"https:\/\/permbledhja.com\/wp-content\/uploads\/2021\/12\/07-Press-Logo.jpg","contentUrl":"https:\/\/permbledhja.com\/wp-content\/uploads\/2021\/12\/07-Press-Logo.jpg","width":512,"height":512,"caption":"MK Media & Pr"},"image":{"@id":"https:\/\/permbledhja.com\/#\/schema\/logo\/image\/"},"sameAs":["https:\/\/www.facebook.com\/press07\/"]},{"@type":"Person","@id":"https:\/\/permbledhja.com\/#\/schema\/person\/9c54260cbc4c6f792cb100550491638c","name":"DL","image":{"@type":"ImageObject","inLanguage":"sq","@id":"https:\/\/permbledhja.com\/#\/schema\/person\/image\/","url":"https:\/\/secure.gravatar.com\/avatar\/94503eb28d4c4b2005a5c8753e35fc80?s=96&d=mm&r=g","contentUrl":"https:\/\/secure.gravatar.com\/avatar\/94503eb28d4c4b2005a5c8753e35fc80?s=96&d=mm&r=g","caption":"DL"},"url":"https:\/\/permbledhja.com\/sq\/author\/dl\/"}]}},"_links":{"self":[{"href":"https:\/\/permbledhja.com\/sq\/wp-json\/wp\/v2\/posts\/59194"}],"collection":[{"href":"https:\/\/permbledhja.com\/sq\/wp-json\/wp\/v2\/posts"}],"about":[{"href":"https:\/\/permbledhja.com\/sq\/wp-json\/wp\/v2\/types\/post"}],"author":[{"embeddable":true,"href":"https:\/\/permbledhja.com\/sq\/wp-json\/wp\/v2\/users\/5"}],"replies":[{"embeddable":true,"href":"https:\/\/permbledhja.com\/sq\/wp-json\/wp\/v2\/comments?post=59194"}],"version-history":[{"count":1,"href":"https:\/\/permbledhja.com\/sq\/wp-json\/wp\/v2\/posts\/59194\/revisions"}],"predecessor-version":[{"id":59199,"href":"https:\/\/permbledhja.com\/sq\/wp-json\/wp\/v2\/posts\/59194\/revisions\/59199"}],"wp:featuredmedia":[{"embeddable":true,"href":"https:\/\/permbledhja.com\/sq\/wp-json\/wp\/v2\/media\/59198"}],"wp:attachment":[{"href":"https:\/\/permbledhja.com\/sq\/wp-json\/wp\/v2\/media?parent=59194"}],"wp:term":[{"taxonomy":"category","embeddable":true,"href":"https:\/\/permbledhja.com\/sq\/wp-json\/wp\/v2\/categories?post=59194"},{"taxonomy":"post_tag","embeddable":true,"href":"https:\/\/permbledhja.com\/sq\/wp-json\/wp\/v2\/tags?post=59194"}],"curies":[{"name":"wp","href":"https:\/\/api.w.org\/{rel}","templated":true}]}}