{"id":58946,"date":"2024-04-28T06:25:12","date_gmt":"2024-04-28T06:25:12","guid":{"rendered":"https:\/\/permbledhja.com\/?p=58946"},"modified":"2024-04-28T06:25:12","modified_gmt":"2024-04-28T06:25:12","slug":"keta-jane-dy-te-dyshuarit-qe-u-kapen-me-droge-ne-prishtine-u-sekuestrohet-edhe-automjeti","status":"publish","type":"post","link":"https:\/\/permbledhja.com\/sq\/keta-jane-dy-te-dyshuarit-qe-u-kapen-me-droge-ne-prishtine-u-sekuestrohet-edhe-automjeti\/","title":{"rendered":"K\u00ebta jan\u00eb dy t\u00eb dyshuarit q\u00eb u kap\u00ebn me drog\u00eb n\u00eb Prishtin\u00eb, u sekuestrohet edhe automjeti"},"content":{"rendered":"<h3><strong>Abuzimi me substanca narkotike nga t\u00eb rinjt\u00eb mbetet nj\u00eb shqet\u00ebsim i madh n\u00eb shoq\u00ebrin\u00eb kosovare. Edhe m\u00eb shqet\u00ebsues k\u00ebt\u00eb dukuri e b\u00ebn mungesa e trajtimit preventiv nga institucionet. Var\u00ebsia nga droga sa vjen e shtohet dhe kjo d\u00ebshmohet \u00e7do dit\u00eb me kapjen dhe arrestimin e dhjet\u00ebra personave konsumues e shp\u00ebrndar\u00ebs t\u00eb substancave narkotike.<\/strong><\/h3>\n<p>Nj\u00eb rast i till\u00eb \u00ebsht\u00eb zbuluar s\u00eb fundmi n\u00eb Prishtin\u00eb, ku gjat\u00eb patrullimit n\u00eb nj\u00eb pik\u00eb kontrolli, Policia ka ndalur nj\u00eb vetur\u00eb, n\u00ebn dyshimet p\u00ebr gj\u00ebsende t\u00eb kund\u00ebrligjshme.<\/p>\n<p>Burimet brenda Prokuroris\u00eb kan\u00eb b\u00ebr\u00eb me dije se dy t\u00eb rinjt\u00eb q\u00eb p\u00ebrfunduan n\u00eb ndalim policor pasi u kap\u00ebn me drog\u00eb jan\u00eb\u00a0<strong>Getuar Pajaziti<\/strong>\u00a0dhe\u00a0<strong>Ibrahim Shamolli.<\/strong><\/p>\n<p>Gjat\u00eb kontrollit n\u00eb vetur\u00ebn e tyre \u00ebsht\u00eb gjetur dhe sekuestruar nj\u00eb sasi e substanc\u00ebs s\u00eb dyshuar narkotike, e llojit marihuan\u00eb.<\/p>\n<p>Po ashtu n\u00eb cil\u00ebsi t\u00eb provave materiale nga t\u00eb dyshuarit jan\u00eb sekuestruar edhe disa telefona dhe nj\u00eb vetur\u00eb.<\/p>\n<p>Dy t\u00eb dyshuarit jan\u00eb arrestuar dhe shoq\u00ebruar n\u00eb stacion policor, ku edhe jan\u00eb intervistuar.<\/p>\n<p>Me urdh\u00ebr t\u00eb prokurorit, ndaj tyre \u00ebsht\u00eb iniciuar rasti p\u00ebr vepr\u00ebn penale \u2018Posedim i paautorizuar i narkotik\u00ebve, substancave psikotrope ose analoge\u2019 dhe t\u00eb nj\u00ebjtit jan\u00eb d\u00ebrguar n\u00eb mbajtje<\/p>\n<p>Sipas Kodit Penal t\u00eb Kosov\u00ebs, \u00ebsht\u00eb e jasht\u00ebligjshme q\u00eb qytetar\u00ebt t\u00eb blejn\u00eb, posedojn\u00eb apo shp\u00ebrndajn\u00eb substanca narkotike dhe mund t\u00eb d\u00ebnohen me gjob\u00eb apo burgim, var\u00ebsisht nga sasia dhe lloji i l\u00ebnd\u00ebs narkotike q\u00eb iu kapet nga autoritetet e rendit.<\/p>\n","protected":false},"excerpt":{"rendered":"<p>Abuzimi me substanca narkotike nga t\u00eb rinjt\u00eb mbetet nj\u00eb shqet\u00ebsim i madh n\u00eb shoq\u00ebrin\u00eb kosovare. Edhe m\u00eb shqet\u00ebsues k\u00ebt\u00eb dukuri e b\u00ebn mungesa e trajtimit preventiv nga institucionet. Var\u00ebsia nga droga sa vjen e shtohet dhe kjo d\u00ebshmohet \u00e7do dit\u00eb me kapjen dhe arrestimin e dhjet\u00ebra personave konsumues e shp\u00ebrndar\u00ebs t\u00eb substancave narkotike. Nj\u00eb rast [&hellip;]<\/p>\n","protected":false},"author":5,"featured_media":58585,"comment_status":"closed","ping_status":"closed","sticky":false,"template":"","format":"standard","meta":{"_monsterinsights_skip_tracking":false,"_monsterinsights_sitenote_active":false,"_monsterinsights_sitenote_note":"","_monsterinsights_sitenote_category":0,"_uf_show_specific_survey":0,"_uf_disable_surveys":false,"footnotes":""},"categories":[2645],"tags":[],"yoast_head":"<!-- This site is optimized with the Yoast SEO plugin v21.5 - https:\/\/yoast.com\/wordpress\/plugins\/seo\/ -->\n<title>K\u00ebta jan\u00eb dy t\u00eb dyshuarit q\u00eb u kap\u00ebn me drog\u00eb n\u00eb Prishtin\u00eb, u sekuestrohet edhe automjeti<\/title>\n<meta name=\"robots\" content=\"index, follow, max-snippet:-1, max-image-preview:large, max-video-preview:-1\" \/>\n<link rel=\"canonical\" href=\"https:\/\/permbledhja.com\/sq\/keta-jane-dy-te-dyshuarit-qe-u-kapen-me-droge-ne-prishtine-u-sekuestrohet-edhe-automjeti\/\" \/>\n<meta property=\"og:locale\" content=\"sq_AL\" \/>\n<meta property=\"og:type\" content=\"article\" \/>\n<meta property=\"og:title\" content=\"K\u00ebta jan\u00eb dy t\u00eb dyshuarit q\u00eb u kap\u00ebn me drog\u00eb n\u00eb Prishtin\u00eb, u sekuestrohet edhe automjeti\" \/>\n<meta property=\"og:description\" content=\"Abuzimi me substanca narkotike nga t\u00eb rinjt\u00eb mbetet nj\u00eb shqet\u00ebsim i madh n\u00eb shoq\u00ebrin\u00eb kosovare. Edhe m\u00eb shqet\u00ebsues k\u00ebt\u00eb dukuri e b\u00ebn mungesa e trajtimit preventiv nga institucionet. Var\u00ebsia nga droga sa vjen e shtohet dhe kjo d\u00ebshmohet \u00e7do dit\u00eb me kapjen dhe arrestimin e dhjet\u00ebra personave konsumues e shp\u00ebrndar\u00ebs t\u00eb substancave narkotike. Nj\u00eb rast [&hellip;]\" \/>\n<meta property=\"og:url\" content=\"https:\/\/permbledhja.com\/sq\/keta-jane-dy-te-dyshuarit-qe-u-kapen-me-droge-ne-prishtine-u-sekuestrohet-edhe-automjeti\/\" \/>\n<meta property=\"og:site_name\" content=\"Ve\u00e7 artikuj p\u00ebrmbledh\u00ebs\" \/>\n<meta property=\"article:publisher\" content=\"https:\/\/www.facebook.com\/press07\/\" \/>\n<meta property=\"article:published_time\" content=\"2024-04-28T06:25:12+00:00\" \/>\n<meta property=\"og:image\" content=\"https:\/\/permbledhja.com\/wp-content\/uploads\/2024\/04\/paraburgim.jpg\" \/>\n\t<meta property=\"og:image:width\" content=\"774\" \/>\n\t<meta property=\"og:image:height\" content=\"436\" \/>\n\t<meta property=\"og:image:type\" content=\"image\/jpeg\" \/>\n<meta name=\"author\" content=\"DL\" \/>\n<meta name=\"twitter:card\" content=\"summary_large_image\" \/>\n<meta name=\"twitter:label1\" content=\"Written by\" \/>\n\t<meta name=\"twitter:data1\" content=\"DL\" \/>\n\t<meta name=\"twitter:label2\" content=\"Est. reading time\" \/>\n\t<meta name=\"twitter:data2\" content=\"2 minuta\" \/>\n<script type=\"application\/ld+json\" class=\"yoast-schema-graph\">{\"@context\":\"https:\/\/schema.org\",\"@graph\":[{\"@type\":\"Article\",\"@id\":\"https:\/\/permbledhja.com\/sq\/keta-jane-dy-te-dyshuarit-qe-u-kapen-me-droge-ne-prishtine-u-sekuestrohet-edhe-automjeti\/#article\",\"isPartOf\":{\"@id\":\"https:\/\/permbledhja.com\/sq\/keta-jane-dy-te-dyshuarit-qe-u-kapen-me-droge-ne-prishtine-u-sekuestrohet-edhe-automjeti\/\"},\"author\":{\"name\":\"DL\",\"@id\":\"https:\/\/permbledhja.com\/#\/schema\/person\/9c54260cbc4c6f792cb100550491638c\"},\"headline\":\"K\u00ebta jan\u00eb dy t\u00eb dyshuarit q\u00eb u kap\u00ebn me drog\u00eb n\u00eb Prishtin\u00eb, u sekuestrohet edhe automjeti\",\"datePublished\":\"2024-04-28T06:25:12+00:00\",\"dateModified\":\"2024-04-28T06:25:12+00:00\",\"mainEntityOfPage\":{\"@id\":\"https:\/\/permbledhja.com\/sq\/keta-jane-dy-te-dyshuarit-qe-u-kapen-me-droge-ne-prishtine-u-sekuestrohet-edhe-automjeti\/\"},\"wordCount\":281,\"publisher\":{\"@id\":\"https:\/\/permbledhja.com\/#organization\"},\"articleSection\":[\"T\u00eb r\u00ebnd\u00ebsishme\"],\"inLanguage\":\"sq\"},{\"@type\":\"WebPage\",\"@id\":\"https:\/\/permbledhja.com\/sq\/keta-jane-dy-te-dyshuarit-qe-u-kapen-me-droge-ne-prishtine-u-sekuestrohet-edhe-automjeti\/\",\"url\":\"https:\/\/permbledhja.com\/sq\/keta-jane-dy-te-dyshuarit-qe-u-kapen-me-droge-ne-prishtine-u-sekuestrohet-edhe-automjeti\/\",\"name\":\"K\u00ebta jan\u00eb dy t\u00eb dyshuarit q\u00eb u kap\u00ebn me drog\u00eb n\u00eb Prishtin\u00eb, u sekuestrohet edhe automjeti\",\"isPartOf\":{\"@id\":\"https:\/\/permbledhja.com\/#website\"},\"datePublished\":\"2024-04-28T06:25:12+00:00\",\"dateModified\":\"2024-04-28T06:25:12+00:00\",\"breadcrumb\":{\"@id\":\"https:\/\/permbledhja.com\/sq\/keta-jane-dy-te-dyshuarit-qe-u-kapen-me-droge-ne-prishtine-u-sekuestrohet-edhe-automjeti\/#breadcrumb\"},\"inLanguage\":\"sq\",\"potentialAction\":[{\"@type\":\"ReadAction\",\"target\":[\"https:\/\/permbledhja.com\/sq\/keta-jane-dy-te-dyshuarit-qe-u-kapen-me-droge-ne-prishtine-u-sekuestrohet-edhe-automjeti\/\"]}]},{\"@type\":\"BreadcrumbList\",\"@id\":\"https:\/\/permbledhja.com\/sq\/keta-jane-dy-te-dyshuarit-qe-u-kapen-me-droge-ne-prishtine-u-sekuestrohet-edhe-automjeti\/#breadcrumb\",\"itemListElement\":[{\"@type\":\"ListItem\",\"position\":1,\"name\":\"Ballina\",\"item\":\"https:\/\/permbledhja.com\/sq\/\"},{\"@type\":\"ListItem\",\"position\":2,\"name\":\"K\u00ebta jan\u00eb dy t\u00eb dyshuarit q\u00eb u kap\u00ebn me drog\u00eb n\u00eb Prishtin\u00eb, u sekuestrohet edhe automjeti\"}]},{\"@type\":\"WebSite\",\"@id\":\"https:\/\/permbledhja.com\/#website\",\"url\":\"https:\/\/permbledhja.com\/\",\"name\":\"Ve\u00e7 artikuj p\u00ebrmbledh\u00ebs\",\"description\":\"\",\"publisher\":{\"@id\":\"https:\/\/permbledhja.com\/#organization\"},\"potentialAction\":[{\"@type\":\"SearchAction\",\"target\":{\"@type\":\"EntryPoint\",\"urlTemplate\":\"https:\/\/permbledhja.com\/?s={search_term_string}\"},\"query-input\":\"required name=search_term_string\"}],\"inLanguage\":\"sq\"},{\"@type\":\"Organization\",\"@id\":\"https:\/\/permbledhja.com\/#organization\",\"name\":\"MK Media & Pr\",\"url\":\"https:\/\/permbledhja.com\/\",\"logo\":{\"@type\":\"ImageObject\",\"inLanguage\":\"sq\",\"@id\":\"https:\/\/permbledhja.com\/#\/schema\/logo\/image\/\",\"url\":\"https:\/\/permbledhja.com\/wp-content\/uploads\/2021\/12\/07-Press-Logo.jpg\",\"contentUrl\":\"https:\/\/permbledhja.com\/wp-content\/uploads\/2021\/12\/07-Press-Logo.jpg\",\"width\":512,\"height\":512,\"caption\":\"MK Media & Pr\"},\"image\":{\"@id\":\"https:\/\/permbledhja.com\/#\/schema\/logo\/image\/\"},\"sameAs\":[\"https:\/\/www.facebook.com\/press07\/\"]},{\"@type\":\"Person\",\"@id\":\"https:\/\/permbledhja.com\/#\/schema\/person\/9c54260cbc4c6f792cb100550491638c\",\"name\":\"DL\",\"image\":{\"@type\":\"ImageObject\",\"inLanguage\":\"sq\",\"@id\":\"https:\/\/permbledhja.com\/#\/schema\/person\/image\/\",\"url\":\"https:\/\/secure.gravatar.com\/avatar\/94503eb28d4c4b2005a5c8753e35fc80?s=96&d=mm&r=g\",\"contentUrl\":\"https:\/\/secure.gravatar.com\/avatar\/94503eb28d4c4b2005a5c8753e35fc80?s=96&d=mm&r=g\",\"caption\":\"DL\"},\"url\":\"https:\/\/permbledhja.com\/sq\/author\/dl\/\"}]}<\/script>\n<!-- \/ Yoast SEO plugin. -->","yoast_head_json":{"title":"K\u00ebta jan\u00eb dy t\u00eb dyshuarit q\u00eb u kap\u00ebn me drog\u00eb n\u00eb Prishtin\u00eb, u sekuestrohet edhe automjeti","robots":{"index":"index","follow":"follow","max-snippet":"max-snippet:-1","max-image-preview":"max-image-preview:large","max-video-preview":"max-video-preview:-1"},"canonical":"https:\/\/permbledhja.com\/sq\/keta-jane-dy-te-dyshuarit-qe-u-kapen-me-droge-ne-prishtine-u-sekuestrohet-edhe-automjeti\/","og_locale":"sq_AL","og_type":"article","og_title":"K\u00ebta jan\u00eb dy t\u00eb dyshuarit q\u00eb u kap\u00ebn me drog\u00eb n\u00eb Prishtin\u00eb, u sekuestrohet edhe automjeti","og_description":"Abuzimi me substanca narkotike nga t\u00eb rinjt\u00eb mbetet nj\u00eb shqet\u00ebsim i madh n\u00eb shoq\u00ebrin\u00eb kosovare. Edhe m\u00eb shqet\u00ebsues k\u00ebt\u00eb dukuri e b\u00ebn mungesa e trajtimit preventiv nga institucionet. Var\u00ebsia nga droga sa vjen e shtohet dhe kjo d\u00ebshmohet \u00e7do dit\u00eb me kapjen dhe arrestimin e dhjet\u00ebra personave konsumues e shp\u00ebrndar\u00ebs t\u00eb substancave narkotike. Nj\u00eb rast [&hellip;]","og_url":"https:\/\/permbledhja.com\/sq\/keta-jane-dy-te-dyshuarit-qe-u-kapen-me-droge-ne-prishtine-u-sekuestrohet-edhe-automjeti\/","og_site_name":"Ve\u00e7 artikuj p\u00ebrmbledh\u00ebs","article_publisher":"https:\/\/www.facebook.com\/press07\/","article_published_time":"2024-04-28T06:25:12+00:00","og_image":[{"width":774,"height":436,"url":"https:\/\/permbledhja.com\/wp-content\/uploads\/2024\/04\/paraburgim.jpg","type":"image\/jpeg"}],"author":"DL","twitter_card":"summary_large_image","twitter_misc":{"Written by":"DL","Est. reading time":"2 minuta"},"schema":{"@context":"https:\/\/schema.org","@graph":[{"@type":"Article","@id":"https:\/\/permbledhja.com\/sq\/keta-jane-dy-te-dyshuarit-qe-u-kapen-me-droge-ne-prishtine-u-sekuestrohet-edhe-automjeti\/#article","isPartOf":{"@id":"https:\/\/permbledhja.com\/sq\/keta-jane-dy-te-dyshuarit-qe-u-kapen-me-droge-ne-prishtine-u-sekuestrohet-edhe-automjeti\/"},"author":{"name":"DL","@id":"https:\/\/permbledhja.com\/#\/schema\/person\/9c54260cbc4c6f792cb100550491638c"},"headline":"K\u00ebta jan\u00eb dy t\u00eb dyshuarit q\u00eb u kap\u00ebn me drog\u00eb n\u00eb Prishtin\u00eb, u sekuestrohet edhe automjeti","datePublished":"2024-04-28T06:25:12+00:00","dateModified":"2024-04-28T06:25:12+00:00","mainEntityOfPage":{"@id":"https:\/\/permbledhja.com\/sq\/keta-jane-dy-te-dyshuarit-qe-u-kapen-me-droge-ne-prishtine-u-sekuestrohet-edhe-automjeti\/"},"wordCount":281,"publisher":{"@id":"https:\/\/permbledhja.com\/#organization"},"articleSection":["T\u00eb r\u00ebnd\u00ebsishme"],"inLanguage":"sq"},{"@type":"WebPage","@id":"https:\/\/permbledhja.com\/sq\/keta-jane-dy-te-dyshuarit-qe-u-kapen-me-droge-ne-prishtine-u-sekuestrohet-edhe-automjeti\/","url":"https:\/\/permbledhja.com\/sq\/keta-jane-dy-te-dyshuarit-qe-u-kapen-me-droge-ne-prishtine-u-sekuestrohet-edhe-automjeti\/","name":"K\u00ebta jan\u00eb dy t\u00eb dyshuarit q\u00eb u kap\u00ebn me drog\u00eb n\u00eb Prishtin\u00eb, u sekuestrohet edhe automjeti","isPartOf":{"@id":"https:\/\/permbledhja.com\/#website"},"datePublished":"2024-04-28T06:25:12+00:00","dateModified":"2024-04-28T06:25:12+00:00","breadcrumb":{"@id":"https:\/\/permbledhja.com\/sq\/keta-jane-dy-te-dyshuarit-qe-u-kapen-me-droge-ne-prishtine-u-sekuestrohet-edhe-automjeti\/#breadcrumb"},"inLanguage":"sq","potentialAction":[{"@type":"ReadAction","target":["https:\/\/permbledhja.com\/sq\/keta-jane-dy-te-dyshuarit-qe-u-kapen-me-droge-ne-prishtine-u-sekuestrohet-edhe-automjeti\/"]}]},{"@type":"BreadcrumbList","@id":"https:\/\/permbledhja.com\/sq\/keta-jane-dy-te-dyshuarit-qe-u-kapen-me-droge-ne-prishtine-u-sekuestrohet-edhe-automjeti\/#breadcrumb","itemListElement":[{"@type":"ListItem","position":1,"name":"Ballina","item":"https:\/\/permbledhja.com\/sq\/"},{"@type":"ListItem","position":2,"name":"K\u00ebta jan\u00eb dy t\u00eb dyshuarit q\u00eb u kap\u00ebn me drog\u00eb n\u00eb Prishtin\u00eb, u sekuestrohet edhe automjeti"}]},{"@type":"WebSite","@id":"https:\/\/permbledhja.com\/#website","url":"https:\/\/permbledhja.com\/","name":"Ve\u00e7 artikuj p\u00ebrmbledh\u00ebs","description":"","publisher":{"@id":"https:\/\/permbledhja.com\/#organization"},"potentialAction":[{"@type":"SearchAction","target":{"@type":"EntryPoint","urlTemplate":"https:\/\/permbledhja.com\/?s={search_term_string}"},"query-input":"required name=search_term_string"}],"inLanguage":"sq"},{"@type":"Organization","@id":"https:\/\/permbledhja.com\/#organization","name":"MK Media & Pr","url":"https:\/\/permbledhja.com\/","logo":{"@type":"ImageObject","inLanguage":"sq","@id":"https:\/\/permbledhja.com\/#\/schema\/logo\/image\/","url":"https:\/\/permbledhja.com\/wp-content\/uploads\/2021\/12\/07-Press-Logo.jpg","contentUrl":"https:\/\/permbledhja.com\/wp-content\/uploads\/2021\/12\/07-Press-Logo.jpg","width":512,"height":512,"caption":"MK Media & Pr"},"image":{"@id":"https:\/\/permbledhja.com\/#\/schema\/logo\/image\/"},"sameAs":["https:\/\/www.facebook.com\/press07\/"]},{"@type":"Person","@id":"https:\/\/permbledhja.com\/#\/schema\/person\/9c54260cbc4c6f792cb100550491638c","name":"DL","image":{"@type":"ImageObject","inLanguage":"sq","@id":"https:\/\/permbledhja.com\/#\/schema\/person\/image\/","url":"https:\/\/secure.gravatar.com\/avatar\/94503eb28d4c4b2005a5c8753e35fc80?s=96&d=mm&r=g","contentUrl":"https:\/\/secure.gravatar.com\/avatar\/94503eb28d4c4b2005a5c8753e35fc80?s=96&d=mm&r=g","caption":"DL"},"url":"https:\/\/permbledhja.com\/sq\/author\/dl\/"}]}},"_links":{"self":[{"href":"https:\/\/permbledhja.com\/sq\/wp-json\/wp\/v2\/posts\/58946"}],"collection":[{"href":"https:\/\/permbledhja.com\/sq\/wp-json\/wp\/v2\/posts"}],"about":[{"href":"https:\/\/permbledhja.com\/sq\/wp-json\/wp\/v2\/types\/post"}],"author":[{"embeddable":true,"href":"https:\/\/permbledhja.com\/sq\/wp-json\/wp\/v2\/users\/5"}],"replies":[{"embeddable":true,"href":"https:\/\/permbledhja.com\/sq\/wp-json\/wp\/v2\/comments?post=58946"}],"version-history":[{"count":1,"href":"https:\/\/permbledhja.com\/sq\/wp-json\/wp\/v2\/posts\/58946\/revisions"}],"predecessor-version":[{"id":58947,"href":"https:\/\/permbledhja.com\/sq\/wp-json\/wp\/v2\/posts\/58946\/revisions\/58947"}],"wp:featuredmedia":[{"embeddable":true,"href":"https:\/\/permbledhja.com\/sq\/wp-json\/wp\/v2\/media\/58585"}],"wp:attachment":[{"href":"https:\/\/permbledhja.com\/sq\/wp-json\/wp\/v2\/media?parent=58946"}],"wp:term":[{"taxonomy":"category","embeddable":true,"href":"https:\/\/permbledhja.com\/sq\/wp-json\/wp\/v2\/categories?post=58946"},{"taxonomy":"post_tag","embeddable":true,"href":"https:\/\/permbledhja.com\/sq\/wp-json\/wp\/v2\/tags?post=58946"}],"curies":[{"name":"wp","href":"https:\/\/api.w.org\/{rel}","templated":true}]}}