{"id":58830,"date":"2024-04-26T17:34:09","date_gmt":"2024-04-26T17:34:09","guid":{"rendered":"https:\/\/permbledhja.com\/?p=58830"},"modified":"2024-04-26T17:34:09","modified_gmt":"2024-04-26T17:34:09","slug":"canaj-nese-kurti-eshte-burreshtetas-e-themelon-asociacionin","status":"publish","type":"post","link":"https:\/\/permbledhja.com\/sq\/canaj-nese-kurti-eshte-burreshtetas-e-themelon-asociacionin\/","title":{"rendered":"Canaj: N\u00ebse Kurti \u00ebsht\u00eb burr\u00ebshtetas e themelon Asociacionin"},"content":{"rendered":"<div id=\"tdi_52\" class=\"tdc-row stretch_row_1200 td-stretch-content\">\n<div class=\"vc_row tdi_53  wpb_row td-pb-row\">\n<div class=\"vc_column tdi_55  wpb_column vc_column_container tdc-column td-pb-span12\">\n<div class=\"wpb_wrapper\">\n<div class=\"td_block_wrap tdb_single_subtitle tdi_58 td-pb-border-top td_block_template_1\" data-td-block-uid=\"tdi_58\">\n<div class=\"tdb-block-inner td-fix-index\">\n<p><strong>Sipas ish-diplomatit Blerim Canaj, Kurti nuk po besohet m\u00eb nga president\u00ebt amerikan dhe francez, Jode Biden dhe Emmanuel Macron.<\/strong><\/p>\n<p>Shkaku i k\u00ebtij mosbesimi, Canaj thot\u00eb se nd\u00ebrkomb\u00ebtar\u00ebt po k\u00ebrkojn\u00eb veprime konkrete nga Kurti p\u00ebr themelimin e Asociacionit t\u00eb komunave me shumic\u00eb serbe, dhe pastaj t\u00eb vazhdohet me K\u00ebshillin e Evrop\u00ebs. M\u00eb tej Canaj shton se n\u00ebse Kurti \u00ebsht\u00eb burr\u00ebshtetas, ai do t\u00eb themeloj\u00eb Asociacionin, pasi burr\u00ebshtetasit marrin vendime t\u00eb r\u00ebnda.<\/p>\n<p>Kryeministrit, Albin Kurti, \u201cnuk i besojn\u00eb m\u00eb\u201d as presidenti amerikan, Jode Biden e as ai francez, Emmanuel Macron, ka pohuar ish-diplomati, Blerim Canaj.<\/p>\n<p>Sipas tij, nd\u00ebrkomb\u00ebtar\u00ebt po k\u00ebrkojn\u00eb Kurtit \u201cl\u00ebvizje konktrete\u201d n\u00eb drejtim t\u00eb Asociacionit t\u00eb komunave me shumic\u00eb serbe dhe pastaj t\u00eb vazhdohet me K\u00ebshillin e Evrop\u00ebs.<\/p>\n<p>\u2018Natyrisht q\u00eb \u00ebsht\u00eb k\u00ebshtu (se duhen veprime drejt themelimit t\u00eb Asociacionit), s\u00eb paku k\u00ebshtu po thon\u00eb francez\u00ebt, gjerman\u00ebt e amerikan\u00ebt. Q\u00eb duhet nj\u00eb indice konkrete n\u00eb drejtim t\u00eb themelimit t\u00eb Asociacionit. Q\u00eb pastaj t\u00eb vazhdohet m\u00eb K\u00ebshillin e Evrop\u00ebs. Pse ndodh\u00eb kjo dhe pse nuk i besohet m\u00eb Albin Kurtit.<\/p>\n<p>Q\u00eb ai kur premton dhe garanton di\u00e7ka pa e par\u00eb zez\u00ebn mbi t\u00eb bardh\u00ebn, ata nuk i besojn\u00eb m\u00eb, se Kurtit nuk i beson m\u00eb askush\u2026 nuk po i beson Macroni, Bideni, s\u2019po i beson askush n\u00eb bot\u00eb\u201d, ka th\u00ebn\u00eb Canaj n\u00eb RTV Dukagjin.<\/p>\n<p>Canaj ka th\u00ebn\u00eb se n\u00ebse Kurti \u00ebsht\u00eb burr\u00ebshtetas ai e themelon Asociacionin, pasi \u201cburr\u00ebshtetasit marrin vendime t\u00eb r\u00ebnda\u201d dhe sipas tij, k\u00ebshtu Kosova b\u00ebn progres n\u00eb K\u00ebshill t\u00eb Evrop\u00ebs.<\/p>\n<p>\u201cS\u2019dim\u00eb ndonj\u00eb kauz\u00eb t\u00eb Albin Kurti e ka realizuar deri n\u00eb fund. Duke u zbuar n\u00eb at\u00eb q\u00eb din\u00eb t\u2019i thyej premtimet. Po p\u00ebr k\u00ebt\u00eb nuk e akuzoj\u00eb p\u00ebr shkak se n\u00ebse \u00ebsht\u00eb burr\u00ebshtetas, burr\u00ebshtetasit marrin vendime t\u00eb r\u00ebnda. Edhe n\u00ebse ai merr vendime t\u00eb r\u00ebnda, nj\u00eb prej tyre \u00ebsht\u00eb Asociacioni.<\/p>\n<p>Mos t\u00eb harrojm\u00eb nj\u00eb fakt q\u00eb n\u00eb shesh t\u00eb Prishtin\u00ebs i kemi dy p\u00ebrmendore t\u00eb dy t\u00eb rinjve q\u00eb jan\u00eb vra p\u00ebr kauza q\u00eb n\u00eb fund dol\u00ebn t\u00eb rrejshme. Ai duhet t\u00eb kaloj\u00eb vetveten dhe bazuar n\u00eb k\u00ebt\u00eb dhe pasi ta mat ndikim e asaj n\u00eb vot\u00eb, mund edhe ta b\u00ebj. N\u00ebse e b\u00ebn ne ecim p\u00ebrpara n\u00eb K\u00ebshill t\u00eb Evrop\u00ebs n\u00ebse nuk e b\u00ebn ne stopojm\u00eb\u201d, ka th\u00ebn\u00eb nd\u00ebr t\u00eb tjera Canaj.<\/p>\n<\/div>\n<\/div>\n<\/div>\n<\/div>\n<\/div>\n<\/div>\n<div id=\"tdi_59\" class=\"tdc-row stretch_row_1200 td-stretch-content\">\n<div class=\"vc_row tdi_60  wpb_row td-pb-row tdc-row-content-vert-bottom\">\n<div class=\"vc_column tdi_62  wpb_column vc_column_container tdc-column td-pb-span12\">\n<div class=\"wpb_wrapper\">\n<div class=\"td_block_wrap tdb_single_author tdi_63 td-pb-border-top autori td_block_template_1 tdb-post-meta\" data-td-block-uid=\"tdi_63\">\n<div class=\"tdb-block-inner td-fix-index\">\n<div class=\"tdb-author-name-wrap\"><\/div>\n<\/div>\n<\/div>\n<\/div>\n<\/div>\n<\/div>\n<\/div>\n","protected":false},"excerpt":{"rendered":"<p>Sipas ish-diplomatit Blerim Canaj, Kurti nuk po besohet m\u00eb nga president\u00ebt amerikan dhe francez, Jode Biden dhe Emmanuel Macron. Shkaku i k\u00ebtij mosbesimi, Canaj thot\u00eb se nd\u00ebrkomb\u00ebtar\u00ebt po k\u00ebrkojn\u00eb veprime konkrete nga Kurti p\u00ebr themelimin e Asociacionit t\u00eb komunave me shumic\u00eb serbe, dhe pastaj t\u00eb vazhdohet me K\u00ebshillin e Evrop\u00ebs. M\u00eb tej Canaj shton se [&hellip;]<\/p>\n","protected":false},"author":1,"featured_media":58831,"comment_status":"closed","ping_status":"closed","sticky":false,"template":"","format":"standard","meta":{"_monsterinsights_skip_tracking":false,"_monsterinsights_sitenote_active":false,"_monsterinsights_sitenote_note":"","_monsterinsights_sitenote_category":0,"_uf_show_specific_survey":0,"_uf_disable_surveys":false,"footnotes":""},"categories":[2645],"tags":[697],"yoast_head":"<!-- This site is optimized with the Yoast SEO plugin v21.5 - https:\/\/yoast.com\/wordpress\/plugins\/seo\/ -->\n<title>Canaj: N\u00ebse Kurti \u00ebsht\u00eb burr\u00ebshtetas e themelon Asociacionin<\/title>\n<meta name=\"robots\" content=\"index, follow, max-snippet:-1, max-image-preview:large, max-video-preview:-1\" \/>\n<link rel=\"canonical\" href=\"https:\/\/permbledhja.com\/sq\/canaj-nese-kurti-eshte-burreshtetas-e-themelon-asociacionin\/\" \/>\n<meta property=\"og:locale\" content=\"sq_AL\" \/>\n<meta property=\"og:type\" content=\"article\" \/>\n<meta property=\"og:title\" content=\"Canaj: N\u00ebse Kurti \u00ebsht\u00eb burr\u00ebshtetas e themelon Asociacionin\" \/>\n<meta property=\"og:description\" content=\"Sipas ish-diplomatit Blerim Canaj, Kurti nuk po besohet m\u00eb nga president\u00ebt amerikan dhe francez, Jode Biden dhe Emmanuel Macron. Shkaku i k\u00ebtij mosbesimi, Canaj thot\u00eb se nd\u00ebrkomb\u00ebtar\u00ebt po k\u00ebrkojn\u00eb veprime konkrete nga Kurti p\u00ebr themelimin e Asociacionit t\u00eb komunave me shumic\u00eb serbe, dhe pastaj t\u00eb vazhdohet me K\u00ebshillin e Evrop\u00ebs. M\u00eb tej Canaj shton se [&hellip;]\" \/>\n<meta property=\"og:url\" content=\"https:\/\/permbledhja.com\/sq\/canaj-nese-kurti-eshte-burreshtetas-e-themelon-asociacionin\/\" \/>\n<meta property=\"og:site_name\" content=\"Ve\u00e7 artikuj p\u00ebrmbledh\u00ebs\" \/>\n<meta property=\"article:publisher\" content=\"https:\/\/www.facebook.com\/press07\/\" \/>\n<meta property=\"article:author\" content=\"https:\/\/www.facebook.com\/kafexhiu.muharrem\/\" \/>\n<meta property=\"article:published_time\" content=\"2024-04-26T17:34:09+00:00\" \/>\n<meta property=\"og:image\" content=\"https:\/\/permbledhja.com\/wp-content\/uploads\/2024\/04\/eee-2.png\" \/>\n\t<meta property=\"og:image:width\" content=\"607\" \/>\n\t<meta property=\"og:image:height\" content=\"361\" \/>\n\t<meta property=\"og:image:type\" content=\"image\/png\" \/>\n<meta name=\"author\" content=\"P\u00ebrmbledhja\" \/>\n<meta name=\"twitter:card\" content=\"summary_large_image\" \/>\n<meta name=\"twitter:label1\" content=\"Written by\" \/>\n\t<meta name=\"twitter:data1\" content=\"P\u00ebrmbledhja\" \/>\n\t<meta name=\"twitter:label2\" content=\"Est. reading time\" \/>\n\t<meta name=\"twitter:data2\" content=\"2 minuta\" \/>\n<script type=\"application\/ld+json\" class=\"yoast-schema-graph\">{\"@context\":\"https:\/\/schema.org\",\"@graph\":[{\"@type\":\"Article\",\"@id\":\"https:\/\/permbledhja.com\/sq\/canaj-nese-kurti-eshte-burreshtetas-e-themelon-asociacionin\/#article\",\"isPartOf\":{\"@id\":\"https:\/\/permbledhja.com\/sq\/canaj-nese-kurti-eshte-burreshtetas-e-themelon-asociacionin\/\"},\"author\":{\"name\":\"P\u00ebrmbledhja\",\"@id\":\"https:\/\/permbledhja.com\/#\/schema\/person\/0d064377258d3221e50693947b9eb4fe\"},\"headline\":\"Canaj: N\u00ebse Kurti \u00ebsht\u00eb burr\u00ebshtetas e themelon Asociacionin\",\"datePublished\":\"2024-04-26T17:34:09+00:00\",\"dateModified\":\"2024-04-26T17:34:09+00:00\",\"mainEntityOfPage\":{\"@id\":\"https:\/\/permbledhja.com\/sq\/canaj-nese-kurti-eshte-burreshtetas-e-themelon-asociacionin\/\"},\"wordCount\":442,\"publisher\":{\"@id\":\"https:\/\/permbledhja.com\/#organization\"},\"keywords\":[\"Asociacioni\"],\"articleSection\":[\"T\u00eb r\u00ebnd\u00ebsishme\"],\"inLanguage\":\"sq\"},{\"@type\":\"WebPage\",\"@id\":\"https:\/\/permbledhja.com\/sq\/canaj-nese-kurti-eshte-burreshtetas-e-themelon-asociacionin\/\",\"url\":\"https:\/\/permbledhja.com\/sq\/canaj-nese-kurti-eshte-burreshtetas-e-themelon-asociacionin\/\",\"name\":\"Canaj: N\u00ebse Kurti \u00ebsht\u00eb burr\u00ebshtetas e themelon Asociacionin\",\"isPartOf\":{\"@id\":\"https:\/\/permbledhja.com\/#website\"},\"datePublished\":\"2024-04-26T17:34:09+00:00\",\"dateModified\":\"2024-04-26T17:34:09+00:00\",\"breadcrumb\":{\"@id\":\"https:\/\/permbledhja.com\/sq\/canaj-nese-kurti-eshte-burreshtetas-e-themelon-asociacionin\/#breadcrumb\"},\"inLanguage\":\"sq\",\"potentialAction\":[{\"@type\":\"ReadAction\",\"target\":[\"https:\/\/permbledhja.com\/sq\/canaj-nese-kurti-eshte-burreshtetas-e-themelon-asociacionin\/\"]}]},{\"@type\":\"BreadcrumbList\",\"@id\":\"https:\/\/permbledhja.com\/sq\/canaj-nese-kurti-eshte-burreshtetas-e-themelon-asociacionin\/#breadcrumb\",\"itemListElement\":[{\"@type\":\"ListItem\",\"position\":1,\"name\":\"Ballina\",\"item\":\"https:\/\/permbledhja.com\/sq\/\"},{\"@type\":\"ListItem\",\"position\":2,\"name\":\"Canaj: N\u00ebse Kurti \u00ebsht\u00eb burr\u00ebshtetas e themelon Asociacionin\"}]},{\"@type\":\"WebSite\",\"@id\":\"https:\/\/permbledhja.com\/#website\",\"url\":\"https:\/\/permbledhja.com\/\",\"name\":\"Ve\u00e7 artikuj p\u00ebrmbledh\u00ebs\",\"description\":\"\",\"publisher\":{\"@id\":\"https:\/\/permbledhja.com\/#organization\"},\"potentialAction\":[{\"@type\":\"SearchAction\",\"target\":{\"@type\":\"EntryPoint\",\"urlTemplate\":\"https:\/\/permbledhja.com\/?s={search_term_string}\"},\"query-input\":\"required name=search_term_string\"}],\"inLanguage\":\"sq\"},{\"@type\":\"Organization\",\"@id\":\"https:\/\/permbledhja.com\/#organization\",\"name\":\"MK Media & Pr\",\"url\":\"https:\/\/permbledhja.com\/\",\"logo\":{\"@type\":\"ImageObject\",\"inLanguage\":\"sq\",\"@id\":\"https:\/\/permbledhja.com\/#\/schema\/logo\/image\/\",\"url\":\"https:\/\/permbledhja.com\/wp-content\/uploads\/2021\/12\/07-Press-Logo.jpg\",\"contentUrl\":\"https:\/\/permbledhja.com\/wp-content\/uploads\/2021\/12\/07-Press-Logo.jpg\",\"width\":512,\"height\":512,\"caption\":\"MK Media & Pr\"},\"image\":{\"@id\":\"https:\/\/permbledhja.com\/#\/schema\/logo\/image\/\"},\"sameAs\":[\"https:\/\/www.facebook.com\/press07\/\"]},{\"@type\":\"Person\",\"@id\":\"https:\/\/permbledhja.com\/#\/schema\/person\/0d064377258d3221e50693947b9eb4fe\",\"name\":\"P\u00ebrmbledhja\",\"image\":{\"@type\":\"ImageObject\",\"inLanguage\":\"sq\",\"@id\":\"https:\/\/permbledhja.com\/#\/schema\/person\/image\/\",\"url\":\"https:\/\/permbledhja.com\/wp-content\/uploads\/2026\/01\/452004717_1040944174702970_8932037511805513407_n-96x96.jpg\",\"contentUrl\":\"https:\/\/permbledhja.com\/wp-content\/uploads\/2026\/01\/452004717_1040944174702970_8932037511805513407_n-96x96.jpg\",\"caption\":\"P\u00ebrmbledhja\"},\"sameAs\":[\"https:\/\/www.facebook.com\/kafexhiu.muharrem\/\",\"https:\/\/www.instagram.com\/muharrem_kafexhiu\/\"],\"url\":\"https:\/\/permbledhja.com\/sq\/author\/admin\/\"}]}<\/script>\n<!-- \/ Yoast SEO plugin. -->","yoast_head_json":{"title":"Canaj: N\u00ebse Kurti \u00ebsht\u00eb burr\u00ebshtetas e themelon Asociacionin","robots":{"index":"index","follow":"follow","max-snippet":"max-snippet:-1","max-image-preview":"max-image-preview:large","max-video-preview":"max-video-preview:-1"},"canonical":"https:\/\/permbledhja.com\/sq\/canaj-nese-kurti-eshte-burreshtetas-e-themelon-asociacionin\/","og_locale":"sq_AL","og_type":"article","og_title":"Canaj: N\u00ebse Kurti \u00ebsht\u00eb burr\u00ebshtetas e themelon Asociacionin","og_description":"Sipas ish-diplomatit Blerim Canaj, Kurti nuk po besohet m\u00eb nga president\u00ebt amerikan dhe francez, Jode Biden dhe Emmanuel Macron. Shkaku i k\u00ebtij mosbesimi, Canaj thot\u00eb se nd\u00ebrkomb\u00ebtar\u00ebt po k\u00ebrkojn\u00eb veprime konkrete nga Kurti p\u00ebr themelimin e Asociacionit t\u00eb komunave me shumic\u00eb serbe, dhe pastaj t\u00eb vazhdohet me K\u00ebshillin e Evrop\u00ebs. M\u00eb tej Canaj shton se [&hellip;]","og_url":"https:\/\/permbledhja.com\/sq\/canaj-nese-kurti-eshte-burreshtetas-e-themelon-asociacionin\/","og_site_name":"Ve\u00e7 artikuj p\u00ebrmbledh\u00ebs","article_publisher":"https:\/\/www.facebook.com\/press07\/","article_author":"https:\/\/www.facebook.com\/kafexhiu.muharrem\/","article_published_time":"2024-04-26T17:34:09+00:00","og_image":[{"width":607,"height":361,"url":"https:\/\/permbledhja.com\/wp-content\/uploads\/2024\/04\/eee-2.png","type":"image\/png"}],"author":"P\u00ebrmbledhja","twitter_card":"summary_large_image","twitter_misc":{"Written by":"P\u00ebrmbledhja","Est. reading time":"2 minuta"},"schema":{"@context":"https:\/\/schema.org","@graph":[{"@type":"Article","@id":"https:\/\/permbledhja.com\/sq\/canaj-nese-kurti-eshte-burreshtetas-e-themelon-asociacionin\/#article","isPartOf":{"@id":"https:\/\/permbledhja.com\/sq\/canaj-nese-kurti-eshte-burreshtetas-e-themelon-asociacionin\/"},"author":{"name":"P\u00ebrmbledhja","@id":"https:\/\/permbledhja.com\/#\/schema\/person\/0d064377258d3221e50693947b9eb4fe"},"headline":"Canaj: N\u00ebse Kurti \u00ebsht\u00eb burr\u00ebshtetas e themelon Asociacionin","datePublished":"2024-04-26T17:34:09+00:00","dateModified":"2024-04-26T17:34:09+00:00","mainEntityOfPage":{"@id":"https:\/\/permbledhja.com\/sq\/canaj-nese-kurti-eshte-burreshtetas-e-themelon-asociacionin\/"},"wordCount":442,"publisher":{"@id":"https:\/\/permbledhja.com\/#organization"},"keywords":["Asociacioni"],"articleSection":["T\u00eb r\u00ebnd\u00ebsishme"],"inLanguage":"sq"},{"@type":"WebPage","@id":"https:\/\/permbledhja.com\/sq\/canaj-nese-kurti-eshte-burreshtetas-e-themelon-asociacionin\/","url":"https:\/\/permbledhja.com\/sq\/canaj-nese-kurti-eshte-burreshtetas-e-themelon-asociacionin\/","name":"Canaj: N\u00ebse Kurti \u00ebsht\u00eb burr\u00ebshtetas e themelon Asociacionin","isPartOf":{"@id":"https:\/\/permbledhja.com\/#website"},"datePublished":"2024-04-26T17:34:09+00:00","dateModified":"2024-04-26T17:34:09+00:00","breadcrumb":{"@id":"https:\/\/permbledhja.com\/sq\/canaj-nese-kurti-eshte-burreshtetas-e-themelon-asociacionin\/#breadcrumb"},"inLanguage":"sq","potentialAction":[{"@type":"ReadAction","target":["https:\/\/permbledhja.com\/sq\/canaj-nese-kurti-eshte-burreshtetas-e-themelon-asociacionin\/"]}]},{"@type":"BreadcrumbList","@id":"https:\/\/permbledhja.com\/sq\/canaj-nese-kurti-eshte-burreshtetas-e-themelon-asociacionin\/#breadcrumb","itemListElement":[{"@type":"ListItem","position":1,"name":"Ballina","item":"https:\/\/permbledhja.com\/sq\/"},{"@type":"ListItem","position":2,"name":"Canaj: N\u00ebse Kurti \u00ebsht\u00eb burr\u00ebshtetas e themelon Asociacionin"}]},{"@type":"WebSite","@id":"https:\/\/permbledhja.com\/#website","url":"https:\/\/permbledhja.com\/","name":"Ve\u00e7 artikuj p\u00ebrmbledh\u00ebs","description":"","publisher":{"@id":"https:\/\/permbledhja.com\/#organization"},"potentialAction":[{"@type":"SearchAction","target":{"@type":"EntryPoint","urlTemplate":"https:\/\/permbledhja.com\/?s={search_term_string}"},"query-input":"required name=search_term_string"}],"inLanguage":"sq"},{"@type":"Organization","@id":"https:\/\/permbledhja.com\/#organization","name":"MK Media & Pr","url":"https:\/\/permbledhja.com\/","logo":{"@type":"ImageObject","inLanguage":"sq","@id":"https:\/\/permbledhja.com\/#\/schema\/logo\/image\/","url":"https:\/\/permbledhja.com\/wp-content\/uploads\/2021\/12\/07-Press-Logo.jpg","contentUrl":"https:\/\/permbledhja.com\/wp-content\/uploads\/2021\/12\/07-Press-Logo.jpg","width":512,"height":512,"caption":"MK Media & Pr"},"image":{"@id":"https:\/\/permbledhja.com\/#\/schema\/logo\/image\/"},"sameAs":["https:\/\/www.facebook.com\/press07\/"]},{"@type":"Person","@id":"https:\/\/permbledhja.com\/#\/schema\/person\/0d064377258d3221e50693947b9eb4fe","name":"P\u00ebrmbledhja","image":{"@type":"ImageObject","inLanguage":"sq","@id":"https:\/\/permbledhja.com\/#\/schema\/person\/image\/","url":"https:\/\/permbledhja.com\/wp-content\/uploads\/2026\/01\/452004717_1040944174702970_8932037511805513407_n-96x96.jpg","contentUrl":"https:\/\/permbledhja.com\/wp-content\/uploads\/2026\/01\/452004717_1040944174702970_8932037511805513407_n-96x96.jpg","caption":"P\u00ebrmbledhja"},"sameAs":["https:\/\/www.facebook.com\/kafexhiu.muharrem\/","https:\/\/www.instagram.com\/muharrem_kafexhiu\/"],"url":"https:\/\/permbledhja.com\/sq\/author\/admin\/"}]}},"_links":{"self":[{"href":"https:\/\/permbledhja.com\/sq\/wp-json\/wp\/v2\/posts\/58830"}],"collection":[{"href":"https:\/\/permbledhja.com\/sq\/wp-json\/wp\/v2\/posts"}],"about":[{"href":"https:\/\/permbledhja.com\/sq\/wp-json\/wp\/v2\/types\/post"}],"author":[{"embeddable":true,"href":"https:\/\/permbledhja.com\/sq\/wp-json\/wp\/v2\/users\/1"}],"replies":[{"embeddable":true,"href":"https:\/\/permbledhja.com\/sq\/wp-json\/wp\/v2\/comments?post=58830"}],"version-history":[{"count":2,"href":"https:\/\/permbledhja.com\/sq\/wp-json\/wp\/v2\/posts\/58830\/revisions"}],"predecessor-version":[{"id":58833,"href":"https:\/\/permbledhja.com\/sq\/wp-json\/wp\/v2\/posts\/58830\/revisions\/58833"}],"wp:featuredmedia":[{"embeddable":true,"href":"https:\/\/permbledhja.com\/sq\/wp-json\/wp\/v2\/media\/58831"}],"wp:attachment":[{"href":"https:\/\/permbledhja.com\/sq\/wp-json\/wp\/v2\/media?parent=58830"}],"wp:term":[{"taxonomy":"category","embeddable":true,"href":"https:\/\/permbledhja.com\/sq\/wp-json\/wp\/v2\/categories?post=58830"},{"taxonomy":"post_tag","embeddable":true,"href":"https:\/\/permbledhja.com\/sq\/wp-json\/wp\/v2\/tags?post=58830"}],"curies":[{"name":"wp","href":"https:\/\/api.w.org\/{rel}","templated":true}]}}