{"id":58511,"date":"2024-04-25T11:08:06","date_gmt":"2024-04-25T11:08:06","guid":{"rendered":"https:\/\/permbledhja.com\/?p=58511"},"modified":"2024-04-25T11:08:06","modified_gmt":"2024-04-25T11:08:06","slug":"kush-eshte-serbi-nga-prishtina-qe-beogradin-mund-tia-merr-vuciqit-ne-zgjedhjet-e-2-qershorit","status":"publish","type":"post","link":"https:\/\/permbledhja.com\/sq\/kush-eshte-serbi-nga-prishtina-qe-beogradin-mund-tia-merr-vuciqit-ne-zgjedhjet-e-2-qershorit\/","title":{"rendered":"Kush \u00ebsht\u00eb serbi nga Prishtina q\u00eb Beogradin mund t\u2019ia merr Vu\u00e7iqit n\u00eb zgjedhjet e 2 qershorit"},"content":{"rendered":"<h3>Savo Manojlloviq, drejtor i fushat\u00ebs \u201cNisu kah un\u00eb\u201d, do t\u00eb jet\u00eb kandidat p\u00ebr kryetar n\u00eb zgjedhjet lokale n\u00eb Beograd q\u00eb do t\u00eb mbahen m\u00eb 2 qershor.<\/h3>\n<p>Manojlloviq ka precizuar se kjo l\u00ebvizje n\u00eb zgjedhjet e Beogradit do t\u00eb jet\u00eb si l\u00ebvizje e pavarur \u2013 dhe se n\u00eb dit\u00ebt n\u00eb vijim do t\u00eb merret vendimi n\u00ebse do t\u00eb garojn\u00eb edhe n\u00eb ndonj\u00eb tjet\u00ebr qytet \u2013 p\u00ebrveq Beogradit.<\/p>\n<p>Por kush \u00ebsht\u00eb Savo Manojlloviq? Ai ka lindur n\u00eb Prishtin\u00eb n\u00eb vitin 1986. N\u00eb biografin\u00eb e tij, thekson se ka diplomuar n\u00eb fakultetin juridik n\u00eb universitetin e Beogradit n\u00eb vitin 2008.<\/p>\n<p>Gjat\u00eb vitit 2021, organizoi bllokada dhe protesta n\u00eb Beograd kund\u00ebr propozimit p\u00ebr ndryshimin e Ligjit p\u00ebr Referendum dhe Iniciativ\u00ebs Popullore, Ligjit p\u00ebr Shpron\u00ebsimin.<\/p>\n<p>Manojlloviq synon t\u2019ia merr pushtetin partis\u00eb s\u00eb Aleksandar Vu\u00e7iqit n\u00eb Beograd, qytet ky q\u00eb u raportua p\u00ebr parregullsi t\u00eb m\u00ebdha.<\/p>\n<p>Lidhur me k\u00ebto parregullsi reaguan edhe organizatat m\u00eb t\u00eb m\u00ebdha nd\u00ebrkomb\u00ebtare, q\u00eb k\u00ebrkuan p\u00ebrs\u00ebritjen e tyre. \/Telegrafi\/<\/p>\n","protected":false},"excerpt":{"rendered":"<p>Savo Manojlloviq, drejtor i fushat\u00ebs \u201cNisu kah un\u00eb\u201d, do t\u00eb jet\u00eb kandidat p\u00ebr kryetar n\u00eb zgjedhjet lokale n\u00eb Beograd q\u00eb do t\u00eb mbahen m\u00eb 2 qershor. Manojlloviq ka precizuar se kjo l\u00ebvizje n\u00eb zgjedhjet e Beogradit do t\u00eb jet\u00eb si l\u00ebvizje e pavarur \u2013 dhe se n\u00eb dit\u00ebt n\u00eb vijim do t\u00eb merret vendimi n\u00ebse [&hellip;]<\/p>\n","protected":false},"author":5,"featured_media":58512,"comment_status":"closed","ping_status":"closed","sticky":false,"template":"","format":"standard","meta":{"_monsterinsights_skip_tracking":false,"_monsterinsights_sitenote_active":false,"_monsterinsights_sitenote_note":"","_monsterinsights_sitenote_category":0,"_uf_show_specific_survey":0,"_uf_disable_surveys":false,"footnotes":""},"categories":[15],"tags":[],"yoast_head":"<!-- This site is optimized with the Yoast SEO plugin v21.5 - https:\/\/yoast.com\/wordpress\/plugins\/seo\/ -->\n<title>Kush \u00ebsht\u00eb serbi nga Prishtina q\u00eb Beogradin mund t\u2019ia merr Vu\u00e7iqit n\u00eb zgjedhjet e 2 qershorit<\/title>\n<meta name=\"robots\" content=\"index, follow, max-snippet:-1, max-image-preview:large, max-video-preview:-1\" \/>\n<link rel=\"canonical\" href=\"https:\/\/permbledhja.com\/sq\/kush-eshte-serbi-nga-prishtina-qe-beogradin-mund-tia-merr-vuciqit-ne-zgjedhjet-e-2-qershorit\/\" \/>\n<meta property=\"og:locale\" content=\"sq_AL\" \/>\n<meta property=\"og:type\" content=\"article\" \/>\n<meta property=\"og:title\" content=\"Kush \u00ebsht\u00eb serbi nga Prishtina q\u00eb Beogradin mund t\u2019ia merr Vu\u00e7iqit n\u00eb zgjedhjet e 2 qershorit\" \/>\n<meta property=\"og:description\" content=\"Savo Manojlloviq, drejtor i fushat\u00ebs \u201cNisu kah un\u00eb\u201d, do t\u00eb jet\u00eb kandidat p\u00ebr kryetar n\u00eb zgjedhjet lokale n\u00eb Beograd q\u00eb do t\u00eb mbahen m\u00eb 2 qershor. Manojlloviq ka precizuar se kjo l\u00ebvizje n\u00eb zgjedhjet e Beogradit do t\u00eb jet\u00eb si l\u00ebvizje e pavarur \u2013 dhe se n\u00eb dit\u00ebt n\u00eb vijim do t\u00eb merret vendimi n\u00ebse [&hellip;]\" \/>\n<meta property=\"og:url\" content=\"https:\/\/permbledhja.com\/sq\/kush-eshte-serbi-nga-prishtina-qe-beogradin-mund-tia-merr-vuciqit-ne-zgjedhjet-e-2-qershorit\/\" \/>\n<meta property=\"og:site_name\" content=\"Ve\u00e7 artikuj p\u00ebrmbledh\u00ebs\" \/>\n<meta property=\"article:publisher\" content=\"https:\/\/www.facebook.com\/press07\/\" \/>\n<meta property=\"article:published_time\" content=\"2024-04-25T11:08:06+00:00\" \/>\n<meta property=\"og:image\" content=\"https:\/\/permbledhja.com\/wp-content\/uploads\/2024\/04\/serb.jpg\" \/>\n\t<meta property=\"og:image:width\" content=\"780\" \/>\n\t<meta property=\"og:image:height\" content=\"439\" \/>\n\t<meta property=\"og:image:type\" content=\"image\/jpeg\" \/>\n<meta name=\"author\" content=\"DL\" \/>\n<meta name=\"twitter:card\" content=\"summary_large_image\" \/>\n<meta name=\"twitter:label1\" content=\"Written by\" \/>\n\t<meta name=\"twitter:data1\" content=\"DL\" \/>\n\t<meta name=\"twitter:label2\" content=\"Est. reading time\" \/>\n\t<meta name=\"twitter:data2\" content=\"1 minut\u00eb\" \/>\n<script type=\"application\/ld+json\" class=\"yoast-schema-graph\">{\"@context\":\"https:\/\/schema.org\",\"@graph\":[{\"@type\":\"Article\",\"@id\":\"https:\/\/permbledhja.com\/kush-eshte-serbi-nga-prishtina-qe-beogradin-mund-tia-merr-vuciqit-ne-zgjedhjet-e-2-qershorit\/#article\",\"isPartOf\":{\"@id\":\"https:\/\/permbledhja.com\/kush-eshte-serbi-nga-prishtina-qe-beogradin-mund-tia-merr-vuciqit-ne-zgjedhjet-e-2-qershorit\/\"},\"author\":{\"name\":\"DL\",\"@id\":\"https:\/\/permbledhja.com\/#\/schema\/person\/9c54260cbc4c6f792cb100550491638c\"},\"headline\":\"Kush \u00ebsht\u00eb serbi nga Prishtina q\u00eb Beogradin mund t\u2019ia merr Vu\u00e7iqit n\u00eb zgjedhjet e 2 qershorit\",\"datePublished\":\"2024-04-25T11:08:06+00:00\",\"dateModified\":\"2024-04-25T11:08:06+00:00\",\"mainEntityOfPage\":{\"@id\":\"https:\/\/permbledhja.com\/kush-eshte-serbi-nga-prishtina-qe-beogradin-mund-tia-merr-vuciqit-ne-zgjedhjet-e-2-qershorit\/\"},\"wordCount\":193,\"publisher\":{\"@id\":\"https:\/\/permbledhja.com\/#organization\"},\"articleSection\":[\"Lajme\"],\"inLanguage\":\"sq\"},{\"@type\":\"WebPage\",\"@id\":\"https:\/\/permbledhja.com\/kush-eshte-serbi-nga-prishtina-qe-beogradin-mund-tia-merr-vuciqit-ne-zgjedhjet-e-2-qershorit\/\",\"url\":\"https:\/\/permbledhja.com\/kush-eshte-serbi-nga-prishtina-qe-beogradin-mund-tia-merr-vuciqit-ne-zgjedhjet-e-2-qershorit\/\",\"name\":\"Kush \u00ebsht\u00eb serbi nga Prishtina q\u00eb Beogradin mund t\u2019ia merr Vu\u00e7iqit n\u00eb zgjedhjet e 2 qershorit\",\"isPartOf\":{\"@id\":\"https:\/\/permbledhja.com\/#website\"},\"datePublished\":\"2024-04-25T11:08:06+00:00\",\"dateModified\":\"2024-04-25T11:08:06+00:00\",\"breadcrumb\":{\"@id\":\"https:\/\/permbledhja.com\/kush-eshte-serbi-nga-prishtina-qe-beogradin-mund-tia-merr-vuciqit-ne-zgjedhjet-e-2-qershorit\/#breadcrumb\"},\"inLanguage\":\"sq\",\"potentialAction\":[{\"@type\":\"ReadAction\",\"target\":[\"https:\/\/permbledhja.com\/kush-eshte-serbi-nga-prishtina-qe-beogradin-mund-tia-merr-vuciqit-ne-zgjedhjet-e-2-qershorit\/\"]}]},{\"@type\":\"BreadcrumbList\",\"@id\":\"https:\/\/permbledhja.com\/kush-eshte-serbi-nga-prishtina-qe-beogradin-mund-tia-merr-vuciqit-ne-zgjedhjet-e-2-qershorit\/#breadcrumb\",\"itemListElement\":[{\"@type\":\"ListItem\",\"position\":1,\"name\":\"Ballina\",\"item\":\"https:\/\/permbledhja.com\/sq\/\"},{\"@type\":\"ListItem\",\"position\":2,\"name\":\"Kush \u00ebsht\u00eb serbi nga Prishtina q\u00eb Beogradin mund t\u2019ia merr Vu\u00e7iqit n\u00eb zgjedhjet e 2 qershorit\"}]},{\"@type\":\"WebSite\",\"@id\":\"https:\/\/permbledhja.com\/#website\",\"url\":\"https:\/\/permbledhja.com\/\",\"name\":\"Ve\u00e7 artikuj p\u00ebrmbledh\u00ebs\",\"description\":\"\",\"publisher\":{\"@id\":\"https:\/\/permbledhja.com\/#organization\"},\"potentialAction\":[{\"@type\":\"SearchAction\",\"target\":{\"@type\":\"EntryPoint\",\"urlTemplate\":\"https:\/\/permbledhja.com\/?s={search_term_string}\"},\"query-input\":\"required name=search_term_string\"}],\"inLanguage\":\"sq\"},{\"@type\":\"Organization\",\"@id\":\"https:\/\/permbledhja.com\/#organization\",\"name\":\"MK Media & Pr\",\"url\":\"https:\/\/permbledhja.com\/\",\"logo\":{\"@type\":\"ImageObject\",\"inLanguage\":\"sq\",\"@id\":\"https:\/\/permbledhja.com\/#\/schema\/logo\/image\/\",\"url\":\"https:\/\/permbledhja.com\/wp-content\/uploads\/2021\/12\/07-Press-Logo.jpg\",\"contentUrl\":\"https:\/\/permbledhja.com\/wp-content\/uploads\/2021\/12\/07-Press-Logo.jpg\",\"width\":512,\"height\":512,\"caption\":\"MK Media & Pr\"},\"image\":{\"@id\":\"https:\/\/permbledhja.com\/#\/schema\/logo\/image\/\"},\"sameAs\":[\"https:\/\/www.facebook.com\/press07\/\"]},{\"@type\":\"Person\",\"@id\":\"https:\/\/permbledhja.com\/#\/schema\/person\/9c54260cbc4c6f792cb100550491638c\",\"name\":\"DL\",\"image\":{\"@type\":\"ImageObject\",\"inLanguage\":\"sq\",\"@id\":\"https:\/\/permbledhja.com\/#\/schema\/person\/image\/\",\"url\":\"https:\/\/secure.gravatar.com\/avatar\/94503eb28d4c4b2005a5c8753e35fc80?s=96&d=mm&r=g\",\"contentUrl\":\"https:\/\/secure.gravatar.com\/avatar\/94503eb28d4c4b2005a5c8753e35fc80?s=96&d=mm&r=g\",\"caption\":\"DL\"},\"url\":\"https:\/\/permbledhja.com\/sq\/author\/dl\/\"}]}<\/script>\n<!-- \/ Yoast SEO plugin. -->","yoast_head_json":{"title":"Kush \u00ebsht\u00eb serbi nga Prishtina q\u00eb Beogradin mund t\u2019ia merr Vu\u00e7iqit n\u00eb zgjedhjet e 2 qershorit","robots":{"index":"index","follow":"follow","max-snippet":"max-snippet:-1","max-image-preview":"max-image-preview:large","max-video-preview":"max-video-preview:-1"},"canonical":"https:\/\/permbledhja.com\/sq\/kush-eshte-serbi-nga-prishtina-qe-beogradin-mund-tia-merr-vuciqit-ne-zgjedhjet-e-2-qershorit\/","og_locale":"sq_AL","og_type":"article","og_title":"Kush \u00ebsht\u00eb serbi nga Prishtina q\u00eb Beogradin mund t\u2019ia merr Vu\u00e7iqit n\u00eb zgjedhjet e 2 qershorit","og_description":"Savo Manojlloviq, drejtor i fushat\u00ebs \u201cNisu kah un\u00eb\u201d, do t\u00eb jet\u00eb kandidat p\u00ebr kryetar n\u00eb zgjedhjet lokale n\u00eb Beograd q\u00eb do t\u00eb mbahen m\u00eb 2 qershor. Manojlloviq ka precizuar se kjo l\u00ebvizje n\u00eb zgjedhjet e Beogradit do t\u00eb jet\u00eb si l\u00ebvizje e pavarur \u2013 dhe se n\u00eb dit\u00ebt n\u00eb vijim do t\u00eb merret vendimi n\u00ebse [&hellip;]","og_url":"https:\/\/permbledhja.com\/sq\/kush-eshte-serbi-nga-prishtina-qe-beogradin-mund-tia-merr-vuciqit-ne-zgjedhjet-e-2-qershorit\/","og_site_name":"Ve\u00e7 artikuj p\u00ebrmbledh\u00ebs","article_publisher":"https:\/\/www.facebook.com\/press07\/","article_published_time":"2024-04-25T11:08:06+00:00","og_image":[{"width":780,"height":439,"url":"https:\/\/permbledhja.com\/wp-content\/uploads\/2024\/04\/serb.jpg","type":"image\/jpeg"}],"author":"DL","twitter_card":"summary_large_image","twitter_misc":{"Written by":"DL","Est. reading time":"1 minut\u00eb"},"schema":{"@context":"https:\/\/schema.org","@graph":[{"@type":"Article","@id":"https:\/\/permbledhja.com\/kush-eshte-serbi-nga-prishtina-qe-beogradin-mund-tia-merr-vuciqit-ne-zgjedhjet-e-2-qershorit\/#article","isPartOf":{"@id":"https:\/\/permbledhja.com\/kush-eshte-serbi-nga-prishtina-qe-beogradin-mund-tia-merr-vuciqit-ne-zgjedhjet-e-2-qershorit\/"},"author":{"name":"DL","@id":"https:\/\/permbledhja.com\/#\/schema\/person\/9c54260cbc4c6f792cb100550491638c"},"headline":"Kush \u00ebsht\u00eb serbi nga Prishtina q\u00eb Beogradin mund t\u2019ia merr Vu\u00e7iqit n\u00eb zgjedhjet e 2 qershorit","datePublished":"2024-04-25T11:08:06+00:00","dateModified":"2024-04-25T11:08:06+00:00","mainEntityOfPage":{"@id":"https:\/\/permbledhja.com\/kush-eshte-serbi-nga-prishtina-qe-beogradin-mund-tia-merr-vuciqit-ne-zgjedhjet-e-2-qershorit\/"},"wordCount":193,"publisher":{"@id":"https:\/\/permbledhja.com\/#organization"},"articleSection":["Lajme"],"inLanguage":"sq"},{"@type":"WebPage","@id":"https:\/\/permbledhja.com\/kush-eshte-serbi-nga-prishtina-qe-beogradin-mund-tia-merr-vuciqit-ne-zgjedhjet-e-2-qershorit\/","url":"https:\/\/permbledhja.com\/kush-eshte-serbi-nga-prishtina-qe-beogradin-mund-tia-merr-vuciqit-ne-zgjedhjet-e-2-qershorit\/","name":"Kush \u00ebsht\u00eb serbi nga Prishtina q\u00eb Beogradin mund t\u2019ia merr Vu\u00e7iqit n\u00eb zgjedhjet e 2 qershorit","isPartOf":{"@id":"https:\/\/permbledhja.com\/#website"},"datePublished":"2024-04-25T11:08:06+00:00","dateModified":"2024-04-25T11:08:06+00:00","breadcrumb":{"@id":"https:\/\/permbledhja.com\/kush-eshte-serbi-nga-prishtina-qe-beogradin-mund-tia-merr-vuciqit-ne-zgjedhjet-e-2-qershorit\/#breadcrumb"},"inLanguage":"sq","potentialAction":[{"@type":"ReadAction","target":["https:\/\/permbledhja.com\/kush-eshte-serbi-nga-prishtina-qe-beogradin-mund-tia-merr-vuciqit-ne-zgjedhjet-e-2-qershorit\/"]}]},{"@type":"BreadcrumbList","@id":"https:\/\/permbledhja.com\/kush-eshte-serbi-nga-prishtina-qe-beogradin-mund-tia-merr-vuciqit-ne-zgjedhjet-e-2-qershorit\/#breadcrumb","itemListElement":[{"@type":"ListItem","position":1,"name":"Ballina","item":"https:\/\/permbledhja.com\/sq\/"},{"@type":"ListItem","position":2,"name":"Kush \u00ebsht\u00eb serbi nga Prishtina q\u00eb Beogradin mund t\u2019ia merr Vu\u00e7iqit n\u00eb zgjedhjet e 2 qershorit"}]},{"@type":"WebSite","@id":"https:\/\/permbledhja.com\/#website","url":"https:\/\/permbledhja.com\/","name":"Ve\u00e7 artikuj p\u00ebrmbledh\u00ebs","description":"","publisher":{"@id":"https:\/\/permbledhja.com\/#organization"},"potentialAction":[{"@type":"SearchAction","target":{"@type":"EntryPoint","urlTemplate":"https:\/\/permbledhja.com\/?s={search_term_string}"},"query-input":"required name=search_term_string"}],"inLanguage":"sq"},{"@type":"Organization","@id":"https:\/\/permbledhja.com\/#organization","name":"MK Media & Pr","url":"https:\/\/permbledhja.com\/","logo":{"@type":"ImageObject","inLanguage":"sq","@id":"https:\/\/permbledhja.com\/#\/schema\/logo\/image\/","url":"https:\/\/permbledhja.com\/wp-content\/uploads\/2021\/12\/07-Press-Logo.jpg","contentUrl":"https:\/\/permbledhja.com\/wp-content\/uploads\/2021\/12\/07-Press-Logo.jpg","width":512,"height":512,"caption":"MK Media & Pr"},"image":{"@id":"https:\/\/permbledhja.com\/#\/schema\/logo\/image\/"},"sameAs":["https:\/\/www.facebook.com\/press07\/"]},{"@type":"Person","@id":"https:\/\/permbledhja.com\/#\/schema\/person\/9c54260cbc4c6f792cb100550491638c","name":"DL","image":{"@type":"ImageObject","inLanguage":"sq","@id":"https:\/\/permbledhja.com\/#\/schema\/person\/image\/","url":"https:\/\/secure.gravatar.com\/avatar\/94503eb28d4c4b2005a5c8753e35fc80?s=96&d=mm&r=g","contentUrl":"https:\/\/secure.gravatar.com\/avatar\/94503eb28d4c4b2005a5c8753e35fc80?s=96&d=mm&r=g","caption":"DL"},"url":"https:\/\/permbledhja.com\/sq\/author\/dl\/"}]}},"_links":{"self":[{"href":"https:\/\/permbledhja.com\/sq\/wp-json\/wp\/v2\/posts\/58511"}],"collection":[{"href":"https:\/\/permbledhja.com\/sq\/wp-json\/wp\/v2\/posts"}],"about":[{"href":"https:\/\/permbledhja.com\/sq\/wp-json\/wp\/v2\/types\/post"}],"author":[{"embeddable":true,"href":"https:\/\/permbledhja.com\/sq\/wp-json\/wp\/v2\/users\/5"}],"replies":[{"embeddable":true,"href":"https:\/\/permbledhja.com\/sq\/wp-json\/wp\/v2\/comments?post=58511"}],"version-history":[{"count":2,"href":"https:\/\/permbledhja.com\/sq\/wp-json\/wp\/v2\/posts\/58511\/revisions"}],"predecessor-version":[{"id":58514,"href":"https:\/\/permbledhja.com\/sq\/wp-json\/wp\/v2\/posts\/58511\/revisions\/58514"}],"wp:featuredmedia":[{"embeddable":true,"href":"https:\/\/permbledhja.com\/sq\/wp-json\/wp\/v2\/media\/58512"}],"wp:attachment":[{"href":"https:\/\/permbledhja.com\/sq\/wp-json\/wp\/v2\/media?parent=58511"}],"wp:term":[{"taxonomy":"category","embeddable":true,"href":"https:\/\/permbledhja.com\/sq\/wp-json\/wp\/v2\/categories?post=58511"},{"taxonomy":"post_tag","embeddable":true,"href":"https:\/\/permbledhja.com\/sq\/wp-json\/wp\/v2\/tags?post=58511"}],"curies":[{"name":"wp","href":"https:\/\/api.w.org\/{rel}","templated":true}]}}