{"id":58348,"date":"2024-04-24T17:56:36","date_gmt":"2024-04-24T17:56:36","guid":{"rendered":"https:\/\/permbledhja.com\/?p=58348"},"modified":"2024-04-24T17:56:36","modified_gmt":"2024-04-24T17:56:36","slug":"e-rende-ne-peje-humb-jeten-nje-person-dyshohet-se-u-godit-qellimshem-nga-nje-veture","status":"publish","type":"post","link":"https:\/\/permbledhja.com\/sq\/e-rende-ne-peje-humb-jeten-nje-person-dyshohet-se-u-godit-qellimshem-nga-nje-veture\/","title":{"rendered":"E r\u00ebnd\u00eb n\u00eb Pej\u00eb: Humb jet\u00ebn nj\u00eb person, dyshohet se u godit q\u00ebllimsh\u00ebm nga nj\u00eb vetur\u00eb"},"content":{"rendered":"<h3>Nj\u00eb person ka humbur jet\u00ebn n\u00eb Spitalin Rajonal t\u00eb Pej\u00ebs, si pasoj\u00eb e plag\u00ebve t\u00eb marra pasi dyshohet se u godit q\u00ebllimisht nga nj\u00eb vetur\u00eb n\u00eb Pej\u00eb.<\/h3>\n<p>Lajmin e ka konfirmuar p\u00ebr Sinjalin edhe Policia Rajonale n\u00eb Pej\u00eb, me \u00e7\u2019rast u b\u00eb e ditur se shoferi i dyshuar ka ikur nga vendi i ngjarjes.<\/p>\n<p>Nga Policia njoftuan se i dyshuari \u00ebsht\u00eb n\u00eb k\u00ebrkim.<\/p>\n<p>\u201cSot rreth or\u00ebs 17:30, Policia \u00ebsht\u00eb njoftuar p\u00ebr nj\u00eb rast q\u00eb ka ndodhur n\u00eb rrug\u00ebn \u201cAgim \u00c7elaj. Nj\u00eb person \u00ebsht\u00eb goditur nga nj\u00eb vetur\u00eb dhe \u00ebsht\u00eb d\u00ebrguar n\u00eb spital, por nuk ka arritur t\u2019i p\u00ebrballoj\u00eb plag\u00ebt dhe ka nd\u00ebrruar jet\u00eb. Ekipi mjek\u00ebsor e ka konstatuar vdekjen. Sipas dyshimeve t\u00eb para, personi \u00ebsht\u00eb goditur q\u00ebllimisht, kurse i dyshuari ka ikur nga vendi i ngjarjes.\u201d<\/p>\n","protected":false},"excerpt":{"rendered":"<p>Nj\u00eb person ka humbur jet\u00ebn n\u00eb Spitalin Rajonal t\u00eb Pej\u00ebs, si pasoj\u00eb e plag\u00ebve t\u00eb marra pasi dyshohet se u godit q\u00ebllimisht nga nj\u00eb vetur\u00eb n\u00eb Pej\u00eb. Lajmin e ka konfirmuar p\u00ebr Sinjalin edhe Policia Rajonale n\u00eb Pej\u00eb, me \u00e7\u2019rast u b\u00eb e ditur se shoferi i dyshuar ka ikur nga vendi i ngjarjes. Nga [&hellip;]<\/p>\n","protected":false},"author":2,"featured_media":58349,"comment_status":"closed","ping_status":"closed","sticky":false,"template":"","format":"standard","meta":{"_monsterinsights_skip_tracking":false,"_monsterinsights_sitenote_active":false,"_monsterinsights_sitenote_note":"","_monsterinsights_sitenote_category":0,"_uf_show_specific_survey":0,"_uf_disable_surveys":false,"footnotes":""},"categories":[2645],"tags":[120],"yoast_head":"<!-- This site is optimized with the Yoast SEO plugin v21.5 - https:\/\/yoast.com\/wordpress\/plugins\/seo\/ -->\n<title>E r\u00ebnd\u00eb n\u00eb Pej\u00eb: Humb jet\u00ebn nj\u00eb person, dyshohet se u godit q\u00ebllimsh\u00ebm nga nj\u00eb vetur\u00eb<\/title>\n<meta name=\"robots\" content=\"index, follow, max-snippet:-1, max-image-preview:large, max-video-preview:-1\" \/>\n<link rel=\"canonical\" href=\"https:\/\/permbledhja.com\/sq\/e-rende-ne-peje-humb-jeten-nje-person-dyshohet-se-u-godit-qellimshem-nga-nje-veture\/\" \/>\n<meta property=\"og:locale\" content=\"sq_AL\" \/>\n<meta property=\"og:type\" content=\"article\" \/>\n<meta property=\"og:title\" content=\"E r\u00ebnd\u00eb n\u00eb Pej\u00eb: Humb jet\u00ebn nj\u00eb person, dyshohet se u godit q\u00ebllimsh\u00ebm nga nj\u00eb vetur\u00eb\" \/>\n<meta property=\"og:description\" content=\"Nj\u00eb person ka humbur jet\u00ebn n\u00eb Spitalin Rajonal t\u00eb Pej\u00ebs, si pasoj\u00eb e plag\u00ebve t\u00eb marra pasi dyshohet se u godit q\u00ebllimisht nga nj\u00eb vetur\u00eb n\u00eb Pej\u00eb. Lajmin e ka konfirmuar p\u00ebr Sinjalin edhe Policia Rajonale n\u00eb Pej\u00eb, me \u00e7\u2019rast u b\u00eb e ditur se shoferi i dyshuar ka ikur nga vendi i ngjarjes. Nga [&hellip;]\" \/>\n<meta property=\"og:url\" content=\"https:\/\/permbledhja.com\/sq\/e-rende-ne-peje-humb-jeten-nje-person-dyshohet-se-u-godit-qellimshem-nga-nje-veture\/\" \/>\n<meta property=\"og:site_name\" content=\"Ve\u00e7 artikuj p\u00ebrmbledh\u00ebs\" \/>\n<meta property=\"article:publisher\" content=\"https:\/\/www.facebook.com\/press07\/\" \/>\n<meta property=\"article:published_time\" content=\"2024-04-24T17:56:36+00:00\" \/>\n<meta property=\"og:image\" content=\"https:\/\/permbledhja.com\/wp-content\/uploads\/2024\/04\/policia-6.jpg\" \/>\n\t<meta property=\"og:image:width\" content=\"600\" \/>\n\t<meta property=\"og:image:height\" content=\"347\" \/>\n\t<meta property=\"og:image:type\" content=\"image\/jpeg\" \/>\n<meta name=\"author\" content=\"M M\" \/>\n<meta name=\"twitter:card\" content=\"summary_large_image\" \/>\n<meta name=\"twitter:label1\" content=\"Written by\" \/>\n\t<meta name=\"twitter:data1\" content=\"M M\" \/>\n\t<meta name=\"twitter:label2\" content=\"Est. reading time\" \/>\n\t<meta name=\"twitter:data2\" content=\"1 minut\u00eb\" \/>\n<script type=\"application\/ld+json\" class=\"yoast-schema-graph\">{\"@context\":\"https:\/\/schema.org\",\"@graph\":[{\"@type\":\"Article\",\"@id\":\"https:\/\/permbledhja.com\/sq\/e-rende-ne-peje-humb-jeten-nje-person-dyshohet-se-u-godit-qellimshem-nga-nje-veture\/#article\",\"isPartOf\":{\"@id\":\"https:\/\/permbledhja.com\/sq\/e-rende-ne-peje-humb-jeten-nje-person-dyshohet-se-u-godit-qellimshem-nga-nje-veture\/\"},\"author\":{\"name\":\"M M\",\"@id\":\"https:\/\/permbledhja.com\/#\/schema\/person\/d23f13f59b5722643933d6780783acf3\"},\"headline\":\"E r\u00ebnd\u00eb n\u00eb Pej\u00eb: Humb jet\u00ebn nj\u00eb person, dyshohet se u godit q\u00ebllimsh\u00ebm nga nj\u00eb vetur\u00eb\",\"datePublished\":\"2024-04-24T17:56:36+00:00\",\"dateModified\":\"2024-04-24T17:56:36+00:00\",\"mainEntityOfPage\":{\"@id\":\"https:\/\/permbledhja.com\/sq\/e-rende-ne-peje-humb-jeten-nje-person-dyshohet-se-u-godit-qellimshem-nga-nje-veture\/\"},\"wordCount\":161,\"publisher\":{\"@id\":\"https:\/\/permbledhja.com\/#organization\"},\"keywords\":[\"Pej\u00eb\"],\"articleSection\":[\"T\u00eb r\u00ebnd\u00ebsishme\"],\"inLanguage\":\"sq\"},{\"@type\":\"WebPage\",\"@id\":\"https:\/\/permbledhja.com\/sq\/e-rende-ne-peje-humb-jeten-nje-person-dyshohet-se-u-godit-qellimshem-nga-nje-veture\/\",\"url\":\"https:\/\/permbledhja.com\/sq\/e-rende-ne-peje-humb-jeten-nje-person-dyshohet-se-u-godit-qellimshem-nga-nje-veture\/\",\"name\":\"E r\u00ebnd\u00eb n\u00eb Pej\u00eb: Humb jet\u00ebn nj\u00eb person, dyshohet se u godit q\u00ebllimsh\u00ebm nga nj\u00eb vetur\u00eb\",\"isPartOf\":{\"@id\":\"https:\/\/permbledhja.com\/#website\"},\"datePublished\":\"2024-04-24T17:56:36+00:00\",\"dateModified\":\"2024-04-24T17:56:36+00:00\",\"breadcrumb\":{\"@id\":\"https:\/\/permbledhja.com\/sq\/e-rende-ne-peje-humb-jeten-nje-person-dyshohet-se-u-godit-qellimshem-nga-nje-veture\/#breadcrumb\"},\"inLanguage\":\"sq\",\"potentialAction\":[{\"@type\":\"ReadAction\",\"target\":[\"https:\/\/permbledhja.com\/sq\/e-rende-ne-peje-humb-jeten-nje-person-dyshohet-se-u-godit-qellimshem-nga-nje-veture\/\"]}]},{\"@type\":\"BreadcrumbList\",\"@id\":\"https:\/\/permbledhja.com\/sq\/e-rende-ne-peje-humb-jeten-nje-person-dyshohet-se-u-godit-qellimshem-nga-nje-veture\/#breadcrumb\",\"itemListElement\":[{\"@type\":\"ListItem\",\"position\":1,\"name\":\"Ballina\",\"item\":\"https:\/\/permbledhja.com\/sq\/\"},{\"@type\":\"ListItem\",\"position\":2,\"name\":\"E r\u00ebnd\u00eb n\u00eb Pej\u00eb: Humb jet\u00ebn nj\u00eb person, dyshohet se u godit q\u00ebllimsh\u00ebm nga nj\u00eb vetur\u00eb\"}]},{\"@type\":\"WebSite\",\"@id\":\"https:\/\/permbledhja.com\/#website\",\"url\":\"https:\/\/permbledhja.com\/\",\"name\":\"Ve\u00e7 artikuj p\u00ebrmbledh\u00ebs\",\"description\":\"\",\"publisher\":{\"@id\":\"https:\/\/permbledhja.com\/#organization\"},\"potentialAction\":[{\"@type\":\"SearchAction\",\"target\":{\"@type\":\"EntryPoint\",\"urlTemplate\":\"https:\/\/permbledhja.com\/?s={search_term_string}\"},\"query-input\":\"required name=search_term_string\"}],\"inLanguage\":\"sq\"},{\"@type\":\"Organization\",\"@id\":\"https:\/\/permbledhja.com\/#organization\",\"name\":\"MK Media & Pr\",\"url\":\"https:\/\/permbledhja.com\/\",\"logo\":{\"@type\":\"ImageObject\",\"inLanguage\":\"sq\",\"@id\":\"https:\/\/permbledhja.com\/#\/schema\/logo\/image\/\",\"url\":\"https:\/\/permbledhja.com\/wp-content\/uploads\/2021\/12\/07-Press-Logo.jpg\",\"contentUrl\":\"https:\/\/permbledhja.com\/wp-content\/uploads\/2021\/12\/07-Press-Logo.jpg\",\"width\":512,\"height\":512,\"caption\":\"MK Media & Pr\"},\"image\":{\"@id\":\"https:\/\/permbledhja.com\/#\/schema\/logo\/image\/\"},\"sameAs\":[\"https:\/\/www.facebook.com\/press07\/\"]},{\"@type\":\"Person\",\"@id\":\"https:\/\/permbledhja.com\/#\/schema\/person\/d23f13f59b5722643933d6780783acf3\",\"name\":\"M M\",\"image\":{\"@type\":\"ImageObject\",\"inLanguage\":\"sq\",\"@id\":\"https:\/\/permbledhja.com\/#\/schema\/person\/image\/\",\"url\":\"https:\/\/secure.gravatar.com\/avatar\/e2835a76ca7c31a2416b2d51c4ec9a8f?s=96&d=mm&r=g\",\"contentUrl\":\"https:\/\/secure.gravatar.com\/avatar\/e2835a76ca7c31a2416b2d51c4ec9a8f?s=96&d=mm&r=g\",\"caption\":\"M M\"},\"sameAs\":[\"http:\/\/MM\"],\"url\":\"https:\/\/permbledhja.com\/sq\/author\/muhamet\/\"}]}<\/script>\n<!-- \/ Yoast SEO plugin. -->","yoast_head_json":{"title":"E r\u00ebnd\u00eb n\u00eb Pej\u00eb: Humb jet\u00ebn nj\u00eb person, dyshohet se u godit q\u00ebllimsh\u00ebm nga nj\u00eb vetur\u00eb","robots":{"index":"index","follow":"follow","max-snippet":"max-snippet:-1","max-image-preview":"max-image-preview:large","max-video-preview":"max-video-preview:-1"},"canonical":"https:\/\/permbledhja.com\/sq\/e-rende-ne-peje-humb-jeten-nje-person-dyshohet-se-u-godit-qellimshem-nga-nje-veture\/","og_locale":"sq_AL","og_type":"article","og_title":"E r\u00ebnd\u00eb n\u00eb Pej\u00eb: Humb jet\u00ebn nj\u00eb person, dyshohet se u godit q\u00ebllimsh\u00ebm nga nj\u00eb vetur\u00eb","og_description":"Nj\u00eb person ka humbur jet\u00ebn n\u00eb Spitalin Rajonal t\u00eb Pej\u00ebs, si pasoj\u00eb e plag\u00ebve t\u00eb marra pasi dyshohet se u godit q\u00ebllimisht nga nj\u00eb vetur\u00eb n\u00eb Pej\u00eb. Lajmin e ka konfirmuar p\u00ebr Sinjalin edhe Policia Rajonale n\u00eb Pej\u00eb, me \u00e7\u2019rast u b\u00eb e ditur se shoferi i dyshuar ka ikur nga vendi i ngjarjes. Nga [&hellip;]","og_url":"https:\/\/permbledhja.com\/sq\/e-rende-ne-peje-humb-jeten-nje-person-dyshohet-se-u-godit-qellimshem-nga-nje-veture\/","og_site_name":"Ve\u00e7 artikuj p\u00ebrmbledh\u00ebs","article_publisher":"https:\/\/www.facebook.com\/press07\/","article_published_time":"2024-04-24T17:56:36+00:00","og_image":[{"width":600,"height":347,"url":"https:\/\/permbledhja.com\/wp-content\/uploads\/2024\/04\/policia-6.jpg","type":"image\/jpeg"}],"author":"M M","twitter_card":"summary_large_image","twitter_misc":{"Written by":"M M","Est. reading time":"1 minut\u00eb"},"schema":{"@context":"https:\/\/schema.org","@graph":[{"@type":"Article","@id":"https:\/\/permbledhja.com\/sq\/e-rende-ne-peje-humb-jeten-nje-person-dyshohet-se-u-godit-qellimshem-nga-nje-veture\/#article","isPartOf":{"@id":"https:\/\/permbledhja.com\/sq\/e-rende-ne-peje-humb-jeten-nje-person-dyshohet-se-u-godit-qellimshem-nga-nje-veture\/"},"author":{"name":"M M","@id":"https:\/\/permbledhja.com\/#\/schema\/person\/d23f13f59b5722643933d6780783acf3"},"headline":"E r\u00ebnd\u00eb n\u00eb Pej\u00eb: Humb jet\u00ebn nj\u00eb person, dyshohet se u godit q\u00ebllimsh\u00ebm nga nj\u00eb vetur\u00eb","datePublished":"2024-04-24T17:56:36+00:00","dateModified":"2024-04-24T17:56:36+00:00","mainEntityOfPage":{"@id":"https:\/\/permbledhja.com\/sq\/e-rende-ne-peje-humb-jeten-nje-person-dyshohet-se-u-godit-qellimshem-nga-nje-veture\/"},"wordCount":161,"publisher":{"@id":"https:\/\/permbledhja.com\/#organization"},"keywords":["Pej\u00eb"],"articleSection":["T\u00eb r\u00ebnd\u00ebsishme"],"inLanguage":"sq"},{"@type":"WebPage","@id":"https:\/\/permbledhja.com\/sq\/e-rende-ne-peje-humb-jeten-nje-person-dyshohet-se-u-godit-qellimshem-nga-nje-veture\/","url":"https:\/\/permbledhja.com\/sq\/e-rende-ne-peje-humb-jeten-nje-person-dyshohet-se-u-godit-qellimshem-nga-nje-veture\/","name":"E r\u00ebnd\u00eb n\u00eb Pej\u00eb: Humb jet\u00ebn nj\u00eb person, dyshohet se u godit q\u00ebllimsh\u00ebm nga nj\u00eb vetur\u00eb","isPartOf":{"@id":"https:\/\/permbledhja.com\/#website"},"datePublished":"2024-04-24T17:56:36+00:00","dateModified":"2024-04-24T17:56:36+00:00","breadcrumb":{"@id":"https:\/\/permbledhja.com\/sq\/e-rende-ne-peje-humb-jeten-nje-person-dyshohet-se-u-godit-qellimshem-nga-nje-veture\/#breadcrumb"},"inLanguage":"sq","potentialAction":[{"@type":"ReadAction","target":["https:\/\/permbledhja.com\/sq\/e-rende-ne-peje-humb-jeten-nje-person-dyshohet-se-u-godit-qellimshem-nga-nje-veture\/"]}]},{"@type":"BreadcrumbList","@id":"https:\/\/permbledhja.com\/sq\/e-rende-ne-peje-humb-jeten-nje-person-dyshohet-se-u-godit-qellimshem-nga-nje-veture\/#breadcrumb","itemListElement":[{"@type":"ListItem","position":1,"name":"Ballina","item":"https:\/\/permbledhja.com\/sq\/"},{"@type":"ListItem","position":2,"name":"E r\u00ebnd\u00eb n\u00eb Pej\u00eb: Humb jet\u00ebn nj\u00eb person, dyshohet se u godit q\u00ebllimsh\u00ebm nga nj\u00eb vetur\u00eb"}]},{"@type":"WebSite","@id":"https:\/\/permbledhja.com\/#website","url":"https:\/\/permbledhja.com\/","name":"Ve\u00e7 artikuj p\u00ebrmbledh\u00ebs","description":"","publisher":{"@id":"https:\/\/permbledhja.com\/#organization"},"potentialAction":[{"@type":"SearchAction","target":{"@type":"EntryPoint","urlTemplate":"https:\/\/permbledhja.com\/?s={search_term_string}"},"query-input":"required name=search_term_string"}],"inLanguage":"sq"},{"@type":"Organization","@id":"https:\/\/permbledhja.com\/#organization","name":"MK Media & Pr","url":"https:\/\/permbledhja.com\/","logo":{"@type":"ImageObject","inLanguage":"sq","@id":"https:\/\/permbledhja.com\/#\/schema\/logo\/image\/","url":"https:\/\/permbledhja.com\/wp-content\/uploads\/2021\/12\/07-Press-Logo.jpg","contentUrl":"https:\/\/permbledhja.com\/wp-content\/uploads\/2021\/12\/07-Press-Logo.jpg","width":512,"height":512,"caption":"MK Media & Pr"},"image":{"@id":"https:\/\/permbledhja.com\/#\/schema\/logo\/image\/"},"sameAs":["https:\/\/www.facebook.com\/press07\/"]},{"@type":"Person","@id":"https:\/\/permbledhja.com\/#\/schema\/person\/d23f13f59b5722643933d6780783acf3","name":"M M","image":{"@type":"ImageObject","inLanguage":"sq","@id":"https:\/\/permbledhja.com\/#\/schema\/person\/image\/","url":"https:\/\/secure.gravatar.com\/avatar\/e2835a76ca7c31a2416b2d51c4ec9a8f?s=96&d=mm&r=g","contentUrl":"https:\/\/secure.gravatar.com\/avatar\/e2835a76ca7c31a2416b2d51c4ec9a8f?s=96&d=mm&r=g","caption":"M M"},"sameAs":["http:\/\/MM"],"url":"https:\/\/permbledhja.com\/sq\/author\/muhamet\/"}]}},"_links":{"self":[{"href":"https:\/\/permbledhja.com\/sq\/wp-json\/wp\/v2\/posts\/58348"}],"collection":[{"href":"https:\/\/permbledhja.com\/sq\/wp-json\/wp\/v2\/posts"}],"about":[{"href":"https:\/\/permbledhja.com\/sq\/wp-json\/wp\/v2\/types\/post"}],"author":[{"embeddable":true,"href":"https:\/\/permbledhja.com\/sq\/wp-json\/wp\/v2\/users\/2"}],"replies":[{"embeddable":true,"href":"https:\/\/permbledhja.com\/sq\/wp-json\/wp\/v2\/comments?post=58348"}],"version-history":[{"count":1,"href":"https:\/\/permbledhja.com\/sq\/wp-json\/wp\/v2\/posts\/58348\/revisions"}],"predecessor-version":[{"id":58350,"href":"https:\/\/permbledhja.com\/sq\/wp-json\/wp\/v2\/posts\/58348\/revisions\/58350"}],"wp:featuredmedia":[{"embeddable":true,"href":"https:\/\/permbledhja.com\/sq\/wp-json\/wp\/v2\/media\/58349"}],"wp:attachment":[{"href":"https:\/\/permbledhja.com\/sq\/wp-json\/wp\/v2\/media?parent=58348"}],"wp:term":[{"taxonomy":"category","embeddable":true,"href":"https:\/\/permbledhja.com\/sq\/wp-json\/wp\/v2\/categories?post=58348"},{"taxonomy":"post_tag","embeddable":true,"href":"https:\/\/permbledhja.com\/sq\/wp-json\/wp\/v2\/tags?post=58348"}],"curies":[{"name":"wp","href":"https:\/\/api.w.org\/{rel}","templated":true}]}}