{"id":58346,"date":"2024-04-24T17:41:11","date_gmt":"2024-04-24T17:41:11","guid":{"rendered":"https:\/\/permbledhja.com\/?p=58346"},"modified":"2024-04-24T17:41:11","modified_gmt":"2024-04-24T17:41:11","slug":"sanduloviq-shba-do-te-leshoje-urdherarrest-per-aleksandar-vuciq","status":"publish","type":"post","link":"https:\/\/permbledhja.com\/sq\/sanduloviq-shba-do-te-leshoje-urdherarrest-per-aleksandar-vuciq\/","title":{"rendered":"Sanduloviq: ShBA do t\u00eb l\u00ebshoj\u00eb urdh\u00ebrarrest p\u00ebr Aleksandar Vu\u00e7iq"},"content":{"rendered":"<p><strong>Nikola Sandulovic, kryetar i Partis\u00eb Republikane Serbe, ka shkruar t\u00eb m\u00ebrkur\u00ebn n\u00eb platform\u00ebn \u201cX\u201d, duke th\u00ebn\u00eb se presidenti serb Aleksand\u00ebr Vu\u00e7iq do t\u00eb akuzohet p\u00ebr krime kund\u00ebr njer\u00ebzimit nga Shtetet e Bashkuara t\u00eb Amerik\u00ebs.<\/strong><\/p>\n<p>Ai k\u00ebt\u00eb e ka quajtur lajm ekskluziv, ku bashk\u00eb me Vu\u00e7iqin thot\u00eb se do t\u00eb akuzohen edhe figura tjera t\u00eb larta n\u00eb Serbi.<\/p>\n<p><em>\u201cAleksandar Vu\u00e7iq do t\u00eb akuzohet p\u00ebr krime kund\u00ebr njer\u00ebzimit. Shtetet e Bashkuara jan\u00eb t\u00eb detyruara t\u00eb l\u00ebshojn\u00eb nj\u00eb urdh\u00ebr arresti kund\u00ebr Aleksandar Vu\u00e7iqit, duke p\u00ebrmendur p\u00ebrfshirjen e tij n\u00eb krime kund\u00ebr njer\u00ebzimit. Viktimat p\u00ebrfshijn\u00eb figura t\u00eb shquara si Vladimir Cvijan, ish-Sekretari i P\u00ebrgjithsh\u00ebm i Presidentit t\u00eb Serbis\u00eb, Oliver Ivanovi\u00e7, ish-sekretari shtet\u00ebror i Ministris\u00eb p\u00ebr Kosov\u00ebn dhe Nikola Sandulovi\u0107, presidenti i Partis\u00eb Republikane n\u00eb Serbi. Kjo list\u00eb ofron nj\u00eb p\u00ebrshkrim gjith\u00ebp\u00ebrfshir\u00ebs, por jo shterues, t\u00eb vrasjeve dhe persekutimeve q\u00eb synojn\u00eb nj\u00eb grup specifik brenda parametrave t\u00eb p\u00ebrcaktuar kohor\u00eb dhe gjeografik\u00eb\u201d<\/em>, ka shkruar ai.<\/p>\n<p>Sanduoloviq \u00ebsht\u00eb politikan serb q\u00eb pranon pavar\u00ebsin\u00eb e Kosov\u00ebs. Madje, ai ishte n\u00eb vizit\u00eb n\u00eb Prekaz ku k\u00ebrkoi falje p\u00ebr krimet serbe.<\/p>\n<p>Veprimi i tij kishte pasoja p\u00ebr t\u00eb, pasi ishte rrahur nga autoritetet serbe.<\/p>\n<p>Vu\u00e7iq rreth tij kishte deklaruar me arroganc\u00eb, duke e p\u00ebr\u00e7muar rolin e tij n\u00eb politik\u00ebn serbe.<\/p>\n<blockquote class=\"twitter-tweet\">\n<p dir=\"ltr\" lang=\"en\">EXLUZIVE!<br \/>\nAleksandar Vu\u010di\u0107 Accused of Crimes Against Humanity!<\/p>\n<p>The United States is compelled to issue an arrest warrant against Aleksandar Vu\u010di\u0107, citing his involvement in crimes against humanity. Victims include notable figures such as Vladimir Cvijan, the former Secretary\u2026 <a href=\"https:\/\/t.co\/UU8yE6pd0q\">pic.twitter.com\/UU8yE6pd0q<\/a><\/p>\n<p>\u2014 Nikola Sandulovic (@Sandulovic_N) <a href=\"https:\/\/twitter.com\/Sandulovic_N\/status\/1783177645636669806?ref_src=twsrc%5Etfw\">April 24, 2024<\/a><\/p><\/blockquote>\n<p><script src=\"https:\/\/platform.twitter.com\/widgets.js\" async=\"\" charset=\"utf-8\"><\/script><\/p>\n","protected":false},"excerpt":{"rendered":"<p>Nikola Sandulovic, kryetar i Partis\u00eb Republikane Serbe, ka shkruar t\u00eb m\u00ebrkur\u00ebn n\u00eb platform\u00ebn \u201cX\u201d, duke th\u00ebn\u00eb se presidenti serb Aleksand\u00ebr Vu\u00e7iq do t\u00eb akuzohet p\u00ebr krime kund\u00ebr njer\u00ebzimit nga Shtetet e Bashkuara t\u00eb Amerik\u00ebs. Ai k\u00ebt\u00eb e ka quajtur lajm ekskluziv, ku bashk\u00eb me Vu\u00e7iqin thot\u00eb se do t\u00eb akuzohen edhe figura tjera t\u00eb larta [&hellip;]<\/p>\n","protected":false},"author":1,"featured_media":43050,"comment_status":"closed","ping_status":"closed","sticky":false,"template":"","format":"standard","meta":{"_monsterinsights_skip_tracking":false,"_monsterinsights_sitenote_active":false,"_monsterinsights_sitenote_note":"","_monsterinsights_sitenote_category":0,"_uf_show_specific_survey":0,"_uf_disable_surveys":false,"footnotes":""},"categories":[2645],"tags":[2967],"yoast_head":"<!-- This site is optimized with the Yoast SEO plugin v21.5 - https:\/\/yoast.com\/wordpress\/plugins\/seo\/ -->\n<title>Sanduloviq: ShBA do t\u00eb l\u00ebshoj\u00eb urdh\u00ebrarrest p\u00ebr Aleksandar Vu\u00e7iq<\/title>\n<meta name=\"robots\" content=\"index, follow, max-snippet:-1, max-image-preview:large, max-video-preview:-1\" \/>\n<link rel=\"canonical\" href=\"https:\/\/permbledhja.com\/sq\/sanduloviq-shba-do-te-leshoje-urdherarrest-per-aleksandar-vuciq\/\" \/>\n<meta property=\"og:locale\" content=\"sq_AL\" \/>\n<meta property=\"og:type\" content=\"article\" \/>\n<meta property=\"og:title\" content=\"Sanduloviq: ShBA do t\u00eb l\u00ebshoj\u00eb urdh\u00ebrarrest p\u00ebr Aleksandar Vu\u00e7iq\" \/>\n<meta property=\"og:description\" content=\"Nikola Sandulovic, kryetar i Partis\u00eb Republikane Serbe, ka shkruar t\u00eb m\u00ebrkur\u00ebn n\u00eb platform\u00ebn \u201cX\u201d, duke th\u00ebn\u00eb se presidenti serb Aleksand\u00ebr Vu\u00e7iq do t\u00eb akuzohet p\u00ebr krime kund\u00ebr njer\u00ebzimit nga Shtetet e Bashkuara t\u00eb Amerik\u00ebs. Ai k\u00ebt\u00eb e ka quajtur lajm ekskluziv, ku bashk\u00eb me Vu\u00e7iqin thot\u00eb se do t\u00eb akuzohen edhe figura tjera t\u00eb larta [&hellip;]\" \/>\n<meta property=\"og:url\" content=\"https:\/\/permbledhja.com\/sq\/sanduloviq-shba-do-te-leshoje-urdherarrest-per-aleksandar-vuciq\/\" \/>\n<meta property=\"og:site_name\" content=\"Ve\u00e7 artikuj p\u00ebrmbledh\u00ebs\" \/>\n<meta property=\"article:publisher\" content=\"https:\/\/www.facebook.com\/press07\/\" \/>\n<meta property=\"article:author\" content=\"https:\/\/www.facebook.com\/kafexhiu.muharrem\/\" \/>\n<meta property=\"article:published_time\" content=\"2024-04-24T17:41:11+00:00\" \/>\n<meta property=\"og:image\" content=\"https:\/\/permbledhja.com\/wp-content\/uploads\/2024\/01\/Vuciq-600x360-1.jpg\" \/>\n\t<meta property=\"og:image:width\" content=\"600\" \/>\n\t<meta property=\"og:image:height\" content=\"360\" \/>\n\t<meta property=\"og:image:type\" content=\"image\/jpeg\" \/>\n<meta name=\"author\" content=\"P\u00ebrmbledhja\" \/>\n<meta name=\"twitter:card\" content=\"summary_large_image\" \/>\n<meta name=\"twitter:label1\" content=\"Written by\" \/>\n\t<meta name=\"twitter:data1\" content=\"P\u00ebrmbledhja\" \/>\n\t<meta name=\"twitter:label2\" content=\"Est. reading time\" \/>\n\t<meta name=\"twitter:data2\" content=\"2 minuta\" \/>\n<script type=\"application\/ld+json\" class=\"yoast-schema-graph\">{\"@context\":\"https:\/\/schema.org\",\"@graph\":[{\"@type\":\"Article\",\"@id\":\"https:\/\/permbledhja.com\/sq\/sanduloviq-shba-do-te-leshoje-urdherarrest-per-aleksandar-vuciq\/#article\",\"isPartOf\":{\"@id\":\"https:\/\/permbledhja.com\/sq\/sanduloviq-shba-do-te-leshoje-urdherarrest-per-aleksandar-vuciq\/\"},\"author\":{\"name\":\"P\u00ebrmbledhja\",\"@id\":\"https:\/\/permbledhja.com\/#\/schema\/person\/0d064377258d3221e50693947b9eb4fe\"},\"headline\":\"Sanduloviq: ShBA do t\u00eb l\u00ebshoj\u00eb urdh\u00ebrarrest p\u00ebr Aleksandar Vu\u00e7iq\",\"datePublished\":\"2024-04-24T17:41:11+00:00\",\"dateModified\":\"2024-04-24T17:41:11+00:00\",\"mainEntityOfPage\":{\"@id\":\"https:\/\/permbledhja.com\/sq\/sanduloviq-shba-do-te-leshoje-urdherarrest-per-aleksandar-vuciq\/\"},\"wordCount\":310,\"publisher\":{\"@id\":\"https:\/\/permbledhja.com\/#organization\"},\"keywords\":[\"Sanduloviq\"],\"articleSection\":[\"T\u00eb r\u00ebnd\u00ebsishme\"],\"inLanguage\":\"sq\"},{\"@type\":\"WebPage\",\"@id\":\"https:\/\/permbledhja.com\/sq\/sanduloviq-shba-do-te-leshoje-urdherarrest-per-aleksandar-vuciq\/\",\"url\":\"https:\/\/permbledhja.com\/sq\/sanduloviq-shba-do-te-leshoje-urdherarrest-per-aleksandar-vuciq\/\",\"name\":\"Sanduloviq: ShBA do t\u00eb l\u00ebshoj\u00eb urdh\u00ebrarrest p\u00ebr Aleksandar Vu\u00e7iq\",\"isPartOf\":{\"@id\":\"https:\/\/permbledhja.com\/#website\"},\"datePublished\":\"2024-04-24T17:41:11+00:00\",\"dateModified\":\"2024-04-24T17:41:11+00:00\",\"breadcrumb\":{\"@id\":\"https:\/\/permbledhja.com\/sq\/sanduloviq-shba-do-te-leshoje-urdherarrest-per-aleksandar-vuciq\/#breadcrumb\"},\"inLanguage\":\"sq\",\"potentialAction\":[{\"@type\":\"ReadAction\",\"target\":[\"https:\/\/permbledhja.com\/sq\/sanduloviq-shba-do-te-leshoje-urdherarrest-per-aleksandar-vuciq\/\"]}]},{\"@type\":\"BreadcrumbList\",\"@id\":\"https:\/\/permbledhja.com\/sq\/sanduloviq-shba-do-te-leshoje-urdherarrest-per-aleksandar-vuciq\/#breadcrumb\",\"itemListElement\":[{\"@type\":\"ListItem\",\"position\":1,\"name\":\"Ballina\",\"item\":\"https:\/\/permbledhja.com\/sq\/\"},{\"@type\":\"ListItem\",\"position\":2,\"name\":\"Sanduloviq: ShBA do t\u00eb l\u00ebshoj\u00eb urdh\u00ebrarrest p\u00ebr Aleksandar Vu\u00e7iq\"}]},{\"@type\":\"WebSite\",\"@id\":\"https:\/\/permbledhja.com\/#website\",\"url\":\"https:\/\/permbledhja.com\/\",\"name\":\"Ve\u00e7 artikuj p\u00ebrmbledh\u00ebs\",\"description\":\"\",\"publisher\":{\"@id\":\"https:\/\/permbledhja.com\/#organization\"},\"potentialAction\":[{\"@type\":\"SearchAction\",\"target\":{\"@type\":\"EntryPoint\",\"urlTemplate\":\"https:\/\/permbledhja.com\/?s={search_term_string}\"},\"query-input\":\"required name=search_term_string\"}],\"inLanguage\":\"sq\"},{\"@type\":\"Organization\",\"@id\":\"https:\/\/permbledhja.com\/#organization\",\"name\":\"MK Media & Pr\",\"url\":\"https:\/\/permbledhja.com\/\",\"logo\":{\"@type\":\"ImageObject\",\"inLanguage\":\"sq\",\"@id\":\"https:\/\/permbledhja.com\/#\/schema\/logo\/image\/\",\"url\":\"https:\/\/permbledhja.com\/wp-content\/uploads\/2021\/12\/07-Press-Logo.jpg\",\"contentUrl\":\"https:\/\/permbledhja.com\/wp-content\/uploads\/2021\/12\/07-Press-Logo.jpg\",\"width\":512,\"height\":512,\"caption\":\"MK Media & Pr\"},\"image\":{\"@id\":\"https:\/\/permbledhja.com\/#\/schema\/logo\/image\/\"},\"sameAs\":[\"https:\/\/www.facebook.com\/press07\/\"]},{\"@type\":\"Person\",\"@id\":\"https:\/\/permbledhja.com\/#\/schema\/person\/0d064377258d3221e50693947b9eb4fe\",\"name\":\"P\u00ebrmbledhja\",\"image\":{\"@type\":\"ImageObject\",\"inLanguage\":\"sq\",\"@id\":\"https:\/\/permbledhja.com\/#\/schema\/person\/image\/\",\"url\":\"https:\/\/permbledhja.com\/wp-content\/uploads\/2026\/01\/452004717_1040944174702970_8932037511805513407_n-96x96.jpg\",\"contentUrl\":\"https:\/\/permbledhja.com\/wp-content\/uploads\/2026\/01\/452004717_1040944174702970_8932037511805513407_n-96x96.jpg\",\"caption\":\"P\u00ebrmbledhja\"},\"sameAs\":[\"https:\/\/www.facebook.com\/kafexhiu.muharrem\/\",\"https:\/\/www.instagram.com\/muharrem_kafexhiu\/\"],\"url\":\"https:\/\/permbledhja.com\/sq\/author\/admin\/\"}]}<\/script>\n<!-- \/ Yoast SEO plugin. -->","yoast_head_json":{"title":"Sanduloviq: ShBA do t\u00eb l\u00ebshoj\u00eb urdh\u00ebrarrest p\u00ebr Aleksandar Vu\u00e7iq","robots":{"index":"index","follow":"follow","max-snippet":"max-snippet:-1","max-image-preview":"max-image-preview:large","max-video-preview":"max-video-preview:-1"},"canonical":"https:\/\/permbledhja.com\/sq\/sanduloviq-shba-do-te-leshoje-urdherarrest-per-aleksandar-vuciq\/","og_locale":"sq_AL","og_type":"article","og_title":"Sanduloviq: ShBA do t\u00eb l\u00ebshoj\u00eb urdh\u00ebrarrest p\u00ebr Aleksandar Vu\u00e7iq","og_description":"Nikola Sandulovic, kryetar i Partis\u00eb Republikane Serbe, ka shkruar t\u00eb m\u00ebrkur\u00ebn n\u00eb platform\u00ebn \u201cX\u201d, duke th\u00ebn\u00eb se presidenti serb Aleksand\u00ebr Vu\u00e7iq do t\u00eb akuzohet p\u00ebr krime kund\u00ebr njer\u00ebzimit nga Shtetet e Bashkuara t\u00eb Amerik\u00ebs. Ai k\u00ebt\u00eb e ka quajtur lajm ekskluziv, ku bashk\u00eb me Vu\u00e7iqin thot\u00eb se do t\u00eb akuzohen edhe figura tjera t\u00eb larta [&hellip;]","og_url":"https:\/\/permbledhja.com\/sq\/sanduloviq-shba-do-te-leshoje-urdherarrest-per-aleksandar-vuciq\/","og_site_name":"Ve\u00e7 artikuj p\u00ebrmbledh\u00ebs","article_publisher":"https:\/\/www.facebook.com\/press07\/","article_author":"https:\/\/www.facebook.com\/kafexhiu.muharrem\/","article_published_time":"2024-04-24T17:41:11+00:00","og_image":[{"width":600,"height":360,"url":"https:\/\/permbledhja.com\/wp-content\/uploads\/2024\/01\/Vuciq-600x360-1.jpg","type":"image\/jpeg"}],"author":"P\u00ebrmbledhja","twitter_card":"summary_large_image","twitter_misc":{"Written by":"P\u00ebrmbledhja","Est. reading time":"2 minuta"},"schema":{"@context":"https:\/\/schema.org","@graph":[{"@type":"Article","@id":"https:\/\/permbledhja.com\/sq\/sanduloviq-shba-do-te-leshoje-urdherarrest-per-aleksandar-vuciq\/#article","isPartOf":{"@id":"https:\/\/permbledhja.com\/sq\/sanduloviq-shba-do-te-leshoje-urdherarrest-per-aleksandar-vuciq\/"},"author":{"name":"P\u00ebrmbledhja","@id":"https:\/\/permbledhja.com\/#\/schema\/person\/0d064377258d3221e50693947b9eb4fe"},"headline":"Sanduloviq: ShBA do t\u00eb l\u00ebshoj\u00eb urdh\u00ebrarrest p\u00ebr Aleksandar Vu\u00e7iq","datePublished":"2024-04-24T17:41:11+00:00","dateModified":"2024-04-24T17:41:11+00:00","mainEntityOfPage":{"@id":"https:\/\/permbledhja.com\/sq\/sanduloviq-shba-do-te-leshoje-urdherarrest-per-aleksandar-vuciq\/"},"wordCount":310,"publisher":{"@id":"https:\/\/permbledhja.com\/#organization"},"keywords":["Sanduloviq"],"articleSection":["T\u00eb r\u00ebnd\u00ebsishme"],"inLanguage":"sq"},{"@type":"WebPage","@id":"https:\/\/permbledhja.com\/sq\/sanduloviq-shba-do-te-leshoje-urdherarrest-per-aleksandar-vuciq\/","url":"https:\/\/permbledhja.com\/sq\/sanduloviq-shba-do-te-leshoje-urdherarrest-per-aleksandar-vuciq\/","name":"Sanduloviq: ShBA do t\u00eb l\u00ebshoj\u00eb urdh\u00ebrarrest p\u00ebr Aleksandar Vu\u00e7iq","isPartOf":{"@id":"https:\/\/permbledhja.com\/#website"},"datePublished":"2024-04-24T17:41:11+00:00","dateModified":"2024-04-24T17:41:11+00:00","breadcrumb":{"@id":"https:\/\/permbledhja.com\/sq\/sanduloviq-shba-do-te-leshoje-urdherarrest-per-aleksandar-vuciq\/#breadcrumb"},"inLanguage":"sq","potentialAction":[{"@type":"ReadAction","target":["https:\/\/permbledhja.com\/sq\/sanduloviq-shba-do-te-leshoje-urdherarrest-per-aleksandar-vuciq\/"]}]},{"@type":"BreadcrumbList","@id":"https:\/\/permbledhja.com\/sq\/sanduloviq-shba-do-te-leshoje-urdherarrest-per-aleksandar-vuciq\/#breadcrumb","itemListElement":[{"@type":"ListItem","position":1,"name":"Ballina","item":"https:\/\/permbledhja.com\/sq\/"},{"@type":"ListItem","position":2,"name":"Sanduloviq: ShBA do t\u00eb l\u00ebshoj\u00eb urdh\u00ebrarrest p\u00ebr Aleksandar Vu\u00e7iq"}]},{"@type":"WebSite","@id":"https:\/\/permbledhja.com\/#website","url":"https:\/\/permbledhja.com\/","name":"Ve\u00e7 artikuj p\u00ebrmbledh\u00ebs","description":"","publisher":{"@id":"https:\/\/permbledhja.com\/#organization"},"potentialAction":[{"@type":"SearchAction","target":{"@type":"EntryPoint","urlTemplate":"https:\/\/permbledhja.com\/?s={search_term_string}"},"query-input":"required name=search_term_string"}],"inLanguage":"sq"},{"@type":"Organization","@id":"https:\/\/permbledhja.com\/#organization","name":"MK Media & Pr","url":"https:\/\/permbledhja.com\/","logo":{"@type":"ImageObject","inLanguage":"sq","@id":"https:\/\/permbledhja.com\/#\/schema\/logo\/image\/","url":"https:\/\/permbledhja.com\/wp-content\/uploads\/2021\/12\/07-Press-Logo.jpg","contentUrl":"https:\/\/permbledhja.com\/wp-content\/uploads\/2021\/12\/07-Press-Logo.jpg","width":512,"height":512,"caption":"MK Media & Pr"},"image":{"@id":"https:\/\/permbledhja.com\/#\/schema\/logo\/image\/"},"sameAs":["https:\/\/www.facebook.com\/press07\/"]},{"@type":"Person","@id":"https:\/\/permbledhja.com\/#\/schema\/person\/0d064377258d3221e50693947b9eb4fe","name":"P\u00ebrmbledhja","image":{"@type":"ImageObject","inLanguage":"sq","@id":"https:\/\/permbledhja.com\/#\/schema\/person\/image\/","url":"https:\/\/permbledhja.com\/wp-content\/uploads\/2026\/01\/452004717_1040944174702970_8932037511805513407_n-96x96.jpg","contentUrl":"https:\/\/permbledhja.com\/wp-content\/uploads\/2026\/01\/452004717_1040944174702970_8932037511805513407_n-96x96.jpg","caption":"P\u00ebrmbledhja"},"sameAs":["https:\/\/www.facebook.com\/kafexhiu.muharrem\/","https:\/\/www.instagram.com\/muharrem_kafexhiu\/"],"url":"https:\/\/permbledhja.com\/sq\/author\/admin\/"}]}},"_links":{"self":[{"href":"https:\/\/permbledhja.com\/sq\/wp-json\/wp\/v2\/posts\/58346"}],"collection":[{"href":"https:\/\/permbledhja.com\/sq\/wp-json\/wp\/v2\/posts"}],"about":[{"href":"https:\/\/permbledhja.com\/sq\/wp-json\/wp\/v2\/types\/post"}],"author":[{"embeddable":true,"href":"https:\/\/permbledhja.com\/sq\/wp-json\/wp\/v2\/users\/1"}],"replies":[{"embeddable":true,"href":"https:\/\/permbledhja.com\/sq\/wp-json\/wp\/v2\/comments?post=58346"}],"version-history":[{"count":1,"href":"https:\/\/permbledhja.com\/sq\/wp-json\/wp\/v2\/posts\/58346\/revisions"}],"predecessor-version":[{"id":58347,"href":"https:\/\/permbledhja.com\/sq\/wp-json\/wp\/v2\/posts\/58346\/revisions\/58347"}],"wp:featuredmedia":[{"embeddable":true,"href":"https:\/\/permbledhja.com\/sq\/wp-json\/wp\/v2\/media\/43050"}],"wp:attachment":[{"href":"https:\/\/permbledhja.com\/sq\/wp-json\/wp\/v2\/media?parent=58346"}],"wp:term":[{"taxonomy":"category","embeddable":true,"href":"https:\/\/permbledhja.com\/sq\/wp-json\/wp\/v2\/categories?post=58346"},{"taxonomy":"post_tag","embeddable":true,"href":"https:\/\/permbledhja.com\/sq\/wp-json\/wp\/v2\/tags?post=58346"}],"curies":[{"name":"wp","href":"https:\/\/api.w.org\/{rel}","templated":true}]}}