{"id":58109,"date":"2024-04-23T19:39:51","date_gmt":"2024-04-23T19:39:51","guid":{"rendered":"https:\/\/permbledhja.com\/?p=58109"},"modified":"2024-04-23T19:39:51","modified_gmt":"2024-04-23T19:39:51","slug":"njeri-ne-gjume-tjetri-duke-shikuar-tv-detaje-nga-dita-tragjike-e-vrasjes-se-gjyljeta-ukella","status":"publish","type":"post","link":"https:\/\/permbledhja.com\/sq\/njeri-ne-gjume-tjetri-duke-shikuar-tv-detaje-nga-dita-tragjike-e-vrasjes-se-gjyljeta-ukella\/","title":{"rendered":"Nj\u00ebri n\u00eb gjum\u00eb, tjetri duke shikuar TV \u2013 Detaje nga dita tragjike e vrasjes s\u00eb Gjyljeta Ukella"},"content":{"rendered":"<p><strong>Vrasja e 43 vje\u00e7ares nga Peja, Gjyljeta Ukella nga bashk\u00ebshorti i saj 45 vje\u00e7ar, Edmond Lajqi, m\u00ebngjesin e 16 prillit ka tronditur mbar\u00eb Kosov\u00ebn.<\/strong><\/p>\n<div class=\"ai-viewport-3\" data-insertion-position=\"prepend\" data-selector=\".ai-insert-1-52136621\" data-insertion-no-dbg=\"\" data-code=\"PGRpdiBjbGFzcz0nY29kZS1ibG9jayBjb2RlLWJsb2NrLTEnIHN0eWxlPSdtYXJnaW46IDhweCAwOyBjbGVhcjogYm90aDsnPgo8Y2VudGVyPiAKPCEtLSBQQSBBZCBUYWcgLSBrb3JyZXNwb2RlbnRpLmNvbV9yb3NfMzAweDI1MCA8LSBETyBOT1QgTU9ESUZZIC0tPgo8c2NyaXB0IHNyYz0iLy9hZHMucHJvamVjdGFnb3Jhc2VydmljZXMuY29tLz9pZD0yMzcyNiIgdHlwZT0idGV4dC9qYXZhc2NyaXB0Ij48L3NjcmlwdD4KPCEtLSBFbmQgUEEgQWQgVGFnIC0tPgo8L2NlbnRlcj48L2Rpdj4K\" data-block=\"1\">\n<div class=\"code-block code-block-1\">\n<p>Dy nga f\u00ebmij\u00ebt, e tashm\u00eb viktim\u00ebs dhe t\u00eb dyshuarit p\u00ebr vrasje, kishin qen\u00eb n\u00eb banes\u00eb n\u00eb momentin e vrasjes s\u00eb n\u00ebn\u00ebs s\u00eb tyre nga babai.<\/p>\n<div class=\"ai-viewport-3\" data-insertion-position=\"prepend\" data-selector=\".ai-insert-2-83844649\" data-insertion-no-dbg=\"\" data-code=\"PGRpdiBjbGFzcz0nY29kZS1ibG9jayBjb2RlLWJsb2NrLTInIHN0eWxlPSdtYXJnaW46IDhweCAwOyBjbGVhcjogYm90aDsnPgo8Y2VudGVyPiAKPCEtLSBQQSBBZCBUYWcgLSBrb3JyZXNwb2RlbnRpLmNvbV9yb3NfMzAweDI1MCA8LSBETyBOT1QgTU9ESUZZIC0tPgo8c2NyaXB0IHNyYz0iLy9hZHMucHJvamVjdGFnb3Jhc2VydmljZXMuY29tLz9pZD0yMzcyNiIgdHlwZT0idGV4dC9qYXZhc2NyaXB0Ij48L3NjcmlwdD4KPCEtLSBFbmQgUEEgQWQgVGFnIC0tPgo8L2NlbnRlcj48L2Rpdj4K\" data-block=\"2\">\n<div class=\"code-block code-block-2\">\n<p>Burimet t\u00eb portalit Arbresh.info brenda hetuesis\u00eb, kan\u00eb b\u00ebr\u00eb t\u00eb ditur se vajza e Gjyljet\u00ebs dhe djali i saj nuk e kan\u00eb par\u00eb drejtp\u00ebrdrejt\u00eb vrasjen, mir\u00ebpo pasi ka ndodhur ekzekutimi i s\u00eb ndjer\u00ebs.<\/p>\n<div class=\"ai-viewport-3\" data-insertion-position=\"prepend\" data-selector=\".ai-insert-3-34458366\" data-insertion-no-dbg=\"\" data-code=\"PGRpdiBjbGFzcz0nY29kZS1ibG9jayBjb2RlLWJsb2NrLTMnIHN0eWxlPSdtYXJnaW46IDhweCAwOyBjbGVhcjogYm90aDsnPgo8ZGl2IGlkPSJnal84Ij4KICAgIDxzY3JpcHQgdHlwZT0idGV4dC9qYXZhc2NyaXB0Ij4KICAgICAgICB3aW5kb3cuQU5Db25maWcgPSB3aW5kb3cuQU5Db25maWcgfHwge307CiAgICAgICAgd2luZG93LkFOQ29uZmlnLnBsYWNlbWVudHMgPSB3aW5kb3cuQU5Db25maWcucGxhY2VtZW50cyB8fCBbXTsKCiAgICAgICAgd2luZG93LkFOQ29uZmlnLnBsYWNlbWVudHMucHVzaCh7CiAgICAgICAgICAgIGFkVW5pdElkOiAnZ2pfOCcsCiAgICAgICAgICAgIHByb3BlcnR5SWQ6ICcxMDUyNjcnLAogICAgICAgICAgICBwbGFjZW1lbnRJZDogJzg0Njc4NScsCiAgICAgICAgICAgIGRhdGE6IHsKICAgICAgICAgICAgfSwKICAgICAgICAgICAgb25Mb2FkOiBmdW5jdGlvbiAoYWRVbml0SWQpIHsKICAgICAgICAgICAgICAgIGNvbnNvbGUubG9nKCcxJywgYWRVbml0SWQpOwogICAgICAgICAgICB9LAogICAgICAgICAgICBvbkZhaWw6IGZ1bmN0aW9uIChhZFVuaXRJZCkgewogICAgICAgICAgICAgICAgY29uc29sZS5sb2coJzAnLCBhZFVuaXRJZCk7CiAgICAgICAgICAgICAgICAvL2ZhbGxiYWNrIGNvZGUKICAgICAgICAgICAgfSwKICAgICAgICB9KTsKCiAgICAgICAgKGZ1bmN0aW9uICgpIHsKICAgICAgICAgICAgaWYgKCFkb2N1bWVudC5nZXRFbGVtZW50QnlJZCgnYXAtanMnKSkgewogICAgICAgICAgICAgICAgdmFyIHZlciA9IG5ldyBEYXRlKCkudG9JU09TdHJpbmcoKS5zcGxpdCgnOicpWzBdLnJlcGxhY2UoL1xEL2csJycpOwogICAgICAgICAgICAgICAgdmFyIGFwanMgPSBkb2N1bWVudC5jcmVhdGVFbGVtZW50KCJzY3JpcHQiKTsKICAgICAgICAgICAgICAgIGFwanMudHlwZSA9ICJ0ZXh0L2phdmFzY3JpcHQiOwogICAgICAgICAgICAgICAgYXBqcy5hc3luYyA9IHRydWU7CiAgICAgICAgICAgICAgICBhcGpzLnNldEF0dHJpYnV0ZSgnaWQnLCAnYXAtanMnKTsKICAgICAgICAgICAgICAgIGFwanMuc3JjID0gImh0dHBzOi8vY2VudHJhbC5namlyYWZhLmNvbS9qcy9hcC1namFub3V0LmpzP3Y9IiArIHZlcjsKICAgICAgICAgICAgICAgIGRvY3VtZW50LmhlYWQuYXBwZW5kKGFwanMpOwogICAgICAgICAgICB9CiAgICAgICAgfSkoKTsKICAgICA8L3NjcmlwdD4KPC9kaXY+PC9kaXY+Cg==\" data-block=\"3\">\n<div class=\"code-block code-block-3\">\n<p>\u201cVajza e madhe, 16 vje\u00e7are Paulina ka qen\u00eb n\u00eb gjum\u00eb, vajza tjet\u00ebr tet\u00ebvje\u00e7are, n\u00eb dyqan, nd\u00ebrsa djali pes\u00ebvje\u00e7ar tu k\u00ebqyr TV n\u00eb dhom\u00ebn tjet\u00ebr\u201d, b\u00ebjn\u00eb t\u00eb ditur k\u00ebto burime.<\/p>\n<div class=\"ai-viewport-3\" data-insertion-position=\"prepend\" data-selector=\".ai-insert-4-28038633\" data-insertion-no-dbg=\"\" data-code=\"PGRpdiBjbGFzcz0nY29kZS1ibG9jayBjb2RlLWJsb2NrLTQnIHN0eWxlPSdtYXJnaW46IDhweCAwOyBjbGVhcjogYm90aDsnPgo8Y2VudGVyPiAKPCEtLSBQQSBBZCBUYWcgLSBrb3JyZXNwb2RlbnRpLmNvbV9yb3NfMzAweDI1MCA8LSBETyBOT1QgTU9ESUZZIC0tPgo8c2NyaXB0IHNyYz0iLy9hZHMucHJvamVjdGFnb3Jhc2VydmljZXMuY29tLz9pZD0yMzcyNiIgdHlwZT0idGV4dC9qYXZhc2NyaXB0Ij48L3NjcmlwdD4KPCEtLSBFbmQgUEEgQWQgVGFnIC0tPgo8L2NlbnRlcj48L2Rpdj4K\" data-block=\"4\">\n<div class=\"code-block code-block-4\">\n<p>Nd\u00ebrkoh\u00eb, lidhur me vrasjen e Gjyljet\u00ebs, t\u00eb h\u00ebn\u00ebn \u00ebsht\u00eb intervistuar vajza e saj e madhe, Paulina.<\/p>\n<\/div>\n<\/div>\n<\/div>\n<\/div>\n<\/div>\n<\/div>\n<\/div>\n<\/div>\n","protected":false},"excerpt":{"rendered":"<p>Vrasja e 43 vje\u00e7ares nga Peja, Gjyljeta Ukella nga bashk\u00ebshorti i saj 45 vje\u00e7ar, Edmond Lajqi, m\u00ebngjesin e 16 prillit ka tronditur mbar\u00eb Kosov\u00ebn. Dy nga f\u00ebmij\u00ebt, e tashm\u00eb viktim\u00ebs dhe t\u00eb dyshuarit p\u00ebr vrasje, kishin qen\u00eb n\u00eb banes\u00eb n\u00eb momentin e vrasjes s\u00eb n\u00ebn\u00ebs s\u00eb tyre nga babai. Burimet t\u00eb portalit Arbresh.info brenda hetuesis\u00eb, [&hellip;]<\/p>\n","protected":false},"author":1,"featured_media":52142,"comment_status":"closed","ping_status":"closed","sticky":false,"template":"","format":"standard","meta":{"_monsterinsights_skip_tracking":false,"_monsterinsights_sitenote_active":false,"_monsterinsights_sitenote_note":"","_monsterinsights_sitenote_category":0,"_uf_show_specific_survey":0,"_uf_disable_surveys":false,"footnotes":""},"categories":[2645],"tags":[3144],"yoast_head":"<!-- This site is optimized with the Yoast SEO plugin v21.5 - https:\/\/yoast.com\/wordpress\/plugins\/seo\/ -->\n<title>Nj\u00ebri n\u00eb gjum\u00eb, tjetri duke shikuar TV \u2013 Detaje nga dita tragjike e vrasjes s\u00eb Gjyljeta Ukella<\/title>\n<meta name=\"robots\" content=\"index, follow, max-snippet:-1, max-image-preview:large, max-video-preview:-1\" \/>\n<link rel=\"canonical\" href=\"https:\/\/permbledhja.com\/sq\/njeri-ne-gjume-tjetri-duke-shikuar-tv-detaje-nga-dita-tragjike-e-vrasjes-se-gjyljeta-ukella\/\" \/>\n<meta property=\"og:locale\" content=\"sq_AL\" \/>\n<meta property=\"og:type\" content=\"article\" \/>\n<meta property=\"og:title\" content=\"Nj\u00ebri n\u00eb gjum\u00eb, tjetri duke shikuar TV \u2013 Detaje nga dita tragjike e vrasjes s\u00eb Gjyljeta Ukella\" \/>\n<meta property=\"og:description\" content=\"Vrasja e 43 vje\u00e7ares nga Peja, Gjyljeta Ukella nga bashk\u00ebshorti i saj 45 vje\u00e7ar, Edmond Lajqi, m\u00ebngjesin e 16 prillit ka tronditur mbar\u00eb Kosov\u00ebn. Dy nga f\u00ebmij\u00ebt, e tashm\u00eb viktim\u00ebs dhe t\u00eb dyshuarit p\u00ebr vrasje, kishin qen\u00eb n\u00eb banes\u00eb n\u00eb momentin e vrasjes s\u00eb n\u00ebn\u00ebs s\u00eb tyre nga babai. Burimet t\u00eb portalit Arbresh.info brenda hetuesis\u00eb, [&hellip;]\" \/>\n<meta property=\"og:url\" content=\"https:\/\/permbledhja.com\/sq\/njeri-ne-gjume-tjetri-duke-shikuar-tv-detaje-nga-dita-tragjike-e-vrasjes-se-gjyljeta-ukella\/\" \/>\n<meta property=\"og:site_name\" content=\"Ve\u00e7 artikuj p\u00ebrmbledh\u00ebs\" \/>\n<meta property=\"article:publisher\" content=\"https:\/\/www.facebook.com\/press07\/\" \/>\n<meta property=\"article:author\" content=\"https:\/\/www.facebook.com\/kafexhiu.muharrem\/\" \/>\n<meta property=\"article:published_time\" content=\"2024-04-23T19:39:51+00:00\" \/>\n<meta property=\"og:image\" content=\"https:\/\/permbledhja.com\/wp-content\/uploads\/2024\/03\/109781-policia-jep-detaje-per-perleshjen-ne-peje.png\" \/>\n\t<meta property=\"og:image:width\" content=\"820\" \/>\n\t<meta property=\"og:image:height\" content=\"471\" \/>\n\t<meta property=\"og:image:type\" content=\"image\/png\" \/>\n<meta name=\"author\" content=\"P\u00ebrmbledhja\" \/>\n<meta name=\"twitter:card\" content=\"summary_large_image\" \/>\n<meta name=\"twitter:label1\" content=\"Written by\" \/>\n\t<meta name=\"twitter:data1\" content=\"P\u00ebrmbledhja\" \/>\n\t<meta name=\"twitter:label2\" content=\"Est. reading time\" \/>\n\t<meta name=\"twitter:data2\" content=\"1 minut\u00eb\" \/>\n<script type=\"application\/ld+json\" class=\"yoast-schema-graph\">{\"@context\":\"https:\/\/schema.org\",\"@graph\":[{\"@type\":\"Article\",\"@id\":\"https:\/\/permbledhja.com\/njeri-ne-gjume-tjetri-duke-shikuar-tv-detaje-nga-dita-tragjike-e-vrasjes-se-gjyljeta-ukella\/#article\",\"isPartOf\":{\"@id\":\"https:\/\/permbledhja.com\/njeri-ne-gjume-tjetri-duke-shikuar-tv-detaje-nga-dita-tragjike-e-vrasjes-se-gjyljeta-ukella\/\"},\"author\":{\"name\":\"P\u00ebrmbledhja\",\"@id\":\"https:\/\/permbledhja.com\/#\/schema\/person\/0d064377258d3221e50693947b9eb4fe\"},\"headline\":\"Nj\u00ebri n\u00eb gjum\u00eb, tjetri duke shikuar TV \u2013 Detaje nga dita tragjike e vrasjes s\u00eb Gjyljeta Ukella\",\"datePublished\":\"2024-04-23T19:39:51+00:00\",\"dateModified\":\"2024-04-23T19:39:51+00:00\",\"mainEntityOfPage\":{\"@id\":\"https:\/\/permbledhja.com\/njeri-ne-gjume-tjetri-duke-shikuar-tv-detaje-nga-dita-tragjike-e-vrasjes-se-gjyljeta-ukella\/\"},\"wordCount\":172,\"publisher\":{\"@id\":\"https:\/\/permbledhja.com\/#organization\"},\"keywords\":[\"Hetuesia\"],\"articleSection\":[\"T\u00eb r\u00ebnd\u00ebsishme\"],\"inLanguage\":\"sq\"},{\"@type\":\"WebPage\",\"@id\":\"https:\/\/permbledhja.com\/njeri-ne-gjume-tjetri-duke-shikuar-tv-detaje-nga-dita-tragjike-e-vrasjes-se-gjyljeta-ukella\/\",\"url\":\"https:\/\/permbledhja.com\/njeri-ne-gjume-tjetri-duke-shikuar-tv-detaje-nga-dita-tragjike-e-vrasjes-se-gjyljeta-ukella\/\",\"name\":\"Nj\u00ebri n\u00eb gjum\u00eb, tjetri duke shikuar TV \u2013 Detaje nga dita tragjike e vrasjes s\u00eb Gjyljeta Ukella\",\"isPartOf\":{\"@id\":\"https:\/\/permbledhja.com\/#website\"},\"datePublished\":\"2024-04-23T19:39:51+00:00\",\"dateModified\":\"2024-04-23T19:39:51+00:00\",\"breadcrumb\":{\"@id\":\"https:\/\/permbledhja.com\/njeri-ne-gjume-tjetri-duke-shikuar-tv-detaje-nga-dita-tragjike-e-vrasjes-se-gjyljeta-ukella\/#breadcrumb\"},\"inLanguage\":\"sq\",\"potentialAction\":[{\"@type\":\"ReadAction\",\"target\":[\"https:\/\/permbledhja.com\/njeri-ne-gjume-tjetri-duke-shikuar-tv-detaje-nga-dita-tragjike-e-vrasjes-se-gjyljeta-ukella\/\"]}]},{\"@type\":\"BreadcrumbList\",\"@id\":\"https:\/\/permbledhja.com\/njeri-ne-gjume-tjetri-duke-shikuar-tv-detaje-nga-dita-tragjike-e-vrasjes-se-gjyljeta-ukella\/#breadcrumb\",\"itemListElement\":[{\"@type\":\"ListItem\",\"position\":1,\"name\":\"Ballina\",\"item\":\"https:\/\/permbledhja.com\/sq\/\"},{\"@type\":\"ListItem\",\"position\":2,\"name\":\"Nj\u00ebri n\u00eb gjum\u00eb, tjetri duke shikuar TV \u2013 Detaje nga dita tragjike e vrasjes s\u00eb Gjyljeta Ukella\"}]},{\"@type\":\"WebSite\",\"@id\":\"https:\/\/permbledhja.com\/#website\",\"url\":\"https:\/\/permbledhja.com\/\",\"name\":\"Ve\u00e7 artikuj p\u00ebrmbledh\u00ebs\",\"description\":\"\",\"publisher\":{\"@id\":\"https:\/\/permbledhja.com\/#organization\"},\"potentialAction\":[{\"@type\":\"SearchAction\",\"target\":{\"@type\":\"EntryPoint\",\"urlTemplate\":\"https:\/\/permbledhja.com\/?s={search_term_string}\"},\"query-input\":\"required name=search_term_string\"}],\"inLanguage\":\"sq\"},{\"@type\":\"Organization\",\"@id\":\"https:\/\/permbledhja.com\/#organization\",\"name\":\"MK Media & Pr\",\"url\":\"https:\/\/permbledhja.com\/\",\"logo\":{\"@type\":\"ImageObject\",\"inLanguage\":\"sq\",\"@id\":\"https:\/\/permbledhja.com\/#\/schema\/logo\/image\/\",\"url\":\"https:\/\/permbledhja.com\/wp-content\/uploads\/2021\/12\/07-Press-Logo.jpg\",\"contentUrl\":\"https:\/\/permbledhja.com\/wp-content\/uploads\/2021\/12\/07-Press-Logo.jpg\",\"width\":512,\"height\":512,\"caption\":\"MK Media & Pr\"},\"image\":{\"@id\":\"https:\/\/permbledhja.com\/#\/schema\/logo\/image\/\"},\"sameAs\":[\"https:\/\/www.facebook.com\/press07\/\"]},{\"@type\":\"Person\",\"@id\":\"https:\/\/permbledhja.com\/#\/schema\/person\/0d064377258d3221e50693947b9eb4fe\",\"name\":\"P\u00ebrmbledhja\",\"image\":{\"@type\":\"ImageObject\",\"inLanguage\":\"sq\",\"@id\":\"https:\/\/permbledhja.com\/#\/schema\/person\/image\/\",\"url\":\"https:\/\/permbledhja.com\/wp-content\/uploads\/2026\/01\/452004717_1040944174702970_8932037511805513407_n-96x96.jpg\",\"contentUrl\":\"https:\/\/permbledhja.com\/wp-content\/uploads\/2026\/01\/452004717_1040944174702970_8932037511805513407_n-96x96.jpg\",\"caption\":\"P\u00ebrmbledhja\"},\"sameAs\":[\"https:\/\/www.facebook.com\/kafexhiu.muharrem\/\",\"https:\/\/www.instagram.com\/muharrem_kafexhiu\/\"],\"url\":\"https:\/\/permbledhja.com\/sq\/author\/admin\/\"}]}<\/script>\n<!-- \/ Yoast SEO plugin. -->","yoast_head_json":{"title":"Nj\u00ebri n\u00eb gjum\u00eb, tjetri duke shikuar TV \u2013 Detaje nga dita tragjike e vrasjes s\u00eb Gjyljeta Ukella","robots":{"index":"index","follow":"follow","max-snippet":"max-snippet:-1","max-image-preview":"max-image-preview:large","max-video-preview":"max-video-preview:-1"},"canonical":"https:\/\/permbledhja.com\/sq\/njeri-ne-gjume-tjetri-duke-shikuar-tv-detaje-nga-dita-tragjike-e-vrasjes-se-gjyljeta-ukella\/","og_locale":"sq_AL","og_type":"article","og_title":"Nj\u00ebri n\u00eb gjum\u00eb, tjetri duke shikuar TV \u2013 Detaje nga dita tragjike e vrasjes s\u00eb Gjyljeta Ukella","og_description":"Vrasja e 43 vje\u00e7ares nga Peja, Gjyljeta Ukella nga bashk\u00ebshorti i saj 45 vje\u00e7ar, Edmond Lajqi, m\u00ebngjesin e 16 prillit ka tronditur mbar\u00eb Kosov\u00ebn. Dy nga f\u00ebmij\u00ebt, e tashm\u00eb viktim\u00ebs dhe t\u00eb dyshuarit p\u00ebr vrasje, kishin qen\u00eb n\u00eb banes\u00eb n\u00eb momentin e vrasjes s\u00eb n\u00ebn\u00ebs s\u00eb tyre nga babai. Burimet t\u00eb portalit Arbresh.info brenda hetuesis\u00eb, [&hellip;]","og_url":"https:\/\/permbledhja.com\/sq\/njeri-ne-gjume-tjetri-duke-shikuar-tv-detaje-nga-dita-tragjike-e-vrasjes-se-gjyljeta-ukella\/","og_site_name":"Ve\u00e7 artikuj p\u00ebrmbledh\u00ebs","article_publisher":"https:\/\/www.facebook.com\/press07\/","article_author":"https:\/\/www.facebook.com\/kafexhiu.muharrem\/","article_published_time":"2024-04-23T19:39:51+00:00","og_image":[{"width":820,"height":471,"url":"https:\/\/permbledhja.com\/wp-content\/uploads\/2024\/03\/109781-policia-jep-detaje-per-perleshjen-ne-peje.png","type":"image\/png"}],"author":"P\u00ebrmbledhja","twitter_card":"summary_large_image","twitter_misc":{"Written by":"P\u00ebrmbledhja","Est. reading time":"1 minut\u00eb"},"schema":{"@context":"https:\/\/schema.org","@graph":[{"@type":"Article","@id":"https:\/\/permbledhja.com\/njeri-ne-gjume-tjetri-duke-shikuar-tv-detaje-nga-dita-tragjike-e-vrasjes-se-gjyljeta-ukella\/#article","isPartOf":{"@id":"https:\/\/permbledhja.com\/njeri-ne-gjume-tjetri-duke-shikuar-tv-detaje-nga-dita-tragjike-e-vrasjes-se-gjyljeta-ukella\/"},"author":{"name":"P\u00ebrmbledhja","@id":"https:\/\/permbledhja.com\/#\/schema\/person\/0d064377258d3221e50693947b9eb4fe"},"headline":"Nj\u00ebri n\u00eb gjum\u00eb, tjetri duke shikuar TV \u2013 Detaje nga dita tragjike e vrasjes s\u00eb Gjyljeta Ukella","datePublished":"2024-04-23T19:39:51+00:00","dateModified":"2024-04-23T19:39:51+00:00","mainEntityOfPage":{"@id":"https:\/\/permbledhja.com\/njeri-ne-gjume-tjetri-duke-shikuar-tv-detaje-nga-dita-tragjike-e-vrasjes-se-gjyljeta-ukella\/"},"wordCount":172,"publisher":{"@id":"https:\/\/permbledhja.com\/#organization"},"keywords":["Hetuesia"],"articleSection":["T\u00eb r\u00ebnd\u00ebsishme"],"inLanguage":"sq"},{"@type":"WebPage","@id":"https:\/\/permbledhja.com\/njeri-ne-gjume-tjetri-duke-shikuar-tv-detaje-nga-dita-tragjike-e-vrasjes-se-gjyljeta-ukella\/","url":"https:\/\/permbledhja.com\/njeri-ne-gjume-tjetri-duke-shikuar-tv-detaje-nga-dita-tragjike-e-vrasjes-se-gjyljeta-ukella\/","name":"Nj\u00ebri n\u00eb gjum\u00eb, tjetri duke shikuar TV \u2013 Detaje nga dita tragjike e vrasjes s\u00eb Gjyljeta Ukella","isPartOf":{"@id":"https:\/\/permbledhja.com\/#website"},"datePublished":"2024-04-23T19:39:51+00:00","dateModified":"2024-04-23T19:39:51+00:00","breadcrumb":{"@id":"https:\/\/permbledhja.com\/njeri-ne-gjume-tjetri-duke-shikuar-tv-detaje-nga-dita-tragjike-e-vrasjes-se-gjyljeta-ukella\/#breadcrumb"},"inLanguage":"sq","potentialAction":[{"@type":"ReadAction","target":["https:\/\/permbledhja.com\/njeri-ne-gjume-tjetri-duke-shikuar-tv-detaje-nga-dita-tragjike-e-vrasjes-se-gjyljeta-ukella\/"]}]},{"@type":"BreadcrumbList","@id":"https:\/\/permbledhja.com\/njeri-ne-gjume-tjetri-duke-shikuar-tv-detaje-nga-dita-tragjike-e-vrasjes-se-gjyljeta-ukella\/#breadcrumb","itemListElement":[{"@type":"ListItem","position":1,"name":"Ballina","item":"https:\/\/permbledhja.com\/sq\/"},{"@type":"ListItem","position":2,"name":"Nj\u00ebri n\u00eb gjum\u00eb, tjetri duke shikuar TV \u2013 Detaje nga dita tragjike e vrasjes s\u00eb Gjyljeta Ukella"}]},{"@type":"WebSite","@id":"https:\/\/permbledhja.com\/#website","url":"https:\/\/permbledhja.com\/","name":"Ve\u00e7 artikuj p\u00ebrmbledh\u00ebs","description":"","publisher":{"@id":"https:\/\/permbledhja.com\/#organization"},"potentialAction":[{"@type":"SearchAction","target":{"@type":"EntryPoint","urlTemplate":"https:\/\/permbledhja.com\/?s={search_term_string}"},"query-input":"required name=search_term_string"}],"inLanguage":"sq"},{"@type":"Organization","@id":"https:\/\/permbledhja.com\/#organization","name":"MK Media & Pr","url":"https:\/\/permbledhja.com\/","logo":{"@type":"ImageObject","inLanguage":"sq","@id":"https:\/\/permbledhja.com\/#\/schema\/logo\/image\/","url":"https:\/\/permbledhja.com\/wp-content\/uploads\/2021\/12\/07-Press-Logo.jpg","contentUrl":"https:\/\/permbledhja.com\/wp-content\/uploads\/2021\/12\/07-Press-Logo.jpg","width":512,"height":512,"caption":"MK Media & Pr"},"image":{"@id":"https:\/\/permbledhja.com\/#\/schema\/logo\/image\/"},"sameAs":["https:\/\/www.facebook.com\/press07\/"]},{"@type":"Person","@id":"https:\/\/permbledhja.com\/#\/schema\/person\/0d064377258d3221e50693947b9eb4fe","name":"P\u00ebrmbledhja","image":{"@type":"ImageObject","inLanguage":"sq","@id":"https:\/\/permbledhja.com\/#\/schema\/person\/image\/","url":"https:\/\/permbledhja.com\/wp-content\/uploads\/2026\/01\/452004717_1040944174702970_8932037511805513407_n-96x96.jpg","contentUrl":"https:\/\/permbledhja.com\/wp-content\/uploads\/2026\/01\/452004717_1040944174702970_8932037511805513407_n-96x96.jpg","caption":"P\u00ebrmbledhja"},"sameAs":["https:\/\/www.facebook.com\/kafexhiu.muharrem\/","https:\/\/www.instagram.com\/muharrem_kafexhiu\/"],"url":"https:\/\/permbledhja.com\/sq\/author\/admin\/"}]}},"_links":{"self":[{"href":"https:\/\/permbledhja.com\/sq\/wp-json\/wp\/v2\/posts\/58109"}],"collection":[{"href":"https:\/\/permbledhja.com\/sq\/wp-json\/wp\/v2\/posts"}],"about":[{"href":"https:\/\/permbledhja.com\/sq\/wp-json\/wp\/v2\/types\/post"}],"author":[{"embeddable":true,"href":"https:\/\/permbledhja.com\/sq\/wp-json\/wp\/v2\/users\/1"}],"replies":[{"embeddable":true,"href":"https:\/\/permbledhja.com\/sq\/wp-json\/wp\/v2\/comments?post=58109"}],"version-history":[{"count":1,"href":"https:\/\/permbledhja.com\/sq\/wp-json\/wp\/v2\/posts\/58109\/revisions"}],"predecessor-version":[{"id":58110,"href":"https:\/\/permbledhja.com\/sq\/wp-json\/wp\/v2\/posts\/58109\/revisions\/58110"}],"wp:featuredmedia":[{"embeddable":true,"href":"https:\/\/permbledhja.com\/sq\/wp-json\/wp\/v2\/media\/52142"}],"wp:attachment":[{"href":"https:\/\/permbledhja.com\/sq\/wp-json\/wp\/v2\/media?parent=58109"}],"wp:term":[{"taxonomy":"category","embeddable":true,"href":"https:\/\/permbledhja.com\/sq\/wp-json\/wp\/v2\/categories?post=58109"},{"taxonomy":"post_tag","embeddable":true,"href":"https:\/\/permbledhja.com\/sq\/wp-json\/wp\/v2\/tags?post=58109"}],"curies":[{"name":"wp","href":"https:\/\/api.w.org\/{rel}","templated":true}]}}