{"id":57971,"date":"2024-04-23T08:55:05","date_gmt":"2024-04-23T08:55:05","guid":{"rendered":"https:\/\/permbledhja.com\/?p=57971"},"modified":"2024-04-23T09:01:32","modified_gmt":"2024-04-23T09:01:32","slug":"denohen-me-72-vjet-burgim-shtate-te-akuzuarit-per-dhunimin-e-11-vjecares","status":"publish","type":"post","link":"https:\/\/permbledhja.com\/sq\/denohen-me-72-vjet-burgim-shtate-te-akuzuarit-per-dhunimin-e-11-vjecares\/","title":{"rendered":"D\u00ebnohen me 62 vjet burgim shtat\u00eb t\u00eb akuzuarit p\u00ebr dhunimin e 11-vje\u00e7ares"},"content":{"rendered":"<h3><strong>Gjykata Themelore n\u00eb Prishtin\u00eb i ka d\u00ebnuar me 62 vjet burgim shtat\u00eb t\u00eb akuzuarit n\u00eb rastin e dhunimit t\u00eb 11-vje\u00e7ares.<\/strong><\/h3>\n<p>Lajmin e ka konfirmuar avokatja e viktim\u00ebs, Kimete Krasniqi.<\/p>\n<p>Sipas saj, nj\u00eb prej t\u00eb akuzuarve \u00ebsht\u00eb d\u00ebnuar me 12 vjet burgim, 6 jan\u00eb d\u00ebnuar me nga 10 vjet burgim dhe nj\u00eb \u00ebsht\u00eb liruar n\u00eb munges\u00eb t\u00eb provave.<\/p>\n<p>\u201cVet\u00ebm nj\u00ebri \u00ebsht\u00eb liruar n\u00eb munges\u00eb t\u00eb provave, nd\u00ebrsa t\u00eb tjer\u00ebt jan\u00eb d\u00ebnuar me aktgjykim meritues, nj\u00ebri prej tyre shpallur fajtor dhe \u00ebsht\u00eb d\u00ebnuar me 12 vjet burgim, nd\u00ebrsa t\u00eb tjer\u00ebt jan\u00eb d\u00ebnuar me nga 10 vjet burgim\u201d, ka th\u00ebn\u00eb avokatja e Krasniqi p\u00ebr\u00a0Koha.net<\/p>\n<p>Krasniqi ka treguar se viktima gjendet n\u00eb strehimore, derisa ka folur edhe p\u00ebr gjendjen e saj.<\/p>\n<p>\u201cGjendja e saj \u00ebsht\u00eb jo e k\u00ebnaqshme por ajo \u00ebsht\u00eb duke u trajtuar nga institucionet p\u00ebrkat\u00ebs\u201d, \u00ebsht\u00eb shprehur Krasniqi.<\/p>\n<p>Lidhur me d\u00ebnimet ka folur edhe avokati i nj\u00eb prej t\u00eb d\u00ebnuarve. Avokati Haxhi Millaku ka th\u00ebn\u00eb se klienti i tij \u00ebsht\u00eb d\u00ebnuar me 10 vjet burgim.<\/p>\n<p>\u201cKlienti im \u00ebsht\u00eb d\u00ebnuar me 10 vjet, p\u00ebr nj\u00eb kontakt q\u00eb e ka pasur 5 minuta, \u00ebsht\u00eb e tmerrshme, ka qen\u00eb kontakt q\u00eb e ka kontaktuar, edhe ai as ajo nuk e ka njohur as nuk e ka identifikuar, vet\u00ebm bised\u00eb dhe asnj\u00ebher\u00eb nuk e ka identifikuar klientin tim, edhe brenda seanc\u00eb kemi k\u00ebrkuar identifikimin edhe brenda seanc\u00ebs, nuk e njeh\u201d, \u00ebsht\u00eb shprehur Millaku.<\/p>\n<p>Millaku ka akuzuar institucionet e drejt\u00ebsis\u00eb p\u00ebr fabrikim t\u00eb k\u00ebtij rasti.<\/p>\n<p>\u201cKemi t\u00eb b\u00ebjm\u00eb me nj\u00eb fabrikim komplet, nga fillimi deri n\u00eb fund, t\u00eb nj\u00eb situate inekzistente apo th\u00ebn\u00eb me tep\u00ebr \u00ebsht\u00eb simulim i vet\u00eb organeve t\u00eb drejt\u00ebsis\u00eb. Me t\u00eb vetmin q\u00ebllim q\u00eb ta arsyetoj\u00eb mediumet se ndodhi kjo dhe nj\u00eb grup i personave kan\u00eb pasur kontakt me nj\u00eb f\u00ebmij\u00eb 11-vje\u00e7ar \u2026 \u00ebsht\u00eb skandaloze\u201d, ka deklaruar Millaku.<\/p>\n<p>Ai ka pretenduar se viktima \u00ebsht\u00eb mbi 16 vje\u00e7e.<\/p>\n<p>\u201cShkenca e mjek\u00ebsis\u00eb, n\u00eb kuptimin shkencor, radiologjik, dora e majt\u00eb, kocka e v\u00ebrteton q\u00eb \u00ebsht\u00eb mbi 16 vje\u00e7. , prandaj \u00ebsht\u00eb e tmerrshme \u2026 Jan\u00eb normat imperativ\u00eb q\u00eb nuk guxon t\u2019i anashkaloj\u00eb drejt\u00ebsia, \u00ebsht\u00eb skandal\u201d, ka theksuar Millaku p\u00ebr Koha.net.<\/p>\n","protected":false},"excerpt":{"rendered":"<p>Gjykata Themelore n\u00eb Prishtin\u00eb i ka d\u00ebnuar me 62 vjet burgim shtat\u00eb t\u00eb akuzuarit n\u00eb rastin e dhunimit t\u00eb 11-vje\u00e7ares. Lajmin e ka konfirmuar avokatja e viktim\u00ebs, Kimete Krasniqi. Sipas saj, nj\u00eb prej t\u00eb akuzuarve \u00ebsht\u00eb d\u00ebnuar me 12 vjet burgim, 6 jan\u00eb d\u00ebnuar me nga 10 vjet burgim dhe nj\u00eb \u00ebsht\u00eb liruar n\u00eb munges\u00eb [&hellip;]<\/p>\n","protected":false},"author":5,"featured_media":44183,"comment_status":"closed","ping_status":"closed","sticky":false,"template":"","format":"standard","meta":{"_monsterinsights_skip_tracking":false,"_monsterinsights_sitenote_active":false,"_monsterinsights_sitenote_note":"","_monsterinsights_sitenote_category":0,"_uf_show_specific_survey":0,"_uf_disable_surveys":false,"footnotes":""},"categories":[1146],"tags":[],"yoast_head":"<!-- This site is optimized with the Yoast SEO plugin v21.5 - https:\/\/yoast.com\/wordpress\/plugins\/seo\/ -->\n<title>D\u00ebnohen me 62 vjet burgim shtat\u00eb t\u00eb akuzuarit p\u00ebr dhunimin e 11-vje\u00e7ares<\/title>\n<meta name=\"robots\" content=\"index, follow, max-snippet:-1, max-image-preview:large, max-video-preview:-1\" \/>\n<link rel=\"canonical\" href=\"https:\/\/permbledhja.com\/sq\/denohen-me-72-vjet-burgim-shtate-te-akuzuarit-per-dhunimin-e-11-vjecares\/\" \/>\n<meta property=\"og:locale\" content=\"sq_AL\" \/>\n<meta property=\"og:type\" content=\"article\" \/>\n<meta property=\"og:title\" content=\"D\u00ebnohen me 62 vjet burgim shtat\u00eb t\u00eb akuzuarit p\u00ebr dhunimin e 11-vje\u00e7ares\" \/>\n<meta property=\"og:description\" content=\"Gjykata Themelore n\u00eb Prishtin\u00eb i ka d\u00ebnuar me 62 vjet burgim shtat\u00eb t\u00eb akuzuarit n\u00eb rastin e dhunimit t\u00eb 11-vje\u00e7ares. Lajmin e ka konfirmuar avokatja e viktim\u00ebs, Kimete Krasniqi. Sipas saj, nj\u00eb prej t\u00eb akuzuarve \u00ebsht\u00eb d\u00ebnuar me 12 vjet burgim, 6 jan\u00eb d\u00ebnuar me nga 10 vjet burgim dhe nj\u00eb \u00ebsht\u00eb liruar n\u00eb munges\u00eb [&hellip;]\" \/>\n<meta property=\"og:url\" content=\"https:\/\/permbledhja.com\/sq\/denohen-me-72-vjet-burgim-shtate-te-akuzuarit-per-dhunimin-e-11-vjecares\/\" \/>\n<meta property=\"og:site_name\" content=\"Ve\u00e7 artikuj p\u00ebrmbledh\u00ebs\" \/>\n<meta property=\"article:publisher\" content=\"https:\/\/www.facebook.com\/press07\/\" \/>\n<meta property=\"article:published_time\" content=\"2024-04-23T08:55:05+00:00\" \/>\n<meta property=\"article:modified_time\" content=\"2024-04-23T09:01:32+00:00\" \/>\n<meta property=\"og:image\" content=\"https:\/\/permbledhja.com\/wp-content\/uploads\/2024\/01\/gjykata.jpg\" \/>\n\t<meta property=\"og:image:width\" content=\"780\" \/>\n\t<meta property=\"og:image:height\" content=\"439\" \/>\n\t<meta property=\"og:image:type\" content=\"image\/jpeg\" \/>\n<meta name=\"author\" content=\"DL\" \/>\n<meta name=\"twitter:card\" content=\"summary_large_image\" \/>\n<meta name=\"twitter:label1\" content=\"Written by\" \/>\n\t<meta name=\"twitter:data1\" content=\"DL\" \/>\n\t<meta name=\"twitter:label2\" content=\"Est. reading time\" \/>\n\t<meta name=\"twitter:data2\" content=\"2 minuta\" \/>\n<script type=\"application\/ld+json\" class=\"yoast-schema-graph\">{\"@context\":\"https:\/\/schema.org\",\"@graph\":[{\"@type\":\"Article\",\"@id\":\"https:\/\/permbledhja.com\/denohen-me-72-vjet-burgim-shtate-te-akuzuarit-per-dhunimin-e-11-vjecares\/#article\",\"isPartOf\":{\"@id\":\"https:\/\/permbledhja.com\/denohen-me-72-vjet-burgim-shtate-te-akuzuarit-per-dhunimin-e-11-vjecares\/\"},\"author\":{\"name\":\"DL\",\"@id\":\"https:\/\/permbledhja.com\/#\/schema\/person\/9c54260cbc4c6f792cb100550491638c\"},\"headline\":\"D\u00ebnohen me 62 vjet burgim shtat\u00eb t\u00eb akuzuarit p\u00ebr dhunimin e 11-vje\u00e7ares\",\"datePublished\":\"2024-04-23T08:55:05+00:00\",\"dateModified\":\"2024-04-23T09:01:32+00:00\",\"mainEntityOfPage\":{\"@id\":\"https:\/\/permbledhja.com\/denohen-me-72-vjet-burgim-shtate-te-akuzuarit-per-dhunimin-e-11-vjecares\/\"},\"wordCount\":393,\"publisher\":{\"@id\":\"https:\/\/permbledhja.com\/#organization\"},\"articleSection\":[\"Kryesoret\"],\"inLanguage\":\"sq\"},{\"@type\":\"WebPage\",\"@id\":\"https:\/\/permbledhja.com\/denohen-me-72-vjet-burgim-shtate-te-akuzuarit-per-dhunimin-e-11-vjecares\/\",\"url\":\"https:\/\/permbledhja.com\/denohen-me-72-vjet-burgim-shtate-te-akuzuarit-per-dhunimin-e-11-vjecares\/\",\"name\":\"D\u00ebnohen me 62 vjet burgim shtat\u00eb t\u00eb akuzuarit p\u00ebr dhunimin e 11-vje\u00e7ares\",\"isPartOf\":{\"@id\":\"https:\/\/permbledhja.com\/#website\"},\"datePublished\":\"2024-04-23T08:55:05+00:00\",\"dateModified\":\"2024-04-23T09:01:32+00:00\",\"breadcrumb\":{\"@id\":\"https:\/\/permbledhja.com\/denohen-me-72-vjet-burgim-shtate-te-akuzuarit-per-dhunimin-e-11-vjecares\/#breadcrumb\"},\"inLanguage\":\"sq\",\"potentialAction\":[{\"@type\":\"ReadAction\",\"target\":[\"https:\/\/permbledhja.com\/denohen-me-72-vjet-burgim-shtate-te-akuzuarit-per-dhunimin-e-11-vjecares\/\"]}]},{\"@type\":\"BreadcrumbList\",\"@id\":\"https:\/\/permbledhja.com\/denohen-me-72-vjet-burgim-shtate-te-akuzuarit-per-dhunimin-e-11-vjecares\/#breadcrumb\",\"itemListElement\":[{\"@type\":\"ListItem\",\"position\":1,\"name\":\"Ballina\",\"item\":\"https:\/\/permbledhja.com\/sq\/\"},{\"@type\":\"ListItem\",\"position\":2,\"name\":\"D\u00ebnohen me 62 vjet burgim shtat\u00eb t\u00eb akuzuarit p\u00ebr dhunimin e 11-vje\u00e7ares\"}]},{\"@type\":\"WebSite\",\"@id\":\"https:\/\/permbledhja.com\/#website\",\"url\":\"https:\/\/permbledhja.com\/\",\"name\":\"Ve\u00e7 artikuj p\u00ebrmbledh\u00ebs\",\"description\":\"\",\"publisher\":{\"@id\":\"https:\/\/permbledhja.com\/#organization\"},\"potentialAction\":[{\"@type\":\"SearchAction\",\"target\":{\"@type\":\"EntryPoint\",\"urlTemplate\":\"https:\/\/permbledhja.com\/?s={search_term_string}\"},\"query-input\":\"required name=search_term_string\"}],\"inLanguage\":\"sq\"},{\"@type\":\"Organization\",\"@id\":\"https:\/\/permbledhja.com\/#organization\",\"name\":\"MK Media & Pr\",\"url\":\"https:\/\/permbledhja.com\/\",\"logo\":{\"@type\":\"ImageObject\",\"inLanguage\":\"sq\",\"@id\":\"https:\/\/permbledhja.com\/#\/schema\/logo\/image\/\",\"url\":\"https:\/\/permbledhja.com\/wp-content\/uploads\/2021\/12\/07-Press-Logo.jpg\",\"contentUrl\":\"https:\/\/permbledhja.com\/wp-content\/uploads\/2021\/12\/07-Press-Logo.jpg\",\"width\":512,\"height\":512,\"caption\":\"MK Media & Pr\"},\"image\":{\"@id\":\"https:\/\/permbledhja.com\/#\/schema\/logo\/image\/\"},\"sameAs\":[\"https:\/\/www.facebook.com\/press07\/\"]},{\"@type\":\"Person\",\"@id\":\"https:\/\/permbledhja.com\/#\/schema\/person\/9c54260cbc4c6f792cb100550491638c\",\"name\":\"DL\",\"image\":{\"@type\":\"ImageObject\",\"inLanguage\":\"sq\",\"@id\":\"https:\/\/permbledhja.com\/#\/schema\/person\/image\/\",\"url\":\"https:\/\/secure.gravatar.com\/avatar\/94503eb28d4c4b2005a5c8753e35fc80?s=96&d=mm&r=g\",\"contentUrl\":\"https:\/\/secure.gravatar.com\/avatar\/94503eb28d4c4b2005a5c8753e35fc80?s=96&d=mm&r=g\",\"caption\":\"DL\"},\"url\":\"https:\/\/permbledhja.com\/sq\/author\/dl\/\"}]}<\/script>\n<!-- \/ Yoast SEO plugin. -->","yoast_head_json":{"title":"D\u00ebnohen me 62 vjet burgim shtat\u00eb t\u00eb akuzuarit p\u00ebr dhunimin e 11-vje\u00e7ares","robots":{"index":"index","follow":"follow","max-snippet":"max-snippet:-1","max-image-preview":"max-image-preview:large","max-video-preview":"max-video-preview:-1"},"canonical":"https:\/\/permbledhja.com\/sq\/denohen-me-72-vjet-burgim-shtate-te-akuzuarit-per-dhunimin-e-11-vjecares\/","og_locale":"sq_AL","og_type":"article","og_title":"D\u00ebnohen me 62 vjet burgim shtat\u00eb t\u00eb akuzuarit p\u00ebr dhunimin e 11-vje\u00e7ares","og_description":"Gjykata Themelore n\u00eb Prishtin\u00eb i ka d\u00ebnuar me 62 vjet burgim shtat\u00eb t\u00eb akuzuarit n\u00eb rastin e dhunimit t\u00eb 11-vje\u00e7ares. Lajmin e ka konfirmuar avokatja e viktim\u00ebs, Kimete Krasniqi. Sipas saj, nj\u00eb prej t\u00eb akuzuarve \u00ebsht\u00eb d\u00ebnuar me 12 vjet burgim, 6 jan\u00eb d\u00ebnuar me nga 10 vjet burgim dhe nj\u00eb \u00ebsht\u00eb liruar n\u00eb munges\u00eb [&hellip;]","og_url":"https:\/\/permbledhja.com\/sq\/denohen-me-72-vjet-burgim-shtate-te-akuzuarit-per-dhunimin-e-11-vjecares\/","og_site_name":"Ve\u00e7 artikuj p\u00ebrmbledh\u00ebs","article_publisher":"https:\/\/www.facebook.com\/press07\/","article_published_time":"2024-04-23T08:55:05+00:00","article_modified_time":"2024-04-23T09:01:32+00:00","og_image":[{"width":780,"height":439,"url":"https:\/\/permbledhja.com\/wp-content\/uploads\/2024\/01\/gjykata.jpg","type":"image\/jpeg"}],"author":"DL","twitter_card":"summary_large_image","twitter_misc":{"Written by":"DL","Est. reading time":"2 minuta"},"schema":{"@context":"https:\/\/schema.org","@graph":[{"@type":"Article","@id":"https:\/\/permbledhja.com\/denohen-me-72-vjet-burgim-shtate-te-akuzuarit-per-dhunimin-e-11-vjecares\/#article","isPartOf":{"@id":"https:\/\/permbledhja.com\/denohen-me-72-vjet-burgim-shtate-te-akuzuarit-per-dhunimin-e-11-vjecares\/"},"author":{"name":"DL","@id":"https:\/\/permbledhja.com\/#\/schema\/person\/9c54260cbc4c6f792cb100550491638c"},"headline":"D\u00ebnohen me 62 vjet burgim shtat\u00eb t\u00eb akuzuarit p\u00ebr dhunimin e 11-vje\u00e7ares","datePublished":"2024-04-23T08:55:05+00:00","dateModified":"2024-04-23T09:01:32+00:00","mainEntityOfPage":{"@id":"https:\/\/permbledhja.com\/denohen-me-72-vjet-burgim-shtate-te-akuzuarit-per-dhunimin-e-11-vjecares\/"},"wordCount":393,"publisher":{"@id":"https:\/\/permbledhja.com\/#organization"},"articleSection":["Kryesoret"],"inLanguage":"sq"},{"@type":"WebPage","@id":"https:\/\/permbledhja.com\/denohen-me-72-vjet-burgim-shtate-te-akuzuarit-per-dhunimin-e-11-vjecares\/","url":"https:\/\/permbledhja.com\/denohen-me-72-vjet-burgim-shtate-te-akuzuarit-per-dhunimin-e-11-vjecares\/","name":"D\u00ebnohen me 62 vjet burgim shtat\u00eb t\u00eb akuzuarit p\u00ebr dhunimin e 11-vje\u00e7ares","isPartOf":{"@id":"https:\/\/permbledhja.com\/#website"},"datePublished":"2024-04-23T08:55:05+00:00","dateModified":"2024-04-23T09:01:32+00:00","breadcrumb":{"@id":"https:\/\/permbledhja.com\/denohen-me-72-vjet-burgim-shtate-te-akuzuarit-per-dhunimin-e-11-vjecares\/#breadcrumb"},"inLanguage":"sq","potentialAction":[{"@type":"ReadAction","target":["https:\/\/permbledhja.com\/denohen-me-72-vjet-burgim-shtate-te-akuzuarit-per-dhunimin-e-11-vjecares\/"]}]},{"@type":"BreadcrumbList","@id":"https:\/\/permbledhja.com\/denohen-me-72-vjet-burgim-shtate-te-akuzuarit-per-dhunimin-e-11-vjecares\/#breadcrumb","itemListElement":[{"@type":"ListItem","position":1,"name":"Ballina","item":"https:\/\/permbledhja.com\/sq\/"},{"@type":"ListItem","position":2,"name":"D\u00ebnohen me 62 vjet burgim shtat\u00eb t\u00eb akuzuarit p\u00ebr dhunimin e 11-vje\u00e7ares"}]},{"@type":"WebSite","@id":"https:\/\/permbledhja.com\/#website","url":"https:\/\/permbledhja.com\/","name":"Ve\u00e7 artikuj p\u00ebrmbledh\u00ebs","description":"","publisher":{"@id":"https:\/\/permbledhja.com\/#organization"},"potentialAction":[{"@type":"SearchAction","target":{"@type":"EntryPoint","urlTemplate":"https:\/\/permbledhja.com\/?s={search_term_string}"},"query-input":"required name=search_term_string"}],"inLanguage":"sq"},{"@type":"Organization","@id":"https:\/\/permbledhja.com\/#organization","name":"MK Media & Pr","url":"https:\/\/permbledhja.com\/","logo":{"@type":"ImageObject","inLanguage":"sq","@id":"https:\/\/permbledhja.com\/#\/schema\/logo\/image\/","url":"https:\/\/permbledhja.com\/wp-content\/uploads\/2021\/12\/07-Press-Logo.jpg","contentUrl":"https:\/\/permbledhja.com\/wp-content\/uploads\/2021\/12\/07-Press-Logo.jpg","width":512,"height":512,"caption":"MK Media & Pr"},"image":{"@id":"https:\/\/permbledhja.com\/#\/schema\/logo\/image\/"},"sameAs":["https:\/\/www.facebook.com\/press07\/"]},{"@type":"Person","@id":"https:\/\/permbledhja.com\/#\/schema\/person\/9c54260cbc4c6f792cb100550491638c","name":"DL","image":{"@type":"ImageObject","inLanguage":"sq","@id":"https:\/\/permbledhja.com\/#\/schema\/person\/image\/","url":"https:\/\/secure.gravatar.com\/avatar\/94503eb28d4c4b2005a5c8753e35fc80?s=96&d=mm&r=g","contentUrl":"https:\/\/secure.gravatar.com\/avatar\/94503eb28d4c4b2005a5c8753e35fc80?s=96&d=mm&r=g","caption":"DL"},"url":"https:\/\/permbledhja.com\/sq\/author\/dl\/"}]}},"_links":{"self":[{"href":"https:\/\/permbledhja.com\/sq\/wp-json\/wp\/v2\/posts\/57971"}],"collection":[{"href":"https:\/\/permbledhja.com\/sq\/wp-json\/wp\/v2\/posts"}],"about":[{"href":"https:\/\/permbledhja.com\/sq\/wp-json\/wp\/v2\/types\/post"}],"author":[{"embeddable":true,"href":"https:\/\/permbledhja.com\/sq\/wp-json\/wp\/v2\/users\/5"}],"replies":[{"embeddable":true,"href":"https:\/\/permbledhja.com\/sq\/wp-json\/wp\/v2\/comments?post=57971"}],"version-history":[{"count":3,"href":"https:\/\/permbledhja.com\/sq\/wp-json\/wp\/v2\/posts\/57971\/revisions"}],"predecessor-version":[{"id":57974,"href":"https:\/\/permbledhja.com\/sq\/wp-json\/wp\/v2\/posts\/57971\/revisions\/57974"}],"wp:featuredmedia":[{"embeddable":true,"href":"https:\/\/permbledhja.com\/sq\/wp-json\/wp\/v2\/media\/44183"}],"wp:attachment":[{"href":"https:\/\/permbledhja.com\/sq\/wp-json\/wp\/v2\/media?parent=57971"}],"wp:term":[{"taxonomy":"category","embeddable":true,"href":"https:\/\/permbledhja.com\/sq\/wp-json\/wp\/v2\/categories?post=57971"},{"taxonomy":"post_tag","embeddable":true,"href":"https:\/\/permbledhja.com\/sq\/wp-json\/wp\/v2\/tags?post=57971"}],"curies":[{"name":"wp","href":"https:\/\/api.w.org\/{rel}","templated":true}]}}