{"id":5797,"date":"2022-09-14T10:54:35","date_gmt":"2022-09-14T10:54:35","guid":{"rendered":"https:\/\/permbledhja.com\/?p=5797"},"modified":"2022-09-14T12:35:12","modified_gmt":"2022-09-14T12:35:12","slug":"kryeministri-kurti-jep-lajmim-e-mire-per-projektligjin-e-pagave","status":"publish","type":"post","link":"https:\/\/permbledhja.com\/sq\/kryeministri-kurti-jep-lajmim-e-mire-per-projektligjin-e-pagave\/","title":{"rendered":"Kryeministri Kurti jep lajmim e mir\u00eb p\u00ebr Projektligjin e Pagave"},"content":{"rendered":"<p><strong>Kryeministri i vendit, Albin Kurti, ka mbajtur sot nj\u00eb konferenc\u00eb p\u00ebr media bashk\u00eb me ministrin e Pun\u00ebve t\u00eb Brendshme, Xhelal Sve\u00e7la<\/strong>.<\/p>\n<p>Me k\u00ebt\u00eb rast, kryeministri Kurti \u00ebsht\u00eb deklaruar n\u00eb lidhje me Projektligjin e Pagave si dhe procesimin e tij.<\/p>\n<p>Ai tha se dy ligjet e administrat\u00ebs publike jan\u00eb duke hyr\u00eb n\u00eb nj\u00eb faz\u00eb t\u00eb re t\u00eb diskutimeve publike, q\u00eb do t\u00eb filloj\u00eb nga nes\u00ebr n\u00eb m\u00ebngjes.<\/p>\n<p>\u201cDerisa bashk\u00eb me ministrin Sve\u00e7la diskutonim nj\u00eb mori \u00e7\u00ebshtjes q\u00eb preokupojn\u00eb urgjentisht pun\u00ebn ton\u00eb t\u00eb p\u00ebrditshme, por sot kemi para jush dy projektligje tejet t\u00eb r\u00ebnd\u00ebsishme p\u00ebr administrat\u00eb shtet\u00ebrore.P\u00ebr secilin zyrtar publik dhe qytetar t\u00eb vendit, Projektligji p\u00ebr Pagat dhe Zyrtar\u00ebt Publik.K\u00ebto jan\u00eb baz\u00eb e reform\u00ebs s\u00eb administrat\u00ebs publike, p\u00ebrmes s\u00eb cilave synohet krijimi i sistemit t\u00eb nj\u00ebtrajtsh\u00ebm p\u00ebr t\u00eb pun\u00ebsuarit n\u00eb sektorin publik, me synimin p\u00ebr t\u00eb shnd\u00ebrruar nj\u00eb administrat\u00eb ku ju si qytetar\u00eb dhe biznese mund t\u00eb merrni sh\u00ebrbime efikase\u201d,tha Kurti.<\/p>\n<p>\u201cHartimi i k\u00ebtyre projektligjeve s\u2019ka qen\u00eb proces i leht\u00eb dhe pun\u00eb q\u00eb p\u00ebrfundohet shpejt\u00eb. P\u00ebr rreth 200 pozita, m\u00eb shum\u00eb se 34 mij\u00eb nuk e gjenin veten n\u00eb ligjin e shfuqizuar t\u00eb pagave, kishte p\u00ebraf\u00ebrsisht 170 lloje t\u00eb shtesave dhe t\u00eb kompensimeve, munges\u00eb pastaj t\u00eb kritereve me t\u00eb cilat jan\u00eb marr\u00eb disa shtesa.Shtesat p\u00ebr nj\u00eb muaji q\u00eb kalonin pag\u00ebn vjetore t\u00eb nj\u00eb qytetari, e zyrtar\u00eb q\u00eb merrnin pag\u00eb t\u00eb ndryshme p\u00ebr pun\u00eb t\u00eb nj\u00ebjt\u00eb.T\u00eb dh\u00ebnat nga raportet e progresit nga viti 2008 deri m\u00eb 2020 theksojn\u00eb se administrata publike ishte e ndikuar nga politika n\u00eb proceset e em\u00ebrimeve.Nga 2008-2020 \u00ebsht\u00eb theksuar nevoja p\u00ebr p\u00ebrmir\u00ebsimin e shkatht\u00ebsive. Q\u00eb nga viti 2010-2020 n\u00eb k\u00ebto raporte p\u00ebr \u00e7do vit \u00ebsht\u00eb gjetur se personat me aft\u00ebsi t\u00eb kufizuar, grat\u00eb e t\u00eb tjer\u00eb nuk jan\u00eb t\u00eb p\u00ebrfshira si grupe publike\u201d,shtoi ai.<\/p>\n<p>Kryeministri Kurti deklaroi se \u00ebsht\u00eb ndar\u00eb koha dhe \u00ebsht\u00eb b\u00ebr\u00eb angazhimi i nevojsh\u00ebm nga t\u00eb gjith\u00eb p\u00ebr t\u00eb adresuar problematikat si dhe pas p\u00ebrfundimit, k\u00ebto ligje po ndahen p\u00ebr konsulta publike.<\/p>\n<p>\u201cPara jush sot n\u00eb em\u00ebr t\u00eb Qeveris\u00eb theksoj se p\u00ebr k\u00ebto dy projektligje \u00ebsht\u00eb ndar\u00eb koha dhe \u00ebsht\u00eb b\u00ebr\u00eb angazhimi i nevojsh\u00ebm nga t\u00eb gjith\u00eb akter\u00ebt ky\u00e7 p\u00ebr t\u00eb adresat k\u00ebto problematika dhe pas p\u00ebrfundimit t\u00eb fazave paraprake, k\u00ebto projektligje po ndahen p\u00ebr konsulta publike.Synim ky\u00e7 kemi krijimin e nj\u00eb sistemi t\u00eb nj\u00ebtrajtsh\u00ebm p\u00ebr p\u00ebrcaktim t\u00eb pag\u00ebs, q\u00eb sigurohemi t\u00eb p\u00ebrcaktojm\u00eb parimin baz\u00eb pra p\u00ebrcaktim t\u00eb koeficienteve dhe do t\u00eb vendosim pozitat e zyrtar\u00ebve bazuar n\u00eb transparenc\u00eb.P\u00ebr t\u00eb gjith\u00eb ata q\u00eb shqyrtojn\u00eb k\u00ebto dy projektligje \u00ebsht\u00eb rr\u00ebnj\u00ebsore p\u00ebr administrat\u00ebn publike dhe me trajtim t\u00eb dinjitetsh\u00ebm\u201d,tha Kurti, transmeton lajmi.net.<\/p>\n<p>Kryeministri gjithashtu tha se MPB bashk\u00eb me ministrin\u00eb e Financave jan\u00eb p\u00ebrkujdesur q\u00eb n\u00eb p\u00ebrcaktimin e t\u00eb drejt\u00ebs n\u00eb pag\u00eb t\u00eb caktohet nj\u00eb sistem i drejt\u00eb e t\u00eb mos ket\u00eb padrejt\u00ebsi e diskriminim.<\/p>\n<p>\u201cT\u00eb ulen dallimet n\u00eb mes profesioneve dhe pozitave t\u00eb baraspjesshme. Nj\u00ebjt\u00eb p\u00ebr projektligjin p\u00ebr zyrtar\u00ebt publik, sigurohet m\u00ebnjanimi i \u00e7far\u00ebdo nd\u00ebrlikimi apo ndikimi politik, mund\u00ebsohet kthimi i profesionist\u00ebve e sigurohet profesionalizimi i n\u00ebpun\u00ebsve dhe sh\u00ebrbyesve n\u00eb administrat\u00eb. Qytetar\u00ebt do t\u00eb ken\u00eb trajtim t\u00eb barabart\u00eb n\u00eb administrat\u00eb, e zyrtar\u00ebt tan\u00eb kushte t\u00eb barabarta\u201d,shtoi ai.\/Lajmi.net\/<\/p>\n","protected":false},"excerpt":{"rendered":"<p>Kryeministri i vendit, Albin Kurti, ka mbajtur sot nj\u00eb konferenc\u00eb p\u00ebr media bashk\u00eb me ministrin e Pun\u00ebve t\u00eb Brendshme, Xhelal Sve\u00e7la. Me k\u00ebt\u00eb rast, kryeministri Kurti \u00ebsht\u00eb deklaruar n\u00eb lidhje me Projektligjin e Pagave si dhe procesimin e tij. Ai tha se dy ligjet e administrat\u00ebs publike jan\u00eb duke hyr\u00eb n\u00eb nj\u00eb faz\u00eb t\u00eb re [&hellip;]<\/p>\n","protected":false},"author":1,"featured_media":5799,"comment_status":"closed","ping_status":"closed","sticky":false,"template":"","format":"standard","meta":{"_monsterinsights_skip_tracking":false,"_monsterinsights_sitenote_active":false,"_monsterinsights_sitenote_note":"","_monsterinsights_sitenote_category":0,"_uf_show_specific_survey":0,"_uf_disable_surveys":false,"footnotes":""},"categories":[23,15],"tags":[],"yoast_head":"<!-- This site is optimized with the Yoast SEO plugin v21.5 - https:\/\/yoast.com\/wordpress\/plugins\/seo\/ -->\n<title>Kryeministri Kurti jep lajmim e mir\u00eb p\u00ebr Projektligjin e Pagave<\/title>\n<meta name=\"robots\" content=\"index, follow, max-snippet:-1, max-image-preview:large, max-video-preview:-1\" \/>\n<link rel=\"canonical\" href=\"https:\/\/permbledhja.com\/sq\/kryeministri-kurti-jep-lajmim-e-mire-per-projektligjin-e-pagave\/\" \/>\n<meta property=\"og:locale\" content=\"sq_AL\" \/>\n<meta property=\"og:type\" content=\"article\" \/>\n<meta property=\"og:title\" content=\"Kryeministri Kurti jep lajmim e mir\u00eb p\u00ebr Projektligjin e Pagave\" \/>\n<meta property=\"og:description\" content=\"Kryeministri i vendit, Albin Kurti, ka mbajtur sot nj\u00eb konferenc\u00eb p\u00ebr media bashk\u00eb me ministrin e Pun\u00ebve t\u00eb Brendshme, Xhelal Sve\u00e7la. Me k\u00ebt\u00eb rast, kryeministri Kurti \u00ebsht\u00eb deklaruar n\u00eb lidhje me Projektligjin e Pagave si dhe procesimin e tij. Ai tha se dy ligjet e administrat\u00ebs publike jan\u00eb duke hyr\u00eb n\u00eb nj\u00eb faz\u00eb t\u00eb re [&hellip;]\" \/>\n<meta property=\"og:url\" content=\"https:\/\/permbledhja.com\/sq\/kryeministri-kurti-jep-lajmim-e-mire-per-projektligjin-e-pagave\/\" \/>\n<meta property=\"og:site_name\" content=\"Ve\u00e7 artikuj p\u00ebrmbledh\u00ebs\" \/>\n<meta property=\"article:publisher\" content=\"https:\/\/www.facebook.com\/press07\/\" \/>\n<meta property=\"article:author\" content=\"https:\/\/www.facebook.com\/kafexhiu.muharrem\/\" \/>\n<meta property=\"article:published_time\" content=\"2022-09-14T10:54:35+00:00\" \/>\n<meta property=\"article:modified_time\" content=\"2022-09-14T12:35:12+00:00\" \/>\n<meta property=\"og:image\" content=\"https:\/\/permbledhja.com\/wp-content\/uploads\/2022\/09\/Polish_20220914_125826572-scaled.jpg\" \/>\n\t<meta property=\"og:image:width\" content=\"2560\" \/>\n\t<meta property=\"og:image:height\" content=\"1440\" \/>\n\t<meta property=\"og:image:type\" content=\"image\/jpeg\" \/>\n<meta name=\"author\" content=\"P\u00ebrmbledhja\" \/>\n<meta name=\"twitter:card\" content=\"summary_large_image\" \/>\n<meta name=\"twitter:label1\" content=\"Written by\" \/>\n\t<meta name=\"twitter:data1\" content=\"P\u00ebrmbledhja\" \/>\n\t<meta name=\"twitter:label2\" content=\"Est. reading time\" \/>\n\t<meta name=\"twitter:data2\" content=\"3 minuta\" \/>\n<script type=\"application\/ld+json\" class=\"yoast-schema-graph\">{\"@context\":\"https:\/\/schema.org\",\"@graph\":[{\"@type\":\"Article\",\"@id\":\"https:\/\/permbledhja.com\/kryeministri-kurti-jep-lajmim-e-mire-per-projektligjin-e-pagave\/#article\",\"isPartOf\":{\"@id\":\"https:\/\/permbledhja.com\/kryeministri-kurti-jep-lajmim-e-mire-per-projektligjin-e-pagave\/\"},\"author\":{\"name\":\"P\u00ebrmbledhja\",\"@id\":\"https:\/\/permbledhja.com\/#\/schema\/person\/0d064377258d3221e50693947b9eb4fe\"},\"headline\":\"Kryeministri Kurti jep lajmim e mir\u00eb p\u00ebr Projektligjin e Pagave\",\"datePublished\":\"2022-09-14T10:54:35+00:00\",\"dateModified\":\"2022-09-14T12:35:12+00:00\",\"mainEntityOfPage\":{\"@id\":\"https:\/\/permbledhja.com\/kryeministri-kurti-jep-lajmim-e-mire-per-projektligjin-e-pagave\/\"},\"wordCount\":618,\"publisher\":{\"@id\":\"https:\/\/permbledhja.com\/#organization\"},\"articleSection\":[\"Komb\u00ebtare\",\"Lajme\"],\"inLanguage\":\"sq\"},{\"@type\":\"WebPage\",\"@id\":\"https:\/\/permbledhja.com\/kryeministri-kurti-jep-lajmim-e-mire-per-projektligjin-e-pagave\/\",\"url\":\"https:\/\/permbledhja.com\/kryeministri-kurti-jep-lajmim-e-mire-per-projektligjin-e-pagave\/\",\"name\":\"Kryeministri Kurti jep lajmim e mir\u00eb p\u00ebr Projektligjin e Pagave\",\"isPartOf\":{\"@id\":\"https:\/\/permbledhja.com\/#website\"},\"datePublished\":\"2022-09-14T10:54:35+00:00\",\"dateModified\":\"2022-09-14T12:35:12+00:00\",\"breadcrumb\":{\"@id\":\"https:\/\/permbledhja.com\/kryeministri-kurti-jep-lajmim-e-mire-per-projektligjin-e-pagave\/#breadcrumb\"},\"inLanguage\":\"sq\",\"potentialAction\":[{\"@type\":\"ReadAction\",\"target\":[\"https:\/\/permbledhja.com\/kryeministri-kurti-jep-lajmim-e-mire-per-projektligjin-e-pagave\/\"]}]},{\"@type\":\"BreadcrumbList\",\"@id\":\"https:\/\/permbledhja.com\/kryeministri-kurti-jep-lajmim-e-mire-per-projektligjin-e-pagave\/#breadcrumb\",\"itemListElement\":[{\"@type\":\"ListItem\",\"position\":1,\"name\":\"Ballina\",\"item\":\"https:\/\/permbledhja.com\/sq\/\"},{\"@type\":\"ListItem\",\"position\":2,\"name\":\"Kryeministri Kurti jep lajmim e mir\u00eb p\u00ebr Projektligjin e Pagave\"}]},{\"@type\":\"WebSite\",\"@id\":\"https:\/\/permbledhja.com\/#website\",\"url\":\"https:\/\/permbledhja.com\/\",\"name\":\"Ve\u00e7 artikuj p\u00ebrmbledh\u00ebs\",\"description\":\"\",\"publisher\":{\"@id\":\"https:\/\/permbledhja.com\/#organization\"},\"potentialAction\":[{\"@type\":\"SearchAction\",\"target\":{\"@type\":\"EntryPoint\",\"urlTemplate\":\"https:\/\/permbledhja.com\/?s={search_term_string}\"},\"query-input\":\"required name=search_term_string\"}],\"inLanguage\":\"sq\"},{\"@type\":\"Organization\",\"@id\":\"https:\/\/permbledhja.com\/#organization\",\"name\":\"MK Media & Pr\",\"url\":\"https:\/\/permbledhja.com\/\",\"logo\":{\"@type\":\"ImageObject\",\"inLanguage\":\"sq\",\"@id\":\"https:\/\/permbledhja.com\/#\/schema\/logo\/image\/\",\"url\":\"https:\/\/permbledhja.com\/wp-content\/uploads\/2021\/12\/07-Press-Logo.jpg\",\"contentUrl\":\"https:\/\/permbledhja.com\/wp-content\/uploads\/2021\/12\/07-Press-Logo.jpg\",\"width\":512,\"height\":512,\"caption\":\"MK Media & Pr\"},\"image\":{\"@id\":\"https:\/\/permbledhja.com\/#\/schema\/logo\/image\/\"},\"sameAs\":[\"https:\/\/www.facebook.com\/press07\/\"]},{\"@type\":\"Person\",\"@id\":\"https:\/\/permbledhja.com\/#\/schema\/person\/0d064377258d3221e50693947b9eb4fe\",\"name\":\"P\u00ebrmbledhja\",\"image\":{\"@type\":\"ImageObject\",\"inLanguage\":\"sq\",\"@id\":\"https:\/\/permbledhja.com\/#\/schema\/person\/image\/\",\"url\":\"https:\/\/permbledhja.com\/wp-content\/uploads\/2026\/01\/452004717_1040944174702970_8932037511805513407_n-96x96.jpg\",\"contentUrl\":\"https:\/\/permbledhja.com\/wp-content\/uploads\/2026\/01\/452004717_1040944174702970_8932037511805513407_n-96x96.jpg\",\"caption\":\"P\u00ebrmbledhja\"},\"sameAs\":[\"https:\/\/www.facebook.com\/kafexhiu.muharrem\/\",\"https:\/\/www.instagram.com\/muharrem_kafexhiu\/\"],\"url\":\"https:\/\/permbledhja.com\/sq\/author\/admin\/\"}]}<\/script>\n<!-- \/ Yoast SEO plugin. -->","yoast_head_json":{"title":"Kryeministri Kurti jep lajmim e mir\u00eb p\u00ebr Projektligjin e Pagave","robots":{"index":"index","follow":"follow","max-snippet":"max-snippet:-1","max-image-preview":"max-image-preview:large","max-video-preview":"max-video-preview:-1"},"canonical":"https:\/\/permbledhja.com\/sq\/kryeministri-kurti-jep-lajmim-e-mire-per-projektligjin-e-pagave\/","og_locale":"sq_AL","og_type":"article","og_title":"Kryeministri Kurti jep lajmim e mir\u00eb p\u00ebr Projektligjin e Pagave","og_description":"Kryeministri i vendit, Albin Kurti, ka mbajtur sot nj\u00eb konferenc\u00eb p\u00ebr media bashk\u00eb me ministrin e Pun\u00ebve t\u00eb Brendshme, Xhelal Sve\u00e7la. Me k\u00ebt\u00eb rast, kryeministri Kurti \u00ebsht\u00eb deklaruar n\u00eb lidhje me Projektligjin e Pagave si dhe procesimin e tij. Ai tha se dy ligjet e administrat\u00ebs publike jan\u00eb duke hyr\u00eb n\u00eb nj\u00eb faz\u00eb t\u00eb re [&hellip;]","og_url":"https:\/\/permbledhja.com\/sq\/kryeministri-kurti-jep-lajmim-e-mire-per-projektligjin-e-pagave\/","og_site_name":"Ve\u00e7 artikuj p\u00ebrmbledh\u00ebs","article_publisher":"https:\/\/www.facebook.com\/press07\/","article_author":"https:\/\/www.facebook.com\/kafexhiu.muharrem\/","article_published_time":"2022-09-14T10:54:35+00:00","article_modified_time":"2022-09-14T12:35:12+00:00","og_image":[{"width":2560,"height":1440,"url":"https:\/\/permbledhja.com\/wp-content\/uploads\/2022\/09\/Polish_20220914_125826572-scaled.jpg","type":"image\/jpeg"}],"author":"P\u00ebrmbledhja","twitter_card":"summary_large_image","twitter_misc":{"Written by":"P\u00ebrmbledhja","Est. reading time":"3 minuta"},"schema":{"@context":"https:\/\/schema.org","@graph":[{"@type":"Article","@id":"https:\/\/permbledhja.com\/kryeministri-kurti-jep-lajmim-e-mire-per-projektligjin-e-pagave\/#article","isPartOf":{"@id":"https:\/\/permbledhja.com\/kryeministri-kurti-jep-lajmim-e-mire-per-projektligjin-e-pagave\/"},"author":{"name":"P\u00ebrmbledhja","@id":"https:\/\/permbledhja.com\/#\/schema\/person\/0d064377258d3221e50693947b9eb4fe"},"headline":"Kryeministri Kurti jep lajmim e mir\u00eb p\u00ebr Projektligjin e Pagave","datePublished":"2022-09-14T10:54:35+00:00","dateModified":"2022-09-14T12:35:12+00:00","mainEntityOfPage":{"@id":"https:\/\/permbledhja.com\/kryeministri-kurti-jep-lajmim-e-mire-per-projektligjin-e-pagave\/"},"wordCount":618,"publisher":{"@id":"https:\/\/permbledhja.com\/#organization"},"articleSection":["Komb\u00ebtare","Lajme"],"inLanguage":"sq"},{"@type":"WebPage","@id":"https:\/\/permbledhja.com\/kryeministri-kurti-jep-lajmim-e-mire-per-projektligjin-e-pagave\/","url":"https:\/\/permbledhja.com\/kryeministri-kurti-jep-lajmim-e-mire-per-projektligjin-e-pagave\/","name":"Kryeministri Kurti jep lajmim e mir\u00eb p\u00ebr Projektligjin e Pagave","isPartOf":{"@id":"https:\/\/permbledhja.com\/#website"},"datePublished":"2022-09-14T10:54:35+00:00","dateModified":"2022-09-14T12:35:12+00:00","breadcrumb":{"@id":"https:\/\/permbledhja.com\/kryeministri-kurti-jep-lajmim-e-mire-per-projektligjin-e-pagave\/#breadcrumb"},"inLanguage":"sq","potentialAction":[{"@type":"ReadAction","target":["https:\/\/permbledhja.com\/kryeministri-kurti-jep-lajmim-e-mire-per-projektligjin-e-pagave\/"]}]},{"@type":"BreadcrumbList","@id":"https:\/\/permbledhja.com\/kryeministri-kurti-jep-lajmim-e-mire-per-projektligjin-e-pagave\/#breadcrumb","itemListElement":[{"@type":"ListItem","position":1,"name":"Ballina","item":"https:\/\/permbledhja.com\/sq\/"},{"@type":"ListItem","position":2,"name":"Kryeministri Kurti jep lajmim e mir\u00eb p\u00ebr Projektligjin e Pagave"}]},{"@type":"WebSite","@id":"https:\/\/permbledhja.com\/#website","url":"https:\/\/permbledhja.com\/","name":"Ve\u00e7 artikuj p\u00ebrmbledh\u00ebs","description":"","publisher":{"@id":"https:\/\/permbledhja.com\/#organization"},"potentialAction":[{"@type":"SearchAction","target":{"@type":"EntryPoint","urlTemplate":"https:\/\/permbledhja.com\/?s={search_term_string}"},"query-input":"required name=search_term_string"}],"inLanguage":"sq"},{"@type":"Organization","@id":"https:\/\/permbledhja.com\/#organization","name":"MK Media & Pr","url":"https:\/\/permbledhja.com\/","logo":{"@type":"ImageObject","inLanguage":"sq","@id":"https:\/\/permbledhja.com\/#\/schema\/logo\/image\/","url":"https:\/\/permbledhja.com\/wp-content\/uploads\/2021\/12\/07-Press-Logo.jpg","contentUrl":"https:\/\/permbledhja.com\/wp-content\/uploads\/2021\/12\/07-Press-Logo.jpg","width":512,"height":512,"caption":"MK Media & Pr"},"image":{"@id":"https:\/\/permbledhja.com\/#\/schema\/logo\/image\/"},"sameAs":["https:\/\/www.facebook.com\/press07\/"]},{"@type":"Person","@id":"https:\/\/permbledhja.com\/#\/schema\/person\/0d064377258d3221e50693947b9eb4fe","name":"P\u00ebrmbledhja","image":{"@type":"ImageObject","inLanguage":"sq","@id":"https:\/\/permbledhja.com\/#\/schema\/person\/image\/","url":"https:\/\/permbledhja.com\/wp-content\/uploads\/2026\/01\/452004717_1040944174702970_8932037511805513407_n-96x96.jpg","contentUrl":"https:\/\/permbledhja.com\/wp-content\/uploads\/2026\/01\/452004717_1040944174702970_8932037511805513407_n-96x96.jpg","caption":"P\u00ebrmbledhja"},"sameAs":["https:\/\/www.facebook.com\/kafexhiu.muharrem\/","https:\/\/www.instagram.com\/muharrem_kafexhiu\/"],"url":"https:\/\/permbledhja.com\/sq\/author\/admin\/"}]}},"_links":{"self":[{"href":"https:\/\/permbledhja.com\/sq\/wp-json\/wp\/v2\/posts\/5797"}],"collection":[{"href":"https:\/\/permbledhja.com\/sq\/wp-json\/wp\/v2\/posts"}],"about":[{"href":"https:\/\/permbledhja.com\/sq\/wp-json\/wp\/v2\/types\/post"}],"author":[{"embeddable":true,"href":"https:\/\/permbledhja.com\/sq\/wp-json\/wp\/v2\/users\/1"}],"replies":[{"embeddable":true,"href":"https:\/\/permbledhja.com\/sq\/wp-json\/wp\/v2\/comments?post=5797"}],"version-history":[{"count":1,"href":"https:\/\/permbledhja.com\/sq\/wp-json\/wp\/v2\/posts\/5797\/revisions"}],"predecessor-version":[{"id":5798,"href":"https:\/\/permbledhja.com\/sq\/wp-json\/wp\/v2\/posts\/5797\/revisions\/5798"}],"wp:featuredmedia":[{"embeddable":true,"href":"https:\/\/permbledhja.com\/sq\/wp-json\/wp\/v2\/media\/5799"}],"wp:attachment":[{"href":"https:\/\/permbledhja.com\/sq\/wp-json\/wp\/v2\/media?parent=5797"}],"wp:term":[{"taxonomy":"category","embeddable":true,"href":"https:\/\/permbledhja.com\/sq\/wp-json\/wp\/v2\/categories?post=5797"},{"taxonomy":"post_tag","embeddable":true,"href":"https:\/\/permbledhja.com\/sq\/wp-json\/wp\/v2\/tags?post=5797"}],"curies":[{"name":"wp","href":"https:\/\/api.w.org\/{rel}","templated":true}]}}