{"id":57785,"date":"2024-04-22T14:18:58","date_gmt":"2024-04-22T14:18:58","guid":{"rendered":"https:\/\/permbledhja.com\/?p=57785"},"modified":"2024-04-22T14:18:58","modified_gmt":"2024-04-22T14:18:58","slug":"nis-ne-kosove-gara-nderkombetare-ushtari-me-i-mire-2024","status":"publish","type":"post","link":"https:\/\/permbledhja.com\/sq\/nis-ne-kosove-gara-nderkombetare-ushtari-me-i-mire-2024\/","title":{"rendered":"Nis n\u00eb Kosov\u00eb gara nd\u00ebrkomb\u00ebtare \u201cUshtari m\u00eb i mir\u00eb 2024\u201d"},"content":{"rendered":"<h3>Forca e Siguris\u00eb s\u00eb Kosov\u00ebs ka mir\u00ebpritur sot ushtarak\u00ebt nga vendet partnere q\u00eb do t\u00eb jen\u00eb pjes\u00eb e gar\u00ebs nd\u00ebrkomb\u00ebtare t\u00eb \u201cUshtari m\u00eb i mir\u00eb 2024\u201d q\u00eb ka filluar sot dhe do t\u00eb mbaroj\u00eb me 26 prill n\u00eb kazerm\u00ebn \u201cSk\u00ebnderbeu\u201d n\u00eb Ferizaj.<\/h3>\n<p>K\u00ebshtu b\u00ebn t\u00eb ditur Forca e Siguris\u00eb s\u00eb Kosov\u00ebs p\u00ebrmes nj\u00eb postimi n\u00eb Facebook.<\/p>\n<p>P\u00ebrve\u00e7 pjes\u00ebtar\u00ebve t\u00eb Forc\u00ebs s\u00eb Siguris\u00eb s\u00eb Kosov\u00ebs pjes\u00eb e gar\u00ebs do t\u00eb jen\u00eb edhe garuesit nga: Shtetet e Bashkuara t\u00eb Amerik\u00ebs, Shqip\u00ebria, Kroacia, Maqedonia e veriut, Mali i zi, Jordania, Kanada dhe Latvia, t\u00eb cil\u00ebt do t\u00eb sfidohen n\u00eb disiplina t\u00eb ndryshme ushtarake t\u00eb organizuar nga FSK-ja.<\/p>\n","protected":false},"excerpt":{"rendered":"<p>Forca e Siguris\u00eb s\u00eb Kosov\u00ebs ka mir\u00ebpritur sot ushtarak\u00ebt nga vendet partnere q\u00eb do t\u00eb jen\u00eb pjes\u00eb e gar\u00ebs nd\u00ebrkomb\u00ebtare t\u00eb \u201cUshtari m\u00eb i mir\u00eb 2024\u201d q\u00eb ka filluar sot dhe do t\u00eb mbaroj\u00eb me 26 prill n\u00eb kazerm\u00ebn \u201cSk\u00ebnderbeu\u201d n\u00eb Ferizaj. K\u00ebshtu b\u00ebn t\u00eb ditur Forca e Siguris\u00eb s\u00eb Kosov\u00ebs p\u00ebrmes nj\u00eb postimi n\u00eb [&hellip;]<\/p>\n","protected":false},"author":2,"featured_media":57786,"comment_status":"closed","ping_status":"closed","sticky":false,"template":"","format":"standard","meta":{"_monsterinsights_skip_tracking":false,"_monsterinsights_sitenote_active":false,"_monsterinsights_sitenote_note":"","_monsterinsights_sitenote_category":0,"_uf_show_specific_survey":0,"_uf_disable_surveys":false,"footnotes":""},"categories":[15],"tags":[],"yoast_head":"<!-- This site is optimized with the Yoast SEO plugin v21.5 - https:\/\/yoast.com\/wordpress\/plugins\/seo\/ -->\n<title>Nis n\u00eb Kosov\u00eb gara nd\u00ebrkomb\u00ebtare \u201cUshtari m\u00eb i mir\u00eb 2024\u201d<\/title>\n<meta name=\"robots\" content=\"index, follow, max-snippet:-1, max-image-preview:large, max-video-preview:-1\" \/>\n<link rel=\"canonical\" href=\"https:\/\/permbledhja.com\/sq\/nis-ne-kosove-gara-nderkombetare-ushtari-me-i-mire-2024\/\" \/>\n<meta property=\"og:locale\" content=\"sq_AL\" \/>\n<meta property=\"og:type\" content=\"article\" \/>\n<meta property=\"og:title\" content=\"Nis n\u00eb Kosov\u00eb gara nd\u00ebrkomb\u00ebtare \u201cUshtari m\u00eb i mir\u00eb 2024\u201d\" \/>\n<meta property=\"og:description\" content=\"Forca e Siguris\u00eb s\u00eb Kosov\u00ebs ka mir\u00ebpritur sot ushtarak\u00ebt nga vendet partnere q\u00eb do t\u00eb jen\u00eb pjes\u00eb e gar\u00ebs nd\u00ebrkomb\u00ebtare t\u00eb \u201cUshtari m\u00eb i mir\u00eb 2024\u201d q\u00eb ka filluar sot dhe do t\u00eb mbaroj\u00eb me 26 prill n\u00eb kazerm\u00ebn \u201cSk\u00ebnderbeu\u201d n\u00eb Ferizaj. K\u00ebshtu b\u00ebn t\u00eb ditur Forca e Siguris\u00eb s\u00eb Kosov\u00ebs p\u00ebrmes nj\u00eb postimi n\u00eb [&hellip;]\" \/>\n<meta property=\"og:url\" content=\"https:\/\/permbledhja.com\/sq\/nis-ne-kosove-gara-nderkombetare-ushtari-me-i-mire-2024\/\" \/>\n<meta property=\"og:site_name\" content=\"Ve\u00e7 artikuj p\u00ebrmbledh\u00ebs\" \/>\n<meta property=\"article:publisher\" content=\"https:\/\/www.facebook.com\/press07\/\" \/>\n<meta property=\"article:published_time\" content=\"2024-04-22T14:18:58+00:00\" \/>\n<meta property=\"og:image\" content=\"https:\/\/permbledhja.com\/wp-content\/uploads\/2024\/04\/Ushtare-te-shteteve-partnere-te-Kosoves.jpg\" \/>\n\t<meta property=\"og:image:width\" content=\"2048\" \/>\n\t<meta property=\"og:image:height\" content=\"1365\" \/>\n\t<meta property=\"og:image:type\" content=\"image\/jpeg\" \/>\n<meta name=\"author\" content=\"M M\" \/>\n<meta name=\"twitter:card\" content=\"summary_large_image\" \/>\n<meta name=\"twitter:label1\" content=\"Written by\" \/>\n\t<meta name=\"twitter:data1\" content=\"M M\" \/>\n\t<meta name=\"twitter:label2\" content=\"Est. reading time\" \/>\n\t<meta name=\"twitter:data2\" content=\"1 minut\u00eb\" \/>\n<script type=\"application\/ld+json\" class=\"yoast-schema-graph\">{\"@context\":\"https:\/\/schema.org\",\"@graph\":[{\"@type\":\"Article\",\"@id\":\"https:\/\/permbledhja.com\/nis-ne-kosove-gara-nderkombetare-ushtari-me-i-mire-2024\/#article\",\"isPartOf\":{\"@id\":\"https:\/\/permbledhja.com\/nis-ne-kosove-gara-nderkombetare-ushtari-me-i-mire-2024\/\"},\"author\":{\"name\":\"M M\",\"@id\":\"https:\/\/permbledhja.com\/#\/schema\/person\/d23f13f59b5722643933d6780783acf3\"},\"headline\":\"Nis n\u00eb Kosov\u00eb gara nd\u00ebrkomb\u00ebtare \u201cUshtari m\u00eb i mir\u00eb 2024\u201d\",\"datePublished\":\"2024-04-22T14:18:58+00:00\",\"dateModified\":\"2024-04-22T14:18:58+00:00\",\"mainEntityOfPage\":{\"@id\":\"https:\/\/permbledhja.com\/nis-ne-kosove-gara-nderkombetare-ushtari-me-i-mire-2024\/\"},\"wordCount\":134,\"publisher\":{\"@id\":\"https:\/\/permbledhja.com\/#organization\"},\"articleSection\":[\"Lajme\"],\"inLanguage\":\"sq\"},{\"@type\":\"WebPage\",\"@id\":\"https:\/\/permbledhja.com\/nis-ne-kosove-gara-nderkombetare-ushtari-me-i-mire-2024\/\",\"url\":\"https:\/\/permbledhja.com\/nis-ne-kosove-gara-nderkombetare-ushtari-me-i-mire-2024\/\",\"name\":\"Nis n\u00eb Kosov\u00eb gara nd\u00ebrkomb\u00ebtare \u201cUshtari m\u00eb i mir\u00eb 2024\u201d\",\"isPartOf\":{\"@id\":\"https:\/\/permbledhja.com\/#website\"},\"datePublished\":\"2024-04-22T14:18:58+00:00\",\"dateModified\":\"2024-04-22T14:18:58+00:00\",\"breadcrumb\":{\"@id\":\"https:\/\/permbledhja.com\/nis-ne-kosove-gara-nderkombetare-ushtari-me-i-mire-2024\/#breadcrumb\"},\"inLanguage\":\"sq\",\"potentialAction\":[{\"@type\":\"ReadAction\",\"target\":[\"https:\/\/permbledhja.com\/nis-ne-kosove-gara-nderkombetare-ushtari-me-i-mire-2024\/\"]}]},{\"@type\":\"BreadcrumbList\",\"@id\":\"https:\/\/permbledhja.com\/nis-ne-kosove-gara-nderkombetare-ushtari-me-i-mire-2024\/#breadcrumb\",\"itemListElement\":[{\"@type\":\"ListItem\",\"position\":1,\"name\":\"Ballina\",\"item\":\"https:\/\/permbledhja.com\/sq\/\"},{\"@type\":\"ListItem\",\"position\":2,\"name\":\"Nis n\u00eb Kosov\u00eb gara nd\u00ebrkomb\u00ebtare \u201cUshtari m\u00eb i mir\u00eb 2024\u201d\"}]},{\"@type\":\"WebSite\",\"@id\":\"https:\/\/permbledhja.com\/#website\",\"url\":\"https:\/\/permbledhja.com\/\",\"name\":\"Ve\u00e7 artikuj p\u00ebrmbledh\u00ebs\",\"description\":\"\",\"publisher\":{\"@id\":\"https:\/\/permbledhja.com\/#organization\"},\"potentialAction\":[{\"@type\":\"SearchAction\",\"target\":{\"@type\":\"EntryPoint\",\"urlTemplate\":\"https:\/\/permbledhja.com\/?s={search_term_string}\"},\"query-input\":\"required name=search_term_string\"}],\"inLanguage\":\"sq\"},{\"@type\":\"Organization\",\"@id\":\"https:\/\/permbledhja.com\/#organization\",\"name\":\"MK Media & Pr\",\"url\":\"https:\/\/permbledhja.com\/\",\"logo\":{\"@type\":\"ImageObject\",\"inLanguage\":\"sq\",\"@id\":\"https:\/\/permbledhja.com\/#\/schema\/logo\/image\/\",\"url\":\"https:\/\/permbledhja.com\/wp-content\/uploads\/2021\/12\/07-Press-Logo.jpg\",\"contentUrl\":\"https:\/\/permbledhja.com\/wp-content\/uploads\/2021\/12\/07-Press-Logo.jpg\",\"width\":512,\"height\":512,\"caption\":\"MK Media & Pr\"},\"image\":{\"@id\":\"https:\/\/permbledhja.com\/#\/schema\/logo\/image\/\"},\"sameAs\":[\"https:\/\/www.facebook.com\/press07\/\"]},{\"@type\":\"Person\",\"@id\":\"https:\/\/permbledhja.com\/#\/schema\/person\/d23f13f59b5722643933d6780783acf3\",\"name\":\"M M\",\"image\":{\"@type\":\"ImageObject\",\"inLanguage\":\"sq\",\"@id\":\"https:\/\/permbledhja.com\/#\/schema\/person\/image\/\",\"url\":\"https:\/\/secure.gravatar.com\/avatar\/e2835a76ca7c31a2416b2d51c4ec9a8f?s=96&d=mm&r=g\",\"contentUrl\":\"https:\/\/secure.gravatar.com\/avatar\/e2835a76ca7c31a2416b2d51c4ec9a8f?s=96&d=mm&r=g\",\"caption\":\"M M\"},\"sameAs\":[\"http:\/\/MM\"],\"url\":\"https:\/\/permbledhja.com\/sq\/author\/muhamet\/\"}]}<\/script>\n<!-- \/ Yoast SEO plugin. -->","yoast_head_json":{"title":"Nis n\u00eb Kosov\u00eb gara nd\u00ebrkomb\u00ebtare \u201cUshtari m\u00eb i mir\u00eb 2024\u201d","robots":{"index":"index","follow":"follow","max-snippet":"max-snippet:-1","max-image-preview":"max-image-preview:large","max-video-preview":"max-video-preview:-1"},"canonical":"https:\/\/permbledhja.com\/sq\/nis-ne-kosove-gara-nderkombetare-ushtari-me-i-mire-2024\/","og_locale":"sq_AL","og_type":"article","og_title":"Nis n\u00eb Kosov\u00eb gara nd\u00ebrkomb\u00ebtare \u201cUshtari m\u00eb i mir\u00eb 2024\u201d","og_description":"Forca e Siguris\u00eb s\u00eb Kosov\u00ebs ka mir\u00ebpritur sot ushtarak\u00ebt nga vendet partnere q\u00eb do t\u00eb jen\u00eb pjes\u00eb e gar\u00ebs nd\u00ebrkomb\u00ebtare t\u00eb \u201cUshtari m\u00eb i mir\u00eb 2024\u201d q\u00eb ka filluar sot dhe do t\u00eb mbaroj\u00eb me 26 prill n\u00eb kazerm\u00ebn \u201cSk\u00ebnderbeu\u201d n\u00eb Ferizaj. K\u00ebshtu b\u00ebn t\u00eb ditur Forca e Siguris\u00eb s\u00eb Kosov\u00ebs p\u00ebrmes nj\u00eb postimi n\u00eb [&hellip;]","og_url":"https:\/\/permbledhja.com\/sq\/nis-ne-kosove-gara-nderkombetare-ushtari-me-i-mire-2024\/","og_site_name":"Ve\u00e7 artikuj p\u00ebrmbledh\u00ebs","article_publisher":"https:\/\/www.facebook.com\/press07\/","article_published_time":"2024-04-22T14:18:58+00:00","og_image":[{"width":2048,"height":1365,"url":"https:\/\/permbledhja.com\/wp-content\/uploads\/2024\/04\/Ushtare-te-shteteve-partnere-te-Kosoves.jpg","type":"image\/jpeg"}],"author":"M M","twitter_card":"summary_large_image","twitter_misc":{"Written by":"M M","Est. reading time":"1 minut\u00eb"},"schema":{"@context":"https:\/\/schema.org","@graph":[{"@type":"Article","@id":"https:\/\/permbledhja.com\/nis-ne-kosove-gara-nderkombetare-ushtari-me-i-mire-2024\/#article","isPartOf":{"@id":"https:\/\/permbledhja.com\/nis-ne-kosove-gara-nderkombetare-ushtari-me-i-mire-2024\/"},"author":{"name":"M M","@id":"https:\/\/permbledhja.com\/#\/schema\/person\/d23f13f59b5722643933d6780783acf3"},"headline":"Nis n\u00eb Kosov\u00eb gara nd\u00ebrkomb\u00ebtare \u201cUshtari m\u00eb i mir\u00eb 2024\u201d","datePublished":"2024-04-22T14:18:58+00:00","dateModified":"2024-04-22T14:18:58+00:00","mainEntityOfPage":{"@id":"https:\/\/permbledhja.com\/nis-ne-kosove-gara-nderkombetare-ushtari-me-i-mire-2024\/"},"wordCount":134,"publisher":{"@id":"https:\/\/permbledhja.com\/#organization"},"articleSection":["Lajme"],"inLanguage":"sq"},{"@type":"WebPage","@id":"https:\/\/permbledhja.com\/nis-ne-kosove-gara-nderkombetare-ushtari-me-i-mire-2024\/","url":"https:\/\/permbledhja.com\/nis-ne-kosove-gara-nderkombetare-ushtari-me-i-mire-2024\/","name":"Nis n\u00eb Kosov\u00eb gara nd\u00ebrkomb\u00ebtare \u201cUshtari m\u00eb i mir\u00eb 2024\u201d","isPartOf":{"@id":"https:\/\/permbledhja.com\/#website"},"datePublished":"2024-04-22T14:18:58+00:00","dateModified":"2024-04-22T14:18:58+00:00","breadcrumb":{"@id":"https:\/\/permbledhja.com\/nis-ne-kosove-gara-nderkombetare-ushtari-me-i-mire-2024\/#breadcrumb"},"inLanguage":"sq","potentialAction":[{"@type":"ReadAction","target":["https:\/\/permbledhja.com\/nis-ne-kosove-gara-nderkombetare-ushtari-me-i-mire-2024\/"]}]},{"@type":"BreadcrumbList","@id":"https:\/\/permbledhja.com\/nis-ne-kosove-gara-nderkombetare-ushtari-me-i-mire-2024\/#breadcrumb","itemListElement":[{"@type":"ListItem","position":1,"name":"Ballina","item":"https:\/\/permbledhja.com\/sq\/"},{"@type":"ListItem","position":2,"name":"Nis n\u00eb Kosov\u00eb gara nd\u00ebrkomb\u00ebtare \u201cUshtari m\u00eb i mir\u00eb 2024\u201d"}]},{"@type":"WebSite","@id":"https:\/\/permbledhja.com\/#website","url":"https:\/\/permbledhja.com\/","name":"Ve\u00e7 artikuj p\u00ebrmbledh\u00ebs","description":"","publisher":{"@id":"https:\/\/permbledhja.com\/#organization"},"potentialAction":[{"@type":"SearchAction","target":{"@type":"EntryPoint","urlTemplate":"https:\/\/permbledhja.com\/?s={search_term_string}"},"query-input":"required name=search_term_string"}],"inLanguage":"sq"},{"@type":"Organization","@id":"https:\/\/permbledhja.com\/#organization","name":"MK Media & Pr","url":"https:\/\/permbledhja.com\/","logo":{"@type":"ImageObject","inLanguage":"sq","@id":"https:\/\/permbledhja.com\/#\/schema\/logo\/image\/","url":"https:\/\/permbledhja.com\/wp-content\/uploads\/2021\/12\/07-Press-Logo.jpg","contentUrl":"https:\/\/permbledhja.com\/wp-content\/uploads\/2021\/12\/07-Press-Logo.jpg","width":512,"height":512,"caption":"MK Media & Pr"},"image":{"@id":"https:\/\/permbledhja.com\/#\/schema\/logo\/image\/"},"sameAs":["https:\/\/www.facebook.com\/press07\/"]},{"@type":"Person","@id":"https:\/\/permbledhja.com\/#\/schema\/person\/d23f13f59b5722643933d6780783acf3","name":"M M","image":{"@type":"ImageObject","inLanguage":"sq","@id":"https:\/\/permbledhja.com\/#\/schema\/person\/image\/","url":"https:\/\/secure.gravatar.com\/avatar\/e2835a76ca7c31a2416b2d51c4ec9a8f?s=96&d=mm&r=g","contentUrl":"https:\/\/secure.gravatar.com\/avatar\/e2835a76ca7c31a2416b2d51c4ec9a8f?s=96&d=mm&r=g","caption":"M M"},"sameAs":["http:\/\/MM"],"url":"https:\/\/permbledhja.com\/sq\/author\/muhamet\/"}]}},"_links":{"self":[{"href":"https:\/\/permbledhja.com\/sq\/wp-json\/wp\/v2\/posts\/57785"}],"collection":[{"href":"https:\/\/permbledhja.com\/sq\/wp-json\/wp\/v2\/posts"}],"about":[{"href":"https:\/\/permbledhja.com\/sq\/wp-json\/wp\/v2\/types\/post"}],"author":[{"embeddable":true,"href":"https:\/\/permbledhja.com\/sq\/wp-json\/wp\/v2\/users\/2"}],"replies":[{"embeddable":true,"href":"https:\/\/permbledhja.com\/sq\/wp-json\/wp\/v2\/comments?post=57785"}],"version-history":[{"count":1,"href":"https:\/\/permbledhja.com\/sq\/wp-json\/wp\/v2\/posts\/57785\/revisions"}],"predecessor-version":[{"id":57787,"href":"https:\/\/permbledhja.com\/sq\/wp-json\/wp\/v2\/posts\/57785\/revisions\/57787"}],"wp:featuredmedia":[{"embeddable":true,"href":"https:\/\/permbledhja.com\/sq\/wp-json\/wp\/v2\/media\/57786"}],"wp:attachment":[{"href":"https:\/\/permbledhja.com\/sq\/wp-json\/wp\/v2\/media?parent=57785"}],"wp:term":[{"taxonomy":"category","embeddable":true,"href":"https:\/\/permbledhja.com\/sq\/wp-json\/wp\/v2\/categories?post=57785"},{"taxonomy":"post_tag","embeddable":true,"href":"https:\/\/permbledhja.com\/sq\/wp-json\/wp\/v2\/tags?post=57785"}],"curies":[{"name":"wp","href":"https:\/\/api.w.org\/{rel}","templated":true}]}}