{"id":57728,"date":"2024-04-22T09:46:37","date_gmt":"2024-04-22T09:46:37","guid":{"rendered":"https:\/\/permbledhja.com\/?p=57728"},"modified":"2024-04-22T09:46:37","modified_gmt":"2024-04-22T09:46:37","slug":"llapjani-e-akuzon-bashkeshorten-per-tradhti-dhe-e-rrah-dergohet-ne-mbajtje-per-48-ore","status":"publish","type":"post","link":"https:\/\/permbledhja.com\/sq\/llapjani-e-akuzon-bashkeshorten-per-tradhti-dhe-e-rrah-dergohet-ne-mbajtje-per-48-ore\/","title":{"rendered":"Llapjani e akuzon bashk\u00ebshorten p\u00ebr tradhti dhe e rrah, d\u00ebrgohet n\u00eb mbajtje p\u00ebr 48 or\u00eb"},"content":{"rendered":"<h3><strong>Dyshimet p\u00ebr tradhti dhe xhelozia b\u00ebhen shpesh shkaktar\u00eb t\u00eb dhun\u00ebs q\u00eb p\u00ebrjetojn\u00eb grat\u00eb n\u00eb Kosov\u00eb nga partner\u00ebt e tyre apo edhe an\u00ebtar\u00ebt e tjer\u00eb t\u00eb familje. Nj\u00eb rast i till\u00eb ka ndodhur s\u00eb fundmi n\u00eb nj\u00eb familje n\u00eb Podujev\u00eb, ku viktim\u00eb \u00ebsht\u00eb nj\u00eb grua 28-vje\u00e7are.<\/strong><\/h3>\n<p>Rastin e ka denoncuar gruaja, e cila ka k\u00ebrkuar ndihm\u00eb nga Policia, pasi u p\u00ebrball\u00eb me dhun\u00ebn fizike t\u00eb ushtruar nga bashk\u00ebshorti i saj.<\/p>\n<p>Gjith\u00eb ngjarja dyshohet t\u00eb ket\u00eb ndodhur p\u00ebr motive xhelozie p\u00ebr shkak t\u00eb dyshimeve t\u00eb burrit se gruaja po e tradhton. I dyshuari ka ushtruar dhun\u00eb psikike ndaj gruas, duke i shkaktuar shqet\u00ebsim t\u00eb madh.<\/p>\n<p>P\u00ebrball\u00eb k\u00ebsaj situate, ajo ka vendosur t\u00eb raportoj\u00eb rastin n\u00eb Polici dhe si rezultat i denoncimit, nj\u00ebsitet policore kan\u00eb intervenuar n\u00eb sht\u00ebpin\u00eb e tyre.<\/p>\n<p>Burri i dyshuar \u00ebsht\u00eb arrestuar dhe \u00ebsht\u00eb shoq\u00ebruar n\u00eb stacion policor p\u00ebr intervistim, nd\u00ebrsa viktima \u00ebsht\u00eb d\u00ebrguar n\u00eb strehimore.<\/p>\n<p>Me urdh\u00ebr t\u00eb Prokurorit t\u00eb Shtetit, i dyshuari \u00ebsht\u00eb d\u00ebrguar n\u00eb mbajtje dhe ndaj tij \u00ebsht\u00eb iniciuar rasti n\u00ebn dyshimet p\u00ebr kryerjen e vepr\u00ebs penale \u2018Dhun\u00eb n\u00eb familje\u2019.<\/p>\n","protected":false},"excerpt":{"rendered":"<p>Dyshimet p\u00ebr tradhti dhe xhelozia b\u00ebhen shpesh shkaktar\u00eb t\u00eb dhun\u00ebs q\u00eb p\u00ebrjetojn\u00eb grat\u00eb n\u00eb Kosov\u00eb nga partner\u00ebt e tyre apo edhe an\u00ebtar\u00ebt e tjer\u00eb t\u00eb familje. Nj\u00eb rast i till\u00eb ka ndodhur s\u00eb fundmi n\u00eb nj\u00eb familje n\u00eb Podujev\u00eb, ku viktim\u00eb \u00ebsht\u00eb nj\u00eb grua 28-vje\u00e7are. Rastin e ka denoncuar gruaja, e cila ka k\u00ebrkuar ndihm\u00eb [&hellip;]<\/p>\n","protected":false},"author":5,"featured_media":57729,"comment_status":"closed","ping_status":"closed","sticky":false,"template":"","format":"standard","meta":{"_monsterinsights_skip_tracking":false,"_monsterinsights_sitenote_active":false,"_monsterinsights_sitenote_note":"","_monsterinsights_sitenote_category":0,"_uf_show_specific_survey":0,"_uf_disable_surveys":false,"footnotes":""},"categories":[15],"tags":[],"yoast_head":"<!-- This site is optimized with the Yoast SEO plugin v21.5 - https:\/\/yoast.com\/wordpress\/plugins\/seo\/ -->\n<title>Llapjani e akuzon bashk\u00ebshorten p\u00ebr tradhti dhe e rrah, d\u00ebrgohet n\u00eb mbajtje p\u00ebr 48 or\u00eb<\/title>\n<meta name=\"robots\" content=\"index, follow, max-snippet:-1, max-image-preview:large, max-video-preview:-1\" \/>\n<link rel=\"canonical\" href=\"https:\/\/permbledhja.com\/sq\/llapjani-e-akuzon-bashkeshorten-per-tradhti-dhe-e-rrah-dergohet-ne-mbajtje-per-48-ore\/\" \/>\n<meta property=\"og:locale\" content=\"sq_AL\" \/>\n<meta property=\"og:type\" content=\"article\" \/>\n<meta property=\"og:title\" content=\"Llapjani e akuzon bashk\u00ebshorten p\u00ebr tradhti dhe e rrah, d\u00ebrgohet n\u00eb mbajtje p\u00ebr 48 or\u00eb\" \/>\n<meta property=\"og:description\" content=\"Dyshimet p\u00ebr tradhti dhe xhelozia b\u00ebhen shpesh shkaktar\u00eb t\u00eb dhun\u00ebs q\u00eb p\u00ebrjetojn\u00eb grat\u00eb n\u00eb Kosov\u00eb nga partner\u00ebt e tyre apo edhe an\u00ebtar\u00ebt e tjer\u00eb t\u00eb familje. Nj\u00eb rast i till\u00eb ka ndodhur s\u00eb fundmi n\u00eb nj\u00eb familje n\u00eb Podujev\u00eb, ku viktim\u00eb \u00ebsht\u00eb nj\u00eb grua 28-vje\u00e7are. Rastin e ka denoncuar gruaja, e cila ka k\u00ebrkuar ndihm\u00eb [&hellip;]\" \/>\n<meta property=\"og:url\" content=\"https:\/\/permbledhja.com\/sq\/llapjani-e-akuzon-bashkeshorten-per-tradhti-dhe-e-rrah-dergohet-ne-mbajtje-per-48-ore\/\" \/>\n<meta property=\"og:site_name\" content=\"Ve\u00e7 artikuj p\u00ebrmbledh\u00ebs\" \/>\n<meta property=\"article:publisher\" content=\"https:\/\/www.facebook.com\/press07\/\" \/>\n<meta property=\"article:published_time\" content=\"2024-04-22T09:46:37+00:00\" \/>\n<meta property=\"og:image\" content=\"https:\/\/permbledhja.com\/wp-content\/uploads\/2024\/04\/arrest.jpg\" \/>\n\t<meta property=\"og:image:width\" content=\"633\" \/>\n\t<meta property=\"og:image:height\" content=\"347\" \/>\n\t<meta property=\"og:image:type\" content=\"image\/jpeg\" \/>\n<meta name=\"author\" content=\"DL\" \/>\n<meta name=\"twitter:card\" content=\"summary_large_image\" \/>\n<meta name=\"twitter:label1\" content=\"Written by\" \/>\n\t<meta name=\"twitter:data1\" content=\"DL\" \/>\n\t<meta name=\"twitter:label2\" content=\"Est. reading time\" \/>\n\t<meta name=\"twitter:data2\" content=\"1 minut\u00eb\" \/>\n<script type=\"application\/ld+json\" class=\"yoast-schema-graph\">{\"@context\":\"https:\/\/schema.org\",\"@graph\":[{\"@type\":\"Article\",\"@id\":\"https:\/\/permbledhja.com\/sq\/llapjani-e-akuzon-bashkeshorten-per-tradhti-dhe-e-rrah-dergohet-ne-mbajtje-per-48-ore\/#article\",\"isPartOf\":{\"@id\":\"https:\/\/permbledhja.com\/sq\/llapjani-e-akuzon-bashkeshorten-per-tradhti-dhe-e-rrah-dergohet-ne-mbajtje-per-48-ore\/\"},\"author\":{\"name\":\"DL\",\"@id\":\"https:\/\/permbledhja.com\/#\/schema\/person\/9c54260cbc4c6f792cb100550491638c\"},\"headline\":\"Llapjani e akuzon bashk\u00ebshorten p\u00ebr tradhti dhe e rrah, d\u00ebrgohet n\u00eb mbajtje p\u00ebr 48 or\u00eb\",\"datePublished\":\"2024-04-22T09:46:37+00:00\",\"dateModified\":\"2024-04-22T09:46:37+00:00\",\"mainEntityOfPage\":{\"@id\":\"https:\/\/permbledhja.com\/sq\/llapjani-e-akuzon-bashkeshorten-per-tradhti-dhe-e-rrah-dergohet-ne-mbajtje-per-48-ore\/\"},\"wordCount\":220,\"publisher\":{\"@id\":\"https:\/\/permbledhja.com\/#organization\"},\"articleSection\":[\"Lajme\"],\"inLanguage\":\"sq\"},{\"@type\":\"WebPage\",\"@id\":\"https:\/\/permbledhja.com\/sq\/llapjani-e-akuzon-bashkeshorten-per-tradhti-dhe-e-rrah-dergohet-ne-mbajtje-per-48-ore\/\",\"url\":\"https:\/\/permbledhja.com\/sq\/llapjani-e-akuzon-bashkeshorten-per-tradhti-dhe-e-rrah-dergohet-ne-mbajtje-per-48-ore\/\",\"name\":\"Llapjani e akuzon bashk\u00ebshorten p\u00ebr tradhti dhe e rrah, d\u00ebrgohet n\u00eb mbajtje p\u00ebr 48 or\u00eb\",\"isPartOf\":{\"@id\":\"https:\/\/permbledhja.com\/#website\"},\"datePublished\":\"2024-04-22T09:46:37+00:00\",\"dateModified\":\"2024-04-22T09:46:37+00:00\",\"breadcrumb\":{\"@id\":\"https:\/\/permbledhja.com\/sq\/llapjani-e-akuzon-bashkeshorten-per-tradhti-dhe-e-rrah-dergohet-ne-mbajtje-per-48-ore\/#breadcrumb\"},\"inLanguage\":\"sq\",\"potentialAction\":[{\"@type\":\"ReadAction\",\"target\":[\"https:\/\/permbledhja.com\/sq\/llapjani-e-akuzon-bashkeshorten-per-tradhti-dhe-e-rrah-dergohet-ne-mbajtje-per-48-ore\/\"]}]},{\"@type\":\"BreadcrumbList\",\"@id\":\"https:\/\/permbledhja.com\/sq\/llapjani-e-akuzon-bashkeshorten-per-tradhti-dhe-e-rrah-dergohet-ne-mbajtje-per-48-ore\/#breadcrumb\",\"itemListElement\":[{\"@type\":\"ListItem\",\"position\":1,\"name\":\"Ballina\",\"item\":\"https:\/\/permbledhja.com\/sq\/\"},{\"@type\":\"ListItem\",\"position\":2,\"name\":\"Llapjani e akuzon bashk\u00ebshorten p\u00ebr tradhti dhe e rrah, d\u00ebrgohet n\u00eb mbajtje p\u00ebr 48 or\u00eb\"}]},{\"@type\":\"WebSite\",\"@id\":\"https:\/\/permbledhja.com\/#website\",\"url\":\"https:\/\/permbledhja.com\/\",\"name\":\"Ve\u00e7 artikuj p\u00ebrmbledh\u00ebs\",\"description\":\"\",\"publisher\":{\"@id\":\"https:\/\/permbledhja.com\/#organization\"},\"potentialAction\":[{\"@type\":\"SearchAction\",\"target\":{\"@type\":\"EntryPoint\",\"urlTemplate\":\"https:\/\/permbledhja.com\/?s={search_term_string}\"},\"query-input\":\"required name=search_term_string\"}],\"inLanguage\":\"sq\"},{\"@type\":\"Organization\",\"@id\":\"https:\/\/permbledhja.com\/#organization\",\"name\":\"MK Media & Pr\",\"url\":\"https:\/\/permbledhja.com\/\",\"logo\":{\"@type\":\"ImageObject\",\"inLanguage\":\"sq\",\"@id\":\"https:\/\/permbledhja.com\/#\/schema\/logo\/image\/\",\"url\":\"https:\/\/permbledhja.com\/wp-content\/uploads\/2021\/12\/07-Press-Logo.jpg\",\"contentUrl\":\"https:\/\/permbledhja.com\/wp-content\/uploads\/2021\/12\/07-Press-Logo.jpg\",\"width\":512,\"height\":512,\"caption\":\"MK Media & Pr\"},\"image\":{\"@id\":\"https:\/\/permbledhja.com\/#\/schema\/logo\/image\/\"},\"sameAs\":[\"https:\/\/www.facebook.com\/press07\/\"]},{\"@type\":\"Person\",\"@id\":\"https:\/\/permbledhja.com\/#\/schema\/person\/9c54260cbc4c6f792cb100550491638c\",\"name\":\"DL\",\"image\":{\"@type\":\"ImageObject\",\"inLanguage\":\"sq\",\"@id\":\"https:\/\/permbledhja.com\/#\/schema\/person\/image\/\",\"url\":\"https:\/\/secure.gravatar.com\/avatar\/94503eb28d4c4b2005a5c8753e35fc80?s=96&d=mm&r=g\",\"contentUrl\":\"https:\/\/secure.gravatar.com\/avatar\/94503eb28d4c4b2005a5c8753e35fc80?s=96&d=mm&r=g\",\"caption\":\"DL\"},\"url\":\"https:\/\/permbledhja.com\/sq\/author\/dl\/\"}]}<\/script>\n<!-- \/ Yoast SEO plugin. -->","yoast_head_json":{"title":"Llapjani e akuzon bashk\u00ebshorten p\u00ebr tradhti dhe e rrah, d\u00ebrgohet n\u00eb mbajtje p\u00ebr 48 or\u00eb","robots":{"index":"index","follow":"follow","max-snippet":"max-snippet:-1","max-image-preview":"max-image-preview:large","max-video-preview":"max-video-preview:-1"},"canonical":"https:\/\/permbledhja.com\/sq\/llapjani-e-akuzon-bashkeshorten-per-tradhti-dhe-e-rrah-dergohet-ne-mbajtje-per-48-ore\/","og_locale":"sq_AL","og_type":"article","og_title":"Llapjani e akuzon bashk\u00ebshorten p\u00ebr tradhti dhe e rrah, d\u00ebrgohet n\u00eb mbajtje p\u00ebr 48 or\u00eb","og_description":"Dyshimet p\u00ebr tradhti dhe xhelozia b\u00ebhen shpesh shkaktar\u00eb t\u00eb dhun\u00ebs q\u00eb p\u00ebrjetojn\u00eb grat\u00eb n\u00eb Kosov\u00eb nga partner\u00ebt e tyre apo edhe an\u00ebtar\u00ebt e tjer\u00eb t\u00eb familje. Nj\u00eb rast i till\u00eb ka ndodhur s\u00eb fundmi n\u00eb nj\u00eb familje n\u00eb Podujev\u00eb, ku viktim\u00eb \u00ebsht\u00eb nj\u00eb grua 28-vje\u00e7are. Rastin e ka denoncuar gruaja, e cila ka k\u00ebrkuar ndihm\u00eb [&hellip;]","og_url":"https:\/\/permbledhja.com\/sq\/llapjani-e-akuzon-bashkeshorten-per-tradhti-dhe-e-rrah-dergohet-ne-mbajtje-per-48-ore\/","og_site_name":"Ve\u00e7 artikuj p\u00ebrmbledh\u00ebs","article_publisher":"https:\/\/www.facebook.com\/press07\/","article_published_time":"2024-04-22T09:46:37+00:00","og_image":[{"width":633,"height":347,"url":"https:\/\/permbledhja.com\/wp-content\/uploads\/2024\/04\/arrest.jpg","type":"image\/jpeg"}],"author":"DL","twitter_card":"summary_large_image","twitter_misc":{"Written by":"DL","Est. reading time":"1 minut\u00eb"},"schema":{"@context":"https:\/\/schema.org","@graph":[{"@type":"Article","@id":"https:\/\/permbledhja.com\/sq\/llapjani-e-akuzon-bashkeshorten-per-tradhti-dhe-e-rrah-dergohet-ne-mbajtje-per-48-ore\/#article","isPartOf":{"@id":"https:\/\/permbledhja.com\/sq\/llapjani-e-akuzon-bashkeshorten-per-tradhti-dhe-e-rrah-dergohet-ne-mbajtje-per-48-ore\/"},"author":{"name":"DL","@id":"https:\/\/permbledhja.com\/#\/schema\/person\/9c54260cbc4c6f792cb100550491638c"},"headline":"Llapjani e akuzon bashk\u00ebshorten p\u00ebr tradhti dhe e rrah, d\u00ebrgohet n\u00eb mbajtje p\u00ebr 48 or\u00eb","datePublished":"2024-04-22T09:46:37+00:00","dateModified":"2024-04-22T09:46:37+00:00","mainEntityOfPage":{"@id":"https:\/\/permbledhja.com\/sq\/llapjani-e-akuzon-bashkeshorten-per-tradhti-dhe-e-rrah-dergohet-ne-mbajtje-per-48-ore\/"},"wordCount":220,"publisher":{"@id":"https:\/\/permbledhja.com\/#organization"},"articleSection":["Lajme"],"inLanguage":"sq"},{"@type":"WebPage","@id":"https:\/\/permbledhja.com\/sq\/llapjani-e-akuzon-bashkeshorten-per-tradhti-dhe-e-rrah-dergohet-ne-mbajtje-per-48-ore\/","url":"https:\/\/permbledhja.com\/sq\/llapjani-e-akuzon-bashkeshorten-per-tradhti-dhe-e-rrah-dergohet-ne-mbajtje-per-48-ore\/","name":"Llapjani e akuzon bashk\u00ebshorten p\u00ebr tradhti dhe e rrah, d\u00ebrgohet n\u00eb mbajtje p\u00ebr 48 or\u00eb","isPartOf":{"@id":"https:\/\/permbledhja.com\/#website"},"datePublished":"2024-04-22T09:46:37+00:00","dateModified":"2024-04-22T09:46:37+00:00","breadcrumb":{"@id":"https:\/\/permbledhja.com\/sq\/llapjani-e-akuzon-bashkeshorten-per-tradhti-dhe-e-rrah-dergohet-ne-mbajtje-per-48-ore\/#breadcrumb"},"inLanguage":"sq","potentialAction":[{"@type":"ReadAction","target":["https:\/\/permbledhja.com\/sq\/llapjani-e-akuzon-bashkeshorten-per-tradhti-dhe-e-rrah-dergohet-ne-mbajtje-per-48-ore\/"]}]},{"@type":"BreadcrumbList","@id":"https:\/\/permbledhja.com\/sq\/llapjani-e-akuzon-bashkeshorten-per-tradhti-dhe-e-rrah-dergohet-ne-mbajtje-per-48-ore\/#breadcrumb","itemListElement":[{"@type":"ListItem","position":1,"name":"Ballina","item":"https:\/\/permbledhja.com\/sq\/"},{"@type":"ListItem","position":2,"name":"Llapjani e akuzon bashk\u00ebshorten p\u00ebr tradhti dhe e rrah, d\u00ebrgohet n\u00eb mbajtje p\u00ebr 48 or\u00eb"}]},{"@type":"WebSite","@id":"https:\/\/permbledhja.com\/#website","url":"https:\/\/permbledhja.com\/","name":"Ve\u00e7 artikuj p\u00ebrmbledh\u00ebs","description":"","publisher":{"@id":"https:\/\/permbledhja.com\/#organization"},"potentialAction":[{"@type":"SearchAction","target":{"@type":"EntryPoint","urlTemplate":"https:\/\/permbledhja.com\/?s={search_term_string}"},"query-input":"required name=search_term_string"}],"inLanguage":"sq"},{"@type":"Organization","@id":"https:\/\/permbledhja.com\/#organization","name":"MK Media & Pr","url":"https:\/\/permbledhja.com\/","logo":{"@type":"ImageObject","inLanguage":"sq","@id":"https:\/\/permbledhja.com\/#\/schema\/logo\/image\/","url":"https:\/\/permbledhja.com\/wp-content\/uploads\/2021\/12\/07-Press-Logo.jpg","contentUrl":"https:\/\/permbledhja.com\/wp-content\/uploads\/2021\/12\/07-Press-Logo.jpg","width":512,"height":512,"caption":"MK Media & Pr"},"image":{"@id":"https:\/\/permbledhja.com\/#\/schema\/logo\/image\/"},"sameAs":["https:\/\/www.facebook.com\/press07\/"]},{"@type":"Person","@id":"https:\/\/permbledhja.com\/#\/schema\/person\/9c54260cbc4c6f792cb100550491638c","name":"DL","image":{"@type":"ImageObject","inLanguage":"sq","@id":"https:\/\/permbledhja.com\/#\/schema\/person\/image\/","url":"https:\/\/secure.gravatar.com\/avatar\/94503eb28d4c4b2005a5c8753e35fc80?s=96&d=mm&r=g","contentUrl":"https:\/\/secure.gravatar.com\/avatar\/94503eb28d4c4b2005a5c8753e35fc80?s=96&d=mm&r=g","caption":"DL"},"url":"https:\/\/permbledhja.com\/sq\/author\/dl\/"}]}},"_links":{"self":[{"href":"https:\/\/permbledhja.com\/sq\/wp-json\/wp\/v2\/posts\/57728"}],"collection":[{"href":"https:\/\/permbledhja.com\/sq\/wp-json\/wp\/v2\/posts"}],"about":[{"href":"https:\/\/permbledhja.com\/sq\/wp-json\/wp\/v2\/types\/post"}],"author":[{"embeddable":true,"href":"https:\/\/permbledhja.com\/sq\/wp-json\/wp\/v2\/users\/5"}],"replies":[{"embeddable":true,"href":"https:\/\/permbledhja.com\/sq\/wp-json\/wp\/v2\/comments?post=57728"}],"version-history":[{"count":1,"href":"https:\/\/permbledhja.com\/sq\/wp-json\/wp\/v2\/posts\/57728\/revisions"}],"predecessor-version":[{"id":57730,"href":"https:\/\/permbledhja.com\/sq\/wp-json\/wp\/v2\/posts\/57728\/revisions\/57730"}],"wp:featuredmedia":[{"embeddable":true,"href":"https:\/\/permbledhja.com\/sq\/wp-json\/wp\/v2\/media\/57729"}],"wp:attachment":[{"href":"https:\/\/permbledhja.com\/sq\/wp-json\/wp\/v2\/media?parent=57728"}],"wp:term":[{"taxonomy":"category","embeddable":true,"href":"https:\/\/permbledhja.com\/sq\/wp-json\/wp\/v2\/categories?post=57728"},{"taxonomy":"post_tag","embeddable":true,"href":"https:\/\/permbledhja.com\/sq\/wp-json\/wp\/v2\/tags?post=57728"}],"curies":[{"name":"wp","href":"https:\/\/api.w.org\/{rel}","templated":true}]}}