{"id":57725,"date":"2024-04-22T09:34:06","date_gmt":"2024-04-22T09:34:06","guid":{"rendered":"https:\/\/permbledhja.com\/?p=57725"},"modified":"2024-04-22T09:34:06","modified_gmt":"2024-04-22T09:34:06","slug":"qeveria-del-me-deklarate-per-votimin-e-djeshem-ne-veri-rezultatet-tregojne-qe-ska-vullnet-per-ti-shkarkuar-kryetaret-aktuale","status":"publish","type":"post","link":"https:\/\/permbledhja.com\/sq\/qeveria-del-me-deklarate-per-votimin-e-djeshem-ne-veri-rezultatet-tregojne-qe-ska-vullnet-per-ti-shkarkuar-kryetaret-aktuale\/","title":{"rendered":"Qeveria del me deklarat\u00eb p\u00ebr votimin e djesh\u00ebm n\u00eb Veri: Rezultatet tregojn\u00eb q\u00eb s\u2019ka vullnet p\u00ebr t\u2019i shkarkuar kryetar\u00ebt aktual\u00eb"},"content":{"rendered":"<h3><strong>Qeveria e Kosov\u00ebs ka l\u00ebshuar nj\u00eb deklarat\u00eb lidhur me d\u00ebshtimin e votimit t\u00eb djesh\u00ebm p\u00ebr shkarkimin ose jo t\u00eb kryetar\u00ebve aktual\u00eb n\u00eb Veri.<\/strong><\/h3>\n<p>Qeveria ka p\u00ebrg\u00ebzuar KQZ\u2019n\u00eb dhe institucionet e siguris\u00eb q\u00eb procesi u p\u00ebrmbyll pa asnj\u00eb incident.<\/p>\n<p>\u201cN\u00eb Komunat e Mitrovic\u00ebs s\u00eb Veriut, Zve\u00e7anit, Zubin Potokut dhe Leposaviqit, dje u mbajt procesi i votimit p\u00ebr largimin ose jo t\u00eb kryetar\u00ebve t\u00eb k\u00ebtyre komunave, sipas udh\u00ebzimit administrativ, mb\u00ebshtetur n\u00eb nenin 72 t\u00eb Ligjit p\u00ebr Vet\u00ebqeverisje Lokale. Procesi u p\u00ebrmbyll pa asnj\u00eb incident. P\u00ebr k\u00ebt\u00eb, p\u00ebrg\u00ebzojm\u00eb Komisionin Qendror t\u00eb Zgjedhjeve dhe institucionet tona t\u00eb siguris\u00eb.\u201d<\/p>\n<p>Qeveria ka th\u00ebn\u00eb se Lista Serbe, \u201cq\u00eb fillimisht ishte shkaktare e zgjedhjeve t\u00eb 23 prillit p\u00ebrmes dor\u00ebheqjes s\u00eb kryetar\u00ebve t\u00eb saj, e pastaj inicuese e votimit t\u00eb djesh\u00ebm\u201d, p\u00ebrs\u00ebri bojkotoi votimin p\u00ebrkund\u00ebr thirrjeve t\u00eb komunitetit nd\u00ebrkomb\u00ebtar dhe \u201cinteresit qytetar\u201d.<\/p>\n<p>\u201cRikujtojm\u00eb se ky proces ishte nxitur nga k\u00ebrkesa e vazhdueshme p\u00ebr zgjedhje t\u00eb reja n\u00eb k\u00ebto komuna, duke marr\u00eb shkas munges\u00ebn e legjitimitetit t\u00eb plot\u00eb t\u00eb kryetar\u00ebve aktual\u00eb pas daljes s\u00eb ul\u00ebt t\u00eb qytetar\u00ebve n\u00eb zgjedhjet e 23 prillit 2023. Ai filloi me grumbullimin e n\u00ebnshkrimeve t\u00eb 20% t\u00eb nevojsh\u00ebm t\u00eb qytetar\u00ebve me t\u00eb drejt\u00eb vote. Megjithat\u00eb, Lista Serbe q\u00eb fillimisht ishte shkaktare e zgjedhjeve t\u00eb 23 prillit p\u00ebrmes dor\u00ebheqjes s\u00eb kryetar\u00ebve t\u00eb saj, e pastaj inicuese e votimit t\u00eb djesh\u00ebm, p\u00ebrs\u00ebri bojkotoi procese demokratike, p\u00ebrkund\u00ebr thirrjeve t\u00eb komunitetit nd\u00ebrkomb\u00ebtar dhe interesit qytetar.\u201d<\/p>\n<p>Qeveria ka shprehur keqardhje p\u00ebr pjes\u00ebmarrjen e ul\u00ebt n\u00eb votim dhe fal\u00ebnderoi ata q\u00eb e shfryt\u00ebzuan k\u00ebt\u00eb t\u00eb drejt\u00eb, dhe ka shtuar se rezultatet e djeshme tregojn\u00eb q\u00eb nuk ka vullnet p\u00ebr shkarkimin e kryetar\u00ebve aktual\u00eb.<\/p>\n<p>\u201cQeveria e Republik\u00ebs s\u00eb Kosov\u00ebs shpreh keqardhje p\u00ebr pjes\u00ebmarrjen e ul\u00ebt n\u00eb votimin e djesh\u00ebm dhe fal\u00ebnderon ata t\u00eb cil\u00ebt ushtruan t\u00eb drejt\u00ebn e tyre demokratike dhe ligjore. Jemi t\u00eb vet\u00ebdijsh\u00ebm ndaj rrethanave n\u00eb kat\u00ebr komunat n\u00eb veri t\u00eb Kosov\u00ebs, sidomos trysnis\u00eb s\u00eb madhe t\u00eb ushtruar nga autoritetet e Beogradit ndaj qytetar\u00ebve serb\u00eb t\u00eb Kosov\u00ebs n\u00eb k\u00ebto komuna. Rezultatet e votimit t\u00eb djesh\u00ebm tregojn\u00eb q\u00eb nuk ka vullnet p\u00ebr t\u2019i shkarkuar kryetar\u00ebt aktual\u00eb.\u201d<\/p>\n<p>Qeveria ka th\u00ebn\u00eb se jan\u00eb t\u00eb gatshme p\u00ebr t\u00eb bashk\u00ebpunuar me kryetar\u00ebt n\u00eb Veri.<\/p>\n<p>\u201cMe k\u00ebt\u00eb rast, Qeveria e Republik\u00ebs s\u00eb Kosov\u00ebs, shpreh edhe nj\u00eb her\u00eb mb\u00ebshtetjen dhe gatishm\u00ebrin\u00eb e saj p\u00ebr t\u00eb bashk\u00ebpunuar me kryetar\u00ebt e komunave t\u00eb Mitrovic\u00ebs s\u00eb Veriut, Zve\u00e7anit, Zubin Potokut dhe Leposaviqit n\u00eb p\u00ebrmbushjen e p\u00ebrgjegj\u00ebsive t\u00eb tyre dhe sh\u00ebrbimin ndaj qytetar\u00ebve t\u00eb k\u00ebtyre kat\u00ebr komunave, pa dallim.\u201d<\/p>\n<p>Qeveria ka th\u00ebn\u00eb se \u00ebsht\u00eb koha q\u00eb t\u00eb hiqen masat kund\u00ebr Kosov\u00ebs pas p\u00ebrmbushjes s\u00eb obligimit q\u00eb mori p\u00ebr deeskalimin e situat\u00ebs n\u00eb Veri.<\/p>\n<p>\u201cMe p\u00ebrfundimin e k\u00ebtij procesi, pa marr\u00eb parasysh rezultatin, Republika e Kosov\u00ebs ka p\u00ebrmbushur obligimin e saj ndaj qytetar\u00ebve t\u00eb saj dhe p\u00ebrgjegj\u00ebsin\u00eb e marr\u00eb nga dakordimi me Bashkimin Evropian p\u00ebr deeskalimin e situat\u00ebs n\u00eb veri t\u00eb vendit. Andaj, pas votimit t\u00eb djesh\u00ebm, \u00ebsht\u00eb koha q\u00eb masat e padrejta ndaj Kosov\u00ebs p\u00ebrfundimisht t\u00eb largohen.\u201d<\/p>\n","protected":false},"excerpt":{"rendered":"<p>Qeveria e Kosov\u00ebs ka l\u00ebshuar nj\u00eb deklarat\u00eb lidhur me d\u00ebshtimin e votimit t\u00eb djesh\u00ebm p\u00ebr shkarkimin ose jo t\u00eb kryetar\u00ebve aktual\u00eb n\u00eb Veri. Qeveria ka p\u00ebrg\u00ebzuar KQZ\u2019n\u00eb dhe institucionet e siguris\u00eb q\u00eb procesi u p\u00ebrmbyll pa asnj\u00eb incident. \u201cN\u00eb Komunat e Mitrovic\u00ebs s\u00eb Veriut, Zve\u00e7anit, Zubin Potokut dhe Leposaviqit, dje u mbajt procesi i votimit [&hellip;]<\/p>\n","protected":false},"author":5,"featured_media":57726,"comment_status":"closed","ping_status":"closed","sticky":false,"template":"","format":"standard","meta":{"_monsterinsights_skip_tracking":false,"_monsterinsights_sitenote_active":false,"_monsterinsights_sitenote_note":"","_monsterinsights_sitenote_category":0,"_uf_show_specific_survey":0,"_uf_disable_surveys":false,"footnotes":""},"categories":[1146],"tags":[],"yoast_head":"<!-- This site is optimized with the Yoast SEO plugin v21.5 - https:\/\/yoast.com\/wordpress\/plugins\/seo\/ -->\n<title>Qeveria del me deklarat\u00eb p\u00ebr votimin e djesh\u00ebm n\u00eb Veri: Rezultatet tregojn\u00eb q\u00eb s\u2019ka vullnet p\u00ebr t\u2019i shkarkuar kryetar\u00ebt aktual\u00eb<\/title>\n<meta name=\"robots\" content=\"index, follow, max-snippet:-1, max-image-preview:large, max-video-preview:-1\" \/>\n<link rel=\"canonical\" href=\"https:\/\/permbledhja.com\/sq\/qeveria-del-me-deklarate-per-votimin-e-djeshem-ne-veri-rezultatet-tregojne-qe-ska-vullnet-per-ti-shkarkuar-kryetaret-aktuale\/\" \/>\n<meta property=\"og:locale\" content=\"sq_AL\" \/>\n<meta property=\"og:type\" content=\"article\" \/>\n<meta property=\"og:title\" content=\"Qeveria del me deklarat\u00eb p\u00ebr votimin e djesh\u00ebm n\u00eb Veri: Rezultatet tregojn\u00eb q\u00eb s\u2019ka vullnet p\u00ebr t\u2019i shkarkuar kryetar\u00ebt aktual\u00eb\" \/>\n<meta property=\"og:description\" content=\"Qeveria e Kosov\u00ebs ka l\u00ebshuar nj\u00eb deklarat\u00eb lidhur me d\u00ebshtimin e votimit t\u00eb djesh\u00ebm p\u00ebr shkarkimin ose jo t\u00eb kryetar\u00ebve aktual\u00eb n\u00eb Veri. Qeveria ka p\u00ebrg\u00ebzuar KQZ\u2019n\u00eb dhe institucionet e siguris\u00eb q\u00eb procesi u p\u00ebrmbyll pa asnj\u00eb incident. \u201cN\u00eb Komunat e Mitrovic\u00ebs s\u00eb Veriut, Zve\u00e7anit, Zubin Potokut dhe Leposaviqit, dje u mbajt procesi i votimit [&hellip;]\" \/>\n<meta property=\"og:url\" content=\"https:\/\/permbledhja.com\/sq\/qeveria-del-me-deklarate-per-votimin-e-djeshem-ne-veri-rezultatet-tregojne-qe-ska-vullnet-per-ti-shkarkuar-kryetaret-aktuale\/\" \/>\n<meta property=\"og:site_name\" content=\"Ve\u00e7 artikuj p\u00ebrmbledh\u00ebs\" \/>\n<meta property=\"article:publisher\" content=\"https:\/\/www.facebook.com\/press07\/\" \/>\n<meta property=\"article:published_time\" content=\"2024-04-22T09:34:06+00:00\" \/>\n<meta property=\"og:image\" content=\"https:\/\/permbledhja.com\/wp-content\/uploads\/2024\/04\/qeveria.jpg\" \/>\n\t<meta property=\"og:image:width\" content=\"600\" \/>\n\t<meta property=\"og:image:height\" content=\"360\" \/>\n\t<meta property=\"og:image:type\" content=\"image\/jpeg\" \/>\n<meta name=\"author\" content=\"DL\" \/>\n<meta name=\"twitter:card\" content=\"summary_large_image\" \/>\n<meta name=\"twitter:label1\" content=\"Written by\" \/>\n\t<meta name=\"twitter:data1\" content=\"DL\" \/>\n\t<meta name=\"twitter:label2\" content=\"Est. reading time\" \/>\n\t<meta name=\"twitter:data2\" content=\"3 minuta\" \/>\n<script type=\"application\/ld+json\" class=\"yoast-schema-graph\">{\"@context\":\"https:\/\/schema.org\",\"@graph\":[{\"@type\":\"Article\",\"@id\":\"https:\/\/permbledhja.com\/sq\/qeveria-del-me-deklarate-per-votimin-e-djeshem-ne-veri-rezultatet-tregojne-qe-ska-vullnet-per-ti-shkarkuar-kryetaret-aktuale\/#article\",\"isPartOf\":{\"@id\":\"https:\/\/permbledhja.com\/sq\/qeveria-del-me-deklarate-per-votimin-e-djeshem-ne-veri-rezultatet-tregojne-qe-ska-vullnet-per-ti-shkarkuar-kryetaret-aktuale\/\"},\"author\":{\"name\":\"DL\",\"@id\":\"https:\/\/permbledhja.com\/#\/schema\/person\/9c54260cbc4c6f792cb100550491638c\"},\"headline\":\"Qeveria del me deklarat\u00eb p\u00ebr votimin e djesh\u00ebm n\u00eb Veri: Rezultatet tregojn\u00eb q\u00eb s\u2019ka vullnet p\u00ebr t\u2019i shkarkuar kryetar\u00ebt aktual\u00eb\",\"datePublished\":\"2024-04-22T09:34:06+00:00\",\"dateModified\":\"2024-04-22T09:34:06+00:00\",\"mainEntityOfPage\":{\"@id\":\"https:\/\/permbledhja.com\/sq\/qeveria-del-me-deklarate-per-votimin-e-djeshem-ne-veri-rezultatet-tregojne-qe-ska-vullnet-per-ti-shkarkuar-kryetaret-aktuale\/\"},\"wordCount\":618,\"publisher\":{\"@id\":\"https:\/\/permbledhja.com\/#organization\"},\"articleSection\":[\"Kryesoret\"],\"inLanguage\":\"sq\"},{\"@type\":\"WebPage\",\"@id\":\"https:\/\/permbledhja.com\/sq\/qeveria-del-me-deklarate-per-votimin-e-djeshem-ne-veri-rezultatet-tregojne-qe-ska-vullnet-per-ti-shkarkuar-kryetaret-aktuale\/\",\"url\":\"https:\/\/permbledhja.com\/sq\/qeveria-del-me-deklarate-per-votimin-e-djeshem-ne-veri-rezultatet-tregojne-qe-ska-vullnet-per-ti-shkarkuar-kryetaret-aktuale\/\",\"name\":\"Qeveria del me deklarat\u00eb p\u00ebr votimin e djesh\u00ebm n\u00eb Veri: Rezultatet tregojn\u00eb q\u00eb s\u2019ka vullnet p\u00ebr t\u2019i shkarkuar kryetar\u00ebt aktual\u00eb\",\"isPartOf\":{\"@id\":\"https:\/\/permbledhja.com\/#website\"},\"datePublished\":\"2024-04-22T09:34:06+00:00\",\"dateModified\":\"2024-04-22T09:34:06+00:00\",\"breadcrumb\":{\"@id\":\"https:\/\/permbledhja.com\/sq\/qeveria-del-me-deklarate-per-votimin-e-djeshem-ne-veri-rezultatet-tregojne-qe-ska-vullnet-per-ti-shkarkuar-kryetaret-aktuale\/#breadcrumb\"},\"inLanguage\":\"sq\",\"potentialAction\":[{\"@type\":\"ReadAction\",\"target\":[\"https:\/\/permbledhja.com\/sq\/qeveria-del-me-deklarate-per-votimin-e-djeshem-ne-veri-rezultatet-tregojne-qe-ska-vullnet-per-ti-shkarkuar-kryetaret-aktuale\/\"]}]},{\"@type\":\"BreadcrumbList\",\"@id\":\"https:\/\/permbledhja.com\/sq\/qeveria-del-me-deklarate-per-votimin-e-djeshem-ne-veri-rezultatet-tregojne-qe-ska-vullnet-per-ti-shkarkuar-kryetaret-aktuale\/#breadcrumb\",\"itemListElement\":[{\"@type\":\"ListItem\",\"position\":1,\"name\":\"Ballina\",\"item\":\"https:\/\/permbledhja.com\/sq\/\"},{\"@type\":\"ListItem\",\"position\":2,\"name\":\"Qeveria del me deklarat\u00eb p\u00ebr votimin e djesh\u00ebm n\u00eb Veri: Rezultatet tregojn\u00eb q\u00eb s\u2019ka vullnet p\u00ebr t\u2019i shkarkuar kryetar\u00ebt aktual\u00eb\"}]},{\"@type\":\"WebSite\",\"@id\":\"https:\/\/permbledhja.com\/#website\",\"url\":\"https:\/\/permbledhja.com\/\",\"name\":\"Ve\u00e7 artikuj p\u00ebrmbledh\u00ebs\",\"description\":\"\",\"publisher\":{\"@id\":\"https:\/\/permbledhja.com\/#organization\"},\"potentialAction\":[{\"@type\":\"SearchAction\",\"target\":{\"@type\":\"EntryPoint\",\"urlTemplate\":\"https:\/\/permbledhja.com\/?s={search_term_string}\"},\"query-input\":\"required name=search_term_string\"}],\"inLanguage\":\"sq\"},{\"@type\":\"Organization\",\"@id\":\"https:\/\/permbledhja.com\/#organization\",\"name\":\"MK Media & Pr\",\"url\":\"https:\/\/permbledhja.com\/\",\"logo\":{\"@type\":\"ImageObject\",\"inLanguage\":\"sq\",\"@id\":\"https:\/\/permbledhja.com\/#\/schema\/logo\/image\/\",\"url\":\"https:\/\/permbledhja.com\/wp-content\/uploads\/2021\/12\/07-Press-Logo.jpg\",\"contentUrl\":\"https:\/\/permbledhja.com\/wp-content\/uploads\/2021\/12\/07-Press-Logo.jpg\",\"width\":512,\"height\":512,\"caption\":\"MK Media & Pr\"},\"image\":{\"@id\":\"https:\/\/permbledhja.com\/#\/schema\/logo\/image\/\"},\"sameAs\":[\"https:\/\/www.facebook.com\/press07\/\"]},{\"@type\":\"Person\",\"@id\":\"https:\/\/permbledhja.com\/#\/schema\/person\/9c54260cbc4c6f792cb100550491638c\",\"name\":\"DL\",\"image\":{\"@type\":\"ImageObject\",\"inLanguage\":\"sq\",\"@id\":\"https:\/\/permbledhja.com\/#\/schema\/person\/image\/\",\"url\":\"https:\/\/secure.gravatar.com\/avatar\/94503eb28d4c4b2005a5c8753e35fc80?s=96&d=mm&r=g\",\"contentUrl\":\"https:\/\/secure.gravatar.com\/avatar\/94503eb28d4c4b2005a5c8753e35fc80?s=96&d=mm&r=g\",\"caption\":\"DL\"},\"url\":\"https:\/\/permbledhja.com\/sq\/author\/dl\/\"}]}<\/script>\n<!-- \/ Yoast SEO plugin. -->","yoast_head_json":{"title":"Qeveria del me deklarat\u00eb p\u00ebr votimin e djesh\u00ebm n\u00eb Veri: Rezultatet tregojn\u00eb q\u00eb s\u2019ka vullnet p\u00ebr t\u2019i shkarkuar kryetar\u00ebt aktual\u00eb","robots":{"index":"index","follow":"follow","max-snippet":"max-snippet:-1","max-image-preview":"max-image-preview:large","max-video-preview":"max-video-preview:-1"},"canonical":"https:\/\/permbledhja.com\/sq\/qeveria-del-me-deklarate-per-votimin-e-djeshem-ne-veri-rezultatet-tregojne-qe-ska-vullnet-per-ti-shkarkuar-kryetaret-aktuale\/","og_locale":"sq_AL","og_type":"article","og_title":"Qeveria del me deklarat\u00eb p\u00ebr votimin e djesh\u00ebm n\u00eb Veri: Rezultatet tregojn\u00eb q\u00eb s\u2019ka vullnet p\u00ebr t\u2019i shkarkuar kryetar\u00ebt aktual\u00eb","og_description":"Qeveria e Kosov\u00ebs ka l\u00ebshuar nj\u00eb deklarat\u00eb lidhur me d\u00ebshtimin e votimit t\u00eb djesh\u00ebm p\u00ebr shkarkimin ose jo t\u00eb kryetar\u00ebve aktual\u00eb n\u00eb Veri. Qeveria ka p\u00ebrg\u00ebzuar KQZ\u2019n\u00eb dhe institucionet e siguris\u00eb q\u00eb procesi u p\u00ebrmbyll pa asnj\u00eb incident. \u201cN\u00eb Komunat e Mitrovic\u00ebs s\u00eb Veriut, Zve\u00e7anit, Zubin Potokut dhe Leposaviqit, dje u mbajt procesi i votimit [&hellip;]","og_url":"https:\/\/permbledhja.com\/sq\/qeveria-del-me-deklarate-per-votimin-e-djeshem-ne-veri-rezultatet-tregojne-qe-ska-vullnet-per-ti-shkarkuar-kryetaret-aktuale\/","og_site_name":"Ve\u00e7 artikuj p\u00ebrmbledh\u00ebs","article_publisher":"https:\/\/www.facebook.com\/press07\/","article_published_time":"2024-04-22T09:34:06+00:00","og_image":[{"width":600,"height":360,"url":"https:\/\/permbledhja.com\/wp-content\/uploads\/2024\/04\/qeveria.jpg","type":"image\/jpeg"}],"author":"DL","twitter_card":"summary_large_image","twitter_misc":{"Written by":"DL","Est. reading time":"3 minuta"},"schema":{"@context":"https:\/\/schema.org","@graph":[{"@type":"Article","@id":"https:\/\/permbledhja.com\/sq\/qeveria-del-me-deklarate-per-votimin-e-djeshem-ne-veri-rezultatet-tregojne-qe-ska-vullnet-per-ti-shkarkuar-kryetaret-aktuale\/#article","isPartOf":{"@id":"https:\/\/permbledhja.com\/sq\/qeveria-del-me-deklarate-per-votimin-e-djeshem-ne-veri-rezultatet-tregojne-qe-ska-vullnet-per-ti-shkarkuar-kryetaret-aktuale\/"},"author":{"name":"DL","@id":"https:\/\/permbledhja.com\/#\/schema\/person\/9c54260cbc4c6f792cb100550491638c"},"headline":"Qeveria del me deklarat\u00eb p\u00ebr votimin e djesh\u00ebm n\u00eb Veri: Rezultatet tregojn\u00eb q\u00eb s\u2019ka vullnet p\u00ebr t\u2019i shkarkuar kryetar\u00ebt aktual\u00eb","datePublished":"2024-04-22T09:34:06+00:00","dateModified":"2024-04-22T09:34:06+00:00","mainEntityOfPage":{"@id":"https:\/\/permbledhja.com\/sq\/qeveria-del-me-deklarate-per-votimin-e-djeshem-ne-veri-rezultatet-tregojne-qe-ska-vullnet-per-ti-shkarkuar-kryetaret-aktuale\/"},"wordCount":618,"publisher":{"@id":"https:\/\/permbledhja.com\/#organization"},"articleSection":["Kryesoret"],"inLanguage":"sq"},{"@type":"WebPage","@id":"https:\/\/permbledhja.com\/sq\/qeveria-del-me-deklarate-per-votimin-e-djeshem-ne-veri-rezultatet-tregojne-qe-ska-vullnet-per-ti-shkarkuar-kryetaret-aktuale\/","url":"https:\/\/permbledhja.com\/sq\/qeveria-del-me-deklarate-per-votimin-e-djeshem-ne-veri-rezultatet-tregojne-qe-ska-vullnet-per-ti-shkarkuar-kryetaret-aktuale\/","name":"Qeveria del me deklarat\u00eb p\u00ebr votimin e djesh\u00ebm n\u00eb Veri: Rezultatet tregojn\u00eb q\u00eb s\u2019ka vullnet p\u00ebr t\u2019i shkarkuar kryetar\u00ebt aktual\u00eb","isPartOf":{"@id":"https:\/\/permbledhja.com\/#website"},"datePublished":"2024-04-22T09:34:06+00:00","dateModified":"2024-04-22T09:34:06+00:00","breadcrumb":{"@id":"https:\/\/permbledhja.com\/sq\/qeveria-del-me-deklarate-per-votimin-e-djeshem-ne-veri-rezultatet-tregojne-qe-ska-vullnet-per-ti-shkarkuar-kryetaret-aktuale\/#breadcrumb"},"inLanguage":"sq","potentialAction":[{"@type":"ReadAction","target":["https:\/\/permbledhja.com\/sq\/qeveria-del-me-deklarate-per-votimin-e-djeshem-ne-veri-rezultatet-tregojne-qe-ska-vullnet-per-ti-shkarkuar-kryetaret-aktuale\/"]}]},{"@type":"BreadcrumbList","@id":"https:\/\/permbledhja.com\/sq\/qeveria-del-me-deklarate-per-votimin-e-djeshem-ne-veri-rezultatet-tregojne-qe-ska-vullnet-per-ti-shkarkuar-kryetaret-aktuale\/#breadcrumb","itemListElement":[{"@type":"ListItem","position":1,"name":"Ballina","item":"https:\/\/permbledhja.com\/sq\/"},{"@type":"ListItem","position":2,"name":"Qeveria del me deklarat\u00eb p\u00ebr votimin e djesh\u00ebm n\u00eb Veri: Rezultatet tregojn\u00eb q\u00eb s\u2019ka vullnet p\u00ebr t\u2019i shkarkuar kryetar\u00ebt aktual\u00eb"}]},{"@type":"WebSite","@id":"https:\/\/permbledhja.com\/#website","url":"https:\/\/permbledhja.com\/","name":"Ve\u00e7 artikuj p\u00ebrmbledh\u00ebs","description":"","publisher":{"@id":"https:\/\/permbledhja.com\/#organization"},"potentialAction":[{"@type":"SearchAction","target":{"@type":"EntryPoint","urlTemplate":"https:\/\/permbledhja.com\/?s={search_term_string}"},"query-input":"required name=search_term_string"}],"inLanguage":"sq"},{"@type":"Organization","@id":"https:\/\/permbledhja.com\/#organization","name":"MK Media & Pr","url":"https:\/\/permbledhja.com\/","logo":{"@type":"ImageObject","inLanguage":"sq","@id":"https:\/\/permbledhja.com\/#\/schema\/logo\/image\/","url":"https:\/\/permbledhja.com\/wp-content\/uploads\/2021\/12\/07-Press-Logo.jpg","contentUrl":"https:\/\/permbledhja.com\/wp-content\/uploads\/2021\/12\/07-Press-Logo.jpg","width":512,"height":512,"caption":"MK Media & Pr"},"image":{"@id":"https:\/\/permbledhja.com\/#\/schema\/logo\/image\/"},"sameAs":["https:\/\/www.facebook.com\/press07\/"]},{"@type":"Person","@id":"https:\/\/permbledhja.com\/#\/schema\/person\/9c54260cbc4c6f792cb100550491638c","name":"DL","image":{"@type":"ImageObject","inLanguage":"sq","@id":"https:\/\/permbledhja.com\/#\/schema\/person\/image\/","url":"https:\/\/secure.gravatar.com\/avatar\/94503eb28d4c4b2005a5c8753e35fc80?s=96&d=mm&r=g","contentUrl":"https:\/\/secure.gravatar.com\/avatar\/94503eb28d4c4b2005a5c8753e35fc80?s=96&d=mm&r=g","caption":"DL"},"url":"https:\/\/permbledhja.com\/sq\/author\/dl\/"}]}},"_links":{"self":[{"href":"https:\/\/permbledhja.com\/sq\/wp-json\/wp\/v2\/posts\/57725"}],"collection":[{"href":"https:\/\/permbledhja.com\/sq\/wp-json\/wp\/v2\/posts"}],"about":[{"href":"https:\/\/permbledhja.com\/sq\/wp-json\/wp\/v2\/types\/post"}],"author":[{"embeddable":true,"href":"https:\/\/permbledhja.com\/sq\/wp-json\/wp\/v2\/users\/5"}],"replies":[{"embeddable":true,"href":"https:\/\/permbledhja.com\/sq\/wp-json\/wp\/v2\/comments?post=57725"}],"version-history":[{"count":1,"href":"https:\/\/permbledhja.com\/sq\/wp-json\/wp\/v2\/posts\/57725\/revisions"}],"predecessor-version":[{"id":57727,"href":"https:\/\/permbledhja.com\/sq\/wp-json\/wp\/v2\/posts\/57725\/revisions\/57727"}],"wp:featuredmedia":[{"embeddable":true,"href":"https:\/\/permbledhja.com\/sq\/wp-json\/wp\/v2\/media\/57726"}],"wp:attachment":[{"href":"https:\/\/permbledhja.com\/sq\/wp-json\/wp\/v2\/media?parent=57725"}],"wp:term":[{"taxonomy":"category","embeddable":true,"href":"https:\/\/permbledhja.com\/sq\/wp-json\/wp\/v2\/categories?post=57725"},{"taxonomy":"post_tag","embeddable":true,"href":"https:\/\/permbledhja.com\/sq\/wp-json\/wp\/v2\/tags?post=57725"}],"curies":[{"name":"wp","href":"https:\/\/api.w.org\/{rel}","templated":true}]}}