{"id":57643,"date":"2024-04-21T20:13:02","date_gmt":"2024-04-21T20:13:02","guid":{"rendered":"https:\/\/permbledhja.com\/?p=57643"},"modified":"2024-04-21T20:13:02","modified_gmt":"2024-04-21T20:13:02","slug":"neser-mblidhet-kryesia-e-kuvendit","status":"publish","type":"post","link":"https:\/\/permbledhja.com\/sq\/neser-mblidhet-kryesia-e-kuvendit\/","title":{"rendered":"Nes\u00ebr mblidhet Kryesia e Kuvendit"},"content":{"rendered":"<h3>Nes\u00ebr pritet q\u00eb t\u00eb mblidhet Kryesia e Kuvendit t\u00eb Kosov\u00ebs.<\/h3>\n<p>Mbledhja pritet t\u00eb filloj\u00eb nga ora 11:00, ku do t\u00eb diskutohet n\u00eb lidhje me miratimin e procesverbalit t\u00eb mbledhjes s\u00eb m\u00ebparshme t\u00eb kryesis\u00eb.<\/p>\n<p>Gjithashtu diskutim do t\u00eb jen\u00eb edhe pikat e pap\u00ebrfunduar nga Seanca e Jasht\u00ebzakonshme, e mbajtur m\u00eb 28 mars t\u00eb k\u00ebtij viti.<\/p>\n<p>Rendi i dit\u00ebs:<\/p>\n<p>&nbsp;<\/p>\n<p>&nbsp;<\/p>\n<p>Miratimi i procesverbalit t\u00eb mbledhjes s\u00eb m\u00ebparshme t\u00eb Kryesis\u00eb s\u00eb Kuvendit,II. Pika e pap\u00ebrfunduar nga Seanca e Jasht\u00ebzakonshme, e mbajtur m\u00eb 28 mars 2024:<\/p>\n<p>Votimi p\u00ebr themelimin e Komisionit Hetimor Parlamentar p\u00ebr procedurat e prokurimeve t\u00eb negociuara pa publikim t\u00eb njoftimit p\u00ebr kontrat\u00eb, n\u00eb ministri dhe n\u00eb nd\u00ebrmarrje publike qendrore.<\/p>\n<p>III. Pikat e pap\u00ebrfunduara nga Seanca plenare, e mbajtur m\u00eb 4 prill 2024:<\/p>\n<p>&nbsp;<\/p>\n<p>17. Votimi n\u00eb lexim t\u00eb dyt\u00eb i Projektligjit nr. 08\/L-211 p\u00ebr Ver\u00ebra,<\/p>\n<p>18. Votimi n\u00eb lexim t\u00eb dyt\u00eb i Projektligjit nr.08\/L-212 p\u00ebr sh\u00ebndetin riprodhues dhe fertilizim t\u00eb asistuar mjek\u00ebsor,<\/p>\n<p>20. Votimi n\u00eb parim i Projektligjit nr.08\/L-266 p\u00ebr gjendjen civile,<\/p>\n<p>21. Votimi n\u00eb parim i Projektligjit nr.08\/L-268 p\u00ebr shpron\u00ebsimin e pron\u00ebs s\u00eb paluajtshme,<\/p>\n<p>25. Shqyrtimi i par\u00eb i Projektligjit nr.08\/L-279 p\u00ebr Inspektoratin qendror t\u00eb mbik\u00ebqyrjes s\u00eb tregut,<\/p>\n<p>26. Shqyrtimi i par\u00eb i Projektligjit nr.08\/L-288 p\u00ebr mbrojtjen e konsumatorit,<\/p>\n<p>27. Votimi i Programit Komb\u00ebtar t\u00eb Shkenc\u00ebs 2023\/2028,<\/p>\n<p>28. Votimi p\u00ebr themelimin e Komisionit Hetimor Parlamentar mbi p\u00ebrgjegj\u00ebsit\u00eb ekzekutive t\u00eb Ministris\u00eb s\u00eb Drejt\u00ebsis\u00eb n\u00eb raport me zjarret e dyshimta n\u00eb Institutin e Mjek\u00ebsis\u00eb Ligjore, zhdukjen e mostrave n\u00eb rastin e Astrit Deharit dhe \u00e7do veprimi e mosveprimi t\u00eb k\u00ebsaj ministrie q\u00eb ka cenuar pavar\u00ebsin\u00eb dhe p\u00ebrgjegj\u00ebsit\u00eb ligjore t\u00eb k\u00ebtij instituti,<\/p>\n<p>29. Shqyrtimi i rekomandimeve nga mbik\u00ebqyrja e zbatimit t\u00eb Ligjit nr.08\/L-021 p\u00ebr tregti me jasht\u00eb,<\/p>\n<p>30. Shqyrtimi i Rekomandimeve lidhur me Raportin e auditimit t\u00eb performanc\u00ebs \u201cProkurimet e negociuara pa publikim t\u00eb njoftimit p\u00ebr kontrat\u00eb n\u00eb Ministrin\u00eb e Mjedisit, Planifikimit Hap\u00ebsinor dhe Infrastruktur\u00ebs p\u00ebr vitin 2021\u201d,<\/p>\n<p>31. Shqyrtimi i Rekomandimeve p\u00ebr Raportin e auditimit t\u00eb performanc\u00ebs \u201cRenovimi dhe konfigurimi i stadiumit t\u00eb qytetit n\u00eb Mitrovic\u00eb, Gjilan dhe Gjakov\u00eb\u201d,<\/p>\n<p>32. Shqyrtimi i Raportit vjetor t\u00eb Nd\u00ebrmarrjes Publike, Operatori i Sistemit, Transmisionit dhe Tregut, p\u00ebr vitin 2022,<\/p>\n<p>33. Shqyrtimi i Projekt-Deklarat\u00ebs p\u00ebr raportet e Republik\u00ebs s\u00eb Kosov\u00ebs me Shtetet e Bashkuara t\u00eb Amerik\u00ebs,<\/p>\n<p>34. Shqyrtimi i Projektrezolut\u00ebs p\u00ebr vler\u00ebsimin e pun\u00ebs s\u00eb Radiotelevizionit t\u00eb Kosov\u00ebs p\u00ebr vitin 2022,<\/p>\n<p>35. Shqyrtimi i Projektrezolut\u00ebs p\u00ebr vler\u00ebsimin e pun\u00ebs s\u00eb Autoritetit t\u00eb Konkurrenc\u00ebs i Republik\u00ebs s\u00eb Kosov\u00ebs p\u00ebr vitin 2022,<\/p>\n<p>36. Themelimi i Komisionit Ad-Hoc p\u00ebr p\u00ebrzgjedhjen e kandidat\u00ebve p\u00ebr nj\u00eb (1) an\u00ebtar t\u00eb Bordit t\u00eb Radiotelevizionit t\u00eb Kosov\u00ebs,<\/p>\n<p>37. Zgjedhja e an\u00ebtar\u00ebve t\u00eb Bordit t\u00eb Komisionit t\u00eb Pavarur p\u00ebr Miniera dhe Minerale,<\/p>\n<p>38. Zgjedhja e nj\u00eb (1) an\u00ebtari t\u00eb K\u00ebshillit Prokurorial t\u00eb Kosov\u00ebs, p\u00ebrfaq\u00ebsues nga Oda e Avokat\u00ebve t\u00eb Kosov\u00ebs,<\/p>\n<p>39. Shqyrtimi i Projekt-rezolut\u00ebs p\u00ebr adresimin e \u00e7\u00ebshtjes s\u00eb emigrimit t\u00eb qytetar\u00ebve nga Republika e Kosov\u00ebs.<\/p>\n<p>IV. Propozimi i rendit t\u00eb dit\u00ebs p\u00ebr Seanc\u00ebn plenare t\u00eb radh\u00ebs:<\/p>\n<p>1 Miratimi i procesverbaleve nga seancat e m\u00ebparshme,<\/p>\n<p>2. Deklarimet jasht\u00eb rendit t\u00eb dit\u00ebs,<\/p>\n<p>3. Pyetjet parlamentare,<\/p>\n<p>4. Shqyrtimi i Projekt-Rezolut\u00ebs p\u00ebr tre vjet qeverisje,<\/p>\n<p>5. Votimi i Projektligjit nr.08\/L-234 p\u00ebr ratifikimin e Marr\u00ebveshjes s\u00eb kredis\u00eb p\u00ebr programin e financave publike dhe rritjes ekonomike nd\u00ebrmjet Republik\u00ebs s\u00eb Kosov\u00ebs dhe Fondit OPEC p\u00ebr Zhvillim Nd\u00ebrkomb\u00ebtar,<\/p>\n<p>6. Votimi i Projektligjit nr.08\/L-236 p\u00ebr ratifikimin e Traktatit nd\u00ebrmjet Republik\u00ebs s\u00eb Kosov\u00ebs dhe Mbret\u00ebris\u00eb s\u00eb Danimark\u00ebs p\u00ebr shfryt\u00ebzimin e institucionit korrektues n\u00eb Gjilan me q\u00ebllim t\u00eb ekzekutimit t\u00eb d\u00ebnimeve daneze,<\/p>\n<p>7. Votimi i Projektligjit nr.08\/L-253 p\u00ebr Aderimin e Republik\u00ebs s\u00eb Kosov\u00ebs n\u00eb Konvent\u00ebn p\u00ebr Importin e P\u00ebrkohsh\u00ebm,<\/p>\n<p>8. Votimi i Projektligjit nr.08\/L-254 p\u00ebr ratifikimin e Marr\u00ebveshjes nd\u00ebrkomb\u00ebtare nd\u00ebrmjet Kosov\u00ebs nga nj\u00ebra an\u00eb dhe Bashkimit Evropian nga ana tjet\u00ebr p\u00ebr pjes\u00ebmarrjen e Kosov\u00ebs n\u00eb Programin e bashkimit programi i tregut t\u00eb vet\u00ebm,<\/p>\n<p>9. Votimi i Projektligjit nr. 08\/L-259 p\u00ebr Ratifikimin e Marr\u00ebveshjes s\u00eb Financimit nd\u00ebrmjet Republik\u00ebs s\u00eb Kosov\u00ebs, e p\u00ebrfaq\u00ebsuar nga Ministria e Financave, Pun\u00ebs dhe Transfereve, dhe Asociacionit Nd\u00ebrkomb\u00ebtar p\u00ebr Zhvillim p\u00ebr projektin \u201cProjekti p\u00ebr forcimin e qeverisjes digjitale p\u00ebr ofrimin e sh\u00ebrbimeve\u201d,<\/p>\n<p>10. Votimi i Projektligjit nr.08\/L-263 p\u00ebr ratifikimin e Marr\u00ebveshjes p\u00ebr sigurime sociale nd\u00ebrmjet Republik\u00ebs s\u00eb Kosov\u00ebs dhe Mbret\u00ebris\u00eb s\u00eb Holand\u00ebs,<\/p>\n<p>11. Votimi i Projektligjit nr.08\/L-271 p\u00ebr ratifikimin e Marr\u00ebveshjes nd\u00ebrkomb\u00ebtare nd\u00ebrmjet Qeveris\u00eb s\u00eb Kosov\u00ebs, t\u00eb p\u00ebrfaq\u00ebsuar nga Ministria e Financave, Pun\u00ebs dhe Transfereve dhe Qeveris\u00eb s\u00eb Konfederat\u00ebs Zvicerane, t\u00eb p\u00ebrfaq\u00ebsuar nga Sekretariati shtet\u00ebror p\u00ebr \u00e7\u00ebshtje ekonomike p\u00ebr Projektin e \u201cq\u00ebndrueshm\u00ebris\u00eb klimatike n\u00eb sektorin e uj\u00ebrave n\u00eb Kosov\u00eb\u201d,<\/p>\n<p>12. Votimi i Projektligjit nr.08\/L-273 p\u00ebr ratifikimin e Marr\u00ebveshjes s\u00eb financimit n\u00eb mes t\u00eb Republik\u00ebs s\u00eb Kosov\u00ebs, p\u00ebrfaq\u00ebsuar nga Ministria e Financave, Pun\u00ebs dhe Transfereve, Korporata Energjetike e Kosov\u00ebs (KEK), dhe KFW, Frankfurt Am Main, p\u00ebr Programin e energjis\u00eb solare I (solar4kosovo I) Fotovoltaik,<\/p>\n<p>13. Votimi i Projektligjit nr.08\/L-281 p\u00ebr ratifikimin e Marr\u00ebveshjes nd\u00ebrkomb\u00ebtare, p\u00ebr pjes\u00ebmarrjen e Kosov\u00ebs n\u00eb programin e Bashkimit Evropian \u201cEvropa digjitale p\u00ebr periudh\u00ebn 2021-2027\u201d nd\u00ebrmjet Republik\u00ebs s\u00eb Kosov\u00ebs dhe Bashkimit Evropian,<\/p>\n<p>14. Shqyrtimi i Projektligjit nr.08\/L-270 p\u00ebr ratifikimin e Marr\u00ebveshjes nd\u00ebrmjet Republik\u00ebs s\u00eb Kosov\u00ebs dhe Bashkimit Evropian mbi pjes\u00ebmarrjen e Kosov\u00ebs n\u00eb Programin e BE-s\u00eb qytetar\u00ebt, barazia, t\u00eb drejtat dhe vlerat,<\/p>\n<p>15. Shqyrtimi i Projektligjit nr.08\/L-280 p\u00ebr ratifikimin e \u201camendamentimit nr.3 t\u00eb Marr\u00ebveshjes financiare nd\u00ebrmjet Republik\u00ebs s\u00eb Kosov\u00ebs dhe Bashkimit Evropian p\u00ebr programin IPA 2015\u201d,<\/p>\n<p>16. Shqyrtimi i Projektligjit nr.08\/L-293 p\u00ebr ratifikimin e \u201cMarr\u00ebveshjes s\u00eb bashk\u00ebfinancimit p\u00ebr hartimin e Projektit p\u00ebr nd\u00ebrtimin e tunelit n\u00eb rrug\u00ebn Tetov\u00eb-Prizren\u201d,<\/p>\n<p>17. Shqyrtimi i Projektligjit nr.08\/L-292 p\u00ebr ratifikimin e Marr\u00ebveshjes nd\u00ebrmjet Republik\u00ebs s\u00eb Kosov\u00ebs dhe Bashkimit Evropian p\u00ebr pjes\u00ebmarrjen e Kosov\u00ebs n\u00eb programin e Bashkimit Evropian \u201cDrejt\u00ebsia\u201d,<\/p>\n<p>18. Shqyrtimi i par\u00eb i Projektligjit nr.08\/L-294 p\u00ebr ndryshimin dhe plot\u00ebsimin e Ligjit nr.08\/L-197 p\u00ebr zyrtar\u00ebt publik\u00eb,<\/p>\n<p>19. Shqyrtimi i par\u00eb i Projektligjit nr.08\/L-300 p\u00ebr provimin e matur\u00ebs shtet\u00ebrore,<\/p>\n<p>20. Shqyrtimi i Projektrezolut\u00ebs p\u00ebr vler\u00ebsimin e pun\u00ebs s\u00eb Komisionit t\u00eb Pavarur p\u00ebr Media p\u00ebr vitin 2022,<\/p>\n<p>21. Em\u00ebrimi i nj\u00eb (1) an\u00ebtari n\u00eb Bordin e Organit Shqyrtues t\u00eb Prokurimit.<\/p>\n<p>&nbsp;<\/p>\n<p>Shqyrtimi i propozimeve dhe i k\u00ebrkesave<\/p>\n","protected":false},"excerpt":{"rendered":"<p>Nes\u00ebr pritet q\u00eb t\u00eb mblidhet Kryesia e Kuvendit t\u00eb Kosov\u00ebs. Mbledhja pritet t\u00eb filloj\u00eb nga ora 11:00, ku do t\u00eb diskutohet n\u00eb lidhje me miratimin e procesverbalit t\u00eb mbledhjes s\u00eb m\u00ebparshme t\u00eb kryesis\u00eb. Gjithashtu diskutim do t\u00eb jen\u00eb edhe pikat e pap\u00ebrfunduar nga Seanca e Jasht\u00ebzakonshme, e mbajtur m\u00eb 28 mars t\u00eb k\u00ebtij viti. Rendi [&hellip;]<\/p>\n","protected":false},"author":2,"featured_media":57644,"comment_status":"closed","ping_status":"closed","sticky":false,"template":"","format":"standard","meta":{"_monsterinsights_skip_tracking":false,"_monsterinsights_sitenote_active":false,"_monsterinsights_sitenote_note":"","_monsterinsights_sitenote_category":0,"_uf_show_specific_survey":0,"_uf_disable_surveys":false,"footnotes":""},"categories":[15],"tags":[],"yoast_head":"<!-- This site is optimized with the Yoast SEO plugin v21.5 - https:\/\/yoast.com\/wordpress\/plugins\/seo\/ -->\n<title>Nes\u00ebr mblidhet Kryesia e Kuvendit<\/title>\n<meta name=\"robots\" content=\"index, follow, max-snippet:-1, max-image-preview:large, max-video-preview:-1\" \/>\n<link rel=\"canonical\" href=\"https:\/\/permbledhja.com\/sq\/neser-mblidhet-kryesia-e-kuvendit\/\" \/>\n<meta property=\"og:locale\" content=\"sq_AL\" \/>\n<meta property=\"og:type\" content=\"article\" \/>\n<meta property=\"og:title\" content=\"Nes\u00ebr mblidhet Kryesia e Kuvendit\" \/>\n<meta property=\"og:description\" content=\"Nes\u00ebr pritet q\u00eb t\u00eb mblidhet Kryesia e Kuvendit t\u00eb Kosov\u00ebs. Mbledhja pritet t\u00eb filloj\u00eb nga ora 11:00, ku do t\u00eb diskutohet n\u00eb lidhje me miratimin e procesverbalit t\u00eb mbledhjes s\u00eb m\u00ebparshme t\u00eb kryesis\u00eb. Gjithashtu diskutim do t\u00eb jen\u00eb edhe pikat e pap\u00ebrfunduar nga Seanca e Jasht\u00ebzakonshme, e mbajtur m\u00eb 28 mars t\u00eb k\u00ebtij viti. Rendi [&hellip;]\" \/>\n<meta property=\"og:url\" content=\"https:\/\/permbledhja.com\/sq\/neser-mblidhet-kryesia-e-kuvendit\/\" \/>\n<meta property=\"og:site_name\" content=\"Ve\u00e7 artikuj p\u00ebrmbledh\u00ebs\" \/>\n<meta property=\"article:publisher\" content=\"https:\/\/www.facebook.com\/press07\/\" \/>\n<meta property=\"article:published_time\" content=\"2024-04-21T20:13:02+00:00\" \/>\n<meta property=\"og:image\" content=\"https:\/\/permbledhja.com\/wp-content\/uploads\/2024\/04\/Kryesia-e-kuvendit.jpg\" \/>\n\t<meta property=\"og:image:width\" content=\"1600\" \/>\n\t<meta property=\"og:image:height\" content=\"1064\" \/>\n\t<meta property=\"og:image:type\" content=\"image\/jpeg\" \/>\n<meta name=\"author\" content=\"M M\" \/>\n<meta name=\"twitter:card\" content=\"summary_large_image\" \/>\n<meta name=\"twitter:label1\" content=\"Written by\" \/>\n\t<meta name=\"twitter:data1\" content=\"M M\" \/>\n\t<meta name=\"twitter:label2\" content=\"Est. reading time\" \/>\n\t<meta name=\"twitter:data2\" content=\"6 minuta\" \/>\n<script type=\"application\/ld+json\" class=\"yoast-schema-graph\">{\"@context\":\"https:\/\/schema.org\",\"@graph\":[{\"@type\":\"Article\",\"@id\":\"https:\/\/permbledhja.com\/sq\/neser-mblidhet-kryesia-e-kuvendit\/#article\",\"isPartOf\":{\"@id\":\"https:\/\/permbledhja.com\/sq\/neser-mblidhet-kryesia-e-kuvendit\/\"},\"author\":{\"name\":\"M M\",\"@id\":\"https:\/\/permbledhja.com\/#\/schema\/person\/d23f13f59b5722643933d6780783acf3\"},\"headline\":\"Nes\u00ebr mblidhet Kryesia e Kuvendit\",\"datePublished\":\"2024-04-21T20:13:02+00:00\",\"dateModified\":\"2024-04-21T20:13:02+00:00\",\"mainEntityOfPage\":{\"@id\":\"https:\/\/permbledhja.com\/sq\/neser-mblidhet-kryesia-e-kuvendit\/\"},\"wordCount\":1178,\"publisher\":{\"@id\":\"https:\/\/permbledhja.com\/#organization\"},\"articleSection\":[\"Lajme\"],\"inLanguage\":\"sq\"},{\"@type\":\"WebPage\",\"@id\":\"https:\/\/permbledhja.com\/sq\/neser-mblidhet-kryesia-e-kuvendit\/\",\"url\":\"https:\/\/permbledhja.com\/sq\/neser-mblidhet-kryesia-e-kuvendit\/\",\"name\":\"Nes\u00ebr mblidhet Kryesia e Kuvendit\",\"isPartOf\":{\"@id\":\"https:\/\/permbledhja.com\/#website\"},\"datePublished\":\"2024-04-21T20:13:02+00:00\",\"dateModified\":\"2024-04-21T20:13:02+00:00\",\"breadcrumb\":{\"@id\":\"https:\/\/permbledhja.com\/sq\/neser-mblidhet-kryesia-e-kuvendit\/#breadcrumb\"},\"inLanguage\":\"sq\",\"potentialAction\":[{\"@type\":\"ReadAction\",\"target\":[\"https:\/\/permbledhja.com\/sq\/neser-mblidhet-kryesia-e-kuvendit\/\"]}]},{\"@type\":\"BreadcrumbList\",\"@id\":\"https:\/\/permbledhja.com\/sq\/neser-mblidhet-kryesia-e-kuvendit\/#breadcrumb\",\"itemListElement\":[{\"@type\":\"ListItem\",\"position\":1,\"name\":\"Ballina\",\"item\":\"https:\/\/permbledhja.com\/sq\/\"},{\"@type\":\"ListItem\",\"position\":2,\"name\":\"Nes\u00ebr mblidhet Kryesia e Kuvendit\"}]},{\"@type\":\"WebSite\",\"@id\":\"https:\/\/permbledhja.com\/#website\",\"url\":\"https:\/\/permbledhja.com\/\",\"name\":\"Ve\u00e7 artikuj p\u00ebrmbledh\u00ebs\",\"description\":\"\",\"publisher\":{\"@id\":\"https:\/\/permbledhja.com\/#organization\"},\"potentialAction\":[{\"@type\":\"SearchAction\",\"target\":{\"@type\":\"EntryPoint\",\"urlTemplate\":\"https:\/\/permbledhja.com\/?s={search_term_string}\"},\"query-input\":\"required name=search_term_string\"}],\"inLanguage\":\"sq\"},{\"@type\":\"Organization\",\"@id\":\"https:\/\/permbledhja.com\/#organization\",\"name\":\"MK Media & Pr\",\"url\":\"https:\/\/permbledhja.com\/\",\"logo\":{\"@type\":\"ImageObject\",\"inLanguage\":\"sq\",\"@id\":\"https:\/\/permbledhja.com\/#\/schema\/logo\/image\/\",\"url\":\"https:\/\/permbledhja.com\/wp-content\/uploads\/2021\/12\/07-Press-Logo.jpg\",\"contentUrl\":\"https:\/\/permbledhja.com\/wp-content\/uploads\/2021\/12\/07-Press-Logo.jpg\",\"width\":512,\"height\":512,\"caption\":\"MK Media & Pr\"},\"image\":{\"@id\":\"https:\/\/permbledhja.com\/#\/schema\/logo\/image\/\"},\"sameAs\":[\"https:\/\/www.facebook.com\/press07\/\"]},{\"@type\":\"Person\",\"@id\":\"https:\/\/permbledhja.com\/#\/schema\/person\/d23f13f59b5722643933d6780783acf3\",\"name\":\"M M\",\"image\":{\"@type\":\"ImageObject\",\"inLanguage\":\"sq\",\"@id\":\"https:\/\/permbledhja.com\/#\/schema\/person\/image\/\",\"url\":\"https:\/\/secure.gravatar.com\/avatar\/e2835a76ca7c31a2416b2d51c4ec9a8f?s=96&d=mm&r=g\",\"contentUrl\":\"https:\/\/secure.gravatar.com\/avatar\/e2835a76ca7c31a2416b2d51c4ec9a8f?s=96&d=mm&r=g\",\"caption\":\"M M\"},\"sameAs\":[\"http:\/\/MM\"],\"url\":\"https:\/\/permbledhja.com\/sq\/author\/muhamet\/\"}]}<\/script>\n<!-- \/ Yoast SEO plugin. -->","yoast_head_json":{"title":"Nes\u00ebr mblidhet Kryesia e Kuvendit","robots":{"index":"index","follow":"follow","max-snippet":"max-snippet:-1","max-image-preview":"max-image-preview:large","max-video-preview":"max-video-preview:-1"},"canonical":"https:\/\/permbledhja.com\/sq\/neser-mblidhet-kryesia-e-kuvendit\/","og_locale":"sq_AL","og_type":"article","og_title":"Nes\u00ebr mblidhet Kryesia e Kuvendit","og_description":"Nes\u00ebr pritet q\u00eb t\u00eb mblidhet Kryesia e Kuvendit t\u00eb Kosov\u00ebs. Mbledhja pritet t\u00eb filloj\u00eb nga ora 11:00, ku do t\u00eb diskutohet n\u00eb lidhje me miratimin e procesverbalit t\u00eb mbledhjes s\u00eb m\u00ebparshme t\u00eb kryesis\u00eb. Gjithashtu diskutim do t\u00eb jen\u00eb edhe pikat e pap\u00ebrfunduar nga Seanca e Jasht\u00ebzakonshme, e mbajtur m\u00eb 28 mars t\u00eb k\u00ebtij viti. Rendi [&hellip;]","og_url":"https:\/\/permbledhja.com\/sq\/neser-mblidhet-kryesia-e-kuvendit\/","og_site_name":"Ve\u00e7 artikuj p\u00ebrmbledh\u00ebs","article_publisher":"https:\/\/www.facebook.com\/press07\/","article_published_time":"2024-04-21T20:13:02+00:00","og_image":[{"width":1600,"height":1064,"url":"https:\/\/permbledhja.com\/wp-content\/uploads\/2024\/04\/Kryesia-e-kuvendit.jpg","type":"image\/jpeg"}],"author":"M M","twitter_card":"summary_large_image","twitter_misc":{"Written by":"M M","Est. reading time":"6 minuta"},"schema":{"@context":"https:\/\/schema.org","@graph":[{"@type":"Article","@id":"https:\/\/permbledhja.com\/sq\/neser-mblidhet-kryesia-e-kuvendit\/#article","isPartOf":{"@id":"https:\/\/permbledhja.com\/sq\/neser-mblidhet-kryesia-e-kuvendit\/"},"author":{"name":"M M","@id":"https:\/\/permbledhja.com\/#\/schema\/person\/d23f13f59b5722643933d6780783acf3"},"headline":"Nes\u00ebr mblidhet Kryesia e Kuvendit","datePublished":"2024-04-21T20:13:02+00:00","dateModified":"2024-04-21T20:13:02+00:00","mainEntityOfPage":{"@id":"https:\/\/permbledhja.com\/sq\/neser-mblidhet-kryesia-e-kuvendit\/"},"wordCount":1178,"publisher":{"@id":"https:\/\/permbledhja.com\/#organization"},"articleSection":["Lajme"],"inLanguage":"sq"},{"@type":"WebPage","@id":"https:\/\/permbledhja.com\/sq\/neser-mblidhet-kryesia-e-kuvendit\/","url":"https:\/\/permbledhja.com\/sq\/neser-mblidhet-kryesia-e-kuvendit\/","name":"Nes\u00ebr mblidhet Kryesia e Kuvendit","isPartOf":{"@id":"https:\/\/permbledhja.com\/#website"},"datePublished":"2024-04-21T20:13:02+00:00","dateModified":"2024-04-21T20:13:02+00:00","breadcrumb":{"@id":"https:\/\/permbledhja.com\/sq\/neser-mblidhet-kryesia-e-kuvendit\/#breadcrumb"},"inLanguage":"sq","potentialAction":[{"@type":"ReadAction","target":["https:\/\/permbledhja.com\/sq\/neser-mblidhet-kryesia-e-kuvendit\/"]}]},{"@type":"BreadcrumbList","@id":"https:\/\/permbledhja.com\/sq\/neser-mblidhet-kryesia-e-kuvendit\/#breadcrumb","itemListElement":[{"@type":"ListItem","position":1,"name":"Ballina","item":"https:\/\/permbledhja.com\/sq\/"},{"@type":"ListItem","position":2,"name":"Nes\u00ebr mblidhet Kryesia e Kuvendit"}]},{"@type":"WebSite","@id":"https:\/\/permbledhja.com\/#website","url":"https:\/\/permbledhja.com\/","name":"Ve\u00e7 artikuj p\u00ebrmbledh\u00ebs","description":"","publisher":{"@id":"https:\/\/permbledhja.com\/#organization"},"potentialAction":[{"@type":"SearchAction","target":{"@type":"EntryPoint","urlTemplate":"https:\/\/permbledhja.com\/?s={search_term_string}"},"query-input":"required name=search_term_string"}],"inLanguage":"sq"},{"@type":"Organization","@id":"https:\/\/permbledhja.com\/#organization","name":"MK Media & Pr","url":"https:\/\/permbledhja.com\/","logo":{"@type":"ImageObject","inLanguage":"sq","@id":"https:\/\/permbledhja.com\/#\/schema\/logo\/image\/","url":"https:\/\/permbledhja.com\/wp-content\/uploads\/2021\/12\/07-Press-Logo.jpg","contentUrl":"https:\/\/permbledhja.com\/wp-content\/uploads\/2021\/12\/07-Press-Logo.jpg","width":512,"height":512,"caption":"MK Media & Pr"},"image":{"@id":"https:\/\/permbledhja.com\/#\/schema\/logo\/image\/"},"sameAs":["https:\/\/www.facebook.com\/press07\/"]},{"@type":"Person","@id":"https:\/\/permbledhja.com\/#\/schema\/person\/d23f13f59b5722643933d6780783acf3","name":"M M","image":{"@type":"ImageObject","inLanguage":"sq","@id":"https:\/\/permbledhja.com\/#\/schema\/person\/image\/","url":"https:\/\/secure.gravatar.com\/avatar\/e2835a76ca7c31a2416b2d51c4ec9a8f?s=96&d=mm&r=g","contentUrl":"https:\/\/secure.gravatar.com\/avatar\/e2835a76ca7c31a2416b2d51c4ec9a8f?s=96&d=mm&r=g","caption":"M M"},"sameAs":["http:\/\/MM"],"url":"https:\/\/permbledhja.com\/sq\/author\/muhamet\/"}]}},"_links":{"self":[{"href":"https:\/\/permbledhja.com\/sq\/wp-json\/wp\/v2\/posts\/57643"}],"collection":[{"href":"https:\/\/permbledhja.com\/sq\/wp-json\/wp\/v2\/posts"}],"about":[{"href":"https:\/\/permbledhja.com\/sq\/wp-json\/wp\/v2\/types\/post"}],"author":[{"embeddable":true,"href":"https:\/\/permbledhja.com\/sq\/wp-json\/wp\/v2\/users\/2"}],"replies":[{"embeddable":true,"href":"https:\/\/permbledhja.com\/sq\/wp-json\/wp\/v2\/comments?post=57643"}],"version-history":[{"count":1,"href":"https:\/\/permbledhja.com\/sq\/wp-json\/wp\/v2\/posts\/57643\/revisions"}],"predecessor-version":[{"id":57645,"href":"https:\/\/permbledhja.com\/sq\/wp-json\/wp\/v2\/posts\/57643\/revisions\/57645"}],"wp:featuredmedia":[{"embeddable":true,"href":"https:\/\/permbledhja.com\/sq\/wp-json\/wp\/v2\/media\/57644"}],"wp:attachment":[{"href":"https:\/\/permbledhja.com\/sq\/wp-json\/wp\/v2\/media?parent=57643"}],"wp:term":[{"taxonomy":"category","embeddable":true,"href":"https:\/\/permbledhja.com\/sq\/wp-json\/wp\/v2\/categories?post=57643"},{"taxonomy":"post_tag","embeddable":true,"href":"https:\/\/permbledhja.com\/sq\/wp-json\/wp\/v2\/tags?post=57643"}],"curies":[{"name":"wp","href":"https:\/\/api.w.org\/{rel}","templated":true}]}}