{"id":57551,"date":"2024-04-21T14:41:17","date_gmt":"2024-04-21T14:41:17","guid":{"rendered":"https:\/\/permbledhja.com\/?p=57551"},"modified":"2024-04-21T15:06:32","modified_gmt":"2024-04-21T15:06:32","slug":"elezi-i-kqz-se-paralajmeron-ndryshime-ne-proceset-e-ardhshme-te-votimeve","status":"publish","type":"post","link":"https:\/\/permbledhja.com\/sq\/elezi-i-kqz-se-paralajmeron-ndryshime-ne-proceset-e-ardhshme-te-votimeve\/","title":{"rendered":"Elezi i KQZ-s\u00eb paralajm\u00ebron ndryshime n\u00eb proceset e ardhshme t\u00eb votimeve"},"content":{"rendered":"<h3>Z\u00ebdh\u00ebn\u00ebsi i KQZ-s\u00eb, Valmir Elezi ka sqaruar ndryshimin e pozicionimit t\u00eb kabinave t\u00eb votimit n\u00eb vendvotimet n\u00eb kat\u00ebr komunat veriore t\u00eb Kosov\u00ebs.<\/h3>\n<p>Elezi ka th\u00ebn\u00eb se kjo erdhi si rekomandimin n\u00eb vitin e kaluar gjat\u00eb koh\u00ebs s\u00eb simulimit t\u00eb procesit zgjedhor.<\/p>\n<p>M\u00eb tutje ai ka th\u00ebn\u00eb se ky ndryshim e pamund\u00ebson fotografimin e vot\u00ebs nga votuesi dhe nuk cenon fsheht\u00ebsin\u00eb e vot\u00ebs.<\/p>\n<p>\u201cKQZ pas proceseve zgjedhore analizon t\u00eb gjitha aspektet dhe b\u00ebn p\u00ebrpjekje p\u00ebr p\u00ebrmir\u00ebsimin e tyre n\u00eb proceset e ardhshme. N\u00eb k\u00ebt\u00eb drejtim \u00ebsht\u00eb edhe ndryshimi i pozicionimit t\u00eb kabinave t\u00eb votimit q\u00eb ka ardhur si rekomandim n\u00eb vitin e kaluar, 2023, gjat\u00eb koh\u00ebs s\u00eb simulimit t\u00eb procesit zgjedhor. KQZ ka vendosur q\u00eb t\u00eb marr\u00eb parasysh k\u00ebt\u00eb rekomandim dhe ta praktikoj\u00eb n\u00eb proceset vijuese. Gjat\u00eb analizimit, KQZ ka vler\u00ebsuar se kjo m\u00ebnyr\u00eb do t\u00eb pamund\u00ebsoj\u00eb fotografimin e vot\u00ebs nga votuesi dhe gjithashtu nuk cenon fsheht\u00ebsin\u00eb e vot\u00ebs\u201d, ka th\u00ebn\u00eb Elezi.<\/p>\n<p>\u201cPo ashtu, vendosja e kabinave n\u00eb k\u00ebt\u00eb m\u00ebnyr\u00eb \u00ebsht\u00eb nj\u00eb model q\u00eb praktikohet edhe n\u00eb shum\u00eb vende t\u00eb tjera\u201d, shton Elezi.<\/p>\n","protected":false},"excerpt":{"rendered":"<p>Z\u00ebdh\u00ebn\u00ebsi i KQZ-s\u00eb, Valmir Elezi ka sqaruar ndryshimin e pozicionimit t\u00eb kabinave t\u00eb votimit n\u00eb vendvotimet n\u00eb kat\u00ebr komunat veriore t\u00eb Kosov\u00ebs. Elezi ka th\u00ebn\u00eb se kjo erdhi si rekomandimin n\u00eb vitin e kaluar gjat\u00eb koh\u00ebs s\u00eb simulimit t\u00eb procesit zgjedhor. M\u00eb tutje ai ka th\u00ebn\u00eb se ky ndryshim e pamund\u00ebson fotografimin e vot\u00ebs nga [&hellip;]<\/p>\n","protected":false},"author":2,"featured_media":57552,"comment_status":"closed","ping_status":"closed","sticky":false,"template":"","format":"standard","meta":{"_monsterinsights_skip_tracking":false,"_monsterinsights_sitenote_active":false,"_monsterinsights_sitenote_note":"","_monsterinsights_sitenote_category":0,"_uf_show_specific_survey":0,"_uf_disable_surveys":false,"footnotes":""},"categories":[15],"tags":[3140],"yoast_head":"<!-- This site is optimized with the Yoast SEO plugin v21.5 - https:\/\/yoast.com\/wordpress\/plugins\/seo\/ -->\n<title>Elezi i KQZ-s\u00eb paralajm\u00ebron ndryshime n\u00eb proceset e ardhshme t\u00eb votimeve<\/title>\n<meta name=\"robots\" content=\"index, follow, max-snippet:-1, max-image-preview:large, max-video-preview:-1\" \/>\n<link rel=\"canonical\" href=\"https:\/\/permbledhja.com\/sq\/elezi-i-kqz-se-paralajmeron-ndryshime-ne-proceset-e-ardhshme-te-votimeve\/\" \/>\n<meta property=\"og:locale\" content=\"sq_AL\" \/>\n<meta property=\"og:type\" content=\"article\" \/>\n<meta property=\"og:title\" content=\"Elezi i KQZ-s\u00eb paralajm\u00ebron ndryshime n\u00eb proceset e ardhshme t\u00eb votimeve\" \/>\n<meta property=\"og:description\" content=\"Z\u00ebdh\u00ebn\u00ebsi i KQZ-s\u00eb, Valmir Elezi ka sqaruar ndryshimin e pozicionimit t\u00eb kabinave t\u00eb votimit n\u00eb vendvotimet n\u00eb kat\u00ebr komunat veriore t\u00eb Kosov\u00ebs. Elezi ka th\u00ebn\u00eb se kjo erdhi si rekomandimin n\u00eb vitin e kaluar gjat\u00eb koh\u00ebs s\u00eb simulimit t\u00eb procesit zgjedhor. M\u00eb tutje ai ka th\u00ebn\u00eb se ky ndryshim e pamund\u00ebson fotografimin e vot\u00ebs nga [&hellip;]\" \/>\n<meta property=\"og:url\" content=\"https:\/\/permbledhja.com\/sq\/elezi-i-kqz-se-paralajmeron-ndryshime-ne-proceset-e-ardhshme-te-votimeve\/\" \/>\n<meta property=\"og:site_name\" content=\"Ve\u00e7 artikuj p\u00ebrmbledh\u00ebs\" \/>\n<meta property=\"article:publisher\" content=\"https:\/\/www.facebook.com\/press07\/\" \/>\n<meta property=\"article:published_time\" content=\"2024-04-21T14:41:17+00:00\" \/>\n<meta property=\"article:modified_time\" content=\"2024-04-21T15:06:32+00:00\" \/>\n<meta property=\"og:image\" content=\"https:\/\/permbledhja.com\/wp-content\/uploads\/2024\/04\/valmirelezi.jpg\" \/>\n\t<meta property=\"og:image:width\" content=\"1924\" \/>\n\t<meta property=\"og:image:height\" content=\"1280\" \/>\n\t<meta property=\"og:image:type\" content=\"image\/jpeg\" \/>\n<meta name=\"author\" content=\"M M\" \/>\n<meta name=\"twitter:card\" content=\"summary_large_image\" \/>\n<meta name=\"twitter:label1\" content=\"Written by\" \/>\n\t<meta name=\"twitter:data1\" content=\"M M\" \/>\n\t<meta name=\"twitter:label2\" content=\"Est. reading time\" \/>\n\t<meta name=\"twitter:data2\" content=\"1 minut\u00eb\" \/>\n<script type=\"application\/ld+json\" class=\"yoast-schema-graph\">{\"@context\":\"https:\/\/schema.org\",\"@graph\":[{\"@type\":\"Article\",\"@id\":\"https:\/\/permbledhja.com\/elezi-i-kqz-se-paralajmeron-ndryshime-ne-proceset-e-ardhshme-te-votimeve\/#article\",\"isPartOf\":{\"@id\":\"https:\/\/permbledhja.com\/elezi-i-kqz-se-paralajmeron-ndryshime-ne-proceset-e-ardhshme-te-votimeve\/\"},\"author\":{\"name\":\"M M\",\"@id\":\"https:\/\/permbledhja.com\/#\/schema\/person\/d23f13f59b5722643933d6780783acf3\"},\"headline\":\"Elezi i KQZ-s\u00eb paralajm\u00ebron ndryshime n\u00eb proceset e ardhshme t\u00eb votimeve\",\"datePublished\":\"2024-04-21T14:41:17+00:00\",\"dateModified\":\"2024-04-21T15:06:32+00:00\",\"mainEntityOfPage\":{\"@id\":\"https:\/\/permbledhja.com\/elezi-i-kqz-se-paralajmeron-ndryshime-ne-proceset-e-ardhshme-te-votimeve\/\"},\"wordCount\":212,\"publisher\":{\"@id\":\"https:\/\/permbledhja.com\/#organization\"},\"keywords\":[\"Valmir Elezi\"],\"articleSection\":[\"Lajme\"],\"inLanguage\":\"sq\"},{\"@type\":\"WebPage\",\"@id\":\"https:\/\/permbledhja.com\/elezi-i-kqz-se-paralajmeron-ndryshime-ne-proceset-e-ardhshme-te-votimeve\/\",\"url\":\"https:\/\/permbledhja.com\/elezi-i-kqz-se-paralajmeron-ndryshime-ne-proceset-e-ardhshme-te-votimeve\/\",\"name\":\"Elezi i KQZ-s\u00eb paralajm\u00ebron ndryshime n\u00eb proceset e ardhshme t\u00eb votimeve\",\"isPartOf\":{\"@id\":\"https:\/\/permbledhja.com\/#website\"},\"datePublished\":\"2024-04-21T14:41:17+00:00\",\"dateModified\":\"2024-04-21T15:06:32+00:00\",\"breadcrumb\":{\"@id\":\"https:\/\/permbledhja.com\/elezi-i-kqz-se-paralajmeron-ndryshime-ne-proceset-e-ardhshme-te-votimeve\/#breadcrumb\"},\"inLanguage\":\"sq\",\"potentialAction\":[{\"@type\":\"ReadAction\",\"target\":[\"https:\/\/permbledhja.com\/elezi-i-kqz-se-paralajmeron-ndryshime-ne-proceset-e-ardhshme-te-votimeve\/\"]}]},{\"@type\":\"BreadcrumbList\",\"@id\":\"https:\/\/permbledhja.com\/elezi-i-kqz-se-paralajmeron-ndryshime-ne-proceset-e-ardhshme-te-votimeve\/#breadcrumb\",\"itemListElement\":[{\"@type\":\"ListItem\",\"position\":1,\"name\":\"Ballina\",\"item\":\"https:\/\/permbledhja.com\/sq\/\"},{\"@type\":\"ListItem\",\"position\":2,\"name\":\"Elezi i KQZ-s\u00eb paralajm\u00ebron ndryshime n\u00eb proceset e ardhshme t\u00eb votimeve\"}]},{\"@type\":\"WebSite\",\"@id\":\"https:\/\/permbledhja.com\/#website\",\"url\":\"https:\/\/permbledhja.com\/\",\"name\":\"Ve\u00e7 artikuj p\u00ebrmbledh\u00ebs\",\"description\":\"\",\"publisher\":{\"@id\":\"https:\/\/permbledhja.com\/#organization\"},\"potentialAction\":[{\"@type\":\"SearchAction\",\"target\":{\"@type\":\"EntryPoint\",\"urlTemplate\":\"https:\/\/permbledhja.com\/?s={search_term_string}\"},\"query-input\":\"required name=search_term_string\"}],\"inLanguage\":\"sq\"},{\"@type\":\"Organization\",\"@id\":\"https:\/\/permbledhja.com\/#organization\",\"name\":\"MK Media & Pr\",\"url\":\"https:\/\/permbledhja.com\/\",\"logo\":{\"@type\":\"ImageObject\",\"inLanguage\":\"sq\",\"@id\":\"https:\/\/permbledhja.com\/#\/schema\/logo\/image\/\",\"url\":\"https:\/\/permbledhja.com\/wp-content\/uploads\/2021\/12\/07-Press-Logo.jpg\",\"contentUrl\":\"https:\/\/permbledhja.com\/wp-content\/uploads\/2021\/12\/07-Press-Logo.jpg\",\"width\":512,\"height\":512,\"caption\":\"MK Media & Pr\"},\"image\":{\"@id\":\"https:\/\/permbledhja.com\/#\/schema\/logo\/image\/\"},\"sameAs\":[\"https:\/\/www.facebook.com\/press07\/\"]},{\"@type\":\"Person\",\"@id\":\"https:\/\/permbledhja.com\/#\/schema\/person\/d23f13f59b5722643933d6780783acf3\",\"name\":\"M M\",\"image\":{\"@type\":\"ImageObject\",\"inLanguage\":\"sq\",\"@id\":\"https:\/\/permbledhja.com\/#\/schema\/person\/image\/\",\"url\":\"https:\/\/secure.gravatar.com\/avatar\/e2835a76ca7c31a2416b2d51c4ec9a8f?s=96&d=mm&r=g\",\"contentUrl\":\"https:\/\/secure.gravatar.com\/avatar\/e2835a76ca7c31a2416b2d51c4ec9a8f?s=96&d=mm&r=g\",\"caption\":\"M M\"},\"sameAs\":[\"http:\/\/MM\"],\"url\":\"https:\/\/permbledhja.com\/sq\/author\/muhamet\/\"}]}<\/script>\n<!-- \/ Yoast SEO plugin. -->","yoast_head_json":{"title":"Elezi i KQZ-s\u00eb paralajm\u00ebron ndryshime n\u00eb proceset e ardhshme t\u00eb votimeve","robots":{"index":"index","follow":"follow","max-snippet":"max-snippet:-1","max-image-preview":"max-image-preview:large","max-video-preview":"max-video-preview:-1"},"canonical":"https:\/\/permbledhja.com\/sq\/elezi-i-kqz-se-paralajmeron-ndryshime-ne-proceset-e-ardhshme-te-votimeve\/","og_locale":"sq_AL","og_type":"article","og_title":"Elezi i KQZ-s\u00eb paralajm\u00ebron ndryshime n\u00eb proceset e ardhshme t\u00eb votimeve","og_description":"Z\u00ebdh\u00ebn\u00ebsi i KQZ-s\u00eb, Valmir Elezi ka sqaruar ndryshimin e pozicionimit t\u00eb kabinave t\u00eb votimit n\u00eb vendvotimet n\u00eb kat\u00ebr komunat veriore t\u00eb Kosov\u00ebs. Elezi ka th\u00ebn\u00eb se kjo erdhi si rekomandimin n\u00eb vitin e kaluar gjat\u00eb koh\u00ebs s\u00eb simulimit t\u00eb procesit zgjedhor. M\u00eb tutje ai ka th\u00ebn\u00eb se ky ndryshim e pamund\u00ebson fotografimin e vot\u00ebs nga [&hellip;]","og_url":"https:\/\/permbledhja.com\/sq\/elezi-i-kqz-se-paralajmeron-ndryshime-ne-proceset-e-ardhshme-te-votimeve\/","og_site_name":"Ve\u00e7 artikuj p\u00ebrmbledh\u00ebs","article_publisher":"https:\/\/www.facebook.com\/press07\/","article_published_time":"2024-04-21T14:41:17+00:00","article_modified_time":"2024-04-21T15:06:32+00:00","og_image":[{"width":1924,"height":1280,"url":"https:\/\/permbledhja.com\/wp-content\/uploads\/2024\/04\/valmirelezi.jpg","type":"image\/jpeg"}],"author":"M M","twitter_card":"summary_large_image","twitter_misc":{"Written by":"M M","Est. reading time":"1 minut\u00eb"},"schema":{"@context":"https:\/\/schema.org","@graph":[{"@type":"Article","@id":"https:\/\/permbledhja.com\/elezi-i-kqz-se-paralajmeron-ndryshime-ne-proceset-e-ardhshme-te-votimeve\/#article","isPartOf":{"@id":"https:\/\/permbledhja.com\/elezi-i-kqz-se-paralajmeron-ndryshime-ne-proceset-e-ardhshme-te-votimeve\/"},"author":{"name":"M M","@id":"https:\/\/permbledhja.com\/#\/schema\/person\/d23f13f59b5722643933d6780783acf3"},"headline":"Elezi i KQZ-s\u00eb paralajm\u00ebron ndryshime n\u00eb proceset e ardhshme t\u00eb votimeve","datePublished":"2024-04-21T14:41:17+00:00","dateModified":"2024-04-21T15:06:32+00:00","mainEntityOfPage":{"@id":"https:\/\/permbledhja.com\/elezi-i-kqz-se-paralajmeron-ndryshime-ne-proceset-e-ardhshme-te-votimeve\/"},"wordCount":212,"publisher":{"@id":"https:\/\/permbledhja.com\/#organization"},"keywords":["Valmir Elezi"],"articleSection":["Lajme"],"inLanguage":"sq"},{"@type":"WebPage","@id":"https:\/\/permbledhja.com\/elezi-i-kqz-se-paralajmeron-ndryshime-ne-proceset-e-ardhshme-te-votimeve\/","url":"https:\/\/permbledhja.com\/elezi-i-kqz-se-paralajmeron-ndryshime-ne-proceset-e-ardhshme-te-votimeve\/","name":"Elezi i KQZ-s\u00eb paralajm\u00ebron ndryshime n\u00eb proceset e ardhshme t\u00eb votimeve","isPartOf":{"@id":"https:\/\/permbledhja.com\/#website"},"datePublished":"2024-04-21T14:41:17+00:00","dateModified":"2024-04-21T15:06:32+00:00","breadcrumb":{"@id":"https:\/\/permbledhja.com\/elezi-i-kqz-se-paralajmeron-ndryshime-ne-proceset-e-ardhshme-te-votimeve\/#breadcrumb"},"inLanguage":"sq","potentialAction":[{"@type":"ReadAction","target":["https:\/\/permbledhja.com\/elezi-i-kqz-se-paralajmeron-ndryshime-ne-proceset-e-ardhshme-te-votimeve\/"]}]},{"@type":"BreadcrumbList","@id":"https:\/\/permbledhja.com\/elezi-i-kqz-se-paralajmeron-ndryshime-ne-proceset-e-ardhshme-te-votimeve\/#breadcrumb","itemListElement":[{"@type":"ListItem","position":1,"name":"Ballina","item":"https:\/\/permbledhja.com\/sq\/"},{"@type":"ListItem","position":2,"name":"Elezi i KQZ-s\u00eb paralajm\u00ebron ndryshime n\u00eb proceset e ardhshme t\u00eb votimeve"}]},{"@type":"WebSite","@id":"https:\/\/permbledhja.com\/#website","url":"https:\/\/permbledhja.com\/","name":"Ve\u00e7 artikuj p\u00ebrmbledh\u00ebs","description":"","publisher":{"@id":"https:\/\/permbledhja.com\/#organization"},"potentialAction":[{"@type":"SearchAction","target":{"@type":"EntryPoint","urlTemplate":"https:\/\/permbledhja.com\/?s={search_term_string}"},"query-input":"required name=search_term_string"}],"inLanguage":"sq"},{"@type":"Organization","@id":"https:\/\/permbledhja.com\/#organization","name":"MK Media & Pr","url":"https:\/\/permbledhja.com\/","logo":{"@type":"ImageObject","inLanguage":"sq","@id":"https:\/\/permbledhja.com\/#\/schema\/logo\/image\/","url":"https:\/\/permbledhja.com\/wp-content\/uploads\/2021\/12\/07-Press-Logo.jpg","contentUrl":"https:\/\/permbledhja.com\/wp-content\/uploads\/2021\/12\/07-Press-Logo.jpg","width":512,"height":512,"caption":"MK Media & Pr"},"image":{"@id":"https:\/\/permbledhja.com\/#\/schema\/logo\/image\/"},"sameAs":["https:\/\/www.facebook.com\/press07\/"]},{"@type":"Person","@id":"https:\/\/permbledhja.com\/#\/schema\/person\/d23f13f59b5722643933d6780783acf3","name":"M M","image":{"@type":"ImageObject","inLanguage":"sq","@id":"https:\/\/permbledhja.com\/#\/schema\/person\/image\/","url":"https:\/\/secure.gravatar.com\/avatar\/e2835a76ca7c31a2416b2d51c4ec9a8f?s=96&d=mm&r=g","contentUrl":"https:\/\/secure.gravatar.com\/avatar\/e2835a76ca7c31a2416b2d51c4ec9a8f?s=96&d=mm&r=g","caption":"M M"},"sameAs":["http:\/\/MM"],"url":"https:\/\/permbledhja.com\/sq\/author\/muhamet\/"}]}},"_links":{"self":[{"href":"https:\/\/permbledhja.com\/sq\/wp-json\/wp\/v2\/posts\/57551"}],"collection":[{"href":"https:\/\/permbledhja.com\/sq\/wp-json\/wp\/v2\/posts"}],"about":[{"href":"https:\/\/permbledhja.com\/sq\/wp-json\/wp\/v2\/types\/post"}],"author":[{"embeddable":true,"href":"https:\/\/permbledhja.com\/sq\/wp-json\/wp\/v2\/users\/2"}],"replies":[{"embeddable":true,"href":"https:\/\/permbledhja.com\/sq\/wp-json\/wp\/v2\/comments?post=57551"}],"version-history":[{"count":2,"href":"https:\/\/permbledhja.com\/sq\/wp-json\/wp\/v2\/posts\/57551\/revisions"}],"predecessor-version":[{"id":57554,"href":"https:\/\/permbledhja.com\/sq\/wp-json\/wp\/v2\/posts\/57551\/revisions\/57554"}],"wp:featuredmedia":[{"embeddable":true,"href":"https:\/\/permbledhja.com\/sq\/wp-json\/wp\/v2\/media\/57552"}],"wp:attachment":[{"href":"https:\/\/permbledhja.com\/sq\/wp-json\/wp\/v2\/media?parent=57551"}],"wp:term":[{"taxonomy":"category","embeddable":true,"href":"https:\/\/permbledhja.com\/sq\/wp-json\/wp\/v2\/categories?post=57551"},{"taxonomy":"post_tag","embeddable":true,"href":"https:\/\/permbledhja.com\/sq\/wp-json\/wp\/v2\/tags?post=57551"}],"curies":[{"name":"wp","href":"https:\/\/api.w.org\/{rel}","templated":true}]}}