{"id":57548,"date":"2024-04-21T14:30:04","date_gmt":"2024-04-21T14:30:04","guid":{"rendered":"https:\/\/permbledhja.com\/?p=57548"},"modified":"2024-04-21T15:04:38","modified_gmt":"2024-04-21T15:04:38","slug":"demokracia-ne-veprim-e-sheh-si-deshtim-votimin-ne-veri","status":"publish","type":"post","link":"https:\/\/permbledhja.com\/sq\/demokracia-ne-veprim-e-sheh-si-deshtim-votimin-ne-veri\/","title":{"rendered":"Demokracia n\u00eb Veprim e sheh si d\u00ebshtim votimin n\u00eb Veri"},"content":{"rendered":"<h3>N\u00eb shum\u00eb qendra votimi nuk plot\u00ebsohen kushtet p\u00ebr t\u00eb garantuar vot\u00eb t\u00eb lir\u00eb, deklaron Ismet Kryeziu nga Demokracia n\u00eb Veprim (DnV).<\/h3>\n<p>Ai konsideron se k\u00ebto votime jan\u00eb t\u00eb d\u00ebshtuara p\u00ebr shkak t\u00eb pjes\u00ebmarrjes s\u00eb ult\u00eb t\u00eb qytetar\u00ebve p\u00ebr t\u00eb shfryt\u00ebzuar t\u00eb drejt\u00ebn e tyre t\u00eb vot\u00ebs pro apo kund\u00ebr shkarkimit t\u00eb kryetar\u00ebve n\u00eb kat\u00ebr komunat veriore.<\/p>\n<p>Kryeziu p\u00ebr KosovaPress thot\u00eb se qytetar\u00ebt serb\u00eb jan\u00eb viktim\u00eb e List\u00ebs Serbe dhe Beogradit.<\/p>\n<p>Ai tha se qendrat jan\u00eb hapur me koh\u00eb, megjithat\u00eb nuk ka pasur interesim t\u00eb qytetar\u00ebve.<\/p>\n<p>\u201c\u00cbsht\u00eb nj\u00eb proces i qet\u00eb, normalisht ka problematikat e veta n\u00eb aspektin teknik dhe organizativ t\u00eb k\u00ebtij procesi qe fillon nga dje kur KQZ me vones\u00eb ka p\u00ebrcaktuar qendrat e votimit. Dhe n\u00eb k\u00ebto qendra t\u00eb votimit nuk ka arritur t\u00eb njoftoj\u00eb qytetar\u00ebt me koh\u00eb t\u00eb mjaftueshme se ku jan\u00eb k\u00ebto qendra t\u00eb votimit. N\u00eb shumic\u00ebn e qendrave nuk ka as shenja paraprake q\u00eb orientojn\u00eb qytetar\u00ebt potencialisht se ku jan\u00eb k\u00ebto qendra t\u00eb votimit. Mendoj se shenjat teknike si n\u00eb k\u00ebt\u00eb qend\u00ebr, vendvotimet jan\u00eb caktuar n\u00eb katin e kat\u00ebrt, jan\u00eb kushte jo t\u00eb mjaftueshme p\u00ebr personat me aft\u00ebsi t\u00eb kufizuara, ku personat me v\u00ebshtir\u00ebsi me mosh\u00eb t\u00eb caktuar. Normalisht hap\u00ebsirat n\u00eb disa qendra, t\u00eb cilat n\u00eb dit\u00ebn e fundit jan\u00eb marr\u00eb vendim q\u00eb t\u00eb jen\u00eb qendra votimi nuk i plot\u00ebsojn\u00eb mjaftuesh\u00ebm kushtet p\u00ebr t\u00eb garantuar vot\u00eb t\u00eb lir\u00eb dhe t\u00eb drejt\u00eb marr\u00eb parasysh hap\u00ebsirave t\u00eb ngushta\u201d, deklaroi ai.<\/p>\n<p>Problem tjet\u00ebr, shton Kryeziu, \u00ebsht\u00eb edhe m\u00ebnyra e vendosjes s\u00eb kamerave n\u00eb vendvotime.<\/p>\n<p>\u201cM\u00ebnyra se si \u00ebsht\u00eb vendosur kutia e votimit ose kutia ku duhet t\u00eb votohet, mendoj q\u00eb \u00ebsht\u00eb e ekspozuar p\u00ebrball\u00eb k\u00ebtyre kamerave, por edhe komisionar\u00ebve n\u00eb k\u00ebto hap\u00ebsira t\u00eb ngushta. Dhe kjo mendojm\u00eb q\u00eb \u00ebsht\u00eb intimiduese dhe nuk garanton fsheht\u00ebsin\u00eb e vot\u00ebs\u201d, shtoi ai.<\/p>\n<p>Sipas tij, Lista Serbe ka ndikuar te qytetar\u00ebt q\u00eb t\u00eb ket\u00eb pjes\u00ebmarrje t\u00eb ulte n\u00eb procesin e votimit.<\/p>\n<p>\u201cJemi duke folur p\u00ebr 100 qytetar\u00eb deri n\u00eb informacionet e fundit q\u00eb i kemi, n\u00eb t\u00eb gjitha komunat e Kosov\u00ebs. S\u2019e besoj q\u00eb do t\u00eb arrij\u00eb ndonj\u00eb p\u00ebrqindje kjo dalje n\u00eb k\u00ebt\u00eb form\u00eb ose n\u00eb k\u00ebt\u00eb format se si po shkon procesi\u2026Qytetar\u00ebt serb\u00eb n\u00eb k\u00ebt\u00eb rast jan\u00eb viktim\u00eb e politikave, por edhe viktim\u00eb e List\u00ebs Serbe, t\u00eb politik\u00ebs s\u00eb Beogradit, por edhe e Qeveris\u00eb s\u00eb Kosov\u00ebs, e cila jo mjaftuesh\u00ebm ka b\u00ebr\u00eb p\u00ebr t\u00eb adresuar k\u00ebto \u00e7\u00ebshtje\u201d, tha ai.<\/p>\n<p>M\u00eb tej, Kryeziu thekson se k\u00ebto votime jan\u00eb t\u00eb d\u00ebshtuara sa i p\u00ebrket pjes\u00ebmarrjes s\u00eb qytetar\u00ebve me t\u00eb drejt\u00eb vote.<\/p>\n<p>\u201cN\u00eb aspektin ligjor, n\u00eb mas\u00eb t\u00eb madhe plot\u00ebsohen kriteret ligjore p\u00ebr organizim, por gjithsesi si pjes\u00ebmarrje jan\u00eb t\u00eb d\u00ebshtuara. Ne edhe m\u00eb her\u00ebt i kemi b\u00ebr\u00eb thirrje KQZ-s\u00eb q\u00eb t\u00eb anuloj\u00eb k\u00ebt\u00eb proces. Duke marr\u00eb parasysh koston financiare, angazhimin e njer\u00ebzve dhe duke marr\u00eb parasysh indikator\u00ebt p\u00ebr bojkotimin e k\u00ebtij procesi zgjedhor\u201d, p\u00ebrfundon ai.<\/p>\n<p>N\u00eb kat\u00ebr komunat n\u00eb veri t\u00eb Kosov\u00ebs kan\u00eb t\u00eb drejt\u00eb vote mbi 46 mij\u00eb qytetar\u00eb.<\/p>\n","protected":false},"excerpt":{"rendered":"<p>N\u00eb shum\u00eb qendra votimi nuk plot\u00ebsohen kushtet p\u00ebr t\u00eb garantuar vot\u00eb t\u00eb lir\u00eb, deklaron Ismet Kryeziu nga Demokracia n\u00eb Veprim (DnV). Ai konsideron se k\u00ebto votime jan\u00eb t\u00eb d\u00ebshtuara p\u00ebr shkak t\u00eb pjes\u00ebmarrjes s\u00eb ult\u00eb t\u00eb qytetar\u00ebve p\u00ebr t\u00eb shfryt\u00ebzuar t\u00eb drejt\u00ebn e tyre t\u00eb vot\u00ebs pro apo kund\u00ebr shkarkimit t\u00eb kryetar\u00ebve n\u00eb kat\u00ebr komunat [&hellip;]<\/p>\n","protected":false},"author":2,"featured_media":57549,"comment_status":"closed","ping_status":"closed","sticky":false,"template":"","format":"standard","meta":{"_monsterinsights_skip_tracking":false,"_monsterinsights_sitenote_active":false,"_monsterinsights_sitenote_note":"","_monsterinsights_sitenote_category":0,"_uf_show_specific_survey":0,"_uf_disable_surveys":false,"footnotes":""},"categories":[1146],"tags":[3139],"yoast_head":"<!-- This site is optimized with the Yoast SEO plugin v21.5 - https:\/\/yoast.com\/wordpress\/plugins\/seo\/ -->\n<title>Demokracia n\u00eb Veprim e sheh si d\u00ebshtim votimin n\u00eb Veri<\/title>\n<meta name=\"robots\" content=\"index, follow, max-snippet:-1, max-image-preview:large, max-video-preview:-1\" \/>\n<link rel=\"canonical\" href=\"https:\/\/permbledhja.com\/sq\/demokracia-ne-veprim-e-sheh-si-deshtim-votimin-ne-veri\/\" \/>\n<meta property=\"og:locale\" content=\"sq_AL\" \/>\n<meta property=\"og:type\" content=\"article\" \/>\n<meta property=\"og:title\" content=\"Demokracia n\u00eb Veprim e sheh si d\u00ebshtim votimin n\u00eb Veri\" \/>\n<meta property=\"og:description\" content=\"N\u00eb shum\u00eb qendra votimi nuk plot\u00ebsohen kushtet p\u00ebr t\u00eb garantuar vot\u00eb t\u00eb lir\u00eb, deklaron Ismet Kryeziu nga Demokracia n\u00eb Veprim (DnV). Ai konsideron se k\u00ebto votime jan\u00eb t\u00eb d\u00ebshtuara p\u00ebr shkak t\u00eb pjes\u00ebmarrjes s\u00eb ult\u00eb t\u00eb qytetar\u00ebve p\u00ebr t\u00eb shfryt\u00ebzuar t\u00eb drejt\u00ebn e tyre t\u00eb vot\u00ebs pro apo kund\u00ebr shkarkimit t\u00eb kryetar\u00ebve n\u00eb kat\u00ebr komunat [&hellip;]\" \/>\n<meta property=\"og:url\" content=\"https:\/\/permbledhja.com\/sq\/demokracia-ne-veprim-e-sheh-si-deshtim-votimin-ne-veri\/\" \/>\n<meta property=\"og:site_name\" content=\"Ve\u00e7 artikuj p\u00ebrmbledh\u00ebs\" \/>\n<meta property=\"article:publisher\" content=\"https:\/\/www.facebook.com\/press07\/\" \/>\n<meta property=\"article:published_time\" content=\"2024-04-21T14:30:04+00:00\" \/>\n<meta property=\"article:modified_time\" content=\"2024-04-21T15:04:38+00:00\" \/>\n<meta property=\"og:image\" content=\"https:\/\/permbledhja.com\/wp-content\/uploads\/2024\/04\/caber.png\" \/>\n\t<meta property=\"og:image:width\" content=\"517\" \/>\n\t<meta property=\"og:image:height\" content=\"310\" \/>\n\t<meta property=\"og:image:type\" content=\"image\/png\" \/>\n<meta name=\"author\" content=\"M M\" \/>\n<meta name=\"twitter:card\" content=\"summary_large_image\" \/>\n<meta name=\"twitter:label1\" content=\"Written by\" \/>\n\t<meta name=\"twitter:data1\" content=\"M M\" \/>\n\t<meta name=\"twitter:label2\" content=\"Est. reading time\" \/>\n\t<meta name=\"twitter:data2\" content=\"3 minuta\" \/>\n<script type=\"application\/ld+json\" class=\"yoast-schema-graph\">{\"@context\":\"https:\/\/schema.org\",\"@graph\":[{\"@type\":\"Article\",\"@id\":\"https:\/\/permbledhja.com\/demokracia-ne-veprim-e-sheh-si-deshtim-votimin-ne-veri\/#article\",\"isPartOf\":{\"@id\":\"https:\/\/permbledhja.com\/demokracia-ne-veprim-e-sheh-si-deshtim-votimin-ne-veri\/\"},\"author\":{\"name\":\"M M\",\"@id\":\"https:\/\/permbledhja.com\/#\/schema\/person\/d23f13f59b5722643933d6780783acf3\"},\"headline\":\"Demokracia n\u00eb Veprim e sheh si d\u00ebshtim votimin n\u00eb Veri\",\"datePublished\":\"2024-04-21T14:30:04+00:00\",\"dateModified\":\"2024-04-21T15:04:38+00:00\",\"mainEntityOfPage\":{\"@id\":\"https:\/\/permbledhja.com\/demokracia-ne-veprim-e-sheh-si-deshtim-votimin-ne-veri\/\"},\"wordCount\":571,\"publisher\":{\"@id\":\"https:\/\/permbledhja.com\/#organization\"},\"keywords\":[\"DnV\"],\"articleSection\":[\"Kryesoret\"],\"inLanguage\":\"sq\"},{\"@type\":\"WebPage\",\"@id\":\"https:\/\/permbledhja.com\/demokracia-ne-veprim-e-sheh-si-deshtim-votimin-ne-veri\/\",\"url\":\"https:\/\/permbledhja.com\/demokracia-ne-veprim-e-sheh-si-deshtim-votimin-ne-veri\/\",\"name\":\"Demokracia n\u00eb Veprim e sheh si d\u00ebshtim votimin n\u00eb Veri\",\"isPartOf\":{\"@id\":\"https:\/\/permbledhja.com\/#website\"},\"datePublished\":\"2024-04-21T14:30:04+00:00\",\"dateModified\":\"2024-04-21T15:04:38+00:00\",\"breadcrumb\":{\"@id\":\"https:\/\/permbledhja.com\/demokracia-ne-veprim-e-sheh-si-deshtim-votimin-ne-veri\/#breadcrumb\"},\"inLanguage\":\"sq\",\"potentialAction\":[{\"@type\":\"ReadAction\",\"target\":[\"https:\/\/permbledhja.com\/demokracia-ne-veprim-e-sheh-si-deshtim-votimin-ne-veri\/\"]}]},{\"@type\":\"BreadcrumbList\",\"@id\":\"https:\/\/permbledhja.com\/demokracia-ne-veprim-e-sheh-si-deshtim-votimin-ne-veri\/#breadcrumb\",\"itemListElement\":[{\"@type\":\"ListItem\",\"position\":1,\"name\":\"Ballina\",\"item\":\"https:\/\/permbledhja.com\/sq\/\"},{\"@type\":\"ListItem\",\"position\":2,\"name\":\"Demokracia n\u00eb Veprim e sheh si d\u00ebshtim votimin n\u00eb Veri\"}]},{\"@type\":\"WebSite\",\"@id\":\"https:\/\/permbledhja.com\/#website\",\"url\":\"https:\/\/permbledhja.com\/\",\"name\":\"Ve\u00e7 artikuj p\u00ebrmbledh\u00ebs\",\"description\":\"\",\"publisher\":{\"@id\":\"https:\/\/permbledhja.com\/#organization\"},\"potentialAction\":[{\"@type\":\"SearchAction\",\"target\":{\"@type\":\"EntryPoint\",\"urlTemplate\":\"https:\/\/permbledhja.com\/?s={search_term_string}\"},\"query-input\":\"required name=search_term_string\"}],\"inLanguage\":\"sq\"},{\"@type\":\"Organization\",\"@id\":\"https:\/\/permbledhja.com\/#organization\",\"name\":\"MK Media & Pr\",\"url\":\"https:\/\/permbledhja.com\/\",\"logo\":{\"@type\":\"ImageObject\",\"inLanguage\":\"sq\",\"@id\":\"https:\/\/permbledhja.com\/#\/schema\/logo\/image\/\",\"url\":\"https:\/\/permbledhja.com\/wp-content\/uploads\/2021\/12\/07-Press-Logo.jpg\",\"contentUrl\":\"https:\/\/permbledhja.com\/wp-content\/uploads\/2021\/12\/07-Press-Logo.jpg\",\"width\":512,\"height\":512,\"caption\":\"MK Media & Pr\"},\"image\":{\"@id\":\"https:\/\/permbledhja.com\/#\/schema\/logo\/image\/\"},\"sameAs\":[\"https:\/\/www.facebook.com\/press07\/\"]},{\"@type\":\"Person\",\"@id\":\"https:\/\/permbledhja.com\/#\/schema\/person\/d23f13f59b5722643933d6780783acf3\",\"name\":\"M M\",\"image\":{\"@type\":\"ImageObject\",\"inLanguage\":\"sq\",\"@id\":\"https:\/\/permbledhja.com\/#\/schema\/person\/image\/\",\"url\":\"https:\/\/secure.gravatar.com\/avatar\/e2835a76ca7c31a2416b2d51c4ec9a8f?s=96&d=mm&r=g\",\"contentUrl\":\"https:\/\/secure.gravatar.com\/avatar\/e2835a76ca7c31a2416b2d51c4ec9a8f?s=96&d=mm&r=g\",\"caption\":\"M M\"},\"sameAs\":[\"http:\/\/MM\"],\"url\":\"https:\/\/permbledhja.com\/sq\/author\/muhamet\/\"}]}<\/script>\n<!-- \/ Yoast SEO plugin. -->","yoast_head_json":{"title":"Demokracia n\u00eb Veprim e sheh si d\u00ebshtim votimin n\u00eb Veri","robots":{"index":"index","follow":"follow","max-snippet":"max-snippet:-1","max-image-preview":"max-image-preview:large","max-video-preview":"max-video-preview:-1"},"canonical":"https:\/\/permbledhja.com\/sq\/demokracia-ne-veprim-e-sheh-si-deshtim-votimin-ne-veri\/","og_locale":"sq_AL","og_type":"article","og_title":"Demokracia n\u00eb Veprim e sheh si d\u00ebshtim votimin n\u00eb Veri","og_description":"N\u00eb shum\u00eb qendra votimi nuk plot\u00ebsohen kushtet p\u00ebr t\u00eb garantuar vot\u00eb t\u00eb lir\u00eb, deklaron Ismet Kryeziu nga Demokracia n\u00eb Veprim (DnV). Ai konsideron se k\u00ebto votime jan\u00eb t\u00eb d\u00ebshtuara p\u00ebr shkak t\u00eb pjes\u00ebmarrjes s\u00eb ult\u00eb t\u00eb qytetar\u00ebve p\u00ebr t\u00eb shfryt\u00ebzuar t\u00eb drejt\u00ebn e tyre t\u00eb vot\u00ebs pro apo kund\u00ebr shkarkimit t\u00eb kryetar\u00ebve n\u00eb kat\u00ebr komunat [&hellip;]","og_url":"https:\/\/permbledhja.com\/sq\/demokracia-ne-veprim-e-sheh-si-deshtim-votimin-ne-veri\/","og_site_name":"Ve\u00e7 artikuj p\u00ebrmbledh\u00ebs","article_publisher":"https:\/\/www.facebook.com\/press07\/","article_published_time":"2024-04-21T14:30:04+00:00","article_modified_time":"2024-04-21T15:04:38+00:00","og_image":[{"width":517,"height":310,"url":"https:\/\/permbledhja.com\/wp-content\/uploads\/2024\/04\/caber.png","type":"image\/png"}],"author":"M M","twitter_card":"summary_large_image","twitter_misc":{"Written by":"M M","Est. reading time":"3 minuta"},"schema":{"@context":"https:\/\/schema.org","@graph":[{"@type":"Article","@id":"https:\/\/permbledhja.com\/demokracia-ne-veprim-e-sheh-si-deshtim-votimin-ne-veri\/#article","isPartOf":{"@id":"https:\/\/permbledhja.com\/demokracia-ne-veprim-e-sheh-si-deshtim-votimin-ne-veri\/"},"author":{"name":"M M","@id":"https:\/\/permbledhja.com\/#\/schema\/person\/d23f13f59b5722643933d6780783acf3"},"headline":"Demokracia n\u00eb Veprim e sheh si d\u00ebshtim votimin n\u00eb Veri","datePublished":"2024-04-21T14:30:04+00:00","dateModified":"2024-04-21T15:04:38+00:00","mainEntityOfPage":{"@id":"https:\/\/permbledhja.com\/demokracia-ne-veprim-e-sheh-si-deshtim-votimin-ne-veri\/"},"wordCount":571,"publisher":{"@id":"https:\/\/permbledhja.com\/#organization"},"keywords":["DnV"],"articleSection":["Kryesoret"],"inLanguage":"sq"},{"@type":"WebPage","@id":"https:\/\/permbledhja.com\/demokracia-ne-veprim-e-sheh-si-deshtim-votimin-ne-veri\/","url":"https:\/\/permbledhja.com\/demokracia-ne-veprim-e-sheh-si-deshtim-votimin-ne-veri\/","name":"Demokracia n\u00eb Veprim e sheh si d\u00ebshtim votimin n\u00eb Veri","isPartOf":{"@id":"https:\/\/permbledhja.com\/#website"},"datePublished":"2024-04-21T14:30:04+00:00","dateModified":"2024-04-21T15:04:38+00:00","breadcrumb":{"@id":"https:\/\/permbledhja.com\/demokracia-ne-veprim-e-sheh-si-deshtim-votimin-ne-veri\/#breadcrumb"},"inLanguage":"sq","potentialAction":[{"@type":"ReadAction","target":["https:\/\/permbledhja.com\/demokracia-ne-veprim-e-sheh-si-deshtim-votimin-ne-veri\/"]}]},{"@type":"BreadcrumbList","@id":"https:\/\/permbledhja.com\/demokracia-ne-veprim-e-sheh-si-deshtim-votimin-ne-veri\/#breadcrumb","itemListElement":[{"@type":"ListItem","position":1,"name":"Ballina","item":"https:\/\/permbledhja.com\/sq\/"},{"@type":"ListItem","position":2,"name":"Demokracia n\u00eb Veprim e sheh si d\u00ebshtim votimin n\u00eb Veri"}]},{"@type":"WebSite","@id":"https:\/\/permbledhja.com\/#website","url":"https:\/\/permbledhja.com\/","name":"Ve\u00e7 artikuj p\u00ebrmbledh\u00ebs","description":"","publisher":{"@id":"https:\/\/permbledhja.com\/#organization"},"potentialAction":[{"@type":"SearchAction","target":{"@type":"EntryPoint","urlTemplate":"https:\/\/permbledhja.com\/?s={search_term_string}"},"query-input":"required name=search_term_string"}],"inLanguage":"sq"},{"@type":"Organization","@id":"https:\/\/permbledhja.com\/#organization","name":"MK Media & Pr","url":"https:\/\/permbledhja.com\/","logo":{"@type":"ImageObject","inLanguage":"sq","@id":"https:\/\/permbledhja.com\/#\/schema\/logo\/image\/","url":"https:\/\/permbledhja.com\/wp-content\/uploads\/2021\/12\/07-Press-Logo.jpg","contentUrl":"https:\/\/permbledhja.com\/wp-content\/uploads\/2021\/12\/07-Press-Logo.jpg","width":512,"height":512,"caption":"MK Media & Pr"},"image":{"@id":"https:\/\/permbledhja.com\/#\/schema\/logo\/image\/"},"sameAs":["https:\/\/www.facebook.com\/press07\/"]},{"@type":"Person","@id":"https:\/\/permbledhja.com\/#\/schema\/person\/d23f13f59b5722643933d6780783acf3","name":"M M","image":{"@type":"ImageObject","inLanguage":"sq","@id":"https:\/\/permbledhja.com\/#\/schema\/person\/image\/","url":"https:\/\/secure.gravatar.com\/avatar\/e2835a76ca7c31a2416b2d51c4ec9a8f?s=96&d=mm&r=g","contentUrl":"https:\/\/secure.gravatar.com\/avatar\/e2835a76ca7c31a2416b2d51c4ec9a8f?s=96&d=mm&r=g","caption":"M M"},"sameAs":["http:\/\/MM"],"url":"https:\/\/permbledhja.com\/sq\/author\/muhamet\/"}]}},"_links":{"self":[{"href":"https:\/\/permbledhja.com\/sq\/wp-json\/wp\/v2\/posts\/57548"}],"collection":[{"href":"https:\/\/permbledhja.com\/sq\/wp-json\/wp\/v2\/posts"}],"about":[{"href":"https:\/\/permbledhja.com\/sq\/wp-json\/wp\/v2\/types\/post"}],"author":[{"embeddable":true,"href":"https:\/\/permbledhja.com\/sq\/wp-json\/wp\/v2\/users\/2"}],"replies":[{"embeddable":true,"href":"https:\/\/permbledhja.com\/sq\/wp-json\/wp\/v2\/comments?post=57548"}],"version-history":[{"count":1,"href":"https:\/\/permbledhja.com\/sq\/wp-json\/wp\/v2\/posts\/57548\/revisions"}],"predecessor-version":[{"id":57550,"href":"https:\/\/permbledhja.com\/sq\/wp-json\/wp\/v2\/posts\/57548\/revisions\/57550"}],"wp:featuredmedia":[{"embeddable":true,"href":"https:\/\/permbledhja.com\/sq\/wp-json\/wp\/v2\/media\/57549"}],"wp:attachment":[{"href":"https:\/\/permbledhja.com\/sq\/wp-json\/wp\/v2\/media?parent=57548"}],"wp:term":[{"taxonomy":"category","embeddable":true,"href":"https:\/\/permbledhja.com\/sq\/wp-json\/wp\/v2\/categories?post=57548"},{"taxonomy":"post_tag","embeddable":true,"href":"https:\/\/permbledhja.com\/sq\/wp-json\/wp\/v2\/tags?post=57548"}],"curies":[{"name":"wp","href":"https:\/\/api.w.org\/{rel}","templated":true}]}}