{"id":57485,"date":"2024-04-21T09:43:04","date_gmt":"2024-04-21T09:43:04","guid":{"rendered":"https:\/\/permbledhja.com\/?p=57485"},"modified":"2024-04-21T09:43:04","modified_gmt":"2024-04-21T09:43:04","slug":"krasniqi-detyra-e-shtetit-ishte-organizimi-i-ketij-procesi-qe-qytetaret-ta-shprehin-vullnetin-e-tyre","status":"publish","type":"post","link":"https:\/\/permbledhja.com\/sq\/krasniqi-detyra-e-shtetit-ishte-organizimi-i-ketij-procesi-qe-qytetaret-ta-shprehin-vullnetin-e-tyre\/","title":{"rendered":"Krasniqi: Detyra e shtetit ishte organizimi i k\u00ebtij procesi q\u00eb qytetar\u00ebt ta shprehin vullnetin e tyre"},"content":{"rendered":"<h3><strong>Ministri i Administrimit t\u00eb Pushtetit Lokal, Elbert Krasniqi, n\u00eb nj\u00eb deklarat\u00eb p\u00ebr media ka th\u00ebn\u00eb se detyr\u00eb e tyre ishte organizimi i k\u00ebtij peticioni dhe organizimi i k\u00ebtij procesi votues, nd\u00ebrsa qytetar\u00ebt e shprehin vullnetin e tyre p\u00ebrmes votimit.<\/strong><\/h3>\n<p>\u201cDetyr\u00eb e jona ka qen\u00eb q\u00eb t\u00eb b\u00ebjm\u00eb k\u00ebt\u00eb peticion, me k\u00ebt\u00eb mund\u00ebsi qytetar\u00ebt e shprehin vullnetin e tyre. Detyr\u00eb e shtetit ka qen\u00eb edhe organzimi i k\u00ebtij procesi dhe besoj q\u00eb gjith\u00e7ka ka shkuar mir\u00eb\u201d, ka th\u00ebn\u00eb Krasniqi.<\/p>\n<p>Krasniqi \u00ebsht\u00eb shprehur se kjo e drejt\u00eb qytetar\u00ebve u garantohet p\u00ebrmes ligjit p\u00ebr qeverisje lokale<\/p>\n<p>\u201cQeveria e Kosov\u00ebs e ka pasur detyr\u00ebn dhe mandatin p\u00ebr t\u00eb mund\u00ebsuar q\u00eb qytetar\u00ebt q\u00eb duan t\u2019i shprehin pak\u00ebnaq\u00ebsit\u00eb e tyre apo k\u00ebrkes\u00ebn e tyre p\u00ebr largimin e kryetar\u00ebt nga funksioni, t\u00eb b\u00ebjn\u00eb paraprakisht me nj\u00eb t\u00eb drejt\u00eb q\u00eb u garantohet p\u00ebrmes ligjit p\u00ebr qeverisje lokale\u201d, ka th\u00ebn\u00eb ministri.<\/p>\n<p>Ai \u00ebsht\u00eb shprehur se n\u00ebse n\u00eb k\u00ebt\u00eb votim marrin pjes\u00eb 50 p\u00ebr qind e qytetar\u00ebve plus nj\u00eb, at\u00ebher\u00eb presidentja e vendit, Vjosa Osmani, do t\u2019i shpall\u00eb zgjedhjet e parakohshme n\u00eb komunat ku do t\u00eb ket\u00eb sukes.<\/p>\n<p>\u201cN\u00ebse n\u00eb k\u00ebt\u00eb votim marrin pjes\u00eb 50 p\u00ebr qind e qytetar\u00ebve plus nj\u00eb dhe ata votojn\u00eb p\u00ebr largimin e kryetar\u00ebve, pastaj presidentja e vendit do t\u2019i shpall\u00eb zgjedhjet e parakohshme n\u00eb komunat ku do t\u00eb ket\u00eb sukes\u201d, ka theksuar Krasniqi.<\/p>\n<p>Nd\u00ebrsa p\u00ebr List\u00ebn Serbe, ministri i Administrimit t\u00eb Pushtetit Lokal ka deklaruar se ata i shohin institucionet p\u00ebr vete dhe jo p\u00ebr qytetar\u00ebt.<\/p>\n<p>\u201cLista Serbe d\u00ebshiron q\u00eb t\u00eb ket\u00eb monopolin mbi politik\u00ebn serbe n\u00eb Kosov\u00eb. Ata i shohin institucionet vet\u00ebm p\u00ebr vete dhe jo p\u00ebr qytetar\u00ebt\u201d, ka potencuar Krasniqi.<\/p>\n<p>Kujtojm\u00eb q\u00eb sot n\u00eb kat\u00ebr komunat veriore t\u00eb vendit votohet p\u00ebr shkarkimin e kryetar\u00ebve shqiptar\u00eb n\u00eb Mitrovic\u00eb t\u00eb Veriut, Zve\u00e7an, Zubin Potok dhe Leposaviq.<\/p>\n<p>N\u00eb list\u00ebn e qytetar\u00ebve me t\u00eb drejt\u00eb vote jan\u00eb 46 mij\u00eb e 556 votues.<\/p>\n","protected":false},"excerpt":{"rendered":"<p>Ministri i Administrimit t\u00eb Pushtetit Lokal, Elbert Krasniqi, n\u00eb nj\u00eb deklarat\u00eb p\u00ebr media ka th\u00ebn\u00eb se detyr\u00eb e tyre ishte organizimi i k\u00ebtij peticioni dhe organizimi i k\u00ebtij procesi votues, nd\u00ebrsa qytetar\u00ebt e shprehin vullnetin e tyre p\u00ebrmes votimit. \u201cDetyr\u00eb e jona ka qen\u00eb q\u00eb t\u00eb b\u00ebjm\u00eb k\u00ebt\u00eb peticion, me k\u00ebt\u00eb mund\u00ebsi qytetar\u00ebt e shprehin [&hellip;]<\/p>\n","protected":false},"author":5,"featured_media":57486,"comment_status":"closed","ping_status":"closed","sticky":false,"template":"","format":"standard","meta":{"_monsterinsights_skip_tracking":false,"_monsterinsights_sitenote_active":false,"_monsterinsights_sitenote_note":"","_monsterinsights_sitenote_category":0,"_uf_show_specific_survey":0,"_uf_disable_surveys":false,"footnotes":""},"categories":[1146],"tags":[],"yoast_head":"<!-- This site is optimized with the Yoast SEO plugin v21.5 - https:\/\/yoast.com\/wordpress\/plugins\/seo\/ -->\n<title>Krasniqi: Detyra e shtetit ishte organizimi i k\u00ebtij procesi q\u00eb qytetar\u00ebt ta shprehin vullnetin e tyre<\/title>\n<meta name=\"robots\" content=\"index, follow, max-snippet:-1, max-image-preview:large, max-video-preview:-1\" \/>\n<link rel=\"canonical\" href=\"https:\/\/permbledhja.com\/sq\/krasniqi-detyra-e-shtetit-ishte-organizimi-i-ketij-procesi-qe-qytetaret-ta-shprehin-vullnetin-e-tyre\/\" \/>\n<meta property=\"og:locale\" content=\"sq_AL\" \/>\n<meta property=\"og:type\" content=\"article\" \/>\n<meta property=\"og:title\" content=\"Krasniqi: Detyra e shtetit ishte organizimi i k\u00ebtij procesi q\u00eb qytetar\u00ebt ta shprehin vullnetin e tyre\" \/>\n<meta property=\"og:description\" content=\"Ministri i Administrimit t\u00eb Pushtetit Lokal, Elbert Krasniqi, n\u00eb nj\u00eb deklarat\u00eb p\u00ebr media ka th\u00ebn\u00eb se detyr\u00eb e tyre ishte organizimi i k\u00ebtij peticioni dhe organizimi i k\u00ebtij procesi votues, nd\u00ebrsa qytetar\u00ebt e shprehin vullnetin e tyre p\u00ebrmes votimit. \u201cDetyr\u00eb e jona ka qen\u00eb q\u00eb t\u00eb b\u00ebjm\u00eb k\u00ebt\u00eb peticion, me k\u00ebt\u00eb mund\u00ebsi qytetar\u00ebt e shprehin [&hellip;]\" \/>\n<meta property=\"og:url\" content=\"https:\/\/permbledhja.com\/sq\/krasniqi-detyra-e-shtetit-ishte-organizimi-i-ketij-procesi-qe-qytetaret-ta-shprehin-vullnetin-e-tyre\/\" \/>\n<meta property=\"og:site_name\" content=\"Ve\u00e7 artikuj p\u00ebrmbledh\u00ebs\" \/>\n<meta property=\"article:publisher\" content=\"https:\/\/www.facebook.com\/press07\/\" \/>\n<meta property=\"article:published_time\" content=\"2024-04-21T09:43:04+00:00\" \/>\n<meta property=\"og:image\" content=\"https:\/\/permbledhja.com\/wp-content\/uploads\/2024\/04\/krasniqi.webp\" \/>\n\t<meta property=\"og:image:width\" content=\"583\" \/>\n\t<meta property=\"og:image:height\" content=\"324\" \/>\n\t<meta property=\"og:image:type\" content=\"image\/webp\" \/>\n<meta name=\"author\" content=\"DL\" \/>\n<meta name=\"twitter:card\" content=\"summary_large_image\" \/>\n<meta name=\"twitter:label1\" content=\"Written by\" \/>\n\t<meta name=\"twitter:data1\" content=\"DL\" \/>\n\t<meta name=\"twitter:label2\" content=\"Est. reading time\" \/>\n\t<meta name=\"twitter:data2\" content=\"2 minuta\" \/>\n<script type=\"application\/ld+json\" class=\"yoast-schema-graph\">{\"@context\":\"https:\/\/schema.org\",\"@graph\":[{\"@type\":\"Article\",\"@id\":\"https:\/\/permbledhja.com\/krasniqi-detyra-e-shtetit-ishte-organizimi-i-ketij-procesi-qe-qytetaret-ta-shprehin-vullnetin-e-tyre\/#article\",\"isPartOf\":{\"@id\":\"https:\/\/permbledhja.com\/krasniqi-detyra-e-shtetit-ishte-organizimi-i-ketij-procesi-qe-qytetaret-ta-shprehin-vullnetin-e-tyre\/\"},\"author\":{\"name\":\"DL\",\"@id\":\"https:\/\/permbledhja.com\/#\/schema\/person\/9c54260cbc4c6f792cb100550491638c\"},\"headline\":\"Krasniqi: Detyra e shtetit ishte organizimi i k\u00ebtij procesi q\u00eb qytetar\u00ebt ta shprehin vullnetin e tyre\",\"datePublished\":\"2024-04-21T09:43:04+00:00\",\"dateModified\":\"2024-04-21T09:43:04+00:00\",\"mainEntityOfPage\":{\"@id\":\"https:\/\/permbledhja.com\/krasniqi-detyra-e-shtetit-ishte-organizimi-i-ketij-procesi-qe-qytetaret-ta-shprehin-vullnetin-e-tyre\/\"},\"wordCount\":384,\"publisher\":{\"@id\":\"https:\/\/permbledhja.com\/#organization\"},\"articleSection\":[\"Kryesoret\"],\"inLanguage\":\"sq\"},{\"@type\":\"WebPage\",\"@id\":\"https:\/\/permbledhja.com\/krasniqi-detyra-e-shtetit-ishte-organizimi-i-ketij-procesi-qe-qytetaret-ta-shprehin-vullnetin-e-tyre\/\",\"url\":\"https:\/\/permbledhja.com\/krasniqi-detyra-e-shtetit-ishte-organizimi-i-ketij-procesi-qe-qytetaret-ta-shprehin-vullnetin-e-tyre\/\",\"name\":\"Krasniqi: Detyra e shtetit ishte organizimi i k\u00ebtij procesi q\u00eb qytetar\u00ebt ta shprehin vullnetin e tyre\",\"isPartOf\":{\"@id\":\"https:\/\/permbledhja.com\/#website\"},\"datePublished\":\"2024-04-21T09:43:04+00:00\",\"dateModified\":\"2024-04-21T09:43:04+00:00\",\"breadcrumb\":{\"@id\":\"https:\/\/permbledhja.com\/krasniqi-detyra-e-shtetit-ishte-organizimi-i-ketij-procesi-qe-qytetaret-ta-shprehin-vullnetin-e-tyre\/#breadcrumb\"},\"inLanguage\":\"sq\",\"potentialAction\":[{\"@type\":\"ReadAction\",\"target\":[\"https:\/\/permbledhja.com\/krasniqi-detyra-e-shtetit-ishte-organizimi-i-ketij-procesi-qe-qytetaret-ta-shprehin-vullnetin-e-tyre\/\"]}]},{\"@type\":\"BreadcrumbList\",\"@id\":\"https:\/\/permbledhja.com\/krasniqi-detyra-e-shtetit-ishte-organizimi-i-ketij-procesi-qe-qytetaret-ta-shprehin-vullnetin-e-tyre\/#breadcrumb\",\"itemListElement\":[{\"@type\":\"ListItem\",\"position\":1,\"name\":\"Ballina\",\"item\":\"https:\/\/permbledhja.com\/sq\/\"},{\"@type\":\"ListItem\",\"position\":2,\"name\":\"Krasniqi: Detyra e shtetit ishte organizimi i k\u00ebtij procesi q\u00eb qytetar\u00ebt ta shprehin vullnetin e tyre\"}]},{\"@type\":\"WebSite\",\"@id\":\"https:\/\/permbledhja.com\/#website\",\"url\":\"https:\/\/permbledhja.com\/\",\"name\":\"Ve\u00e7 artikuj p\u00ebrmbledh\u00ebs\",\"description\":\"\",\"publisher\":{\"@id\":\"https:\/\/permbledhja.com\/#organization\"},\"potentialAction\":[{\"@type\":\"SearchAction\",\"target\":{\"@type\":\"EntryPoint\",\"urlTemplate\":\"https:\/\/permbledhja.com\/?s={search_term_string}\"},\"query-input\":\"required name=search_term_string\"}],\"inLanguage\":\"sq\"},{\"@type\":\"Organization\",\"@id\":\"https:\/\/permbledhja.com\/#organization\",\"name\":\"MK Media & Pr\",\"url\":\"https:\/\/permbledhja.com\/\",\"logo\":{\"@type\":\"ImageObject\",\"inLanguage\":\"sq\",\"@id\":\"https:\/\/permbledhja.com\/#\/schema\/logo\/image\/\",\"url\":\"https:\/\/permbledhja.com\/wp-content\/uploads\/2021\/12\/07-Press-Logo.jpg\",\"contentUrl\":\"https:\/\/permbledhja.com\/wp-content\/uploads\/2021\/12\/07-Press-Logo.jpg\",\"width\":512,\"height\":512,\"caption\":\"MK Media & Pr\"},\"image\":{\"@id\":\"https:\/\/permbledhja.com\/#\/schema\/logo\/image\/\"},\"sameAs\":[\"https:\/\/www.facebook.com\/press07\/\"]},{\"@type\":\"Person\",\"@id\":\"https:\/\/permbledhja.com\/#\/schema\/person\/9c54260cbc4c6f792cb100550491638c\",\"name\":\"DL\",\"image\":{\"@type\":\"ImageObject\",\"inLanguage\":\"sq\",\"@id\":\"https:\/\/permbledhja.com\/#\/schema\/person\/image\/\",\"url\":\"https:\/\/secure.gravatar.com\/avatar\/94503eb28d4c4b2005a5c8753e35fc80?s=96&d=mm&r=g\",\"contentUrl\":\"https:\/\/secure.gravatar.com\/avatar\/94503eb28d4c4b2005a5c8753e35fc80?s=96&d=mm&r=g\",\"caption\":\"DL\"},\"url\":\"https:\/\/permbledhja.com\/sq\/author\/dl\/\"}]}<\/script>\n<!-- \/ Yoast SEO plugin. -->","yoast_head_json":{"title":"Krasniqi: Detyra e shtetit ishte organizimi i k\u00ebtij procesi q\u00eb qytetar\u00ebt ta shprehin vullnetin e tyre","robots":{"index":"index","follow":"follow","max-snippet":"max-snippet:-1","max-image-preview":"max-image-preview:large","max-video-preview":"max-video-preview:-1"},"canonical":"https:\/\/permbledhja.com\/sq\/krasniqi-detyra-e-shtetit-ishte-organizimi-i-ketij-procesi-qe-qytetaret-ta-shprehin-vullnetin-e-tyre\/","og_locale":"sq_AL","og_type":"article","og_title":"Krasniqi: Detyra e shtetit ishte organizimi i k\u00ebtij procesi q\u00eb qytetar\u00ebt ta shprehin vullnetin e tyre","og_description":"Ministri i Administrimit t\u00eb Pushtetit Lokal, Elbert Krasniqi, n\u00eb nj\u00eb deklarat\u00eb p\u00ebr media ka th\u00ebn\u00eb se detyr\u00eb e tyre ishte organizimi i k\u00ebtij peticioni dhe organizimi i k\u00ebtij procesi votues, nd\u00ebrsa qytetar\u00ebt e shprehin vullnetin e tyre p\u00ebrmes votimit. \u201cDetyr\u00eb e jona ka qen\u00eb q\u00eb t\u00eb b\u00ebjm\u00eb k\u00ebt\u00eb peticion, me k\u00ebt\u00eb mund\u00ebsi qytetar\u00ebt e shprehin [&hellip;]","og_url":"https:\/\/permbledhja.com\/sq\/krasniqi-detyra-e-shtetit-ishte-organizimi-i-ketij-procesi-qe-qytetaret-ta-shprehin-vullnetin-e-tyre\/","og_site_name":"Ve\u00e7 artikuj p\u00ebrmbledh\u00ebs","article_publisher":"https:\/\/www.facebook.com\/press07\/","article_published_time":"2024-04-21T09:43:04+00:00","og_image":[{"width":583,"height":324,"url":"https:\/\/permbledhja.com\/wp-content\/uploads\/2024\/04\/krasniqi.webp","type":"image\/webp"}],"author":"DL","twitter_card":"summary_large_image","twitter_misc":{"Written by":"DL","Est. reading time":"2 minuta"},"schema":{"@context":"https:\/\/schema.org","@graph":[{"@type":"Article","@id":"https:\/\/permbledhja.com\/krasniqi-detyra-e-shtetit-ishte-organizimi-i-ketij-procesi-qe-qytetaret-ta-shprehin-vullnetin-e-tyre\/#article","isPartOf":{"@id":"https:\/\/permbledhja.com\/krasniqi-detyra-e-shtetit-ishte-organizimi-i-ketij-procesi-qe-qytetaret-ta-shprehin-vullnetin-e-tyre\/"},"author":{"name":"DL","@id":"https:\/\/permbledhja.com\/#\/schema\/person\/9c54260cbc4c6f792cb100550491638c"},"headline":"Krasniqi: Detyra e shtetit ishte organizimi i k\u00ebtij procesi q\u00eb qytetar\u00ebt ta shprehin vullnetin e tyre","datePublished":"2024-04-21T09:43:04+00:00","dateModified":"2024-04-21T09:43:04+00:00","mainEntityOfPage":{"@id":"https:\/\/permbledhja.com\/krasniqi-detyra-e-shtetit-ishte-organizimi-i-ketij-procesi-qe-qytetaret-ta-shprehin-vullnetin-e-tyre\/"},"wordCount":384,"publisher":{"@id":"https:\/\/permbledhja.com\/#organization"},"articleSection":["Kryesoret"],"inLanguage":"sq"},{"@type":"WebPage","@id":"https:\/\/permbledhja.com\/krasniqi-detyra-e-shtetit-ishte-organizimi-i-ketij-procesi-qe-qytetaret-ta-shprehin-vullnetin-e-tyre\/","url":"https:\/\/permbledhja.com\/krasniqi-detyra-e-shtetit-ishte-organizimi-i-ketij-procesi-qe-qytetaret-ta-shprehin-vullnetin-e-tyre\/","name":"Krasniqi: Detyra e shtetit ishte organizimi i k\u00ebtij procesi q\u00eb qytetar\u00ebt ta shprehin vullnetin e tyre","isPartOf":{"@id":"https:\/\/permbledhja.com\/#website"},"datePublished":"2024-04-21T09:43:04+00:00","dateModified":"2024-04-21T09:43:04+00:00","breadcrumb":{"@id":"https:\/\/permbledhja.com\/krasniqi-detyra-e-shtetit-ishte-organizimi-i-ketij-procesi-qe-qytetaret-ta-shprehin-vullnetin-e-tyre\/#breadcrumb"},"inLanguage":"sq","potentialAction":[{"@type":"ReadAction","target":["https:\/\/permbledhja.com\/krasniqi-detyra-e-shtetit-ishte-organizimi-i-ketij-procesi-qe-qytetaret-ta-shprehin-vullnetin-e-tyre\/"]}]},{"@type":"BreadcrumbList","@id":"https:\/\/permbledhja.com\/krasniqi-detyra-e-shtetit-ishte-organizimi-i-ketij-procesi-qe-qytetaret-ta-shprehin-vullnetin-e-tyre\/#breadcrumb","itemListElement":[{"@type":"ListItem","position":1,"name":"Ballina","item":"https:\/\/permbledhja.com\/sq\/"},{"@type":"ListItem","position":2,"name":"Krasniqi: Detyra e shtetit ishte organizimi i k\u00ebtij procesi q\u00eb qytetar\u00ebt ta shprehin vullnetin e tyre"}]},{"@type":"WebSite","@id":"https:\/\/permbledhja.com\/#website","url":"https:\/\/permbledhja.com\/","name":"Ve\u00e7 artikuj p\u00ebrmbledh\u00ebs","description":"","publisher":{"@id":"https:\/\/permbledhja.com\/#organization"},"potentialAction":[{"@type":"SearchAction","target":{"@type":"EntryPoint","urlTemplate":"https:\/\/permbledhja.com\/?s={search_term_string}"},"query-input":"required name=search_term_string"}],"inLanguage":"sq"},{"@type":"Organization","@id":"https:\/\/permbledhja.com\/#organization","name":"MK Media & Pr","url":"https:\/\/permbledhja.com\/","logo":{"@type":"ImageObject","inLanguage":"sq","@id":"https:\/\/permbledhja.com\/#\/schema\/logo\/image\/","url":"https:\/\/permbledhja.com\/wp-content\/uploads\/2021\/12\/07-Press-Logo.jpg","contentUrl":"https:\/\/permbledhja.com\/wp-content\/uploads\/2021\/12\/07-Press-Logo.jpg","width":512,"height":512,"caption":"MK Media & Pr"},"image":{"@id":"https:\/\/permbledhja.com\/#\/schema\/logo\/image\/"},"sameAs":["https:\/\/www.facebook.com\/press07\/"]},{"@type":"Person","@id":"https:\/\/permbledhja.com\/#\/schema\/person\/9c54260cbc4c6f792cb100550491638c","name":"DL","image":{"@type":"ImageObject","inLanguage":"sq","@id":"https:\/\/permbledhja.com\/#\/schema\/person\/image\/","url":"https:\/\/secure.gravatar.com\/avatar\/94503eb28d4c4b2005a5c8753e35fc80?s=96&d=mm&r=g","contentUrl":"https:\/\/secure.gravatar.com\/avatar\/94503eb28d4c4b2005a5c8753e35fc80?s=96&d=mm&r=g","caption":"DL"},"url":"https:\/\/permbledhja.com\/sq\/author\/dl\/"}]}},"_links":{"self":[{"href":"https:\/\/permbledhja.com\/sq\/wp-json\/wp\/v2\/posts\/57485"}],"collection":[{"href":"https:\/\/permbledhja.com\/sq\/wp-json\/wp\/v2\/posts"}],"about":[{"href":"https:\/\/permbledhja.com\/sq\/wp-json\/wp\/v2\/types\/post"}],"author":[{"embeddable":true,"href":"https:\/\/permbledhja.com\/sq\/wp-json\/wp\/v2\/users\/5"}],"replies":[{"embeddable":true,"href":"https:\/\/permbledhja.com\/sq\/wp-json\/wp\/v2\/comments?post=57485"}],"version-history":[{"count":1,"href":"https:\/\/permbledhja.com\/sq\/wp-json\/wp\/v2\/posts\/57485\/revisions"}],"predecessor-version":[{"id":57487,"href":"https:\/\/permbledhja.com\/sq\/wp-json\/wp\/v2\/posts\/57485\/revisions\/57487"}],"wp:featuredmedia":[{"embeddable":true,"href":"https:\/\/permbledhja.com\/sq\/wp-json\/wp\/v2\/media\/57486"}],"wp:attachment":[{"href":"https:\/\/permbledhja.com\/sq\/wp-json\/wp\/v2\/media?parent=57485"}],"wp:term":[{"taxonomy":"category","embeddable":true,"href":"https:\/\/permbledhja.com\/sq\/wp-json\/wp\/v2\/categories?post=57485"},{"taxonomy":"post_tag","embeddable":true,"href":"https:\/\/permbledhja.com\/sq\/wp-json\/wp\/v2\/tags?post=57485"}],"curies":[{"name":"wp","href":"https:\/\/api.w.org\/{rel}","templated":true}]}}