{"id":57478,"date":"2024-04-21T09:13:18","date_gmt":"2024-04-21T09:13:18","guid":{"rendered":"https:\/\/permbledhja.com\/?p=57478"},"modified":"2024-04-21T09:14:27","modified_gmt":"2024-04-21T09:14:27","slug":"ky-eshte-personi-qe-u-gjet-i-vdekur-ne-nje-pyll-ne-batllave-te-podujeves","status":"publish","type":"post","link":"https:\/\/permbledhja.com\/sq\/ky-eshte-personi-qe-u-gjet-i-vdekur-ne-nje-pyll-ne-batllave-te-podujeves\/","title":{"rendered":"Ky \u00ebsht\u00eb personi q\u00eb u gjet i vdekur n\u00eb nj\u00eb pyll n\u00eb Batllav\u00eb t\u00eb Podujev\u00ebs"},"content":{"rendered":"<h3><strong>Nj\u00eb rasti i r\u00ebnd\u00eb ka ndodhur mbr\u00ebm\u00eb n\u00eb Batllav\u00eb t\u00eb Prishtin\u00ebs, ku nj\u00eb person u gjet pa shenja jete n\u00eb pyll.<\/strong><\/h3>\n<p>Nj\u00eb person i mosh\u00ebs\u00a0<em><strong>60 vje\u00e7are\u00a0<\/strong><\/em>\u00ebsht\u00eb gjetur i vdekur ne fshatin Batllav\u00eb t\u00eb Prishtin\u00ebs.<\/p>\n<p>Personi n\u00eb fjale \u00ebsht\u00eb, <strong><em>Fexhri Hyseni<\/em><\/strong>\u00a0q\u00eb u gjet nga nj\u00eb kalimtar n\u00eb pyll mbr\u00ebmjen e s\u00eb shtun\u00ebs.<\/p>\n<p>Lajmin e kan\u00eb konfirmuar edhe nga Policia e Kosov\u00eb dhe se mjek\u00ebt n\u00eb vendin e ngjarjes e kan\u00eb konstatuar vdekjen e tij.<\/p>\n<p>Me vendim t\u00eb prokurorit trupi i pa jet\u00eb \u00ebsht\u00eb d\u00ebrguar n\u00eb IML p\u00ebr obduksion.\/Sinjali<\/p>\n","protected":false},"excerpt":{"rendered":"<p>Nj\u00eb rasti i r\u00ebnd\u00eb ka ndodhur mbr\u00ebm\u00eb n\u00eb Batllav\u00eb t\u00eb Prishtin\u00ebs, ku nj\u00eb person u gjet pa shenja jete n\u00eb pyll. Nj\u00eb person i mosh\u00ebs\u00a060 vje\u00e7are\u00a0\u00ebsht\u00eb gjetur i vdekur ne fshatin Batllav\u00eb t\u00eb Prishtin\u00ebs. Personi n\u00eb fjale \u00ebsht\u00eb, Fexhri Hyseni\u00a0q\u00eb u gjet nga nj\u00eb kalimtar n\u00eb pyll mbr\u00ebmjen e s\u00eb shtun\u00ebs. Lajmin e kan\u00eb konfirmuar [&hellip;]<\/p>\n","protected":false},"author":5,"featured_media":57479,"comment_status":"closed","ping_status":"closed","sticky":false,"template":"","format":"standard","meta":{"_monsterinsights_skip_tracking":false,"_monsterinsights_sitenote_active":false,"_monsterinsights_sitenote_note":"","_monsterinsights_sitenote_category":0,"_uf_show_specific_survey":0,"_uf_disable_surveys":false,"footnotes":""},"categories":[2645],"tags":[],"yoast_head":"<!-- This site is optimized with the Yoast SEO plugin v21.5 - https:\/\/yoast.com\/wordpress\/plugins\/seo\/ -->\n<title>Ky \u00ebsht\u00eb personi q\u00eb u gjet i vdekur n\u00eb nj\u00eb pyll n\u00eb Batllav\u00eb t\u00eb Podujev\u00ebs<\/title>\n<meta name=\"robots\" content=\"index, follow, max-snippet:-1, max-image-preview:large, max-video-preview:-1\" \/>\n<link rel=\"canonical\" href=\"https:\/\/permbledhja.com\/sq\/ky-eshte-personi-qe-u-gjet-i-vdekur-ne-nje-pyll-ne-batllave-te-podujeves\/\" \/>\n<meta property=\"og:locale\" content=\"sq_AL\" \/>\n<meta property=\"og:type\" content=\"article\" \/>\n<meta property=\"og:title\" content=\"Ky \u00ebsht\u00eb personi q\u00eb u gjet i vdekur n\u00eb nj\u00eb pyll n\u00eb Batllav\u00eb t\u00eb Podujev\u00ebs\" \/>\n<meta property=\"og:description\" content=\"Nj\u00eb rasti i r\u00ebnd\u00eb ka ndodhur mbr\u00ebm\u00eb n\u00eb Batllav\u00eb t\u00eb Prishtin\u00ebs, ku nj\u00eb person u gjet pa shenja jete n\u00eb pyll. Nj\u00eb person i mosh\u00ebs\u00a060 vje\u00e7are\u00a0\u00ebsht\u00eb gjetur i vdekur ne fshatin Batllav\u00eb t\u00eb Prishtin\u00ebs. Personi n\u00eb fjale \u00ebsht\u00eb, Fexhri Hyseni\u00a0q\u00eb u gjet nga nj\u00eb kalimtar n\u00eb pyll mbr\u00ebmjen e s\u00eb shtun\u00ebs. Lajmin e kan\u00eb konfirmuar [&hellip;]\" \/>\n<meta property=\"og:url\" content=\"https:\/\/permbledhja.com\/sq\/ky-eshte-personi-qe-u-gjet-i-vdekur-ne-nje-pyll-ne-batllave-te-podujeves\/\" \/>\n<meta property=\"og:site_name\" content=\"Ve\u00e7 artikuj p\u00ebrmbledh\u00ebs\" \/>\n<meta property=\"article:publisher\" content=\"https:\/\/www.facebook.com\/press07\/\" \/>\n<meta property=\"article:published_time\" content=\"2024-04-21T09:13:18+00:00\" \/>\n<meta property=\"article:modified_time\" content=\"2024-04-21T09:14:27+00:00\" \/>\n<meta property=\"og:image\" content=\"https:\/\/permbledhja.com\/wp-content\/uploads\/2024\/04\/077.jpeg\" \/>\n\t<meta property=\"og:image:width\" content=\"780\" \/>\n\t<meta property=\"og:image:height\" content=\"440\" \/>\n\t<meta property=\"og:image:type\" content=\"image\/jpeg\" \/>\n<meta name=\"author\" content=\"DL\" \/>\n<meta name=\"twitter:card\" content=\"summary_large_image\" \/>\n<meta name=\"twitter:label1\" content=\"Written by\" \/>\n\t<meta name=\"twitter:data1\" content=\"DL\" \/>\n\t<meta name=\"twitter:label2\" content=\"Est. reading time\" \/>\n\t<meta name=\"twitter:data2\" content=\"1 minut\u00eb\" \/>\n<script type=\"application\/ld+json\" class=\"yoast-schema-graph\">{\"@context\":\"https:\/\/schema.org\",\"@graph\":[{\"@type\":\"Article\",\"@id\":\"https:\/\/permbledhja.com\/ky-eshte-personi-qe-u-gjet-i-vdekur-ne-nje-pyll-ne-batllave-te-podujeves\/#article\",\"isPartOf\":{\"@id\":\"https:\/\/permbledhja.com\/ky-eshte-personi-qe-u-gjet-i-vdekur-ne-nje-pyll-ne-batllave-te-podujeves\/\"},\"author\":{\"name\":\"DL\",\"@id\":\"https:\/\/permbledhja.com\/#\/schema\/person\/9c54260cbc4c6f792cb100550491638c\"},\"headline\":\"Ky \u00ebsht\u00eb personi q\u00eb u gjet i vdekur n\u00eb nj\u00eb pyll n\u00eb Batllav\u00eb t\u00eb Podujev\u00ebs\",\"datePublished\":\"2024-04-21T09:13:18+00:00\",\"dateModified\":\"2024-04-21T09:14:27+00:00\",\"mainEntityOfPage\":{\"@id\":\"https:\/\/permbledhja.com\/ky-eshte-personi-qe-u-gjet-i-vdekur-ne-nje-pyll-ne-batllave-te-podujeves\/\"},\"wordCount\":117,\"publisher\":{\"@id\":\"https:\/\/permbledhja.com\/#organization\"},\"articleSection\":[\"T\u00eb r\u00ebnd\u00ebsishme\"],\"inLanguage\":\"sq\"},{\"@type\":\"WebPage\",\"@id\":\"https:\/\/permbledhja.com\/ky-eshte-personi-qe-u-gjet-i-vdekur-ne-nje-pyll-ne-batllave-te-podujeves\/\",\"url\":\"https:\/\/permbledhja.com\/ky-eshte-personi-qe-u-gjet-i-vdekur-ne-nje-pyll-ne-batllave-te-podujeves\/\",\"name\":\"Ky \u00ebsht\u00eb personi q\u00eb u gjet i vdekur n\u00eb nj\u00eb pyll n\u00eb Batllav\u00eb t\u00eb Podujev\u00ebs\",\"isPartOf\":{\"@id\":\"https:\/\/permbledhja.com\/#website\"},\"datePublished\":\"2024-04-21T09:13:18+00:00\",\"dateModified\":\"2024-04-21T09:14:27+00:00\",\"breadcrumb\":{\"@id\":\"https:\/\/permbledhja.com\/ky-eshte-personi-qe-u-gjet-i-vdekur-ne-nje-pyll-ne-batllave-te-podujeves\/#breadcrumb\"},\"inLanguage\":\"sq\",\"potentialAction\":[{\"@type\":\"ReadAction\",\"target\":[\"https:\/\/permbledhja.com\/ky-eshte-personi-qe-u-gjet-i-vdekur-ne-nje-pyll-ne-batllave-te-podujeves\/\"]}]},{\"@type\":\"BreadcrumbList\",\"@id\":\"https:\/\/permbledhja.com\/ky-eshte-personi-qe-u-gjet-i-vdekur-ne-nje-pyll-ne-batllave-te-podujeves\/#breadcrumb\",\"itemListElement\":[{\"@type\":\"ListItem\",\"position\":1,\"name\":\"Ballina\",\"item\":\"https:\/\/permbledhja.com\/sq\/\"},{\"@type\":\"ListItem\",\"position\":2,\"name\":\"Ky \u00ebsht\u00eb personi q\u00eb u gjet i vdekur n\u00eb nj\u00eb pyll n\u00eb Batllav\u00eb t\u00eb Podujev\u00ebs\"}]},{\"@type\":\"WebSite\",\"@id\":\"https:\/\/permbledhja.com\/#website\",\"url\":\"https:\/\/permbledhja.com\/\",\"name\":\"Ve\u00e7 artikuj p\u00ebrmbledh\u00ebs\",\"description\":\"\",\"publisher\":{\"@id\":\"https:\/\/permbledhja.com\/#organization\"},\"potentialAction\":[{\"@type\":\"SearchAction\",\"target\":{\"@type\":\"EntryPoint\",\"urlTemplate\":\"https:\/\/permbledhja.com\/?s={search_term_string}\"},\"query-input\":\"required name=search_term_string\"}],\"inLanguage\":\"sq\"},{\"@type\":\"Organization\",\"@id\":\"https:\/\/permbledhja.com\/#organization\",\"name\":\"MK Media & Pr\",\"url\":\"https:\/\/permbledhja.com\/\",\"logo\":{\"@type\":\"ImageObject\",\"inLanguage\":\"sq\",\"@id\":\"https:\/\/permbledhja.com\/#\/schema\/logo\/image\/\",\"url\":\"https:\/\/permbledhja.com\/wp-content\/uploads\/2021\/12\/07-Press-Logo.jpg\",\"contentUrl\":\"https:\/\/permbledhja.com\/wp-content\/uploads\/2021\/12\/07-Press-Logo.jpg\",\"width\":512,\"height\":512,\"caption\":\"MK Media & Pr\"},\"image\":{\"@id\":\"https:\/\/permbledhja.com\/#\/schema\/logo\/image\/\"},\"sameAs\":[\"https:\/\/www.facebook.com\/press07\/\"]},{\"@type\":\"Person\",\"@id\":\"https:\/\/permbledhja.com\/#\/schema\/person\/9c54260cbc4c6f792cb100550491638c\",\"name\":\"DL\",\"image\":{\"@type\":\"ImageObject\",\"inLanguage\":\"sq\",\"@id\":\"https:\/\/permbledhja.com\/#\/schema\/person\/image\/\",\"url\":\"https:\/\/secure.gravatar.com\/avatar\/94503eb28d4c4b2005a5c8753e35fc80?s=96&d=mm&r=g\",\"contentUrl\":\"https:\/\/secure.gravatar.com\/avatar\/94503eb28d4c4b2005a5c8753e35fc80?s=96&d=mm&r=g\",\"caption\":\"DL\"},\"url\":\"https:\/\/permbledhja.com\/sq\/author\/dl\/\"}]}<\/script>\n<!-- \/ Yoast SEO plugin. -->","yoast_head_json":{"title":"Ky \u00ebsht\u00eb personi q\u00eb u gjet i vdekur n\u00eb nj\u00eb pyll n\u00eb Batllav\u00eb t\u00eb Podujev\u00ebs","robots":{"index":"index","follow":"follow","max-snippet":"max-snippet:-1","max-image-preview":"max-image-preview:large","max-video-preview":"max-video-preview:-1"},"canonical":"https:\/\/permbledhja.com\/sq\/ky-eshte-personi-qe-u-gjet-i-vdekur-ne-nje-pyll-ne-batllave-te-podujeves\/","og_locale":"sq_AL","og_type":"article","og_title":"Ky \u00ebsht\u00eb personi q\u00eb u gjet i vdekur n\u00eb nj\u00eb pyll n\u00eb Batllav\u00eb t\u00eb Podujev\u00ebs","og_description":"Nj\u00eb rasti i r\u00ebnd\u00eb ka ndodhur mbr\u00ebm\u00eb n\u00eb Batllav\u00eb t\u00eb Prishtin\u00ebs, ku nj\u00eb person u gjet pa shenja jete n\u00eb pyll. Nj\u00eb person i mosh\u00ebs\u00a060 vje\u00e7are\u00a0\u00ebsht\u00eb gjetur i vdekur ne fshatin Batllav\u00eb t\u00eb Prishtin\u00ebs. Personi n\u00eb fjale \u00ebsht\u00eb, Fexhri Hyseni\u00a0q\u00eb u gjet nga nj\u00eb kalimtar n\u00eb pyll mbr\u00ebmjen e s\u00eb shtun\u00ebs. Lajmin e kan\u00eb konfirmuar [&hellip;]","og_url":"https:\/\/permbledhja.com\/sq\/ky-eshte-personi-qe-u-gjet-i-vdekur-ne-nje-pyll-ne-batllave-te-podujeves\/","og_site_name":"Ve\u00e7 artikuj p\u00ebrmbledh\u00ebs","article_publisher":"https:\/\/www.facebook.com\/press07\/","article_published_time":"2024-04-21T09:13:18+00:00","article_modified_time":"2024-04-21T09:14:27+00:00","og_image":[{"width":780,"height":440,"url":"https:\/\/permbledhja.com\/wp-content\/uploads\/2024\/04\/077.jpeg","type":"image\/jpeg"}],"author":"DL","twitter_card":"summary_large_image","twitter_misc":{"Written by":"DL","Est. reading time":"1 minut\u00eb"},"schema":{"@context":"https:\/\/schema.org","@graph":[{"@type":"Article","@id":"https:\/\/permbledhja.com\/ky-eshte-personi-qe-u-gjet-i-vdekur-ne-nje-pyll-ne-batllave-te-podujeves\/#article","isPartOf":{"@id":"https:\/\/permbledhja.com\/ky-eshte-personi-qe-u-gjet-i-vdekur-ne-nje-pyll-ne-batllave-te-podujeves\/"},"author":{"name":"DL","@id":"https:\/\/permbledhja.com\/#\/schema\/person\/9c54260cbc4c6f792cb100550491638c"},"headline":"Ky \u00ebsht\u00eb personi q\u00eb u gjet i vdekur n\u00eb nj\u00eb pyll n\u00eb Batllav\u00eb t\u00eb Podujev\u00ebs","datePublished":"2024-04-21T09:13:18+00:00","dateModified":"2024-04-21T09:14:27+00:00","mainEntityOfPage":{"@id":"https:\/\/permbledhja.com\/ky-eshte-personi-qe-u-gjet-i-vdekur-ne-nje-pyll-ne-batllave-te-podujeves\/"},"wordCount":117,"publisher":{"@id":"https:\/\/permbledhja.com\/#organization"},"articleSection":["T\u00eb r\u00ebnd\u00ebsishme"],"inLanguage":"sq"},{"@type":"WebPage","@id":"https:\/\/permbledhja.com\/ky-eshte-personi-qe-u-gjet-i-vdekur-ne-nje-pyll-ne-batllave-te-podujeves\/","url":"https:\/\/permbledhja.com\/ky-eshte-personi-qe-u-gjet-i-vdekur-ne-nje-pyll-ne-batllave-te-podujeves\/","name":"Ky \u00ebsht\u00eb personi q\u00eb u gjet i vdekur n\u00eb nj\u00eb pyll n\u00eb Batllav\u00eb t\u00eb Podujev\u00ebs","isPartOf":{"@id":"https:\/\/permbledhja.com\/#website"},"datePublished":"2024-04-21T09:13:18+00:00","dateModified":"2024-04-21T09:14:27+00:00","breadcrumb":{"@id":"https:\/\/permbledhja.com\/ky-eshte-personi-qe-u-gjet-i-vdekur-ne-nje-pyll-ne-batllave-te-podujeves\/#breadcrumb"},"inLanguage":"sq","potentialAction":[{"@type":"ReadAction","target":["https:\/\/permbledhja.com\/ky-eshte-personi-qe-u-gjet-i-vdekur-ne-nje-pyll-ne-batllave-te-podujeves\/"]}]},{"@type":"BreadcrumbList","@id":"https:\/\/permbledhja.com\/ky-eshte-personi-qe-u-gjet-i-vdekur-ne-nje-pyll-ne-batllave-te-podujeves\/#breadcrumb","itemListElement":[{"@type":"ListItem","position":1,"name":"Ballina","item":"https:\/\/permbledhja.com\/sq\/"},{"@type":"ListItem","position":2,"name":"Ky \u00ebsht\u00eb personi q\u00eb u gjet i vdekur n\u00eb nj\u00eb pyll n\u00eb Batllav\u00eb t\u00eb Podujev\u00ebs"}]},{"@type":"WebSite","@id":"https:\/\/permbledhja.com\/#website","url":"https:\/\/permbledhja.com\/","name":"Ve\u00e7 artikuj p\u00ebrmbledh\u00ebs","description":"","publisher":{"@id":"https:\/\/permbledhja.com\/#organization"},"potentialAction":[{"@type":"SearchAction","target":{"@type":"EntryPoint","urlTemplate":"https:\/\/permbledhja.com\/?s={search_term_string}"},"query-input":"required name=search_term_string"}],"inLanguage":"sq"},{"@type":"Organization","@id":"https:\/\/permbledhja.com\/#organization","name":"MK Media & Pr","url":"https:\/\/permbledhja.com\/","logo":{"@type":"ImageObject","inLanguage":"sq","@id":"https:\/\/permbledhja.com\/#\/schema\/logo\/image\/","url":"https:\/\/permbledhja.com\/wp-content\/uploads\/2021\/12\/07-Press-Logo.jpg","contentUrl":"https:\/\/permbledhja.com\/wp-content\/uploads\/2021\/12\/07-Press-Logo.jpg","width":512,"height":512,"caption":"MK Media & Pr"},"image":{"@id":"https:\/\/permbledhja.com\/#\/schema\/logo\/image\/"},"sameAs":["https:\/\/www.facebook.com\/press07\/"]},{"@type":"Person","@id":"https:\/\/permbledhja.com\/#\/schema\/person\/9c54260cbc4c6f792cb100550491638c","name":"DL","image":{"@type":"ImageObject","inLanguage":"sq","@id":"https:\/\/permbledhja.com\/#\/schema\/person\/image\/","url":"https:\/\/secure.gravatar.com\/avatar\/94503eb28d4c4b2005a5c8753e35fc80?s=96&d=mm&r=g","contentUrl":"https:\/\/secure.gravatar.com\/avatar\/94503eb28d4c4b2005a5c8753e35fc80?s=96&d=mm&r=g","caption":"DL"},"url":"https:\/\/permbledhja.com\/sq\/author\/dl\/"}]}},"_links":{"self":[{"href":"https:\/\/permbledhja.com\/sq\/wp-json\/wp\/v2\/posts\/57478"}],"collection":[{"href":"https:\/\/permbledhja.com\/sq\/wp-json\/wp\/v2\/posts"}],"about":[{"href":"https:\/\/permbledhja.com\/sq\/wp-json\/wp\/v2\/types\/post"}],"author":[{"embeddable":true,"href":"https:\/\/permbledhja.com\/sq\/wp-json\/wp\/v2\/users\/5"}],"replies":[{"embeddable":true,"href":"https:\/\/permbledhja.com\/sq\/wp-json\/wp\/v2\/comments?post=57478"}],"version-history":[{"count":2,"href":"https:\/\/permbledhja.com\/sq\/wp-json\/wp\/v2\/posts\/57478\/revisions"}],"predecessor-version":[{"id":57481,"href":"https:\/\/permbledhja.com\/sq\/wp-json\/wp\/v2\/posts\/57478\/revisions\/57481"}],"wp:featuredmedia":[{"embeddable":true,"href":"https:\/\/permbledhja.com\/sq\/wp-json\/wp\/v2\/media\/57479"}],"wp:attachment":[{"href":"https:\/\/permbledhja.com\/sq\/wp-json\/wp\/v2\/media?parent=57478"}],"wp:term":[{"taxonomy":"category","embeddable":true,"href":"https:\/\/permbledhja.com\/sq\/wp-json\/wp\/v2\/categories?post=57478"},{"taxonomy":"post_tag","embeddable":true,"href":"https:\/\/permbledhja.com\/sq\/wp-json\/wp\/v2\/tags?post=57478"}],"curies":[{"name":"wp","href":"https:\/\/api.w.org\/{rel}","templated":true}]}}