{"id":57390,"date":"2024-04-20T19:34:19","date_gmt":"2024-04-20T19:34:19","guid":{"rendered":"https:\/\/permbledhja.com\/?p=57390"},"modified":"2024-04-20T19:34:19","modified_gmt":"2024-04-20T19:34:19","slug":"keta-jane-9-te-arrestuarit-qe-mashtruan-gjermanet-me-call-center-emrat","status":"publish","type":"post","link":"https:\/\/permbledhja.com\/sq\/keta-jane-9-te-arrestuarit-qe-mashtruan-gjermanet-me-call-center-emrat\/","title":{"rendered":"K\u00ebta jan\u00eb 9 t\u00eb arrestuarit q\u00eb mashtruan gjerman\u00ebt me \u201cCall Center\u201d &#8211; EMRAT"},"content":{"rendered":"<p><strong>N\u00ebnt\u00eb persona jan\u00eb arrestuar n\u00ebn dyshimin se kan\u00eb kryer vepr\u00ebn penale \u201cPjes\u00ebmarrja ose organizimi i grupit kriminal t\u00eb organizuar lidhur me vepr\u00ebn penale Mashtrimi dhe vepr\u00ebn penale Hyrja n\u00eb sistemet kompjuterike\u201d.<\/strong><\/p>\n<p>Gazeta Insajderi\u00a0ekskluzivisht merr vesh se t\u00eb arrestuarit jan\u00eb\u00a0Kastriot Bunjaku, Bianca Segashi, Berat Cakaji, Liridon Dervisholli, Armend Dervisholli, Besart Dervisholli, G\u00ebzime Dervisholli\u00a0dhe\u00a0Esat Dervisholli.<\/p>\n<p>Tet\u00eb ndaj tyre u \u00ebsht\u00eb masa e paraburgimit prej 1 muaji, p\u00ebrve\u00e7\u00a0G\u00ebzime Dervishollit\u00a0\u2013 t\u00eb cil\u00ebs u \u00ebsht\u00eb shqiptuar arresti sht\u00ebpiak n\u00eb koh\u00ebzgjatje prej nj\u00eb muaji.<\/p>\n<p>T\u00eb n\u00ebnt\u00eb k\u00ebta dyshohet se kan\u00eb krijuar nj\u00eb grup kriminal dhe kan\u00eb shfryt\u00ebzuar njohurit\u00eb e mira n\u00eb gjuh\u00ebn gjermane p\u00ebr t\u2019i telefonuar shtetasit e Gjermanis\u00eb dhe p\u00ebr t\u2019u marr\u00eb shuma t\u00eb m\u00ebdha parash.<\/p>\n<p>T\u00eb dyshuarit akuzohen se gjat\u00eb vitit t\u00eb kaluar nga lokacione t\u00eb ndryshme, kan\u00eb krijuar nj\u00eb Qend\u00ebr t\u00eb Thirrjeve dhe kan\u00eb telefonuar shtetasit gjerman, duke i mashtruar her\u00eb duke u sjellur si \u2018n\u00ebnpun\u00ebs i rrem\u00eb policor, premtime fitimi, nd\u00ebrmarrje p\u00ebr mbledhje borxhesh, mashtrim me kartela parapagesash, mashtrim me i-banking p\u00ebrmes internetit, mashtrim p\u00ebr investime, mashtrim p\u00eb ri-gjetjen e parave t\u00eb humbura.<\/p>\n<p>Pas bisedave me ta, sipas dosjes s\u00eb Prokuroris\u00eb, t\u00eb dyshuarit kan\u00eb mashtruar viktimat, duke i bindur q\u00eb t\u00eb ken\u00eb \u00e7asje n\u00eb kartelat e tyre bankare. Pas marrjes s\u00eb \u00e7asjes, ata dyshohet se kan\u00eb transferuar para n\u00eb xhirollogarit\u00eb e tyre, e m\u00eb s\u00eb shpeshti me parat\u00eb e viktimave kan\u00eb bler\u00eb\u00a0\u00a0kriptovaluta.<\/p>\n","protected":false},"excerpt":{"rendered":"<p>N\u00ebnt\u00eb persona jan\u00eb arrestuar n\u00ebn dyshimin se kan\u00eb kryer vepr\u00ebn penale \u201cPjes\u00ebmarrja ose organizimi i grupit kriminal t\u00eb organizuar lidhur me vepr\u00ebn penale Mashtrimi dhe vepr\u00ebn penale Hyrja n\u00eb sistemet kompjuterike\u201d. Gazeta Insajderi\u00a0ekskluzivisht merr vesh se t\u00eb arrestuarit jan\u00eb\u00a0Kastriot Bunjaku, Bianca Segashi, Berat Cakaji, Liridon Dervisholli, Armend Dervisholli, Besart Dervisholli, G\u00ebzime Dervisholli\u00a0dhe\u00a0Esat Dervisholli. Tet\u00eb ndaj [&hellip;]<\/p>\n","protected":false},"author":1,"featured_media":57154,"comment_status":"closed","ping_status":"closed","sticky":false,"template":"","format":"standard","meta":{"_monsterinsights_skip_tracking":false,"_monsterinsights_sitenote_active":false,"_monsterinsights_sitenote_note":"","_monsterinsights_sitenote_category":0,"_uf_show_specific_survey":0,"_uf_disable_surveys":false,"footnotes":""},"categories":[2645],"tags":[3138],"yoast_head":"<!-- This site is optimized with the Yoast SEO plugin v21.5 - https:\/\/yoast.com\/wordpress\/plugins\/seo\/ -->\n<title>K\u00ebta jan\u00eb 9 t\u00eb arrestuarit q\u00eb mashtruan gjerman\u00ebt me \u201cCall Center\u201d - EMRAT<\/title>\n<meta name=\"robots\" content=\"index, follow, max-snippet:-1, max-image-preview:large, max-video-preview:-1\" \/>\n<link rel=\"canonical\" href=\"https:\/\/permbledhja.com\/sq\/keta-jane-9-te-arrestuarit-qe-mashtruan-gjermanet-me-call-center-emrat\/\" \/>\n<meta property=\"og:locale\" content=\"sq_AL\" \/>\n<meta property=\"og:type\" content=\"article\" \/>\n<meta property=\"og:title\" content=\"K\u00ebta jan\u00eb 9 t\u00eb arrestuarit q\u00eb mashtruan gjerman\u00ebt me \u201cCall Center\u201d - EMRAT\" \/>\n<meta property=\"og:description\" content=\"N\u00ebnt\u00eb persona jan\u00eb arrestuar n\u00ebn dyshimin se kan\u00eb kryer vepr\u00ebn penale \u201cPjes\u00ebmarrja ose organizimi i grupit kriminal t\u00eb organizuar lidhur me vepr\u00ebn penale Mashtrimi dhe vepr\u00ebn penale Hyrja n\u00eb sistemet kompjuterike\u201d. Gazeta Insajderi\u00a0ekskluzivisht merr vesh se t\u00eb arrestuarit jan\u00eb\u00a0Kastriot Bunjaku, Bianca Segashi, Berat Cakaji, Liridon Dervisholli, Armend Dervisholli, Besart Dervisholli, G\u00ebzime Dervisholli\u00a0dhe\u00a0Esat Dervisholli. Tet\u00eb ndaj [&hellip;]\" \/>\n<meta property=\"og:url\" content=\"https:\/\/permbledhja.com\/sq\/keta-jane-9-te-arrestuarit-qe-mashtruan-gjermanet-me-call-center-emrat\/\" \/>\n<meta property=\"og:site_name\" content=\"Ve\u00e7 artikuj p\u00ebrmbledh\u00ebs\" \/>\n<meta property=\"article:publisher\" content=\"https:\/\/www.facebook.com\/press07\/\" \/>\n<meta property=\"article:author\" content=\"https:\/\/www.facebook.com\/kafexhiu.muharrem\/\" \/>\n<meta property=\"article:published_time\" content=\"2024-04-20T19:34:19+00:00\" \/>\n<meta property=\"og:image\" content=\"https:\/\/permbledhja.com\/wp-content\/uploads\/2024\/04\/1713453025740.jpg\" \/>\n\t<meta property=\"og:image:width\" content=\"780\" \/>\n\t<meta property=\"og:image:height\" content=\"440\" \/>\n\t<meta property=\"og:image:type\" content=\"image\/jpeg\" \/>\n<meta name=\"author\" content=\"P\u00ebrmbledhja\" \/>\n<meta name=\"twitter:card\" content=\"summary_large_image\" \/>\n<meta name=\"twitter:label1\" content=\"Written by\" \/>\n\t<meta name=\"twitter:data1\" content=\"P\u00ebrmbledhja\" \/>\n\t<meta name=\"twitter:label2\" content=\"Est. reading time\" \/>\n\t<meta name=\"twitter:data2\" content=\"2 minuta\" \/>\n<script type=\"application\/ld+json\" class=\"yoast-schema-graph\">{\"@context\":\"https:\/\/schema.org\",\"@graph\":[{\"@type\":\"Article\",\"@id\":\"https:\/\/permbledhja.com\/keta-jane-9-te-arrestuarit-qe-mashtruan-gjermanet-me-call-center-emrat\/#article\",\"isPartOf\":{\"@id\":\"https:\/\/permbledhja.com\/keta-jane-9-te-arrestuarit-qe-mashtruan-gjermanet-me-call-center-emrat\/\"},\"author\":{\"name\":\"P\u00ebrmbledhja\",\"@id\":\"https:\/\/permbledhja.com\/#\/schema\/person\/0d064377258d3221e50693947b9eb4fe\"},\"headline\":\"K\u00ebta jan\u00eb 9 t\u00eb arrestuarit q\u00eb mashtruan gjerman\u00ebt me \u201cCall Center\u201d &#8211; EMRAT\",\"datePublished\":\"2024-04-20T19:34:19+00:00\",\"dateModified\":\"2024-04-20T19:34:19+00:00\",\"mainEntityOfPage\":{\"@id\":\"https:\/\/permbledhja.com\/keta-jane-9-te-arrestuarit-qe-mashtruan-gjermanet-me-call-center-emrat\/\"},\"wordCount\":267,\"publisher\":{\"@id\":\"https:\/\/permbledhja.com\/#organization\"},\"keywords\":[\"Call Center\"],\"articleSection\":[\"T\u00eb r\u00ebnd\u00ebsishme\"],\"inLanguage\":\"sq\"},{\"@type\":\"WebPage\",\"@id\":\"https:\/\/permbledhja.com\/keta-jane-9-te-arrestuarit-qe-mashtruan-gjermanet-me-call-center-emrat\/\",\"url\":\"https:\/\/permbledhja.com\/keta-jane-9-te-arrestuarit-qe-mashtruan-gjermanet-me-call-center-emrat\/\",\"name\":\"K\u00ebta jan\u00eb 9 t\u00eb arrestuarit q\u00eb mashtruan gjerman\u00ebt me \u201cCall Center\u201d - EMRAT\",\"isPartOf\":{\"@id\":\"https:\/\/permbledhja.com\/#website\"},\"datePublished\":\"2024-04-20T19:34:19+00:00\",\"dateModified\":\"2024-04-20T19:34:19+00:00\",\"breadcrumb\":{\"@id\":\"https:\/\/permbledhja.com\/keta-jane-9-te-arrestuarit-qe-mashtruan-gjermanet-me-call-center-emrat\/#breadcrumb\"},\"inLanguage\":\"sq\",\"potentialAction\":[{\"@type\":\"ReadAction\",\"target\":[\"https:\/\/permbledhja.com\/keta-jane-9-te-arrestuarit-qe-mashtruan-gjermanet-me-call-center-emrat\/\"]}]},{\"@type\":\"BreadcrumbList\",\"@id\":\"https:\/\/permbledhja.com\/keta-jane-9-te-arrestuarit-qe-mashtruan-gjermanet-me-call-center-emrat\/#breadcrumb\",\"itemListElement\":[{\"@type\":\"ListItem\",\"position\":1,\"name\":\"Ballina\",\"item\":\"https:\/\/permbledhja.com\/sq\/\"},{\"@type\":\"ListItem\",\"position\":2,\"name\":\"K\u00ebta jan\u00eb 9 t\u00eb arrestuarit q\u00eb mashtruan gjerman\u00ebt me \u201cCall Center\u201d &#8211; EMRAT\"}]},{\"@type\":\"WebSite\",\"@id\":\"https:\/\/permbledhja.com\/#website\",\"url\":\"https:\/\/permbledhja.com\/\",\"name\":\"Ve\u00e7 artikuj p\u00ebrmbledh\u00ebs\",\"description\":\"\",\"publisher\":{\"@id\":\"https:\/\/permbledhja.com\/#organization\"},\"potentialAction\":[{\"@type\":\"SearchAction\",\"target\":{\"@type\":\"EntryPoint\",\"urlTemplate\":\"https:\/\/permbledhja.com\/?s={search_term_string}\"},\"query-input\":\"required name=search_term_string\"}],\"inLanguage\":\"sq\"},{\"@type\":\"Organization\",\"@id\":\"https:\/\/permbledhja.com\/#organization\",\"name\":\"MK Media & Pr\",\"url\":\"https:\/\/permbledhja.com\/\",\"logo\":{\"@type\":\"ImageObject\",\"inLanguage\":\"sq\",\"@id\":\"https:\/\/permbledhja.com\/#\/schema\/logo\/image\/\",\"url\":\"https:\/\/permbledhja.com\/wp-content\/uploads\/2021\/12\/07-Press-Logo.jpg\",\"contentUrl\":\"https:\/\/permbledhja.com\/wp-content\/uploads\/2021\/12\/07-Press-Logo.jpg\",\"width\":512,\"height\":512,\"caption\":\"MK Media & Pr\"},\"image\":{\"@id\":\"https:\/\/permbledhja.com\/#\/schema\/logo\/image\/\"},\"sameAs\":[\"https:\/\/www.facebook.com\/press07\/\"]},{\"@type\":\"Person\",\"@id\":\"https:\/\/permbledhja.com\/#\/schema\/person\/0d064377258d3221e50693947b9eb4fe\",\"name\":\"P\u00ebrmbledhja\",\"image\":{\"@type\":\"ImageObject\",\"inLanguage\":\"sq\",\"@id\":\"https:\/\/permbledhja.com\/#\/schema\/person\/image\/\",\"url\":\"https:\/\/permbledhja.com\/wp-content\/uploads\/2026\/01\/452004717_1040944174702970_8932037511805513407_n-96x96.jpg\",\"contentUrl\":\"https:\/\/permbledhja.com\/wp-content\/uploads\/2026\/01\/452004717_1040944174702970_8932037511805513407_n-96x96.jpg\",\"caption\":\"P\u00ebrmbledhja\"},\"sameAs\":[\"https:\/\/www.facebook.com\/kafexhiu.muharrem\/\",\"https:\/\/www.instagram.com\/muharrem_kafexhiu\/\"],\"url\":\"https:\/\/permbledhja.com\/sq\/author\/admin\/\"}]}<\/script>\n<!-- \/ Yoast SEO plugin. -->","yoast_head_json":{"title":"K\u00ebta jan\u00eb 9 t\u00eb arrestuarit q\u00eb mashtruan gjerman\u00ebt me \u201cCall Center\u201d - EMRAT","robots":{"index":"index","follow":"follow","max-snippet":"max-snippet:-1","max-image-preview":"max-image-preview:large","max-video-preview":"max-video-preview:-1"},"canonical":"https:\/\/permbledhja.com\/sq\/keta-jane-9-te-arrestuarit-qe-mashtruan-gjermanet-me-call-center-emrat\/","og_locale":"sq_AL","og_type":"article","og_title":"K\u00ebta jan\u00eb 9 t\u00eb arrestuarit q\u00eb mashtruan gjerman\u00ebt me \u201cCall Center\u201d - EMRAT","og_description":"N\u00ebnt\u00eb persona jan\u00eb arrestuar n\u00ebn dyshimin se kan\u00eb kryer vepr\u00ebn penale \u201cPjes\u00ebmarrja ose organizimi i grupit kriminal t\u00eb organizuar lidhur me vepr\u00ebn penale Mashtrimi dhe vepr\u00ebn penale Hyrja n\u00eb sistemet kompjuterike\u201d. Gazeta Insajderi\u00a0ekskluzivisht merr vesh se t\u00eb arrestuarit jan\u00eb\u00a0Kastriot Bunjaku, Bianca Segashi, Berat Cakaji, Liridon Dervisholli, Armend Dervisholli, Besart Dervisholli, G\u00ebzime Dervisholli\u00a0dhe\u00a0Esat Dervisholli. Tet\u00eb ndaj [&hellip;]","og_url":"https:\/\/permbledhja.com\/sq\/keta-jane-9-te-arrestuarit-qe-mashtruan-gjermanet-me-call-center-emrat\/","og_site_name":"Ve\u00e7 artikuj p\u00ebrmbledh\u00ebs","article_publisher":"https:\/\/www.facebook.com\/press07\/","article_author":"https:\/\/www.facebook.com\/kafexhiu.muharrem\/","article_published_time":"2024-04-20T19:34:19+00:00","og_image":[{"width":780,"height":440,"url":"https:\/\/permbledhja.com\/wp-content\/uploads\/2024\/04\/1713453025740.jpg","type":"image\/jpeg"}],"author":"P\u00ebrmbledhja","twitter_card":"summary_large_image","twitter_misc":{"Written by":"P\u00ebrmbledhja","Est. reading time":"2 minuta"},"schema":{"@context":"https:\/\/schema.org","@graph":[{"@type":"Article","@id":"https:\/\/permbledhja.com\/keta-jane-9-te-arrestuarit-qe-mashtruan-gjermanet-me-call-center-emrat\/#article","isPartOf":{"@id":"https:\/\/permbledhja.com\/keta-jane-9-te-arrestuarit-qe-mashtruan-gjermanet-me-call-center-emrat\/"},"author":{"name":"P\u00ebrmbledhja","@id":"https:\/\/permbledhja.com\/#\/schema\/person\/0d064377258d3221e50693947b9eb4fe"},"headline":"K\u00ebta jan\u00eb 9 t\u00eb arrestuarit q\u00eb mashtruan gjerman\u00ebt me \u201cCall Center\u201d &#8211; EMRAT","datePublished":"2024-04-20T19:34:19+00:00","dateModified":"2024-04-20T19:34:19+00:00","mainEntityOfPage":{"@id":"https:\/\/permbledhja.com\/keta-jane-9-te-arrestuarit-qe-mashtruan-gjermanet-me-call-center-emrat\/"},"wordCount":267,"publisher":{"@id":"https:\/\/permbledhja.com\/#organization"},"keywords":["Call Center"],"articleSection":["T\u00eb r\u00ebnd\u00ebsishme"],"inLanguage":"sq"},{"@type":"WebPage","@id":"https:\/\/permbledhja.com\/keta-jane-9-te-arrestuarit-qe-mashtruan-gjermanet-me-call-center-emrat\/","url":"https:\/\/permbledhja.com\/keta-jane-9-te-arrestuarit-qe-mashtruan-gjermanet-me-call-center-emrat\/","name":"K\u00ebta jan\u00eb 9 t\u00eb arrestuarit q\u00eb mashtruan gjerman\u00ebt me \u201cCall Center\u201d - EMRAT","isPartOf":{"@id":"https:\/\/permbledhja.com\/#website"},"datePublished":"2024-04-20T19:34:19+00:00","dateModified":"2024-04-20T19:34:19+00:00","breadcrumb":{"@id":"https:\/\/permbledhja.com\/keta-jane-9-te-arrestuarit-qe-mashtruan-gjermanet-me-call-center-emrat\/#breadcrumb"},"inLanguage":"sq","potentialAction":[{"@type":"ReadAction","target":["https:\/\/permbledhja.com\/keta-jane-9-te-arrestuarit-qe-mashtruan-gjermanet-me-call-center-emrat\/"]}]},{"@type":"BreadcrumbList","@id":"https:\/\/permbledhja.com\/keta-jane-9-te-arrestuarit-qe-mashtruan-gjermanet-me-call-center-emrat\/#breadcrumb","itemListElement":[{"@type":"ListItem","position":1,"name":"Ballina","item":"https:\/\/permbledhja.com\/sq\/"},{"@type":"ListItem","position":2,"name":"K\u00ebta jan\u00eb 9 t\u00eb arrestuarit q\u00eb mashtruan gjerman\u00ebt me \u201cCall Center\u201d &#8211; EMRAT"}]},{"@type":"WebSite","@id":"https:\/\/permbledhja.com\/#website","url":"https:\/\/permbledhja.com\/","name":"Ve\u00e7 artikuj p\u00ebrmbledh\u00ebs","description":"","publisher":{"@id":"https:\/\/permbledhja.com\/#organization"},"potentialAction":[{"@type":"SearchAction","target":{"@type":"EntryPoint","urlTemplate":"https:\/\/permbledhja.com\/?s={search_term_string}"},"query-input":"required name=search_term_string"}],"inLanguage":"sq"},{"@type":"Organization","@id":"https:\/\/permbledhja.com\/#organization","name":"MK Media & Pr","url":"https:\/\/permbledhja.com\/","logo":{"@type":"ImageObject","inLanguage":"sq","@id":"https:\/\/permbledhja.com\/#\/schema\/logo\/image\/","url":"https:\/\/permbledhja.com\/wp-content\/uploads\/2021\/12\/07-Press-Logo.jpg","contentUrl":"https:\/\/permbledhja.com\/wp-content\/uploads\/2021\/12\/07-Press-Logo.jpg","width":512,"height":512,"caption":"MK Media & Pr"},"image":{"@id":"https:\/\/permbledhja.com\/#\/schema\/logo\/image\/"},"sameAs":["https:\/\/www.facebook.com\/press07\/"]},{"@type":"Person","@id":"https:\/\/permbledhja.com\/#\/schema\/person\/0d064377258d3221e50693947b9eb4fe","name":"P\u00ebrmbledhja","image":{"@type":"ImageObject","inLanguage":"sq","@id":"https:\/\/permbledhja.com\/#\/schema\/person\/image\/","url":"https:\/\/permbledhja.com\/wp-content\/uploads\/2026\/01\/452004717_1040944174702970_8932037511805513407_n-96x96.jpg","contentUrl":"https:\/\/permbledhja.com\/wp-content\/uploads\/2026\/01\/452004717_1040944174702970_8932037511805513407_n-96x96.jpg","caption":"P\u00ebrmbledhja"},"sameAs":["https:\/\/www.facebook.com\/kafexhiu.muharrem\/","https:\/\/www.instagram.com\/muharrem_kafexhiu\/"],"url":"https:\/\/permbledhja.com\/sq\/author\/admin\/"}]}},"_links":{"self":[{"href":"https:\/\/permbledhja.com\/sq\/wp-json\/wp\/v2\/posts\/57390"}],"collection":[{"href":"https:\/\/permbledhja.com\/sq\/wp-json\/wp\/v2\/posts"}],"about":[{"href":"https:\/\/permbledhja.com\/sq\/wp-json\/wp\/v2\/types\/post"}],"author":[{"embeddable":true,"href":"https:\/\/permbledhja.com\/sq\/wp-json\/wp\/v2\/users\/1"}],"replies":[{"embeddable":true,"href":"https:\/\/permbledhja.com\/sq\/wp-json\/wp\/v2\/comments?post=57390"}],"version-history":[{"count":1,"href":"https:\/\/permbledhja.com\/sq\/wp-json\/wp\/v2\/posts\/57390\/revisions"}],"predecessor-version":[{"id":57391,"href":"https:\/\/permbledhja.com\/sq\/wp-json\/wp\/v2\/posts\/57390\/revisions\/57391"}],"wp:featuredmedia":[{"embeddable":true,"href":"https:\/\/permbledhja.com\/sq\/wp-json\/wp\/v2\/media\/57154"}],"wp:attachment":[{"href":"https:\/\/permbledhja.com\/sq\/wp-json\/wp\/v2\/media?parent=57390"}],"wp:term":[{"taxonomy":"category","embeddable":true,"href":"https:\/\/permbledhja.com\/sq\/wp-json\/wp\/v2\/categories?post=57390"},{"taxonomy":"post_tag","embeddable":true,"href":"https:\/\/permbledhja.com\/sq\/wp-json\/wp\/v2\/tags?post=57390"}],"curies":[{"name":"wp","href":"https:\/\/api.w.org\/{rel}","templated":true}]}}