{"id":56995,"date":"2024-04-17T15:48:04","date_gmt":"2024-04-17T15:48:04","guid":{"rendered":"https:\/\/permbledhja.com\/?p=56995"},"modified":"2024-04-17T15:48:04","modified_gmt":"2024-04-17T15:48:04","slug":"avokatja-nese-e-con-burrin-ne-polici-e-i-kthehesh-ti-e-dashuron-dhunuesin-po-ki-nevoje-per-dhunim","status":"publish","type":"post","link":"https:\/\/permbledhja.com\/sq\/avokatja-nese-e-con-burrin-ne-polici-e-i-kthehesh-ti-e-dashuron-dhunuesin-po-ki-nevoje-per-dhunim\/","title":{"rendered":"Avokatja: N\u00ebse e \u00e7on burrin n\u00eb polici e i kthehesh, ti e dashuron dhunuesin, po ki nevoj\u00eb p\u00ebr dhunim"},"content":{"rendered":"<p><strong>Nj\u00eb deklarat\u00eb skandaloze \u00ebsht\u00eb l\u00ebshuar sot n\u00eb nj\u00eb debat televiziv n\u00eb vend. N\u00eb koh\u00ebn kur grat\u00eb po vriten lirsh\u00ebm nga burrat. Nj\u00eb dit\u00eb, pas ngjarjes tragjike, ku nj\u00eb burr\u00eb vrau gruan e tij n\u00eb Pej\u00eb, e nj\u00eb ish-bashk\u00ebshort nj\u00eb grua tjet\u00ebr n\u00eb Ferizaj.<\/strong><\/p>\n<p>Avokatja, Adelina Hoxha ka tronditur me deklarat\u00ebn e saj se \u201c<em>n\u00ebse e \u00e7on burrin polici, e i kthehesh i bie q\u00eb po e dashuron dhunuesin<\/em>\u201d.<\/p>\n<p>Hoxha shkon m\u00eb tej duke th\u00ebn\u00eb se fajtor\u00eb jan\u00eb ato q\u00eb falin, dhe japin rast t\u00eb dyt\u00eb apo edhe m\u00eb shum\u00eb.<\/p>\n<p><em>\u201cN\u00eb momentin q\u00eb un\u00eb e \u00e7oj burrin n\u00eb burg e \u00e7oj\u00eb para procesit gjyq\u00ebsor p\u00ebr dhun\u00eb, edhe un\u00eb kthena prap\u00eb me bashk\u00ebjetu me t\u00eb, un\u00eb e mbaj\u00eb p\u00ebrgjegj\u00ebsin\u00eb. Un\u00eb jam ajo shkaktar q\u00eb e kam shty at\u00eb. Ti do t\u00eb thot\u00eb po e dashuron dhunuesin, ki nevoj\u00eb p\u00ebr dhunim\u2026\u201d,<\/em>\u00a0u shpreh ajo sot n\u00eb Kosova Today.<\/p>\n<p><iframe loading=\"lazy\" style=\"border: none; overflow: hidden;\" src=\"https:\/\/www.facebook.com\/plugins\/video.php?height=476&amp;href=https%3A%2F%2Fwww.facebook.com%2FKlanKosovaOfficial1%2Fvideos%2F990394042670063%2F&amp;show_text=true&amp;width=380&amp;t=0\" width=\"380\" height=\"591\" frameborder=\"0\" scrolling=\"no\" allowfullscreen=\"allowfullscreen\"><\/iframe><\/p>\n","protected":false},"excerpt":{"rendered":"<p>Nj\u00eb deklarat\u00eb skandaloze \u00ebsht\u00eb l\u00ebshuar sot n\u00eb nj\u00eb debat televiziv n\u00eb vend. N\u00eb koh\u00ebn kur grat\u00eb po vriten lirsh\u00ebm nga burrat. Nj\u00eb dit\u00eb, pas ngjarjes tragjike, ku nj\u00eb burr\u00eb vrau gruan e tij n\u00eb Pej\u00eb, e nj\u00eb ish-bashk\u00ebshort nj\u00eb grua tjet\u00ebr n\u00eb Ferizaj. Avokatja, Adelina Hoxha ka tronditur me deklarat\u00ebn e saj se \u201cn\u00ebse e [&hellip;]<\/p>\n","protected":false},"author":1,"featured_media":56996,"comment_status":"closed","ping_status":"closed","sticky":false,"template":"","format":"standard","meta":{"_monsterinsights_skip_tracking":false,"_monsterinsights_sitenote_active":false,"_monsterinsights_sitenote_note":"","_monsterinsights_sitenote_category":0,"_uf_show_specific_survey":0,"_uf_disable_surveys":false,"footnotes":""},"categories":[15],"tags":[2868],"yoast_head":"<!-- This site is optimized with the Yoast SEO plugin v21.5 - https:\/\/yoast.com\/wordpress\/plugins\/seo\/ -->\n<title>Avokatja: N\u00ebse e \u00e7on burrin n\u00eb polici e i kthehesh, ti e dashuron dhunuesin, po ki nevoj\u00eb p\u00ebr dhunim<\/title>\n<meta name=\"robots\" content=\"index, follow, max-snippet:-1, max-image-preview:large, max-video-preview:-1\" \/>\n<link rel=\"canonical\" href=\"https:\/\/permbledhja.com\/sq\/avokatja-nese-e-con-burrin-ne-polici-e-i-kthehesh-ti-e-dashuron-dhunuesin-po-ki-nevoje-per-dhunim\/\" \/>\n<meta property=\"og:locale\" content=\"sq_AL\" \/>\n<meta property=\"og:type\" content=\"article\" \/>\n<meta property=\"og:title\" content=\"Avokatja: N\u00ebse e \u00e7on burrin n\u00eb polici e i kthehesh, ti e dashuron dhunuesin, po ki nevoj\u00eb p\u00ebr dhunim\" \/>\n<meta property=\"og:description\" content=\"Nj\u00eb deklarat\u00eb skandaloze \u00ebsht\u00eb l\u00ebshuar sot n\u00eb nj\u00eb debat televiziv n\u00eb vend. N\u00eb koh\u00ebn kur grat\u00eb po vriten lirsh\u00ebm nga burrat. Nj\u00eb dit\u00eb, pas ngjarjes tragjike, ku nj\u00eb burr\u00eb vrau gruan e tij n\u00eb Pej\u00eb, e nj\u00eb ish-bashk\u00ebshort nj\u00eb grua tjet\u00ebr n\u00eb Ferizaj. Avokatja, Adelina Hoxha ka tronditur me deklarat\u00ebn e saj se \u201cn\u00ebse e [&hellip;]\" \/>\n<meta property=\"og:url\" content=\"https:\/\/permbledhja.com\/sq\/avokatja-nese-e-con-burrin-ne-polici-e-i-kthehesh-ti-e-dashuron-dhunuesin-po-ki-nevoje-per-dhunim\/\" \/>\n<meta property=\"og:site_name\" content=\"Ve\u00e7 artikuj p\u00ebrmbledh\u00ebs\" \/>\n<meta property=\"article:publisher\" content=\"https:\/\/www.facebook.com\/press07\/\" \/>\n<meta property=\"article:author\" content=\"https:\/\/www.facebook.com\/kafexhiu.muharrem\/\" \/>\n<meta property=\"article:published_time\" content=\"2024-04-17T15:48:04+00:00\" \/>\n<meta property=\"og:image\" content=\"https:\/\/permbledhja.com\/wp-content\/uploads\/2024\/04\/436320273_831550569019219_972299735523851599_n-800x445-1.jpg\" \/>\n\t<meta property=\"og:image:width\" content=\"800\" \/>\n\t<meta property=\"og:image:height\" content=\"445\" \/>\n\t<meta property=\"og:image:type\" content=\"image\/jpeg\" \/>\n<meta name=\"author\" content=\"P\u00ebrmbledhja\" \/>\n<meta name=\"twitter:card\" content=\"summary_large_image\" \/>\n<meta name=\"twitter:label1\" content=\"Written by\" \/>\n\t<meta name=\"twitter:data1\" content=\"P\u00ebrmbledhja\" \/>\n\t<meta name=\"twitter:label2\" content=\"Est. reading time\" \/>\n\t<meta name=\"twitter:data2\" content=\"1 minut\u00eb\" \/>\n<script type=\"application\/ld+json\" class=\"yoast-schema-graph\">{\"@context\":\"https:\/\/schema.org\",\"@graph\":[{\"@type\":\"Article\",\"@id\":\"https:\/\/permbledhja.com\/sq\/avokatja-nese-e-con-burrin-ne-polici-e-i-kthehesh-ti-e-dashuron-dhunuesin-po-ki-nevoje-per-dhunim\/#article\",\"isPartOf\":{\"@id\":\"https:\/\/permbledhja.com\/sq\/avokatja-nese-e-con-burrin-ne-polici-e-i-kthehesh-ti-e-dashuron-dhunuesin-po-ki-nevoje-per-dhunim\/\"},\"author\":{\"name\":\"P\u00ebrmbledhja\",\"@id\":\"https:\/\/permbledhja.com\/#\/schema\/person\/0d064377258d3221e50693947b9eb4fe\"},\"headline\":\"Avokatja: N\u00ebse e \u00e7on burrin n\u00eb polici e i kthehesh, ti e dashuron dhunuesin, po ki nevoj\u00eb p\u00ebr dhunim\",\"datePublished\":\"2024-04-17T15:48:04+00:00\",\"dateModified\":\"2024-04-17T15:48:04+00:00\",\"mainEntityOfPage\":{\"@id\":\"https:\/\/permbledhja.com\/sq\/avokatja-nese-e-con-burrin-ne-polici-e-i-kthehesh-ti-e-dashuron-dhunuesin-po-ki-nevoje-per-dhunim\/\"},\"wordCount\":180,\"publisher\":{\"@id\":\"https:\/\/permbledhja.com\/#organization\"},\"keywords\":[\"Avokatja\"],\"articleSection\":[\"Lajme\"],\"inLanguage\":\"sq\"},{\"@type\":\"WebPage\",\"@id\":\"https:\/\/permbledhja.com\/sq\/avokatja-nese-e-con-burrin-ne-polici-e-i-kthehesh-ti-e-dashuron-dhunuesin-po-ki-nevoje-per-dhunim\/\",\"url\":\"https:\/\/permbledhja.com\/sq\/avokatja-nese-e-con-burrin-ne-polici-e-i-kthehesh-ti-e-dashuron-dhunuesin-po-ki-nevoje-per-dhunim\/\",\"name\":\"Avokatja: N\u00ebse e \u00e7on burrin n\u00eb polici e i kthehesh, ti e dashuron dhunuesin, po ki nevoj\u00eb p\u00ebr dhunim\",\"isPartOf\":{\"@id\":\"https:\/\/permbledhja.com\/#website\"},\"datePublished\":\"2024-04-17T15:48:04+00:00\",\"dateModified\":\"2024-04-17T15:48:04+00:00\",\"breadcrumb\":{\"@id\":\"https:\/\/permbledhja.com\/sq\/avokatja-nese-e-con-burrin-ne-polici-e-i-kthehesh-ti-e-dashuron-dhunuesin-po-ki-nevoje-per-dhunim\/#breadcrumb\"},\"inLanguage\":\"sq\",\"potentialAction\":[{\"@type\":\"ReadAction\",\"target\":[\"https:\/\/permbledhja.com\/sq\/avokatja-nese-e-con-burrin-ne-polici-e-i-kthehesh-ti-e-dashuron-dhunuesin-po-ki-nevoje-per-dhunim\/\"]}]},{\"@type\":\"BreadcrumbList\",\"@id\":\"https:\/\/permbledhja.com\/sq\/avokatja-nese-e-con-burrin-ne-polici-e-i-kthehesh-ti-e-dashuron-dhunuesin-po-ki-nevoje-per-dhunim\/#breadcrumb\",\"itemListElement\":[{\"@type\":\"ListItem\",\"position\":1,\"name\":\"Ballina\",\"item\":\"https:\/\/permbledhja.com\/sq\/\"},{\"@type\":\"ListItem\",\"position\":2,\"name\":\"Avokatja: N\u00ebse e \u00e7on burrin n\u00eb polici e i kthehesh, ti e dashuron dhunuesin, po ki nevoj\u00eb p\u00ebr dhunim\"}]},{\"@type\":\"WebSite\",\"@id\":\"https:\/\/permbledhja.com\/#website\",\"url\":\"https:\/\/permbledhja.com\/\",\"name\":\"Ve\u00e7 artikuj p\u00ebrmbledh\u00ebs\",\"description\":\"\",\"publisher\":{\"@id\":\"https:\/\/permbledhja.com\/#organization\"},\"potentialAction\":[{\"@type\":\"SearchAction\",\"target\":{\"@type\":\"EntryPoint\",\"urlTemplate\":\"https:\/\/permbledhja.com\/?s={search_term_string}\"},\"query-input\":\"required name=search_term_string\"}],\"inLanguage\":\"sq\"},{\"@type\":\"Organization\",\"@id\":\"https:\/\/permbledhja.com\/#organization\",\"name\":\"MK Media & Pr\",\"url\":\"https:\/\/permbledhja.com\/\",\"logo\":{\"@type\":\"ImageObject\",\"inLanguage\":\"sq\",\"@id\":\"https:\/\/permbledhja.com\/#\/schema\/logo\/image\/\",\"url\":\"https:\/\/permbledhja.com\/wp-content\/uploads\/2021\/12\/07-Press-Logo.jpg\",\"contentUrl\":\"https:\/\/permbledhja.com\/wp-content\/uploads\/2021\/12\/07-Press-Logo.jpg\",\"width\":512,\"height\":512,\"caption\":\"MK Media & Pr\"},\"image\":{\"@id\":\"https:\/\/permbledhja.com\/#\/schema\/logo\/image\/\"},\"sameAs\":[\"https:\/\/www.facebook.com\/press07\/\"]},{\"@type\":\"Person\",\"@id\":\"https:\/\/permbledhja.com\/#\/schema\/person\/0d064377258d3221e50693947b9eb4fe\",\"name\":\"P\u00ebrmbledhja\",\"image\":{\"@type\":\"ImageObject\",\"inLanguage\":\"sq\",\"@id\":\"https:\/\/permbledhja.com\/#\/schema\/person\/image\/\",\"url\":\"https:\/\/permbledhja.com\/wp-content\/uploads\/2026\/01\/452004717_1040944174702970_8932037511805513407_n-96x96.jpg\",\"contentUrl\":\"https:\/\/permbledhja.com\/wp-content\/uploads\/2026\/01\/452004717_1040944174702970_8932037511805513407_n-96x96.jpg\",\"caption\":\"P\u00ebrmbledhja\"},\"sameAs\":[\"https:\/\/www.facebook.com\/kafexhiu.muharrem\/\",\"https:\/\/www.instagram.com\/muharrem_kafexhiu\/\"],\"url\":\"https:\/\/permbledhja.com\/sq\/author\/admin\/\"}]}<\/script>\n<!-- \/ Yoast SEO plugin. -->","yoast_head_json":{"title":"Avokatja: N\u00ebse e \u00e7on burrin n\u00eb polici e i kthehesh, ti e dashuron dhunuesin, po ki nevoj\u00eb p\u00ebr dhunim","robots":{"index":"index","follow":"follow","max-snippet":"max-snippet:-1","max-image-preview":"max-image-preview:large","max-video-preview":"max-video-preview:-1"},"canonical":"https:\/\/permbledhja.com\/sq\/avokatja-nese-e-con-burrin-ne-polici-e-i-kthehesh-ti-e-dashuron-dhunuesin-po-ki-nevoje-per-dhunim\/","og_locale":"sq_AL","og_type":"article","og_title":"Avokatja: N\u00ebse e \u00e7on burrin n\u00eb polici e i kthehesh, ti e dashuron dhunuesin, po ki nevoj\u00eb p\u00ebr dhunim","og_description":"Nj\u00eb deklarat\u00eb skandaloze \u00ebsht\u00eb l\u00ebshuar sot n\u00eb nj\u00eb debat televiziv n\u00eb vend. N\u00eb koh\u00ebn kur grat\u00eb po vriten lirsh\u00ebm nga burrat. Nj\u00eb dit\u00eb, pas ngjarjes tragjike, ku nj\u00eb burr\u00eb vrau gruan e tij n\u00eb Pej\u00eb, e nj\u00eb ish-bashk\u00ebshort nj\u00eb grua tjet\u00ebr n\u00eb Ferizaj. Avokatja, Adelina Hoxha ka tronditur me deklarat\u00ebn e saj se \u201cn\u00ebse e [&hellip;]","og_url":"https:\/\/permbledhja.com\/sq\/avokatja-nese-e-con-burrin-ne-polici-e-i-kthehesh-ti-e-dashuron-dhunuesin-po-ki-nevoje-per-dhunim\/","og_site_name":"Ve\u00e7 artikuj p\u00ebrmbledh\u00ebs","article_publisher":"https:\/\/www.facebook.com\/press07\/","article_author":"https:\/\/www.facebook.com\/kafexhiu.muharrem\/","article_published_time":"2024-04-17T15:48:04+00:00","og_image":[{"width":800,"height":445,"url":"https:\/\/permbledhja.com\/wp-content\/uploads\/2024\/04\/436320273_831550569019219_972299735523851599_n-800x445-1.jpg","type":"image\/jpeg"}],"author":"P\u00ebrmbledhja","twitter_card":"summary_large_image","twitter_misc":{"Written by":"P\u00ebrmbledhja","Est. reading time":"1 minut\u00eb"},"schema":{"@context":"https:\/\/schema.org","@graph":[{"@type":"Article","@id":"https:\/\/permbledhja.com\/sq\/avokatja-nese-e-con-burrin-ne-polici-e-i-kthehesh-ti-e-dashuron-dhunuesin-po-ki-nevoje-per-dhunim\/#article","isPartOf":{"@id":"https:\/\/permbledhja.com\/sq\/avokatja-nese-e-con-burrin-ne-polici-e-i-kthehesh-ti-e-dashuron-dhunuesin-po-ki-nevoje-per-dhunim\/"},"author":{"name":"P\u00ebrmbledhja","@id":"https:\/\/permbledhja.com\/#\/schema\/person\/0d064377258d3221e50693947b9eb4fe"},"headline":"Avokatja: N\u00ebse e \u00e7on burrin n\u00eb polici e i kthehesh, ti e dashuron dhunuesin, po ki nevoj\u00eb p\u00ebr dhunim","datePublished":"2024-04-17T15:48:04+00:00","dateModified":"2024-04-17T15:48:04+00:00","mainEntityOfPage":{"@id":"https:\/\/permbledhja.com\/sq\/avokatja-nese-e-con-burrin-ne-polici-e-i-kthehesh-ti-e-dashuron-dhunuesin-po-ki-nevoje-per-dhunim\/"},"wordCount":180,"publisher":{"@id":"https:\/\/permbledhja.com\/#organization"},"keywords":["Avokatja"],"articleSection":["Lajme"],"inLanguage":"sq"},{"@type":"WebPage","@id":"https:\/\/permbledhja.com\/sq\/avokatja-nese-e-con-burrin-ne-polici-e-i-kthehesh-ti-e-dashuron-dhunuesin-po-ki-nevoje-per-dhunim\/","url":"https:\/\/permbledhja.com\/sq\/avokatja-nese-e-con-burrin-ne-polici-e-i-kthehesh-ti-e-dashuron-dhunuesin-po-ki-nevoje-per-dhunim\/","name":"Avokatja: N\u00ebse e \u00e7on burrin n\u00eb polici e i kthehesh, ti e dashuron dhunuesin, po ki nevoj\u00eb p\u00ebr dhunim","isPartOf":{"@id":"https:\/\/permbledhja.com\/#website"},"datePublished":"2024-04-17T15:48:04+00:00","dateModified":"2024-04-17T15:48:04+00:00","breadcrumb":{"@id":"https:\/\/permbledhja.com\/sq\/avokatja-nese-e-con-burrin-ne-polici-e-i-kthehesh-ti-e-dashuron-dhunuesin-po-ki-nevoje-per-dhunim\/#breadcrumb"},"inLanguage":"sq","potentialAction":[{"@type":"ReadAction","target":["https:\/\/permbledhja.com\/sq\/avokatja-nese-e-con-burrin-ne-polici-e-i-kthehesh-ti-e-dashuron-dhunuesin-po-ki-nevoje-per-dhunim\/"]}]},{"@type":"BreadcrumbList","@id":"https:\/\/permbledhja.com\/sq\/avokatja-nese-e-con-burrin-ne-polici-e-i-kthehesh-ti-e-dashuron-dhunuesin-po-ki-nevoje-per-dhunim\/#breadcrumb","itemListElement":[{"@type":"ListItem","position":1,"name":"Ballina","item":"https:\/\/permbledhja.com\/sq\/"},{"@type":"ListItem","position":2,"name":"Avokatja: N\u00ebse e \u00e7on burrin n\u00eb polici e i kthehesh, ti e dashuron dhunuesin, po ki nevoj\u00eb p\u00ebr dhunim"}]},{"@type":"WebSite","@id":"https:\/\/permbledhja.com\/#website","url":"https:\/\/permbledhja.com\/","name":"Ve\u00e7 artikuj p\u00ebrmbledh\u00ebs","description":"","publisher":{"@id":"https:\/\/permbledhja.com\/#organization"},"potentialAction":[{"@type":"SearchAction","target":{"@type":"EntryPoint","urlTemplate":"https:\/\/permbledhja.com\/?s={search_term_string}"},"query-input":"required name=search_term_string"}],"inLanguage":"sq"},{"@type":"Organization","@id":"https:\/\/permbledhja.com\/#organization","name":"MK Media & Pr","url":"https:\/\/permbledhja.com\/","logo":{"@type":"ImageObject","inLanguage":"sq","@id":"https:\/\/permbledhja.com\/#\/schema\/logo\/image\/","url":"https:\/\/permbledhja.com\/wp-content\/uploads\/2021\/12\/07-Press-Logo.jpg","contentUrl":"https:\/\/permbledhja.com\/wp-content\/uploads\/2021\/12\/07-Press-Logo.jpg","width":512,"height":512,"caption":"MK Media & Pr"},"image":{"@id":"https:\/\/permbledhja.com\/#\/schema\/logo\/image\/"},"sameAs":["https:\/\/www.facebook.com\/press07\/"]},{"@type":"Person","@id":"https:\/\/permbledhja.com\/#\/schema\/person\/0d064377258d3221e50693947b9eb4fe","name":"P\u00ebrmbledhja","image":{"@type":"ImageObject","inLanguage":"sq","@id":"https:\/\/permbledhja.com\/#\/schema\/person\/image\/","url":"https:\/\/permbledhja.com\/wp-content\/uploads\/2026\/01\/452004717_1040944174702970_8932037511805513407_n-96x96.jpg","contentUrl":"https:\/\/permbledhja.com\/wp-content\/uploads\/2026\/01\/452004717_1040944174702970_8932037511805513407_n-96x96.jpg","caption":"P\u00ebrmbledhja"},"sameAs":["https:\/\/www.facebook.com\/kafexhiu.muharrem\/","https:\/\/www.instagram.com\/muharrem_kafexhiu\/"],"url":"https:\/\/permbledhja.com\/sq\/author\/admin\/"}]}},"_links":{"self":[{"href":"https:\/\/permbledhja.com\/sq\/wp-json\/wp\/v2\/posts\/56995"}],"collection":[{"href":"https:\/\/permbledhja.com\/sq\/wp-json\/wp\/v2\/posts"}],"about":[{"href":"https:\/\/permbledhja.com\/sq\/wp-json\/wp\/v2\/types\/post"}],"author":[{"embeddable":true,"href":"https:\/\/permbledhja.com\/sq\/wp-json\/wp\/v2\/users\/1"}],"replies":[{"embeddable":true,"href":"https:\/\/permbledhja.com\/sq\/wp-json\/wp\/v2\/comments?post=56995"}],"version-history":[{"count":1,"href":"https:\/\/permbledhja.com\/sq\/wp-json\/wp\/v2\/posts\/56995\/revisions"}],"predecessor-version":[{"id":56997,"href":"https:\/\/permbledhja.com\/sq\/wp-json\/wp\/v2\/posts\/56995\/revisions\/56997"}],"wp:featuredmedia":[{"embeddable":true,"href":"https:\/\/permbledhja.com\/sq\/wp-json\/wp\/v2\/media\/56996"}],"wp:attachment":[{"href":"https:\/\/permbledhja.com\/sq\/wp-json\/wp\/v2\/media?parent=56995"}],"wp:term":[{"taxonomy":"category","embeddable":true,"href":"https:\/\/permbledhja.com\/sq\/wp-json\/wp\/v2\/categories?post=56995"},{"taxonomy":"post_tag","embeddable":true,"href":"https:\/\/permbledhja.com\/sq\/wp-json\/wp\/v2\/tags?post=56995"}],"curies":[{"name":"wp","href":"https:\/\/api.w.org\/{rel}","templated":true}]}}