{"id":56967,"date":"2024-04-17T13:46:34","date_gmt":"2024-04-17T13:46:34","guid":{"rendered":"https:\/\/permbledhja.com\/?p=56967"},"modified":"2024-04-17T13:46:34","modified_gmt":"2024-04-17T13:46:34","slug":"oda-amerikane-pas-bllokimit-te-kosovareve-serbia-po-e-shkel-marreveshjen-per-normalizim","status":"publish","type":"post","link":"https:\/\/permbledhja.com\/sq\/oda-amerikane-pas-bllokimit-te-kosovareve-serbia-po-e-shkel-marreveshjen-per-normalizim\/","title":{"rendered":"Oda Amerikane pas bllokimit t\u00eb kosovar\u00ebve: Serbia po e shkel Marr\u00ebveshjen p\u00ebr Normalizim"},"content":{"rendered":"<h3><strong>Oda Ekonomike Amerikane n\u00eb Kosov\u00eb ka reaguar pas bllokimit t\u00eb qindra qytetar\u00ebve nga Kosova nga autoritetet serbe.<\/strong><\/h3>\n<p>N\u00eb reagim, Oda Ekonomike Amerikane n\u00eb Kosov\u00eb ka th\u00ebn\u00eb se kjo bllokad\u00eb n\u00eb vendkalimet kufitare nd\u00ebrmjet Serbis\u00eb e Kroacis\u00eb dhe Serbis\u00eb e Hungaris\u00eb, paraqet shkelje t\u00eb qart\u00eb t\u00eb dispozitave t\u00eb marr\u00ebveshjeve p\u00ebr normalizimin e marr\u00ebdh\u00ebnieve n\u00eb mes Kosov\u00ebs dhe Serbis\u00eb.<\/p>\n<p><em>\u201c<\/em>Marr\u00ebveshjet p\u00ebr normalizimin e marr\u00ebdh\u00ebnieve nd\u00ebrmjet Kosov\u00ebs dhe Serbis\u00eb, t\u00eb nd\u00ebrmjet\u00ebsuara nga Bashkimi Evropian, synojn\u00eb promovimin e stabilitetit nd\u00ebrmjet dy shteteve dhe gjith\u00eb rajonit. N\u00eb qend\u00ebr t\u00eb k\u00ebtyre marr\u00ebveshjeve \u00ebsht\u00eb parimi i leht\u00ebsimit t\u00eb l\u00ebvizjes s\u00eb lir\u00eb t\u00eb njer\u00ebzve, i cili p\u00ebrb\u00ebn nj\u00eb vler\u00eb thelb\u00ebsore n\u00eb procesin e integrimit evropian. Duke penguar l\u00ebvizjen e qytetar\u00ebve t\u00eb Kosov\u00ebs n\u00eb destinacionet e tyre t\u00eb d\u00ebshiruara n\u00eb Evrop\u00ebn Per\u00ebndimore, autoritetet serbe jo vet\u00ebm q\u00eb po i minojn\u00eb k\u00ebto marr\u00ebveshje por edhe po pengojn\u00eb p\u00ebrparimin drejt stabilitetit rajonal dhe integrimit evropian<em>\u201d.<\/em><\/p>\n<p><em>\u201c<\/em>Oda Amerikane beson fuqish\u00ebm se l\u00ebvizja e lir\u00eb e njer\u00ebzve \u00ebsht\u00eb thelb\u00ebsore p\u00ebr nxitjen e rritjes ekonomike, promovimin e shk\u00ebmbimit kulturor dhe forcimin e lidhjeve nd\u00ebrmjet shteteve, prandaj kufizimet e tilla jo vet\u00ebm q\u00eb pengojn\u00eb jet\u00ebn e individ\u00ebve, por kan\u00eb edhe ndikim negativ n\u00eb tregtin\u00eb, investime dhe aktivitete t\u00eb biznesit n\u00eb rajon<em>\u201d,<\/em>\u00a0thuhet n\u00eb reagim.<\/p>\n<p>Tutje, Oda Amerikane i ka b\u00ebr\u00eb thirrje komunitetit nd\u00ebrkomb\u00ebtar q\u00eb t\u00eb k\u00ebrkoj\u00eb fuqish\u00ebm nga autoritetet serbe heqjen e menj\u00ebhershme t\u00eb bllokad\u00ebs dhe lejimin e qytetar\u00ebve t\u00eb Kosov\u00ebs, duke ua mund\u00ebsuar l\u00ebvizjen e tyre p\u00ebr n\u00eb destinacionet e d\u00ebshiruara.<\/p>\n","protected":false},"excerpt":{"rendered":"<p>Oda Ekonomike Amerikane n\u00eb Kosov\u00eb ka reaguar pas bllokimit t\u00eb qindra qytetar\u00ebve nga Kosova nga autoritetet serbe. N\u00eb reagim, Oda Ekonomike Amerikane n\u00eb Kosov\u00eb ka th\u00ebn\u00eb se kjo bllokad\u00eb n\u00eb vendkalimet kufitare nd\u00ebrmjet Serbis\u00eb e Kroacis\u00eb dhe Serbis\u00eb e Hungaris\u00eb, paraqet shkelje t\u00eb qart\u00eb t\u00eb dispozitave t\u00eb marr\u00ebveshjeve p\u00ebr normalizimin e marr\u00ebdh\u00ebnieve n\u00eb mes Kosov\u00ebs [&hellip;]<\/p>\n","protected":false},"author":5,"featured_media":56968,"comment_status":"closed","ping_status":"closed","sticky":false,"template":"","format":"standard","meta":{"_monsterinsights_skip_tracking":false,"_monsterinsights_sitenote_active":false,"_monsterinsights_sitenote_note":"","_monsterinsights_sitenote_category":0,"_uf_show_specific_survey":0,"_uf_disable_surveys":false,"footnotes":""},"categories":[15],"tags":[],"yoast_head":"<!-- This site is optimized with the Yoast SEO plugin v21.5 - https:\/\/yoast.com\/wordpress\/plugins\/seo\/ -->\n<title>Oda Amerikane pas bllokimit t\u00eb kosovar\u00ebve: Serbia po e shkel Marr\u00ebveshjen p\u00ebr Normalizim<\/title>\n<meta name=\"robots\" content=\"index, follow, max-snippet:-1, max-image-preview:large, max-video-preview:-1\" \/>\n<link rel=\"canonical\" href=\"https:\/\/permbledhja.com\/sq\/oda-amerikane-pas-bllokimit-te-kosovareve-serbia-po-e-shkel-marreveshjen-per-normalizim\/\" \/>\n<meta property=\"og:locale\" content=\"sq_AL\" \/>\n<meta property=\"og:type\" content=\"article\" \/>\n<meta property=\"og:title\" content=\"Oda Amerikane pas bllokimit t\u00eb kosovar\u00ebve: Serbia po e shkel Marr\u00ebveshjen p\u00ebr Normalizim\" \/>\n<meta property=\"og:description\" content=\"Oda Ekonomike Amerikane n\u00eb Kosov\u00eb ka reaguar pas bllokimit t\u00eb qindra qytetar\u00ebve nga Kosova nga autoritetet serbe. N\u00eb reagim, Oda Ekonomike Amerikane n\u00eb Kosov\u00eb ka th\u00ebn\u00eb se kjo bllokad\u00eb n\u00eb vendkalimet kufitare nd\u00ebrmjet Serbis\u00eb e Kroacis\u00eb dhe Serbis\u00eb e Hungaris\u00eb, paraqet shkelje t\u00eb qart\u00eb t\u00eb dispozitave t\u00eb marr\u00ebveshjeve p\u00ebr normalizimin e marr\u00ebdh\u00ebnieve n\u00eb mes Kosov\u00ebs [&hellip;]\" \/>\n<meta property=\"og:url\" content=\"https:\/\/permbledhja.com\/sq\/oda-amerikane-pas-bllokimit-te-kosovareve-serbia-po-e-shkel-marreveshjen-per-normalizim\/\" \/>\n<meta property=\"og:site_name\" content=\"Ve\u00e7 artikuj p\u00ebrmbledh\u00ebs\" \/>\n<meta property=\"article:publisher\" content=\"https:\/\/www.facebook.com\/press07\/\" \/>\n<meta property=\"article:published_time\" content=\"2024-04-17T13:46:34+00:00\" \/>\n<meta property=\"og:image\" content=\"https:\/\/permbledhja.com\/wp-content\/uploads\/2024\/04\/oda.webp\" \/>\n\t<meta property=\"og:image:width\" content=\"1920\" \/>\n\t<meta property=\"og:image:height\" content=\"1079\" \/>\n\t<meta property=\"og:image:type\" content=\"image\/webp\" \/>\n<meta name=\"author\" content=\"DL\" \/>\n<meta name=\"twitter:card\" content=\"summary_large_image\" \/>\n<meta name=\"twitter:label1\" content=\"Written by\" \/>\n\t<meta name=\"twitter:data1\" content=\"DL\" \/>\n\t<meta name=\"twitter:label2\" content=\"Est. reading time\" \/>\n\t<meta name=\"twitter:data2\" content=\"2 minuta\" \/>\n<script type=\"application\/ld+json\" class=\"yoast-schema-graph\">{\"@context\":\"https:\/\/schema.org\",\"@graph\":[{\"@type\":\"Article\",\"@id\":\"https:\/\/permbledhja.com\/sq\/oda-amerikane-pas-bllokimit-te-kosovareve-serbia-po-e-shkel-marreveshjen-per-normalizim\/#article\",\"isPartOf\":{\"@id\":\"https:\/\/permbledhja.com\/sq\/oda-amerikane-pas-bllokimit-te-kosovareve-serbia-po-e-shkel-marreveshjen-per-normalizim\/\"},\"author\":{\"name\":\"DL\",\"@id\":\"https:\/\/permbledhja.com\/#\/schema\/person\/9c54260cbc4c6f792cb100550491638c\"},\"headline\":\"Oda Amerikane pas bllokimit t\u00eb kosovar\u00ebve: Serbia po e shkel Marr\u00ebveshjen p\u00ebr Normalizim\",\"datePublished\":\"2024-04-17T13:46:34+00:00\",\"dateModified\":\"2024-04-17T13:46:34+00:00\",\"mainEntityOfPage\":{\"@id\":\"https:\/\/permbledhja.com\/sq\/oda-amerikane-pas-bllokimit-te-kosovareve-serbia-po-e-shkel-marreveshjen-per-normalizim\/\"},\"wordCount\":312,\"publisher\":{\"@id\":\"https:\/\/permbledhja.com\/#organization\"},\"articleSection\":[\"Lajme\"],\"inLanguage\":\"sq\"},{\"@type\":\"WebPage\",\"@id\":\"https:\/\/permbledhja.com\/sq\/oda-amerikane-pas-bllokimit-te-kosovareve-serbia-po-e-shkel-marreveshjen-per-normalizim\/\",\"url\":\"https:\/\/permbledhja.com\/sq\/oda-amerikane-pas-bllokimit-te-kosovareve-serbia-po-e-shkel-marreveshjen-per-normalizim\/\",\"name\":\"Oda Amerikane pas bllokimit t\u00eb kosovar\u00ebve: Serbia po e shkel Marr\u00ebveshjen p\u00ebr Normalizim\",\"isPartOf\":{\"@id\":\"https:\/\/permbledhja.com\/#website\"},\"datePublished\":\"2024-04-17T13:46:34+00:00\",\"dateModified\":\"2024-04-17T13:46:34+00:00\",\"breadcrumb\":{\"@id\":\"https:\/\/permbledhja.com\/sq\/oda-amerikane-pas-bllokimit-te-kosovareve-serbia-po-e-shkel-marreveshjen-per-normalizim\/#breadcrumb\"},\"inLanguage\":\"sq\",\"potentialAction\":[{\"@type\":\"ReadAction\",\"target\":[\"https:\/\/permbledhja.com\/sq\/oda-amerikane-pas-bllokimit-te-kosovareve-serbia-po-e-shkel-marreveshjen-per-normalizim\/\"]}]},{\"@type\":\"BreadcrumbList\",\"@id\":\"https:\/\/permbledhja.com\/sq\/oda-amerikane-pas-bllokimit-te-kosovareve-serbia-po-e-shkel-marreveshjen-per-normalizim\/#breadcrumb\",\"itemListElement\":[{\"@type\":\"ListItem\",\"position\":1,\"name\":\"Ballina\",\"item\":\"https:\/\/permbledhja.com\/sq\/\"},{\"@type\":\"ListItem\",\"position\":2,\"name\":\"Oda Amerikane pas bllokimit t\u00eb kosovar\u00ebve: Serbia po e shkel Marr\u00ebveshjen p\u00ebr Normalizim\"}]},{\"@type\":\"WebSite\",\"@id\":\"https:\/\/permbledhja.com\/#website\",\"url\":\"https:\/\/permbledhja.com\/\",\"name\":\"Ve\u00e7 artikuj p\u00ebrmbledh\u00ebs\",\"description\":\"\",\"publisher\":{\"@id\":\"https:\/\/permbledhja.com\/#organization\"},\"potentialAction\":[{\"@type\":\"SearchAction\",\"target\":{\"@type\":\"EntryPoint\",\"urlTemplate\":\"https:\/\/permbledhja.com\/?s={search_term_string}\"},\"query-input\":\"required name=search_term_string\"}],\"inLanguage\":\"sq\"},{\"@type\":\"Organization\",\"@id\":\"https:\/\/permbledhja.com\/#organization\",\"name\":\"MK Media & Pr\",\"url\":\"https:\/\/permbledhja.com\/\",\"logo\":{\"@type\":\"ImageObject\",\"inLanguage\":\"sq\",\"@id\":\"https:\/\/permbledhja.com\/#\/schema\/logo\/image\/\",\"url\":\"https:\/\/permbledhja.com\/wp-content\/uploads\/2021\/12\/07-Press-Logo.jpg\",\"contentUrl\":\"https:\/\/permbledhja.com\/wp-content\/uploads\/2021\/12\/07-Press-Logo.jpg\",\"width\":512,\"height\":512,\"caption\":\"MK Media & Pr\"},\"image\":{\"@id\":\"https:\/\/permbledhja.com\/#\/schema\/logo\/image\/\"},\"sameAs\":[\"https:\/\/www.facebook.com\/press07\/\"]},{\"@type\":\"Person\",\"@id\":\"https:\/\/permbledhja.com\/#\/schema\/person\/9c54260cbc4c6f792cb100550491638c\",\"name\":\"DL\",\"image\":{\"@type\":\"ImageObject\",\"inLanguage\":\"sq\",\"@id\":\"https:\/\/permbledhja.com\/#\/schema\/person\/image\/\",\"url\":\"https:\/\/secure.gravatar.com\/avatar\/94503eb28d4c4b2005a5c8753e35fc80?s=96&d=mm&r=g\",\"contentUrl\":\"https:\/\/secure.gravatar.com\/avatar\/94503eb28d4c4b2005a5c8753e35fc80?s=96&d=mm&r=g\",\"caption\":\"DL\"},\"url\":\"https:\/\/permbledhja.com\/sq\/author\/dl\/\"}]}<\/script>\n<!-- \/ Yoast SEO plugin. -->","yoast_head_json":{"title":"Oda Amerikane pas bllokimit t\u00eb kosovar\u00ebve: Serbia po e shkel Marr\u00ebveshjen p\u00ebr Normalizim","robots":{"index":"index","follow":"follow","max-snippet":"max-snippet:-1","max-image-preview":"max-image-preview:large","max-video-preview":"max-video-preview:-1"},"canonical":"https:\/\/permbledhja.com\/sq\/oda-amerikane-pas-bllokimit-te-kosovareve-serbia-po-e-shkel-marreveshjen-per-normalizim\/","og_locale":"sq_AL","og_type":"article","og_title":"Oda Amerikane pas bllokimit t\u00eb kosovar\u00ebve: Serbia po e shkel Marr\u00ebveshjen p\u00ebr Normalizim","og_description":"Oda Ekonomike Amerikane n\u00eb Kosov\u00eb ka reaguar pas bllokimit t\u00eb qindra qytetar\u00ebve nga Kosova nga autoritetet serbe. N\u00eb reagim, Oda Ekonomike Amerikane n\u00eb Kosov\u00eb ka th\u00ebn\u00eb se kjo bllokad\u00eb n\u00eb vendkalimet kufitare nd\u00ebrmjet Serbis\u00eb e Kroacis\u00eb dhe Serbis\u00eb e Hungaris\u00eb, paraqet shkelje t\u00eb qart\u00eb t\u00eb dispozitave t\u00eb marr\u00ebveshjeve p\u00ebr normalizimin e marr\u00ebdh\u00ebnieve n\u00eb mes Kosov\u00ebs [&hellip;]","og_url":"https:\/\/permbledhja.com\/sq\/oda-amerikane-pas-bllokimit-te-kosovareve-serbia-po-e-shkel-marreveshjen-per-normalizim\/","og_site_name":"Ve\u00e7 artikuj p\u00ebrmbledh\u00ebs","article_publisher":"https:\/\/www.facebook.com\/press07\/","article_published_time":"2024-04-17T13:46:34+00:00","og_image":[{"width":1920,"height":1079,"url":"https:\/\/permbledhja.com\/wp-content\/uploads\/2024\/04\/oda.webp","type":"image\/webp"}],"author":"DL","twitter_card":"summary_large_image","twitter_misc":{"Written by":"DL","Est. reading time":"2 minuta"},"schema":{"@context":"https:\/\/schema.org","@graph":[{"@type":"Article","@id":"https:\/\/permbledhja.com\/sq\/oda-amerikane-pas-bllokimit-te-kosovareve-serbia-po-e-shkel-marreveshjen-per-normalizim\/#article","isPartOf":{"@id":"https:\/\/permbledhja.com\/sq\/oda-amerikane-pas-bllokimit-te-kosovareve-serbia-po-e-shkel-marreveshjen-per-normalizim\/"},"author":{"name":"DL","@id":"https:\/\/permbledhja.com\/#\/schema\/person\/9c54260cbc4c6f792cb100550491638c"},"headline":"Oda Amerikane pas bllokimit t\u00eb kosovar\u00ebve: Serbia po e shkel Marr\u00ebveshjen p\u00ebr Normalizim","datePublished":"2024-04-17T13:46:34+00:00","dateModified":"2024-04-17T13:46:34+00:00","mainEntityOfPage":{"@id":"https:\/\/permbledhja.com\/sq\/oda-amerikane-pas-bllokimit-te-kosovareve-serbia-po-e-shkel-marreveshjen-per-normalizim\/"},"wordCount":312,"publisher":{"@id":"https:\/\/permbledhja.com\/#organization"},"articleSection":["Lajme"],"inLanguage":"sq"},{"@type":"WebPage","@id":"https:\/\/permbledhja.com\/sq\/oda-amerikane-pas-bllokimit-te-kosovareve-serbia-po-e-shkel-marreveshjen-per-normalizim\/","url":"https:\/\/permbledhja.com\/sq\/oda-amerikane-pas-bllokimit-te-kosovareve-serbia-po-e-shkel-marreveshjen-per-normalizim\/","name":"Oda Amerikane pas bllokimit t\u00eb kosovar\u00ebve: Serbia po e shkel Marr\u00ebveshjen p\u00ebr Normalizim","isPartOf":{"@id":"https:\/\/permbledhja.com\/#website"},"datePublished":"2024-04-17T13:46:34+00:00","dateModified":"2024-04-17T13:46:34+00:00","breadcrumb":{"@id":"https:\/\/permbledhja.com\/sq\/oda-amerikane-pas-bllokimit-te-kosovareve-serbia-po-e-shkel-marreveshjen-per-normalizim\/#breadcrumb"},"inLanguage":"sq","potentialAction":[{"@type":"ReadAction","target":["https:\/\/permbledhja.com\/sq\/oda-amerikane-pas-bllokimit-te-kosovareve-serbia-po-e-shkel-marreveshjen-per-normalizim\/"]}]},{"@type":"BreadcrumbList","@id":"https:\/\/permbledhja.com\/sq\/oda-amerikane-pas-bllokimit-te-kosovareve-serbia-po-e-shkel-marreveshjen-per-normalizim\/#breadcrumb","itemListElement":[{"@type":"ListItem","position":1,"name":"Ballina","item":"https:\/\/permbledhja.com\/sq\/"},{"@type":"ListItem","position":2,"name":"Oda Amerikane pas bllokimit t\u00eb kosovar\u00ebve: Serbia po e shkel Marr\u00ebveshjen p\u00ebr Normalizim"}]},{"@type":"WebSite","@id":"https:\/\/permbledhja.com\/#website","url":"https:\/\/permbledhja.com\/","name":"Ve\u00e7 artikuj p\u00ebrmbledh\u00ebs","description":"","publisher":{"@id":"https:\/\/permbledhja.com\/#organization"},"potentialAction":[{"@type":"SearchAction","target":{"@type":"EntryPoint","urlTemplate":"https:\/\/permbledhja.com\/?s={search_term_string}"},"query-input":"required name=search_term_string"}],"inLanguage":"sq"},{"@type":"Organization","@id":"https:\/\/permbledhja.com\/#organization","name":"MK Media & Pr","url":"https:\/\/permbledhja.com\/","logo":{"@type":"ImageObject","inLanguage":"sq","@id":"https:\/\/permbledhja.com\/#\/schema\/logo\/image\/","url":"https:\/\/permbledhja.com\/wp-content\/uploads\/2021\/12\/07-Press-Logo.jpg","contentUrl":"https:\/\/permbledhja.com\/wp-content\/uploads\/2021\/12\/07-Press-Logo.jpg","width":512,"height":512,"caption":"MK Media & Pr"},"image":{"@id":"https:\/\/permbledhja.com\/#\/schema\/logo\/image\/"},"sameAs":["https:\/\/www.facebook.com\/press07\/"]},{"@type":"Person","@id":"https:\/\/permbledhja.com\/#\/schema\/person\/9c54260cbc4c6f792cb100550491638c","name":"DL","image":{"@type":"ImageObject","inLanguage":"sq","@id":"https:\/\/permbledhja.com\/#\/schema\/person\/image\/","url":"https:\/\/secure.gravatar.com\/avatar\/94503eb28d4c4b2005a5c8753e35fc80?s=96&d=mm&r=g","contentUrl":"https:\/\/secure.gravatar.com\/avatar\/94503eb28d4c4b2005a5c8753e35fc80?s=96&d=mm&r=g","caption":"DL"},"url":"https:\/\/permbledhja.com\/sq\/author\/dl\/"}]}},"_links":{"self":[{"href":"https:\/\/permbledhja.com\/sq\/wp-json\/wp\/v2\/posts\/56967"}],"collection":[{"href":"https:\/\/permbledhja.com\/sq\/wp-json\/wp\/v2\/posts"}],"about":[{"href":"https:\/\/permbledhja.com\/sq\/wp-json\/wp\/v2\/types\/post"}],"author":[{"embeddable":true,"href":"https:\/\/permbledhja.com\/sq\/wp-json\/wp\/v2\/users\/5"}],"replies":[{"embeddable":true,"href":"https:\/\/permbledhja.com\/sq\/wp-json\/wp\/v2\/comments?post=56967"}],"version-history":[{"count":1,"href":"https:\/\/permbledhja.com\/sq\/wp-json\/wp\/v2\/posts\/56967\/revisions"}],"predecessor-version":[{"id":56969,"href":"https:\/\/permbledhja.com\/sq\/wp-json\/wp\/v2\/posts\/56967\/revisions\/56969"}],"wp:featuredmedia":[{"embeddable":true,"href":"https:\/\/permbledhja.com\/sq\/wp-json\/wp\/v2\/media\/56968"}],"wp:attachment":[{"href":"https:\/\/permbledhja.com\/sq\/wp-json\/wp\/v2\/media?parent=56967"}],"wp:term":[{"taxonomy":"category","embeddable":true,"href":"https:\/\/permbledhja.com\/sq\/wp-json\/wp\/v2\/categories?post=56967"},{"taxonomy":"post_tag","embeddable":true,"href":"https:\/\/permbledhja.com\/sq\/wp-json\/wp\/v2\/tags?post=56967"}],"curies":[{"name":"wp","href":"https:\/\/api.w.org\/{rel}","templated":true}]}}