{"id":56961,"date":"2024-04-17T13:26:32","date_gmt":"2024-04-17T13:26:32","guid":{"rendered":"https:\/\/permbledhja.com\/?p=56961"},"modified":"2024-04-17T13:26:32","modified_gmt":"2024-04-17T13:26:32","slug":"autobuset-nga-kosova-te-bllokuar-automjetet-me-targa-tjera-qarkullojne-pa-asnje-problem","status":"publish","type":"post","link":"https:\/\/permbledhja.com\/sq\/autobuset-nga-kosova-te-bllokuar-automjetet-me-targa-tjera-qarkullojne-pa-asnje-problem\/","title":{"rendered":"Autobus\u00ebt nga Kosova t\u00eb bllokuar, automjetet me targa tjera qarkullojn\u00eb pa asnj\u00eb problem"},"content":{"rendered":"<h3><strong>N\u00eb vendkalimet kufitare nd\u00ebrmjet Serbis\u00eb e Kroacis\u00eb dhe Serbis\u00eb e Hungaris\u00eb, qarkullimi i automjeteve me targa t\u00eb tjera po vazhdon normalisht, derisa autobus\u00ebt nga Kosova vazhdojn\u00eb t\u00eb jen\u00eb t\u00eb bllokuar.<\/strong><\/h3>\n<p>N\u00eb pamjet live nga kufinjt\u00eb, shihen automjetet me targa tjera duke l\u00ebvizur pa asnjj\u00eb problem.<\/p>\n<p>Mbi 10 autobus\u00eb nga Kosova, me qindra udh\u00ebtar\u00eb, jan\u00eb bllokuar n\u00ebp\u00ebr k\u00ebto vendkalime kufitare nga autoritetet serbe q\u00eb nga mbr\u00ebm\u00eb. Udh\u00ebtar\u00ebve u jan\u00eb marr\u00eb edhe dokumentet personale.<\/p>\n<p>Bllokada erdhi disa or\u00eb pasi Asambleja Parlamentare e K\u00ebshillit t\u00eb Evrop\u00ebs votoi pro raportit q\u00eb rekomandon an\u00ebtar\u00ebsimin e Kosov\u00ebs n\u00eb KiE.<\/p>\n","protected":false},"excerpt":{"rendered":"<p>N\u00eb vendkalimet kufitare nd\u00ebrmjet Serbis\u00eb e Kroacis\u00eb dhe Serbis\u00eb e Hungaris\u00eb, qarkullimi i automjeteve me targa t\u00eb tjera po vazhdon normalisht, derisa autobus\u00ebt nga Kosova vazhdojn\u00eb t\u00eb jen\u00eb t\u00eb bllokuar. N\u00eb pamjet live nga kufinjt\u00eb, shihen automjetet me targa tjera duke l\u00ebvizur pa asnjj\u00eb problem. Mbi 10 autobus\u00eb nga Kosova, me qindra udh\u00ebtar\u00eb, jan\u00eb bllokuar [&hellip;]<\/p>\n","protected":false},"author":5,"featured_media":56962,"comment_status":"closed","ping_status":"closed","sticky":false,"template":"","format":"standard","meta":{"_monsterinsights_skip_tracking":false,"_monsterinsights_sitenote_active":false,"_monsterinsights_sitenote_note":"","_monsterinsights_sitenote_category":0,"_uf_show_specific_survey":0,"_uf_disable_surveys":false,"footnotes":""},"categories":[15],"tags":[],"yoast_head":"<!-- This site is optimized with the Yoast SEO plugin v21.5 - https:\/\/yoast.com\/wordpress\/plugins\/seo\/ -->\n<title>Autobus\u00ebt nga Kosova t\u00eb bllokuar, automjetet me targa tjera qarkullojn\u00eb pa asnj\u00eb problem<\/title>\n<meta name=\"robots\" content=\"index, follow, max-snippet:-1, max-image-preview:large, max-video-preview:-1\" \/>\n<link rel=\"canonical\" href=\"https:\/\/permbledhja.com\/sq\/autobuset-nga-kosova-te-bllokuar-automjetet-me-targa-tjera-qarkullojne-pa-asnje-problem\/\" \/>\n<meta property=\"og:locale\" content=\"sq_AL\" \/>\n<meta property=\"og:type\" content=\"article\" \/>\n<meta property=\"og:title\" content=\"Autobus\u00ebt nga Kosova t\u00eb bllokuar, automjetet me targa tjera qarkullojn\u00eb pa asnj\u00eb problem\" \/>\n<meta property=\"og:description\" content=\"N\u00eb vendkalimet kufitare nd\u00ebrmjet Serbis\u00eb e Kroacis\u00eb dhe Serbis\u00eb e Hungaris\u00eb, qarkullimi i automjeteve me targa t\u00eb tjera po vazhdon normalisht, derisa autobus\u00ebt nga Kosova vazhdojn\u00eb t\u00eb jen\u00eb t\u00eb bllokuar. N\u00eb pamjet live nga kufinjt\u00eb, shihen automjetet me targa tjera duke l\u00ebvizur pa asnjj\u00eb problem. Mbi 10 autobus\u00eb nga Kosova, me qindra udh\u00ebtar\u00eb, jan\u00eb bllokuar [&hellip;]\" \/>\n<meta property=\"og:url\" content=\"https:\/\/permbledhja.com\/sq\/autobuset-nga-kosova-te-bllokuar-automjetet-me-targa-tjera-qarkullojne-pa-asnje-problem\/\" \/>\n<meta property=\"og:site_name\" content=\"Ve\u00e7 artikuj p\u00ebrmbledh\u00ebs\" \/>\n<meta property=\"article:publisher\" content=\"https:\/\/www.facebook.com\/press07\/\" \/>\n<meta property=\"article:published_time\" content=\"2024-04-17T13:26:32+00:00\" \/>\n<meta property=\"og:image\" content=\"https:\/\/permbledhja.com\/wp-content\/uploads\/2024\/04\/au.png\" \/>\n\t<meta property=\"og:image:width\" content=\"600\" \/>\n\t<meta property=\"og:image:height\" content=\"360\" \/>\n\t<meta property=\"og:image:type\" content=\"image\/png\" \/>\n<meta name=\"author\" content=\"DL\" \/>\n<meta name=\"twitter:card\" content=\"summary_large_image\" \/>\n<meta name=\"twitter:label1\" content=\"Written by\" \/>\n\t<meta name=\"twitter:data1\" content=\"DL\" \/>\n\t<meta name=\"twitter:label2\" content=\"Est. reading time\" \/>\n\t<meta name=\"twitter:data2\" content=\"1 minut\u00eb\" \/>\n<script type=\"application\/ld+json\" class=\"yoast-schema-graph\">{\"@context\":\"https:\/\/schema.org\",\"@graph\":[{\"@type\":\"Article\",\"@id\":\"https:\/\/permbledhja.com\/autobuset-nga-kosova-te-bllokuar-automjetet-me-targa-tjera-qarkullojne-pa-asnje-problem\/#article\",\"isPartOf\":{\"@id\":\"https:\/\/permbledhja.com\/autobuset-nga-kosova-te-bllokuar-automjetet-me-targa-tjera-qarkullojne-pa-asnje-problem\/\"},\"author\":{\"name\":\"DL\",\"@id\":\"https:\/\/permbledhja.com\/#\/schema\/person\/9c54260cbc4c6f792cb100550491638c\"},\"headline\":\"Autobus\u00ebt nga Kosova t\u00eb bllokuar, automjetet me targa tjera qarkullojn\u00eb pa asnj\u00eb problem\",\"datePublished\":\"2024-04-17T13:26:32+00:00\",\"dateModified\":\"2024-04-17T13:26:32+00:00\",\"mainEntityOfPage\":{\"@id\":\"https:\/\/permbledhja.com\/autobuset-nga-kosova-te-bllokuar-automjetet-me-targa-tjera-qarkullojne-pa-asnje-problem\/\"},\"wordCount\":121,\"publisher\":{\"@id\":\"https:\/\/permbledhja.com\/#organization\"},\"articleSection\":[\"Lajme\"],\"inLanguage\":\"sq\"},{\"@type\":\"WebPage\",\"@id\":\"https:\/\/permbledhja.com\/autobuset-nga-kosova-te-bllokuar-automjetet-me-targa-tjera-qarkullojne-pa-asnje-problem\/\",\"url\":\"https:\/\/permbledhja.com\/autobuset-nga-kosova-te-bllokuar-automjetet-me-targa-tjera-qarkullojne-pa-asnje-problem\/\",\"name\":\"Autobus\u00ebt nga Kosova t\u00eb bllokuar, automjetet me targa tjera qarkullojn\u00eb pa asnj\u00eb problem\",\"isPartOf\":{\"@id\":\"https:\/\/permbledhja.com\/#website\"},\"datePublished\":\"2024-04-17T13:26:32+00:00\",\"dateModified\":\"2024-04-17T13:26:32+00:00\",\"breadcrumb\":{\"@id\":\"https:\/\/permbledhja.com\/autobuset-nga-kosova-te-bllokuar-automjetet-me-targa-tjera-qarkullojne-pa-asnje-problem\/#breadcrumb\"},\"inLanguage\":\"sq\",\"potentialAction\":[{\"@type\":\"ReadAction\",\"target\":[\"https:\/\/permbledhja.com\/autobuset-nga-kosova-te-bllokuar-automjetet-me-targa-tjera-qarkullojne-pa-asnje-problem\/\"]}]},{\"@type\":\"BreadcrumbList\",\"@id\":\"https:\/\/permbledhja.com\/autobuset-nga-kosova-te-bllokuar-automjetet-me-targa-tjera-qarkullojne-pa-asnje-problem\/#breadcrumb\",\"itemListElement\":[{\"@type\":\"ListItem\",\"position\":1,\"name\":\"Ballina\",\"item\":\"https:\/\/permbledhja.com\/sq\/\"},{\"@type\":\"ListItem\",\"position\":2,\"name\":\"Autobus\u00ebt nga Kosova t\u00eb bllokuar, automjetet me targa tjera qarkullojn\u00eb pa asnj\u00eb problem\"}]},{\"@type\":\"WebSite\",\"@id\":\"https:\/\/permbledhja.com\/#website\",\"url\":\"https:\/\/permbledhja.com\/\",\"name\":\"Ve\u00e7 artikuj p\u00ebrmbledh\u00ebs\",\"description\":\"\",\"publisher\":{\"@id\":\"https:\/\/permbledhja.com\/#organization\"},\"potentialAction\":[{\"@type\":\"SearchAction\",\"target\":{\"@type\":\"EntryPoint\",\"urlTemplate\":\"https:\/\/permbledhja.com\/?s={search_term_string}\"},\"query-input\":\"required name=search_term_string\"}],\"inLanguage\":\"sq\"},{\"@type\":\"Organization\",\"@id\":\"https:\/\/permbledhja.com\/#organization\",\"name\":\"MK Media & Pr\",\"url\":\"https:\/\/permbledhja.com\/\",\"logo\":{\"@type\":\"ImageObject\",\"inLanguage\":\"sq\",\"@id\":\"https:\/\/permbledhja.com\/#\/schema\/logo\/image\/\",\"url\":\"https:\/\/permbledhja.com\/wp-content\/uploads\/2021\/12\/07-Press-Logo.jpg\",\"contentUrl\":\"https:\/\/permbledhja.com\/wp-content\/uploads\/2021\/12\/07-Press-Logo.jpg\",\"width\":512,\"height\":512,\"caption\":\"MK Media & Pr\"},\"image\":{\"@id\":\"https:\/\/permbledhja.com\/#\/schema\/logo\/image\/\"},\"sameAs\":[\"https:\/\/www.facebook.com\/press07\/\"]},{\"@type\":\"Person\",\"@id\":\"https:\/\/permbledhja.com\/#\/schema\/person\/9c54260cbc4c6f792cb100550491638c\",\"name\":\"DL\",\"image\":{\"@type\":\"ImageObject\",\"inLanguage\":\"sq\",\"@id\":\"https:\/\/permbledhja.com\/#\/schema\/person\/image\/\",\"url\":\"https:\/\/secure.gravatar.com\/avatar\/94503eb28d4c4b2005a5c8753e35fc80?s=96&d=mm&r=g\",\"contentUrl\":\"https:\/\/secure.gravatar.com\/avatar\/94503eb28d4c4b2005a5c8753e35fc80?s=96&d=mm&r=g\",\"caption\":\"DL\"},\"url\":\"https:\/\/permbledhja.com\/sq\/author\/dl\/\"}]}<\/script>\n<!-- \/ Yoast SEO plugin. -->","yoast_head_json":{"title":"Autobus\u00ebt nga Kosova t\u00eb bllokuar, automjetet me targa tjera qarkullojn\u00eb pa asnj\u00eb problem","robots":{"index":"index","follow":"follow","max-snippet":"max-snippet:-1","max-image-preview":"max-image-preview:large","max-video-preview":"max-video-preview:-1"},"canonical":"https:\/\/permbledhja.com\/sq\/autobuset-nga-kosova-te-bllokuar-automjetet-me-targa-tjera-qarkullojne-pa-asnje-problem\/","og_locale":"sq_AL","og_type":"article","og_title":"Autobus\u00ebt nga Kosova t\u00eb bllokuar, automjetet me targa tjera qarkullojn\u00eb pa asnj\u00eb problem","og_description":"N\u00eb vendkalimet kufitare nd\u00ebrmjet Serbis\u00eb e Kroacis\u00eb dhe Serbis\u00eb e Hungaris\u00eb, qarkullimi i automjeteve me targa t\u00eb tjera po vazhdon normalisht, derisa autobus\u00ebt nga Kosova vazhdojn\u00eb t\u00eb jen\u00eb t\u00eb bllokuar. N\u00eb pamjet live nga kufinjt\u00eb, shihen automjetet me targa tjera duke l\u00ebvizur pa asnjj\u00eb problem. Mbi 10 autobus\u00eb nga Kosova, me qindra udh\u00ebtar\u00eb, jan\u00eb bllokuar [&hellip;]","og_url":"https:\/\/permbledhja.com\/sq\/autobuset-nga-kosova-te-bllokuar-automjetet-me-targa-tjera-qarkullojne-pa-asnje-problem\/","og_site_name":"Ve\u00e7 artikuj p\u00ebrmbledh\u00ebs","article_publisher":"https:\/\/www.facebook.com\/press07\/","article_published_time":"2024-04-17T13:26:32+00:00","og_image":[{"width":600,"height":360,"url":"https:\/\/permbledhja.com\/wp-content\/uploads\/2024\/04\/au.png","type":"image\/png"}],"author":"DL","twitter_card":"summary_large_image","twitter_misc":{"Written by":"DL","Est. reading time":"1 minut\u00eb"},"schema":{"@context":"https:\/\/schema.org","@graph":[{"@type":"Article","@id":"https:\/\/permbledhja.com\/autobuset-nga-kosova-te-bllokuar-automjetet-me-targa-tjera-qarkullojne-pa-asnje-problem\/#article","isPartOf":{"@id":"https:\/\/permbledhja.com\/autobuset-nga-kosova-te-bllokuar-automjetet-me-targa-tjera-qarkullojne-pa-asnje-problem\/"},"author":{"name":"DL","@id":"https:\/\/permbledhja.com\/#\/schema\/person\/9c54260cbc4c6f792cb100550491638c"},"headline":"Autobus\u00ebt nga Kosova t\u00eb bllokuar, automjetet me targa tjera qarkullojn\u00eb pa asnj\u00eb problem","datePublished":"2024-04-17T13:26:32+00:00","dateModified":"2024-04-17T13:26:32+00:00","mainEntityOfPage":{"@id":"https:\/\/permbledhja.com\/autobuset-nga-kosova-te-bllokuar-automjetet-me-targa-tjera-qarkullojne-pa-asnje-problem\/"},"wordCount":121,"publisher":{"@id":"https:\/\/permbledhja.com\/#organization"},"articleSection":["Lajme"],"inLanguage":"sq"},{"@type":"WebPage","@id":"https:\/\/permbledhja.com\/autobuset-nga-kosova-te-bllokuar-automjetet-me-targa-tjera-qarkullojne-pa-asnje-problem\/","url":"https:\/\/permbledhja.com\/autobuset-nga-kosova-te-bllokuar-automjetet-me-targa-tjera-qarkullojne-pa-asnje-problem\/","name":"Autobus\u00ebt nga Kosova t\u00eb bllokuar, automjetet me targa tjera qarkullojn\u00eb pa asnj\u00eb problem","isPartOf":{"@id":"https:\/\/permbledhja.com\/#website"},"datePublished":"2024-04-17T13:26:32+00:00","dateModified":"2024-04-17T13:26:32+00:00","breadcrumb":{"@id":"https:\/\/permbledhja.com\/autobuset-nga-kosova-te-bllokuar-automjetet-me-targa-tjera-qarkullojne-pa-asnje-problem\/#breadcrumb"},"inLanguage":"sq","potentialAction":[{"@type":"ReadAction","target":["https:\/\/permbledhja.com\/autobuset-nga-kosova-te-bllokuar-automjetet-me-targa-tjera-qarkullojne-pa-asnje-problem\/"]}]},{"@type":"BreadcrumbList","@id":"https:\/\/permbledhja.com\/autobuset-nga-kosova-te-bllokuar-automjetet-me-targa-tjera-qarkullojne-pa-asnje-problem\/#breadcrumb","itemListElement":[{"@type":"ListItem","position":1,"name":"Ballina","item":"https:\/\/permbledhja.com\/sq\/"},{"@type":"ListItem","position":2,"name":"Autobus\u00ebt nga Kosova t\u00eb bllokuar, automjetet me targa tjera qarkullojn\u00eb pa asnj\u00eb problem"}]},{"@type":"WebSite","@id":"https:\/\/permbledhja.com\/#website","url":"https:\/\/permbledhja.com\/","name":"Ve\u00e7 artikuj p\u00ebrmbledh\u00ebs","description":"","publisher":{"@id":"https:\/\/permbledhja.com\/#organization"},"potentialAction":[{"@type":"SearchAction","target":{"@type":"EntryPoint","urlTemplate":"https:\/\/permbledhja.com\/?s={search_term_string}"},"query-input":"required name=search_term_string"}],"inLanguage":"sq"},{"@type":"Organization","@id":"https:\/\/permbledhja.com\/#organization","name":"MK Media & Pr","url":"https:\/\/permbledhja.com\/","logo":{"@type":"ImageObject","inLanguage":"sq","@id":"https:\/\/permbledhja.com\/#\/schema\/logo\/image\/","url":"https:\/\/permbledhja.com\/wp-content\/uploads\/2021\/12\/07-Press-Logo.jpg","contentUrl":"https:\/\/permbledhja.com\/wp-content\/uploads\/2021\/12\/07-Press-Logo.jpg","width":512,"height":512,"caption":"MK Media & Pr"},"image":{"@id":"https:\/\/permbledhja.com\/#\/schema\/logo\/image\/"},"sameAs":["https:\/\/www.facebook.com\/press07\/"]},{"@type":"Person","@id":"https:\/\/permbledhja.com\/#\/schema\/person\/9c54260cbc4c6f792cb100550491638c","name":"DL","image":{"@type":"ImageObject","inLanguage":"sq","@id":"https:\/\/permbledhja.com\/#\/schema\/person\/image\/","url":"https:\/\/secure.gravatar.com\/avatar\/94503eb28d4c4b2005a5c8753e35fc80?s=96&d=mm&r=g","contentUrl":"https:\/\/secure.gravatar.com\/avatar\/94503eb28d4c4b2005a5c8753e35fc80?s=96&d=mm&r=g","caption":"DL"},"url":"https:\/\/permbledhja.com\/sq\/author\/dl\/"}]}},"_links":{"self":[{"href":"https:\/\/permbledhja.com\/sq\/wp-json\/wp\/v2\/posts\/56961"}],"collection":[{"href":"https:\/\/permbledhja.com\/sq\/wp-json\/wp\/v2\/posts"}],"about":[{"href":"https:\/\/permbledhja.com\/sq\/wp-json\/wp\/v2\/types\/post"}],"author":[{"embeddable":true,"href":"https:\/\/permbledhja.com\/sq\/wp-json\/wp\/v2\/users\/5"}],"replies":[{"embeddable":true,"href":"https:\/\/permbledhja.com\/sq\/wp-json\/wp\/v2\/comments?post=56961"}],"version-history":[{"count":1,"href":"https:\/\/permbledhja.com\/sq\/wp-json\/wp\/v2\/posts\/56961\/revisions"}],"predecessor-version":[{"id":56963,"href":"https:\/\/permbledhja.com\/sq\/wp-json\/wp\/v2\/posts\/56961\/revisions\/56963"}],"wp:featuredmedia":[{"embeddable":true,"href":"https:\/\/permbledhja.com\/sq\/wp-json\/wp\/v2\/media\/56962"}],"wp:attachment":[{"href":"https:\/\/permbledhja.com\/sq\/wp-json\/wp\/v2\/media?parent=56961"}],"wp:term":[{"taxonomy":"category","embeddable":true,"href":"https:\/\/permbledhja.com\/sq\/wp-json\/wp\/v2\/categories?post=56961"},{"taxonomy":"post_tag","embeddable":true,"href":"https:\/\/permbledhja.com\/sq\/wp-json\/wp\/v2\/tags?post=56961"}],"curies":[{"name":"wp","href":"https:\/\/api.w.org\/{rel}","templated":true}]}}