{"id":56958,"date":"2024-04-17T13:11:41","date_gmt":"2024-04-17T13:11:41","guid":{"rendered":"https:\/\/permbledhja.com\/?p=56958"},"modified":"2024-04-17T13:11:41","modified_gmt":"2024-04-17T13:11:41","slug":"sanduloviq-per-bllokimin-e-kosovareve-e-kam-paralajmeruar-shba-ne-dhe-be-ne-per-politiken-nacionaliste-te-vuciqit","status":"publish","type":"post","link":"https:\/\/permbledhja.com\/sq\/sanduloviq-per-bllokimin-e-kosovareve-e-kam-paralajmeruar-shba-ne-dhe-be-ne-per-politiken-nacionaliste-te-vuciqit\/","title":{"rendered":"Sanduloviq p\u00ebr bllokimin e kosovar\u00ebve: E kam paralajm\u00ebruar SHBA-n\u00eb dhe BE-n\u00eb p\u00ebr politik\u00ebn nacionaliste t\u00eb Vu\u00e7iqit"},"content":{"rendered":"<h3>Opozitari serb, Nikolla Sanduloviq, ka th\u00ebn\u00eb se ai e ka paralajm\u00ebruar Bashkimin Evropian dhe Shtetet e Bashkuara t\u00eb Amerik\u00ebs p\u00ebr politik\u00ebn q\u00eb e p\u00ebrdor\u00eb presidenti i Serbis\u00eb, Aleksandar Vu\u00e7iq.<\/h3>\n<p>N\u00eb platform\u00ebn X, ai ka theksuar se ai Vu\u00e7iq ka nj\u00eb politik\u00eb nacionaliste, kjo pasi qindra kosovar\u00eb nuk u lejuan t\u00eb kalojn\u00eb kufirin Kroaci-Serbi dhe Hungari-Serbi me let\u00ebrnjoftime.<\/p>\n<p>\u201cUn\u00eb kam vite q\u00eb flas dhe paralajm\u00ebroj se cila \u00ebsht\u00eb politika e Aleksand\u00ebr Vu\u00e7iqit dhe cili \u00ebsht\u00eb q\u00ebllimi i tij p\u00ebrfundimtar. T\u00eb gjith\u00eb n\u00eb BE dhe SHBA ran\u00eb n\u00eb gjum\u00eb p\u00ebr shkak t\u00eb negociatave t\u00eb tij afatgjata dhe g\u00ebnjeshtrave q\u00eb i tha publikut nd\u00ebrkomb\u00ebtar, nd\u00ebrsa n\u00eb t\u00eb nj\u00ebjt\u00ebn koh\u00eb ai ndoqi politik\u00ebn e tij t\u00eb vjet\u00ebr nacionaliste n\u00eb Serbi\u201d.<\/p>\n<p>\u201cE kam th\u00ebn\u00eb at\u00ebher\u00eb, e them edhe tani, vet\u00ebm Partia Republikane n\u00eb Serbi mund t\u00eb sjell\u00eb paqe t\u00eb q\u00ebndrueshme dhe zgjidhje t\u00eb plot\u00eb p\u00ebr Serbin\u00eb dhe Kosov\u00ebn. Di\u00e7ka e till\u00eb, t\u00eb cil\u00ebn Vu\u00e7iq po e zbaton, \u00e7on vet\u00ebm n\u00eb konflikt dhe katastrof\u00eb t\u00eb pashmangshme\u201d, ka th\u00ebn\u00eb Sanduloviq.<\/p>\n","protected":false},"excerpt":{"rendered":"<p>Opozitari serb, Nikolla Sanduloviq, ka th\u00ebn\u00eb se ai e ka paralajm\u00ebruar Bashkimin Evropian dhe Shtetet e Bashkuara t\u00eb Amerik\u00ebs p\u00ebr politik\u00ebn q\u00eb e p\u00ebrdor\u00eb presidenti i Serbis\u00eb, Aleksandar Vu\u00e7iq. N\u00eb platform\u00ebn X, ai ka theksuar se ai Vu\u00e7iq ka nj\u00eb politik\u00eb nacionaliste, kjo pasi qindra kosovar\u00eb nuk u lejuan t\u00eb kalojn\u00eb kufirin Kroaci-Serbi dhe Hungari-Serbi [&hellip;]<\/p>\n","protected":false},"author":5,"featured_media":56959,"comment_status":"closed","ping_status":"closed","sticky":false,"template":"","format":"standard","meta":{"_monsterinsights_skip_tracking":false,"_monsterinsights_sitenote_active":false,"_monsterinsights_sitenote_note":"","_monsterinsights_sitenote_category":0,"_uf_show_specific_survey":0,"_uf_disable_surveys":false,"footnotes":""},"categories":[15],"tags":[],"yoast_head":"<!-- This site is optimized with the Yoast SEO plugin v21.5 - https:\/\/yoast.com\/wordpress\/plugins\/seo\/ -->\n<title>Sanduloviq p\u00ebr bllokimin e kosovar\u00ebve: E kam paralajm\u00ebruar SHBA-n\u00eb dhe BE-n\u00eb p\u00ebr politik\u00ebn nacionaliste t\u00eb Vu\u00e7iqit<\/title>\n<meta name=\"robots\" content=\"index, follow, max-snippet:-1, max-image-preview:large, max-video-preview:-1\" \/>\n<link rel=\"canonical\" href=\"https:\/\/permbledhja.com\/sq\/sanduloviq-per-bllokimin-e-kosovareve-e-kam-paralajmeruar-shba-ne-dhe-be-ne-per-politiken-nacionaliste-te-vuciqit\/\" \/>\n<meta property=\"og:locale\" content=\"sq_AL\" \/>\n<meta property=\"og:type\" content=\"article\" \/>\n<meta property=\"og:title\" content=\"Sanduloviq p\u00ebr bllokimin e kosovar\u00ebve: E kam paralajm\u00ebruar SHBA-n\u00eb dhe BE-n\u00eb p\u00ebr politik\u00ebn nacionaliste t\u00eb Vu\u00e7iqit\" \/>\n<meta property=\"og:description\" content=\"Opozitari serb, Nikolla Sanduloviq, ka th\u00ebn\u00eb se ai e ka paralajm\u00ebruar Bashkimin Evropian dhe Shtetet e Bashkuara t\u00eb Amerik\u00ebs p\u00ebr politik\u00ebn q\u00eb e p\u00ebrdor\u00eb presidenti i Serbis\u00eb, Aleksandar Vu\u00e7iq. N\u00eb platform\u00ebn X, ai ka theksuar se ai Vu\u00e7iq ka nj\u00eb politik\u00eb nacionaliste, kjo pasi qindra kosovar\u00eb nuk u lejuan t\u00eb kalojn\u00eb kufirin Kroaci-Serbi dhe Hungari-Serbi [&hellip;]\" \/>\n<meta property=\"og:url\" content=\"https:\/\/permbledhja.com\/sq\/sanduloviq-per-bllokimin-e-kosovareve-e-kam-paralajmeruar-shba-ne-dhe-be-ne-per-politiken-nacionaliste-te-vuciqit\/\" \/>\n<meta property=\"og:site_name\" content=\"Ve\u00e7 artikuj p\u00ebrmbledh\u00ebs\" \/>\n<meta property=\"article:publisher\" content=\"https:\/\/www.facebook.com\/press07\/\" \/>\n<meta property=\"article:published_time\" content=\"2024-04-17T13:11:41+00:00\" \/>\n<meta property=\"og:image\" content=\"https:\/\/permbledhja.com\/wp-content\/uploads\/2024\/04\/sandu.webp\" \/>\n\t<meta property=\"og:image:width\" content=\"600\" \/>\n\t<meta property=\"og:image:height\" content=\"360\" \/>\n\t<meta property=\"og:image:type\" content=\"image\/webp\" \/>\n<meta name=\"author\" content=\"DL\" \/>\n<meta name=\"twitter:card\" content=\"summary_large_image\" \/>\n<meta name=\"twitter:label1\" content=\"Written by\" \/>\n\t<meta name=\"twitter:data1\" content=\"DL\" \/>\n\t<meta name=\"twitter:label2\" content=\"Est. reading time\" \/>\n\t<meta name=\"twitter:data2\" content=\"1 minut\u00eb\" \/>\n<script type=\"application\/ld+json\" class=\"yoast-schema-graph\">{\"@context\":\"https:\/\/schema.org\",\"@graph\":[{\"@type\":\"Article\",\"@id\":\"https:\/\/permbledhja.com\/sanduloviq-per-bllokimin-e-kosovareve-e-kam-paralajmeruar-shba-ne-dhe-be-ne-per-politiken-nacionaliste-te-vuciqit\/#article\",\"isPartOf\":{\"@id\":\"https:\/\/permbledhja.com\/sanduloviq-per-bllokimin-e-kosovareve-e-kam-paralajmeruar-shba-ne-dhe-be-ne-per-politiken-nacionaliste-te-vuciqit\/\"},\"author\":{\"name\":\"DL\",\"@id\":\"https:\/\/permbledhja.com\/#\/schema\/person\/9c54260cbc4c6f792cb100550491638c\"},\"headline\":\"Sanduloviq p\u00ebr bllokimin e kosovar\u00ebve: E kam paralajm\u00ebruar SHBA-n\u00eb dhe BE-n\u00eb p\u00ebr politik\u00ebn nacionaliste t\u00eb Vu\u00e7iqit\",\"datePublished\":\"2024-04-17T13:11:41+00:00\",\"dateModified\":\"2024-04-17T13:11:41+00:00\",\"mainEntityOfPage\":{\"@id\":\"https:\/\/permbledhja.com\/sanduloviq-per-bllokimin-e-kosovareve-e-kam-paralajmeruar-shba-ne-dhe-be-ne-per-politiken-nacionaliste-te-vuciqit\/\"},\"wordCount\":220,\"publisher\":{\"@id\":\"https:\/\/permbledhja.com\/#organization\"},\"articleSection\":[\"Lajme\"],\"inLanguage\":\"sq\"},{\"@type\":\"WebPage\",\"@id\":\"https:\/\/permbledhja.com\/sanduloviq-per-bllokimin-e-kosovareve-e-kam-paralajmeruar-shba-ne-dhe-be-ne-per-politiken-nacionaliste-te-vuciqit\/\",\"url\":\"https:\/\/permbledhja.com\/sanduloviq-per-bllokimin-e-kosovareve-e-kam-paralajmeruar-shba-ne-dhe-be-ne-per-politiken-nacionaliste-te-vuciqit\/\",\"name\":\"Sanduloviq p\u00ebr bllokimin e kosovar\u00ebve: E kam paralajm\u00ebruar SHBA-n\u00eb dhe BE-n\u00eb p\u00ebr politik\u00ebn nacionaliste t\u00eb Vu\u00e7iqit\",\"isPartOf\":{\"@id\":\"https:\/\/permbledhja.com\/#website\"},\"datePublished\":\"2024-04-17T13:11:41+00:00\",\"dateModified\":\"2024-04-17T13:11:41+00:00\",\"breadcrumb\":{\"@id\":\"https:\/\/permbledhja.com\/sanduloviq-per-bllokimin-e-kosovareve-e-kam-paralajmeruar-shba-ne-dhe-be-ne-per-politiken-nacionaliste-te-vuciqit\/#breadcrumb\"},\"inLanguage\":\"sq\",\"potentialAction\":[{\"@type\":\"ReadAction\",\"target\":[\"https:\/\/permbledhja.com\/sanduloviq-per-bllokimin-e-kosovareve-e-kam-paralajmeruar-shba-ne-dhe-be-ne-per-politiken-nacionaliste-te-vuciqit\/\"]}]},{\"@type\":\"BreadcrumbList\",\"@id\":\"https:\/\/permbledhja.com\/sanduloviq-per-bllokimin-e-kosovareve-e-kam-paralajmeruar-shba-ne-dhe-be-ne-per-politiken-nacionaliste-te-vuciqit\/#breadcrumb\",\"itemListElement\":[{\"@type\":\"ListItem\",\"position\":1,\"name\":\"Ballina\",\"item\":\"https:\/\/permbledhja.com\/sq\/\"},{\"@type\":\"ListItem\",\"position\":2,\"name\":\"Sanduloviq p\u00ebr bllokimin e kosovar\u00ebve: E kam paralajm\u00ebruar SHBA-n\u00eb dhe BE-n\u00eb p\u00ebr politik\u00ebn nacionaliste t\u00eb Vu\u00e7iqit\"}]},{\"@type\":\"WebSite\",\"@id\":\"https:\/\/permbledhja.com\/#website\",\"url\":\"https:\/\/permbledhja.com\/\",\"name\":\"Ve\u00e7 artikuj p\u00ebrmbledh\u00ebs\",\"description\":\"\",\"publisher\":{\"@id\":\"https:\/\/permbledhja.com\/#organization\"},\"potentialAction\":[{\"@type\":\"SearchAction\",\"target\":{\"@type\":\"EntryPoint\",\"urlTemplate\":\"https:\/\/permbledhja.com\/?s={search_term_string}\"},\"query-input\":\"required name=search_term_string\"}],\"inLanguage\":\"sq\"},{\"@type\":\"Organization\",\"@id\":\"https:\/\/permbledhja.com\/#organization\",\"name\":\"MK Media & Pr\",\"url\":\"https:\/\/permbledhja.com\/\",\"logo\":{\"@type\":\"ImageObject\",\"inLanguage\":\"sq\",\"@id\":\"https:\/\/permbledhja.com\/#\/schema\/logo\/image\/\",\"url\":\"https:\/\/permbledhja.com\/wp-content\/uploads\/2021\/12\/07-Press-Logo.jpg\",\"contentUrl\":\"https:\/\/permbledhja.com\/wp-content\/uploads\/2021\/12\/07-Press-Logo.jpg\",\"width\":512,\"height\":512,\"caption\":\"MK Media & Pr\"},\"image\":{\"@id\":\"https:\/\/permbledhja.com\/#\/schema\/logo\/image\/\"},\"sameAs\":[\"https:\/\/www.facebook.com\/press07\/\"]},{\"@type\":\"Person\",\"@id\":\"https:\/\/permbledhja.com\/#\/schema\/person\/9c54260cbc4c6f792cb100550491638c\",\"name\":\"DL\",\"image\":{\"@type\":\"ImageObject\",\"inLanguage\":\"sq\",\"@id\":\"https:\/\/permbledhja.com\/#\/schema\/person\/image\/\",\"url\":\"https:\/\/secure.gravatar.com\/avatar\/94503eb28d4c4b2005a5c8753e35fc80?s=96&d=mm&r=g\",\"contentUrl\":\"https:\/\/secure.gravatar.com\/avatar\/94503eb28d4c4b2005a5c8753e35fc80?s=96&d=mm&r=g\",\"caption\":\"DL\"},\"url\":\"https:\/\/permbledhja.com\/sq\/author\/dl\/\"}]}<\/script>\n<!-- \/ Yoast SEO plugin. -->","yoast_head_json":{"title":"Sanduloviq p\u00ebr bllokimin e kosovar\u00ebve: E kam paralajm\u00ebruar SHBA-n\u00eb dhe BE-n\u00eb p\u00ebr politik\u00ebn nacionaliste t\u00eb Vu\u00e7iqit","robots":{"index":"index","follow":"follow","max-snippet":"max-snippet:-1","max-image-preview":"max-image-preview:large","max-video-preview":"max-video-preview:-1"},"canonical":"https:\/\/permbledhja.com\/sq\/sanduloviq-per-bllokimin-e-kosovareve-e-kam-paralajmeruar-shba-ne-dhe-be-ne-per-politiken-nacionaliste-te-vuciqit\/","og_locale":"sq_AL","og_type":"article","og_title":"Sanduloviq p\u00ebr bllokimin e kosovar\u00ebve: E kam paralajm\u00ebruar SHBA-n\u00eb dhe BE-n\u00eb p\u00ebr politik\u00ebn nacionaliste t\u00eb Vu\u00e7iqit","og_description":"Opozitari serb, Nikolla Sanduloviq, ka th\u00ebn\u00eb se ai e ka paralajm\u00ebruar Bashkimin Evropian dhe Shtetet e Bashkuara t\u00eb Amerik\u00ebs p\u00ebr politik\u00ebn q\u00eb e p\u00ebrdor\u00eb presidenti i Serbis\u00eb, Aleksandar Vu\u00e7iq. N\u00eb platform\u00ebn X, ai ka theksuar se ai Vu\u00e7iq ka nj\u00eb politik\u00eb nacionaliste, kjo pasi qindra kosovar\u00eb nuk u lejuan t\u00eb kalojn\u00eb kufirin Kroaci-Serbi dhe Hungari-Serbi [&hellip;]","og_url":"https:\/\/permbledhja.com\/sq\/sanduloviq-per-bllokimin-e-kosovareve-e-kam-paralajmeruar-shba-ne-dhe-be-ne-per-politiken-nacionaliste-te-vuciqit\/","og_site_name":"Ve\u00e7 artikuj p\u00ebrmbledh\u00ebs","article_publisher":"https:\/\/www.facebook.com\/press07\/","article_published_time":"2024-04-17T13:11:41+00:00","og_image":[{"width":600,"height":360,"url":"https:\/\/permbledhja.com\/wp-content\/uploads\/2024\/04\/sandu.webp","type":"image\/webp"}],"author":"DL","twitter_card":"summary_large_image","twitter_misc":{"Written by":"DL","Est. reading time":"1 minut\u00eb"},"schema":{"@context":"https:\/\/schema.org","@graph":[{"@type":"Article","@id":"https:\/\/permbledhja.com\/sanduloviq-per-bllokimin-e-kosovareve-e-kam-paralajmeruar-shba-ne-dhe-be-ne-per-politiken-nacionaliste-te-vuciqit\/#article","isPartOf":{"@id":"https:\/\/permbledhja.com\/sanduloviq-per-bllokimin-e-kosovareve-e-kam-paralajmeruar-shba-ne-dhe-be-ne-per-politiken-nacionaliste-te-vuciqit\/"},"author":{"name":"DL","@id":"https:\/\/permbledhja.com\/#\/schema\/person\/9c54260cbc4c6f792cb100550491638c"},"headline":"Sanduloviq p\u00ebr bllokimin e kosovar\u00ebve: E kam paralajm\u00ebruar SHBA-n\u00eb dhe BE-n\u00eb p\u00ebr politik\u00ebn nacionaliste t\u00eb Vu\u00e7iqit","datePublished":"2024-04-17T13:11:41+00:00","dateModified":"2024-04-17T13:11:41+00:00","mainEntityOfPage":{"@id":"https:\/\/permbledhja.com\/sanduloviq-per-bllokimin-e-kosovareve-e-kam-paralajmeruar-shba-ne-dhe-be-ne-per-politiken-nacionaliste-te-vuciqit\/"},"wordCount":220,"publisher":{"@id":"https:\/\/permbledhja.com\/#organization"},"articleSection":["Lajme"],"inLanguage":"sq"},{"@type":"WebPage","@id":"https:\/\/permbledhja.com\/sanduloviq-per-bllokimin-e-kosovareve-e-kam-paralajmeruar-shba-ne-dhe-be-ne-per-politiken-nacionaliste-te-vuciqit\/","url":"https:\/\/permbledhja.com\/sanduloviq-per-bllokimin-e-kosovareve-e-kam-paralajmeruar-shba-ne-dhe-be-ne-per-politiken-nacionaliste-te-vuciqit\/","name":"Sanduloviq p\u00ebr bllokimin e kosovar\u00ebve: E kam paralajm\u00ebruar SHBA-n\u00eb dhe BE-n\u00eb p\u00ebr politik\u00ebn nacionaliste t\u00eb Vu\u00e7iqit","isPartOf":{"@id":"https:\/\/permbledhja.com\/#website"},"datePublished":"2024-04-17T13:11:41+00:00","dateModified":"2024-04-17T13:11:41+00:00","breadcrumb":{"@id":"https:\/\/permbledhja.com\/sanduloviq-per-bllokimin-e-kosovareve-e-kam-paralajmeruar-shba-ne-dhe-be-ne-per-politiken-nacionaliste-te-vuciqit\/#breadcrumb"},"inLanguage":"sq","potentialAction":[{"@type":"ReadAction","target":["https:\/\/permbledhja.com\/sanduloviq-per-bllokimin-e-kosovareve-e-kam-paralajmeruar-shba-ne-dhe-be-ne-per-politiken-nacionaliste-te-vuciqit\/"]}]},{"@type":"BreadcrumbList","@id":"https:\/\/permbledhja.com\/sanduloviq-per-bllokimin-e-kosovareve-e-kam-paralajmeruar-shba-ne-dhe-be-ne-per-politiken-nacionaliste-te-vuciqit\/#breadcrumb","itemListElement":[{"@type":"ListItem","position":1,"name":"Ballina","item":"https:\/\/permbledhja.com\/sq\/"},{"@type":"ListItem","position":2,"name":"Sanduloviq p\u00ebr bllokimin e kosovar\u00ebve: E kam paralajm\u00ebruar SHBA-n\u00eb dhe BE-n\u00eb p\u00ebr politik\u00ebn nacionaliste t\u00eb Vu\u00e7iqit"}]},{"@type":"WebSite","@id":"https:\/\/permbledhja.com\/#website","url":"https:\/\/permbledhja.com\/","name":"Ve\u00e7 artikuj p\u00ebrmbledh\u00ebs","description":"","publisher":{"@id":"https:\/\/permbledhja.com\/#organization"},"potentialAction":[{"@type":"SearchAction","target":{"@type":"EntryPoint","urlTemplate":"https:\/\/permbledhja.com\/?s={search_term_string}"},"query-input":"required name=search_term_string"}],"inLanguage":"sq"},{"@type":"Organization","@id":"https:\/\/permbledhja.com\/#organization","name":"MK Media & Pr","url":"https:\/\/permbledhja.com\/","logo":{"@type":"ImageObject","inLanguage":"sq","@id":"https:\/\/permbledhja.com\/#\/schema\/logo\/image\/","url":"https:\/\/permbledhja.com\/wp-content\/uploads\/2021\/12\/07-Press-Logo.jpg","contentUrl":"https:\/\/permbledhja.com\/wp-content\/uploads\/2021\/12\/07-Press-Logo.jpg","width":512,"height":512,"caption":"MK Media & Pr"},"image":{"@id":"https:\/\/permbledhja.com\/#\/schema\/logo\/image\/"},"sameAs":["https:\/\/www.facebook.com\/press07\/"]},{"@type":"Person","@id":"https:\/\/permbledhja.com\/#\/schema\/person\/9c54260cbc4c6f792cb100550491638c","name":"DL","image":{"@type":"ImageObject","inLanguage":"sq","@id":"https:\/\/permbledhja.com\/#\/schema\/person\/image\/","url":"https:\/\/secure.gravatar.com\/avatar\/94503eb28d4c4b2005a5c8753e35fc80?s=96&d=mm&r=g","contentUrl":"https:\/\/secure.gravatar.com\/avatar\/94503eb28d4c4b2005a5c8753e35fc80?s=96&d=mm&r=g","caption":"DL"},"url":"https:\/\/permbledhja.com\/sq\/author\/dl\/"}]}},"_links":{"self":[{"href":"https:\/\/permbledhja.com\/sq\/wp-json\/wp\/v2\/posts\/56958"}],"collection":[{"href":"https:\/\/permbledhja.com\/sq\/wp-json\/wp\/v2\/posts"}],"about":[{"href":"https:\/\/permbledhja.com\/sq\/wp-json\/wp\/v2\/types\/post"}],"author":[{"embeddable":true,"href":"https:\/\/permbledhja.com\/sq\/wp-json\/wp\/v2\/users\/5"}],"replies":[{"embeddable":true,"href":"https:\/\/permbledhja.com\/sq\/wp-json\/wp\/v2\/comments?post=56958"}],"version-history":[{"count":1,"href":"https:\/\/permbledhja.com\/sq\/wp-json\/wp\/v2\/posts\/56958\/revisions"}],"predecessor-version":[{"id":56960,"href":"https:\/\/permbledhja.com\/sq\/wp-json\/wp\/v2\/posts\/56958\/revisions\/56960"}],"wp:featuredmedia":[{"embeddable":true,"href":"https:\/\/permbledhja.com\/sq\/wp-json\/wp\/v2\/media\/56959"}],"wp:attachment":[{"href":"https:\/\/permbledhja.com\/sq\/wp-json\/wp\/v2\/media?parent=56958"}],"wp:term":[{"taxonomy":"category","embeddable":true,"href":"https:\/\/permbledhja.com\/sq\/wp-json\/wp\/v2\/categories?post=56958"},{"taxonomy":"post_tag","embeddable":true,"href":"https:\/\/permbledhja.com\/sq\/wp-json\/wp\/v2\/tags?post=56958"}],"curies":[{"name":"wp","href":"https:\/\/api.w.org\/{rel}","templated":true}]}}