{"id":56952,"date":"2024-04-17T13:00:05","date_gmt":"2024-04-17T13:00:05","guid":{"rendered":"https:\/\/permbledhja.com\/?p=56952"},"modified":"2024-04-17T13:02:38","modified_gmt":"2024-04-17T13:02:38","slug":"lojerat-e-policise-serbe-ne-kufi-iu-thone-kompanive-te-vazhdojne-rrugen-pa-udhetaret-te-cilet-i-kane-ndale-per-verifikim","status":"publish","type":"post","link":"https:\/\/permbledhja.com\/sq\/lojerat-e-policise-serbe-ne-kufi-iu-thone-kompanive-te-vazhdojne-rrugen-pa-udhetaret-te-cilet-i-kane-ndale-per-verifikim\/","title":{"rendered":"Loj\u00ebrat e policis\u00eb serbe n\u00eb kufi, iu thon\u00eb kompanive t\u00eb vazhdojn\u00eb rrug\u00ebn pa udh\u00ebtar\u00ebt t\u00eb cil\u00ebt i kan\u00eb ndal\u00eb p\u00ebr verifikim"},"content":{"rendered":"<p><strong>Autobus\u00eb nga Kosova, me qindra udh\u00ebtar\u00eb, kan\u00eb mbetur t\u00eb bllokuar q\u00eb nga mbr\u00ebm\u00eb n\u00eb kufirin Serbi-Kroaci, meq\u00eb jan\u00eb ndaluar nga autoritetet kufitare t\u00eb Serbis\u00eb.<\/strong><\/p>\n<p>Gazeta Express ka siguruar nj\u00eb video ku shihen udh\u00ebtar\u00eb grumbull n\u00eb mes t\u00eb rrug\u00ebs, t\u00eb cil\u00ebve u jan\u00eb marr\u00eb dokumentet personale. Disa udh\u00ebtar\u00eb kan\u00eb th\u00ebn\u00eb se tani policia kufitare u ka th\u00ebn\u00eb kompanive t\u00eb autobus\u00ebve q\u00eb tash mund t\u00eb vazhdojn\u00eb rrug\u00ebn, por pa udh\u00ebtar\u00ebt q\u00eb i kan\u00eb ndaluar p\u00ebr verifikim.<\/p>\n<p>Lidhur me k\u00ebt\u00eb rast, ka reaguar Ministria e Pun\u00ebve t\u00eb Jashtme dhe Diapor\u00ebs, qytetar\u00ebt e Kosov\u00ebs q\u00eb po vinin n\u00eb drejtim t\u00eb Kosov\u00ebs jan\u00eb ndaluar edhe n\u00eb kufirin me Hungarin\u00eb, n\u00eb pikat kufitare n\u00eb Shid dhe Subotic\u00eb, te vendkalimi kufitar Dheu i Bardh\u00eb dhe nuk po lejohen as t\u00eb l\u00ebvizin p\u00ebrpara dhe as t\u00eb kthehen pas.<\/p>\n<p>MPJD ka th\u00ebn\u00eb se p\u00ebr k\u00ebt\u00eb ka njoftuar shtetet e QUINT-it, Institucionet e BE-s\u00eb dhe t\u00eb tjera institucione nd\u00ebrkomb\u00ebtare, derisa ka apeluar t\u00eb gjith\u00eb bashkatdhetar\u00ebt dhe qytetar\u00ebt q\u00eb jan\u00eb n\u00eb l\u00ebvizje t\u00eb evitojn\u00eb me \u00e7do kusht kalimin n\u00ebp\u00ebr Serbi dhe t\u00eb ndjekin me v\u00ebmendje situat\u00ebn.<\/p>\n<div style=\"width: 624px;\" class=\"wp-video\"><!--[if lt IE 9]><script>document.createElement('video');<\/script><![endif]-->\n<video class=\"wp-video-shortcode\" id=\"video-56952-1\" width=\"624\" height=\"368\" preload=\"metadata\" controls=\"controls\"><source type=\"video\/mp4\" src=\"https:\/\/permbledhja.com\/wp-content\/uploads\/2024\/04\/vdd.mp4?_=1\" \/><a href=\"https:\/\/permbledhja.com\/wp-content\/uploads\/2024\/04\/vdd.mp4\">https:\/\/permbledhja.com\/wp-content\/uploads\/2024\/04\/vdd.mp4<\/a><\/video><\/div>\n","protected":false},"excerpt":{"rendered":"<p>Autobus\u00eb nga Kosova, me qindra udh\u00ebtar\u00eb, kan\u00eb mbetur t\u00eb bllokuar q\u00eb nga mbr\u00ebm\u00eb n\u00eb kufirin Serbi-Kroaci, meq\u00eb jan\u00eb ndaluar nga autoritetet kufitare t\u00eb Serbis\u00eb. Gazeta Express ka siguruar nj\u00eb video ku shihen udh\u00ebtar\u00eb grumbull n\u00eb mes t\u00eb rrug\u00ebs, t\u00eb cil\u00ebve u jan\u00eb marr\u00eb dokumentet personale. Disa udh\u00ebtar\u00eb kan\u00eb th\u00ebn\u00eb se tani policia kufitare u ka [&hellip;]<\/p>\n","protected":false},"author":5,"featured_media":56953,"comment_status":"closed","ping_status":"closed","sticky":false,"template":"","format":"standard","meta":{"_monsterinsights_skip_tracking":false,"_monsterinsights_sitenote_active":false,"_monsterinsights_sitenote_note":"","_monsterinsights_sitenote_category":0,"_uf_show_specific_survey":0,"_uf_disable_surveys":false,"footnotes":""},"categories":[15],"tags":[],"yoast_head":"<!-- This site is optimized with the Yoast SEO plugin v21.5 - https:\/\/yoast.com\/wordpress\/plugins\/seo\/ -->\n<title>Loj\u00ebrat e policis\u00eb serbe n\u00eb kufi, iu thon\u00eb kompanive t\u00eb vazhdojn\u00eb rrug\u00ebn pa udh\u00ebtar\u00ebt t\u00eb cil\u00ebt i kan\u00eb ndal\u00eb p\u00ebr verifikim<\/title>\n<meta name=\"robots\" content=\"index, follow, max-snippet:-1, max-image-preview:large, max-video-preview:-1\" \/>\n<link rel=\"canonical\" href=\"https:\/\/permbledhja.com\/sq\/lojerat-e-policise-serbe-ne-kufi-iu-thone-kompanive-te-vazhdojne-rrugen-pa-udhetaret-te-cilet-i-kane-ndale-per-verifikim\/\" \/>\n<meta property=\"og:locale\" content=\"sq_AL\" \/>\n<meta property=\"og:type\" content=\"article\" \/>\n<meta property=\"og:title\" content=\"Loj\u00ebrat e policis\u00eb serbe n\u00eb kufi, iu thon\u00eb kompanive t\u00eb vazhdojn\u00eb rrug\u00ebn pa udh\u00ebtar\u00ebt t\u00eb cil\u00ebt i kan\u00eb ndal\u00eb p\u00ebr verifikim\" \/>\n<meta property=\"og:description\" content=\"Autobus\u00eb nga Kosova, me qindra udh\u00ebtar\u00eb, kan\u00eb mbetur t\u00eb bllokuar q\u00eb nga mbr\u00ebm\u00eb n\u00eb kufirin Serbi-Kroaci, meq\u00eb jan\u00eb ndaluar nga autoritetet kufitare t\u00eb Serbis\u00eb. Gazeta Express ka siguruar nj\u00eb video ku shihen udh\u00ebtar\u00eb grumbull n\u00eb mes t\u00eb rrug\u00ebs, t\u00eb cil\u00ebve u jan\u00eb marr\u00eb dokumentet personale. Disa udh\u00ebtar\u00eb kan\u00eb th\u00ebn\u00eb se tani policia kufitare u ka [&hellip;]\" \/>\n<meta property=\"og:url\" content=\"https:\/\/permbledhja.com\/sq\/lojerat-e-policise-serbe-ne-kufi-iu-thone-kompanive-te-vazhdojne-rrugen-pa-udhetaret-te-cilet-i-kane-ndale-per-verifikim\/\" \/>\n<meta property=\"og:site_name\" content=\"Ve\u00e7 artikuj p\u00ebrmbledh\u00ebs\" \/>\n<meta property=\"article:publisher\" content=\"https:\/\/www.facebook.com\/press07\/\" \/>\n<meta property=\"article:published_time\" content=\"2024-04-17T13:00:05+00:00\" \/>\n<meta property=\"article:modified_time\" content=\"2024-04-17T13:02:38+00:00\" \/>\n<meta property=\"og:image\" content=\"https:\/\/permbledhja.com\/wp-content\/uploads\/2024\/04\/ex.png\" \/>\n\t<meta property=\"og:image:width\" content=\"600\" \/>\n\t<meta property=\"og:image:height\" content=\"360\" \/>\n\t<meta property=\"og:image:type\" content=\"image\/png\" \/>\n<meta name=\"author\" content=\"DL\" \/>\n<meta name=\"twitter:card\" content=\"summary_large_image\" \/>\n<meta name=\"twitter:label1\" content=\"Written by\" \/>\n\t<meta name=\"twitter:data1\" content=\"DL\" \/>\n\t<meta name=\"twitter:label2\" content=\"Est. reading time\" \/>\n\t<meta name=\"twitter:data2\" content=\"1 minut\u00eb\" \/>\n<script type=\"application\/ld+json\" class=\"yoast-schema-graph\">{\"@context\":\"https:\/\/schema.org\",\"@graph\":[{\"@type\":\"Article\",\"@id\":\"https:\/\/permbledhja.com\/sq\/lojerat-e-policise-serbe-ne-kufi-iu-thone-kompanive-te-vazhdojne-rrugen-pa-udhetaret-te-cilet-i-kane-ndale-per-verifikim\/#article\",\"isPartOf\":{\"@id\":\"https:\/\/permbledhja.com\/sq\/lojerat-e-policise-serbe-ne-kufi-iu-thone-kompanive-te-vazhdojne-rrugen-pa-udhetaret-te-cilet-i-kane-ndale-per-verifikim\/\"},\"author\":{\"name\":\"DL\",\"@id\":\"https:\/\/permbledhja.com\/#\/schema\/person\/9c54260cbc4c6f792cb100550491638c\"},\"headline\":\"Loj\u00ebrat e policis\u00eb serbe n\u00eb kufi, iu thon\u00eb kompanive t\u00eb vazhdojn\u00eb rrug\u00ebn pa udh\u00ebtar\u00ebt t\u00eb cil\u00ebt i kan\u00eb ndal\u00eb p\u00ebr verifikim\",\"datePublished\":\"2024-04-17T13:00:05+00:00\",\"dateModified\":\"2024-04-17T13:02:38+00:00\",\"mainEntityOfPage\":{\"@id\":\"https:\/\/permbledhja.com\/sq\/lojerat-e-policise-serbe-ne-kufi-iu-thone-kompanive-te-vazhdojne-rrugen-pa-udhetaret-te-cilet-i-kane-ndale-per-verifikim\/\"},\"wordCount\":247,\"publisher\":{\"@id\":\"https:\/\/permbledhja.com\/#organization\"},\"articleSection\":[\"Lajme\"],\"inLanguage\":\"sq\"},{\"@type\":\"WebPage\",\"@id\":\"https:\/\/permbledhja.com\/sq\/lojerat-e-policise-serbe-ne-kufi-iu-thone-kompanive-te-vazhdojne-rrugen-pa-udhetaret-te-cilet-i-kane-ndale-per-verifikim\/\",\"url\":\"https:\/\/permbledhja.com\/sq\/lojerat-e-policise-serbe-ne-kufi-iu-thone-kompanive-te-vazhdojne-rrugen-pa-udhetaret-te-cilet-i-kane-ndale-per-verifikim\/\",\"name\":\"Loj\u00ebrat e policis\u00eb serbe n\u00eb kufi, iu thon\u00eb kompanive t\u00eb vazhdojn\u00eb rrug\u00ebn pa udh\u00ebtar\u00ebt t\u00eb cil\u00ebt i kan\u00eb ndal\u00eb p\u00ebr verifikim\",\"isPartOf\":{\"@id\":\"https:\/\/permbledhja.com\/#website\"},\"datePublished\":\"2024-04-17T13:00:05+00:00\",\"dateModified\":\"2024-04-17T13:02:38+00:00\",\"breadcrumb\":{\"@id\":\"https:\/\/permbledhja.com\/sq\/lojerat-e-policise-serbe-ne-kufi-iu-thone-kompanive-te-vazhdojne-rrugen-pa-udhetaret-te-cilet-i-kane-ndale-per-verifikim\/#breadcrumb\"},\"inLanguage\":\"sq\",\"potentialAction\":[{\"@type\":\"ReadAction\",\"target\":[\"https:\/\/permbledhja.com\/sq\/lojerat-e-policise-serbe-ne-kufi-iu-thone-kompanive-te-vazhdojne-rrugen-pa-udhetaret-te-cilet-i-kane-ndale-per-verifikim\/\"]}]},{\"@type\":\"BreadcrumbList\",\"@id\":\"https:\/\/permbledhja.com\/sq\/lojerat-e-policise-serbe-ne-kufi-iu-thone-kompanive-te-vazhdojne-rrugen-pa-udhetaret-te-cilet-i-kane-ndale-per-verifikim\/#breadcrumb\",\"itemListElement\":[{\"@type\":\"ListItem\",\"position\":1,\"name\":\"Ballina\",\"item\":\"https:\/\/permbledhja.com\/sq\/\"},{\"@type\":\"ListItem\",\"position\":2,\"name\":\"Loj\u00ebrat e policis\u00eb serbe n\u00eb kufi, iu thon\u00eb kompanive t\u00eb vazhdojn\u00eb rrug\u00ebn pa udh\u00ebtar\u00ebt t\u00eb cil\u00ebt i kan\u00eb ndal\u00eb p\u00ebr verifikim\"}]},{\"@type\":\"WebSite\",\"@id\":\"https:\/\/permbledhja.com\/#website\",\"url\":\"https:\/\/permbledhja.com\/\",\"name\":\"Ve\u00e7 artikuj p\u00ebrmbledh\u00ebs\",\"description\":\"\",\"publisher\":{\"@id\":\"https:\/\/permbledhja.com\/#organization\"},\"potentialAction\":[{\"@type\":\"SearchAction\",\"target\":{\"@type\":\"EntryPoint\",\"urlTemplate\":\"https:\/\/permbledhja.com\/?s={search_term_string}\"},\"query-input\":\"required name=search_term_string\"}],\"inLanguage\":\"sq\"},{\"@type\":\"Organization\",\"@id\":\"https:\/\/permbledhja.com\/#organization\",\"name\":\"MK Media & Pr\",\"url\":\"https:\/\/permbledhja.com\/\",\"logo\":{\"@type\":\"ImageObject\",\"inLanguage\":\"sq\",\"@id\":\"https:\/\/permbledhja.com\/#\/schema\/logo\/image\/\",\"url\":\"https:\/\/permbledhja.com\/wp-content\/uploads\/2021\/12\/07-Press-Logo.jpg\",\"contentUrl\":\"https:\/\/permbledhja.com\/wp-content\/uploads\/2021\/12\/07-Press-Logo.jpg\",\"width\":512,\"height\":512,\"caption\":\"MK Media & Pr\"},\"image\":{\"@id\":\"https:\/\/permbledhja.com\/#\/schema\/logo\/image\/\"},\"sameAs\":[\"https:\/\/www.facebook.com\/press07\/\"]},{\"@type\":\"Person\",\"@id\":\"https:\/\/permbledhja.com\/#\/schema\/person\/9c54260cbc4c6f792cb100550491638c\",\"name\":\"DL\",\"image\":{\"@type\":\"ImageObject\",\"inLanguage\":\"sq\",\"@id\":\"https:\/\/permbledhja.com\/#\/schema\/person\/image\/\",\"url\":\"https:\/\/secure.gravatar.com\/avatar\/94503eb28d4c4b2005a5c8753e35fc80?s=96&d=mm&r=g\",\"contentUrl\":\"https:\/\/secure.gravatar.com\/avatar\/94503eb28d4c4b2005a5c8753e35fc80?s=96&d=mm&r=g\",\"caption\":\"DL\"},\"url\":\"https:\/\/permbledhja.com\/sq\/author\/dl\/\"}]}<\/script>\n<!-- \/ Yoast SEO plugin. -->","yoast_head_json":{"title":"Loj\u00ebrat e policis\u00eb serbe n\u00eb kufi, iu thon\u00eb kompanive t\u00eb vazhdojn\u00eb rrug\u00ebn pa udh\u00ebtar\u00ebt t\u00eb cil\u00ebt i kan\u00eb ndal\u00eb p\u00ebr verifikim","robots":{"index":"index","follow":"follow","max-snippet":"max-snippet:-1","max-image-preview":"max-image-preview:large","max-video-preview":"max-video-preview:-1"},"canonical":"https:\/\/permbledhja.com\/sq\/lojerat-e-policise-serbe-ne-kufi-iu-thone-kompanive-te-vazhdojne-rrugen-pa-udhetaret-te-cilet-i-kane-ndale-per-verifikim\/","og_locale":"sq_AL","og_type":"article","og_title":"Loj\u00ebrat e policis\u00eb serbe n\u00eb kufi, iu thon\u00eb kompanive t\u00eb vazhdojn\u00eb rrug\u00ebn pa udh\u00ebtar\u00ebt t\u00eb cil\u00ebt i kan\u00eb ndal\u00eb p\u00ebr verifikim","og_description":"Autobus\u00eb nga Kosova, me qindra udh\u00ebtar\u00eb, kan\u00eb mbetur t\u00eb bllokuar q\u00eb nga mbr\u00ebm\u00eb n\u00eb kufirin Serbi-Kroaci, meq\u00eb jan\u00eb ndaluar nga autoritetet kufitare t\u00eb Serbis\u00eb. Gazeta Express ka siguruar nj\u00eb video ku shihen udh\u00ebtar\u00eb grumbull n\u00eb mes t\u00eb rrug\u00ebs, t\u00eb cil\u00ebve u jan\u00eb marr\u00eb dokumentet personale. Disa udh\u00ebtar\u00eb kan\u00eb th\u00ebn\u00eb se tani policia kufitare u ka [&hellip;]","og_url":"https:\/\/permbledhja.com\/sq\/lojerat-e-policise-serbe-ne-kufi-iu-thone-kompanive-te-vazhdojne-rrugen-pa-udhetaret-te-cilet-i-kane-ndale-per-verifikim\/","og_site_name":"Ve\u00e7 artikuj p\u00ebrmbledh\u00ebs","article_publisher":"https:\/\/www.facebook.com\/press07\/","article_published_time":"2024-04-17T13:00:05+00:00","article_modified_time":"2024-04-17T13:02:38+00:00","og_image":[{"width":600,"height":360,"url":"https:\/\/permbledhja.com\/wp-content\/uploads\/2024\/04\/ex.png","type":"image\/png"}],"author":"DL","twitter_card":"summary_large_image","twitter_misc":{"Written by":"DL","Est. reading time":"1 minut\u00eb"},"schema":{"@context":"https:\/\/schema.org","@graph":[{"@type":"Article","@id":"https:\/\/permbledhja.com\/sq\/lojerat-e-policise-serbe-ne-kufi-iu-thone-kompanive-te-vazhdojne-rrugen-pa-udhetaret-te-cilet-i-kane-ndale-per-verifikim\/#article","isPartOf":{"@id":"https:\/\/permbledhja.com\/sq\/lojerat-e-policise-serbe-ne-kufi-iu-thone-kompanive-te-vazhdojne-rrugen-pa-udhetaret-te-cilet-i-kane-ndale-per-verifikim\/"},"author":{"name":"DL","@id":"https:\/\/permbledhja.com\/#\/schema\/person\/9c54260cbc4c6f792cb100550491638c"},"headline":"Loj\u00ebrat e policis\u00eb serbe n\u00eb kufi, iu thon\u00eb kompanive t\u00eb vazhdojn\u00eb rrug\u00ebn pa udh\u00ebtar\u00ebt t\u00eb cil\u00ebt i kan\u00eb ndal\u00eb p\u00ebr verifikim","datePublished":"2024-04-17T13:00:05+00:00","dateModified":"2024-04-17T13:02:38+00:00","mainEntityOfPage":{"@id":"https:\/\/permbledhja.com\/sq\/lojerat-e-policise-serbe-ne-kufi-iu-thone-kompanive-te-vazhdojne-rrugen-pa-udhetaret-te-cilet-i-kane-ndale-per-verifikim\/"},"wordCount":247,"publisher":{"@id":"https:\/\/permbledhja.com\/#organization"},"articleSection":["Lajme"],"inLanguage":"sq"},{"@type":"WebPage","@id":"https:\/\/permbledhja.com\/sq\/lojerat-e-policise-serbe-ne-kufi-iu-thone-kompanive-te-vazhdojne-rrugen-pa-udhetaret-te-cilet-i-kane-ndale-per-verifikim\/","url":"https:\/\/permbledhja.com\/sq\/lojerat-e-policise-serbe-ne-kufi-iu-thone-kompanive-te-vazhdojne-rrugen-pa-udhetaret-te-cilet-i-kane-ndale-per-verifikim\/","name":"Loj\u00ebrat e policis\u00eb serbe n\u00eb kufi, iu thon\u00eb kompanive t\u00eb vazhdojn\u00eb rrug\u00ebn pa udh\u00ebtar\u00ebt t\u00eb cil\u00ebt i kan\u00eb ndal\u00eb p\u00ebr verifikim","isPartOf":{"@id":"https:\/\/permbledhja.com\/#website"},"datePublished":"2024-04-17T13:00:05+00:00","dateModified":"2024-04-17T13:02:38+00:00","breadcrumb":{"@id":"https:\/\/permbledhja.com\/sq\/lojerat-e-policise-serbe-ne-kufi-iu-thone-kompanive-te-vazhdojne-rrugen-pa-udhetaret-te-cilet-i-kane-ndale-per-verifikim\/#breadcrumb"},"inLanguage":"sq","potentialAction":[{"@type":"ReadAction","target":["https:\/\/permbledhja.com\/sq\/lojerat-e-policise-serbe-ne-kufi-iu-thone-kompanive-te-vazhdojne-rrugen-pa-udhetaret-te-cilet-i-kane-ndale-per-verifikim\/"]}]},{"@type":"BreadcrumbList","@id":"https:\/\/permbledhja.com\/sq\/lojerat-e-policise-serbe-ne-kufi-iu-thone-kompanive-te-vazhdojne-rrugen-pa-udhetaret-te-cilet-i-kane-ndale-per-verifikim\/#breadcrumb","itemListElement":[{"@type":"ListItem","position":1,"name":"Ballina","item":"https:\/\/permbledhja.com\/sq\/"},{"@type":"ListItem","position":2,"name":"Loj\u00ebrat e policis\u00eb serbe n\u00eb kufi, iu thon\u00eb kompanive t\u00eb vazhdojn\u00eb rrug\u00ebn pa udh\u00ebtar\u00ebt t\u00eb cil\u00ebt i kan\u00eb ndal\u00eb p\u00ebr verifikim"}]},{"@type":"WebSite","@id":"https:\/\/permbledhja.com\/#website","url":"https:\/\/permbledhja.com\/","name":"Ve\u00e7 artikuj p\u00ebrmbledh\u00ebs","description":"","publisher":{"@id":"https:\/\/permbledhja.com\/#organization"},"potentialAction":[{"@type":"SearchAction","target":{"@type":"EntryPoint","urlTemplate":"https:\/\/permbledhja.com\/?s={search_term_string}"},"query-input":"required name=search_term_string"}],"inLanguage":"sq"},{"@type":"Organization","@id":"https:\/\/permbledhja.com\/#organization","name":"MK Media & Pr","url":"https:\/\/permbledhja.com\/","logo":{"@type":"ImageObject","inLanguage":"sq","@id":"https:\/\/permbledhja.com\/#\/schema\/logo\/image\/","url":"https:\/\/permbledhja.com\/wp-content\/uploads\/2021\/12\/07-Press-Logo.jpg","contentUrl":"https:\/\/permbledhja.com\/wp-content\/uploads\/2021\/12\/07-Press-Logo.jpg","width":512,"height":512,"caption":"MK Media & Pr"},"image":{"@id":"https:\/\/permbledhja.com\/#\/schema\/logo\/image\/"},"sameAs":["https:\/\/www.facebook.com\/press07\/"]},{"@type":"Person","@id":"https:\/\/permbledhja.com\/#\/schema\/person\/9c54260cbc4c6f792cb100550491638c","name":"DL","image":{"@type":"ImageObject","inLanguage":"sq","@id":"https:\/\/permbledhja.com\/#\/schema\/person\/image\/","url":"https:\/\/secure.gravatar.com\/avatar\/94503eb28d4c4b2005a5c8753e35fc80?s=96&d=mm&r=g","contentUrl":"https:\/\/secure.gravatar.com\/avatar\/94503eb28d4c4b2005a5c8753e35fc80?s=96&d=mm&r=g","caption":"DL"},"url":"https:\/\/permbledhja.com\/sq\/author\/dl\/"}]}},"_links":{"self":[{"href":"https:\/\/permbledhja.com\/sq\/wp-json\/wp\/v2\/posts\/56952"}],"collection":[{"href":"https:\/\/permbledhja.com\/sq\/wp-json\/wp\/v2\/posts"}],"about":[{"href":"https:\/\/permbledhja.com\/sq\/wp-json\/wp\/v2\/types\/post"}],"author":[{"embeddable":true,"href":"https:\/\/permbledhja.com\/sq\/wp-json\/wp\/v2\/users\/5"}],"replies":[{"embeddable":true,"href":"https:\/\/permbledhja.com\/sq\/wp-json\/wp\/v2\/comments?post=56952"}],"version-history":[{"count":3,"href":"https:\/\/permbledhja.com\/sq\/wp-json\/wp\/v2\/posts\/56952\/revisions"}],"predecessor-version":[{"id":56957,"href":"https:\/\/permbledhja.com\/sq\/wp-json\/wp\/v2\/posts\/56952\/revisions\/56957"}],"wp:featuredmedia":[{"embeddable":true,"href":"https:\/\/permbledhja.com\/sq\/wp-json\/wp\/v2\/media\/56953"}],"wp:attachment":[{"href":"https:\/\/permbledhja.com\/sq\/wp-json\/wp\/v2\/media?parent=56952"}],"wp:term":[{"taxonomy":"category","embeddable":true,"href":"https:\/\/permbledhja.com\/sq\/wp-json\/wp\/v2\/categories?post=56952"},{"taxonomy":"post_tag","embeddable":true,"href":"https:\/\/permbledhja.com\/sq\/wp-json\/wp\/v2\/tags?post=56952"}],"curies":[{"name":"wp","href":"https:\/\/api.w.org\/{rel}","templated":true}]}}