{"id":56809,"date":"2024-04-16T19:13:01","date_gmt":"2024-04-16T19:13:01","guid":{"rendered":"https:\/\/permbledhja.com\/?p=56809"},"modified":"2024-04-16T19:13:01","modified_gmt":"2024-04-16T19:13:01","slug":"mbi-800-mije-kosovare-udhetuan-nga-aeroporti-i-prishtines-nga-1-janari","status":"publish","type":"post","link":"https:\/\/permbledhja.com\/sq\/mbi-800-mije-kosovare-udhetuan-nga-aeroporti-i-prishtines-nga-1-janari\/","title":{"rendered":"Mbi 800 mij\u00eb kosovar\u00eb udh\u00ebtuan nga Aeroporti i Prishtin\u00ebs nga 1 janari"},"content":{"rendered":"<h3>P\u00ebr tre muaj, 830 mij\u00eb qytetar\u00eb kan\u00eb udh\u00ebtuar nga Kosova p\u00ebr n\u00eb shtete evropiane, pas liberalizimit t\u00eb vizave.<\/h3>\n<p>Krahasuar me periudh\u00ebn e nj\u00ebjt\u00eb t\u00eb vitit t\u00eb kaluar ku p\u00ebrmes aeroportit t\u00eb Prishtin\u00ebs \u201cAdem Jashari\u201d kan\u00eb udh\u00ebtuar 650 mij\u00eb qytetar\u00eb, sivjet numri i udh\u00ebtimeve \u00ebsht\u00eb rritur duksh\u00ebm.<\/p>\n<p>K\u00ebshtu ka njoftuar z\u00ebdh\u00ebn\u00ebsja e Aeroportit t\u00eb Prishtin\u00ebs Valentina Gara, p\u00ebr Kiks Kosov\u00ebn.<\/p>\n<p>P\u00ebr shkak t\u00eb rritjes s\u00eb numrit t\u00eb fluturimeve, ajo ka th\u00ebn\u00eb se i kan\u00eb zgjeruar edhe hap\u00ebsirat e infrastruktur\u00ebs s\u00eb aeroportit, duke i shtuar edhe kat\u00ebr dalje t\u00eb tjera.<\/p>\n<p>Nga ana tjet\u00ebr, Gara ka njoftuar se e kan\u00eb shtuar edhe stafin, duke num\u00ebruar k\u00ebshtu 850 punonj\u00ebs.<\/p>\n","protected":false},"excerpt":{"rendered":"<p>P\u00ebr tre muaj, 830 mij\u00eb qytetar\u00eb kan\u00eb udh\u00ebtuar nga Kosova p\u00ebr n\u00eb shtete evropiane, pas liberalizimit t\u00eb vizave. Krahasuar me periudh\u00ebn e nj\u00ebjt\u00eb t\u00eb vitit t\u00eb kaluar ku p\u00ebrmes aeroportit t\u00eb Prishtin\u00ebs \u201cAdem Jashari\u201d kan\u00eb udh\u00ebtuar 650 mij\u00eb qytetar\u00eb, sivjet numri i udh\u00ebtimeve \u00ebsht\u00eb rritur duksh\u00ebm. K\u00ebshtu ka njoftuar z\u00ebdh\u00ebn\u00ebsja e Aeroportit t\u00eb Prishtin\u00ebs Valentina [&hellip;]<\/p>\n","protected":false},"author":2,"featured_media":56810,"comment_status":"closed","ping_status":"closed","sticky":false,"template":"","format":"standard","meta":{"_monsterinsights_skip_tracking":false,"_monsterinsights_sitenote_active":false,"_monsterinsights_sitenote_note":"","_monsterinsights_sitenote_category":0,"_uf_show_specific_survey":0,"_uf_disable_surveys":false,"footnotes":""},"categories":[15],"tags":[1539],"yoast_head":"<!-- This site is optimized with the Yoast SEO plugin v21.5 - https:\/\/yoast.com\/wordpress\/plugins\/seo\/ -->\n<title>Mbi 800 mij\u00eb kosovar\u00eb udh\u00ebtuan nga Aeroporti i Prishtin\u00ebs nga 1 janari<\/title>\n<meta name=\"robots\" content=\"index, follow, max-snippet:-1, max-image-preview:large, max-video-preview:-1\" \/>\n<link rel=\"canonical\" href=\"https:\/\/permbledhja.com\/sq\/mbi-800-mije-kosovare-udhetuan-nga-aeroporti-i-prishtines-nga-1-janari\/\" \/>\n<meta property=\"og:locale\" content=\"sq_AL\" \/>\n<meta property=\"og:type\" content=\"article\" \/>\n<meta property=\"og:title\" content=\"Mbi 800 mij\u00eb kosovar\u00eb udh\u00ebtuan nga Aeroporti i Prishtin\u00ebs nga 1 janari\" \/>\n<meta property=\"og:description\" content=\"P\u00ebr tre muaj, 830 mij\u00eb qytetar\u00eb kan\u00eb udh\u00ebtuar nga Kosova p\u00ebr n\u00eb shtete evropiane, pas liberalizimit t\u00eb vizave. Krahasuar me periudh\u00ebn e nj\u00ebjt\u00eb t\u00eb vitit t\u00eb kaluar ku p\u00ebrmes aeroportit t\u00eb Prishtin\u00ebs \u201cAdem Jashari\u201d kan\u00eb udh\u00ebtuar 650 mij\u00eb qytetar\u00eb, sivjet numri i udh\u00ebtimeve \u00ebsht\u00eb rritur duksh\u00ebm. K\u00ebshtu ka njoftuar z\u00ebdh\u00ebn\u00ebsja e Aeroportit t\u00eb Prishtin\u00ebs Valentina [&hellip;]\" \/>\n<meta property=\"og:url\" content=\"https:\/\/permbledhja.com\/sq\/mbi-800-mije-kosovare-udhetuan-nga-aeroporti-i-prishtines-nga-1-janari\/\" \/>\n<meta property=\"og:site_name\" content=\"Ve\u00e7 artikuj p\u00ebrmbledh\u00ebs\" \/>\n<meta property=\"article:publisher\" content=\"https:\/\/www.facebook.com\/press07\/\" \/>\n<meta property=\"article:published_time\" content=\"2024-04-16T19:13:01+00:00\" \/>\n<meta property=\"og:image\" content=\"https:\/\/permbledhja.com\/wp-content\/uploads\/2024\/04\/aeroporti-i-prishtines.jpg\" \/>\n\t<meta property=\"og:image:width\" content=\"640\" \/>\n\t<meta property=\"og:image:height\" content=\"480\" \/>\n\t<meta property=\"og:image:type\" content=\"image\/jpeg\" \/>\n<meta name=\"author\" content=\"M M\" \/>\n<meta name=\"twitter:card\" content=\"summary_large_image\" \/>\n<meta name=\"twitter:label1\" content=\"Written by\" \/>\n\t<meta name=\"twitter:data1\" content=\"M M\" \/>\n\t<meta name=\"twitter:label2\" content=\"Est. reading time\" \/>\n\t<meta name=\"twitter:data2\" content=\"1 minut\u00eb\" \/>\n<script type=\"application\/ld+json\" class=\"yoast-schema-graph\">{\"@context\":\"https:\/\/schema.org\",\"@graph\":[{\"@type\":\"Article\",\"@id\":\"https:\/\/permbledhja.com\/sq\/mbi-800-mije-kosovare-udhetuan-nga-aeroporti-i-prishtines-nga-1-janari\/#article\",\"isPartOf\":{\"@id\":\"https:\/\/permbledhja.com\/sq\/mbi-800-mije-kosovare-udhetuan-nga-aeroporti-i-prishtines-nga-1-janari\/\"},\"author\":{\"name\":\"M M\",\"@id\":\"https:\/\/permbledhja.com\/#\/schema\/person\/d23f13f59b5722643933d6780783acf3\"},\"headline\":\"Mbi 800 mij\u00eb kosovar\u00eb udh\u00ebtuan nga Aeroporti i Prishtin\u00ebs nga 1 janari\",\"datePublished\":\"2024-04-16T19:13:01+00:00\",\"dateModified\":\"2024-04-16T19:13:01+00:00\",\"mainEntityOfPage\":{\"@id\":\"https:\/\/permbledhja.com\/sq\/mbi-800-mije-kosovare-udhetuan-nga-aeroporti-i-prishtines-nga-1-janari\/\"},\"wordCount\":140,\"publisher\":{\"@id\":\"https:\/\/permbledhja.com\/#organization\"},\"keywords\":[\"Aeroporti i Prishtin\u00ebs\"],\"articleSection\":[\"Lajme\"],\"inLanguage\":\"sq\"},{\"@type\":\"WebPage\",\"@id\":\"https:\/\/permbledhja.com\/sq\/mbi-800-mije-kosovare-udhetuan-nga-aeroporti-i-prishtines-nga-1-janari\/\",\"url\":\"https:\/\/permbledhja.com\/sq\/mbi-800-mije-kosovare-udhetuan-nga-aeroporti-i-prishtines-nga-1-janari\/\",\"name\":\"Mbi 800 mij\u00eb kosovar\u00eb udh\u00ebtuan nga Aeroporti i Prishtin\u00ebs nga 1 janari\",\"isPartOf\":{\"@id\":\"https:\/\/permbledhja.com\/#website\"},\"datePublished\":\"2024-04-16T19:13:01+00:00\",\"dateModified\":\"2024-04-16T19:13:01+00:00\",\"breadcrumb\":{\"@id\":\"https:\/\/permbledhja.com\/sq\/mbi-800-mije-kosovare-udhetuan-nga-aeroporti-i-prishtines-nga-1-janari\/#breadcrumb\"},\"inLanguage\":\"sq\",\"potentialAction\":[{\"@type\":\"ReadAction\",\"target\":[\"https:\/\/permbledhja.com\/sq\/mbi-800-mije-kosovare-udhetuan-nga-aeroporti-i-prishtines-nga-1-janari\/\"]}]},{\"@type\":\"BreadcrumbList\",\"@id\":\"https:\/\/permbledhja.com\/sq\/mbi-800-mije-kosovare-udhetuan-nga-aeroporti-i-prishtines-nga-1-janari\/#breadcrumb\",\"itemListElement\":[{\"@type\":\"ListItem\",\"position\":1,\"name\":\"Ballina\",\"item\":\"https:\/\/permbledhja.com\/sq\/\"},{\"@type\":\"ListItem\",\"position\":2,\"name\":\"Mbi 800 mij\u00eb kosovar\u00eb udh\u00ebtuan nga Aeroporti i Prishtin\u00ebs nga 1 janari\"}]},{\"@type\":\"WebSite\",\"@id\":\"https:\/\/permbledhja.com\/#website\",\"url\":\"https:\/\/permbledhja.com\/\",\"name\":\"Ve\u00e7 artikuj p\u00ebrmbledh\u00ebs\",\"description\":\"\",\"publisher\":{\"@id\":\"https:\/\/permbledhja.com\/#organization\"},\"potentialAction\":[{\"@type\":\"SearchAction\",\"target\":{\"@type\":\"EntryPoint\",\"urlTemplate\":\"https:\/\/permbledhja.com\/?s={search_term_string}\"},\"query-input\":\"required name=search_term_string\"}],\"inLanguage\":\"sq\"},{\"@type\":\"Organization\",\"@id\":\"https:\/\/permbledhja.com\/#organization\",\"name\":\"MK Media & Pr\",\"url\":\"https:\/\/permbledhja.com\/\",\"logo\":{\"@type\":\"ImageObject\",\"inLanguage\":\"sq\",\"@id\":\"https:\/\/permbledhja.com\/#\/schema\/logo\/image\/\",\"url\":\"https:\/\/permbledhja.com\/wp-content\/uploads\/2021\/12\/07-Press-Logo.jpg\",\"contentUrl\":\"https:\/\/permbledhja.com\/wp-content\/uploads\/2021\/12\/07-Press-Logo.jpg\",\"width\":512,\"height\":512,\"caption\":\"MK Media & Pr\"},\"image\":{\"@id\":\"https:\/\/permbledhja.com\/#\/schema\/logo\/image\/\"},\"sameAs\":[\"https:\/\/www.facebook.com\/press07\/\"]},{\"@type\":\"Person\",\"@id\":\"https:\/\/permbledhja.com\/#\/schema\/person\/d23f13f59b5722643933d6780783acf3\",\"name\":\"M M\",\"image\":{\"@type\":\"ImageObject\",\"inLanguage\":\"sq\",\"@id\":\"https:\/\/permbledhja.com\/#\/schema\/person\/image\/\",\"url\":\"https:\/\/secure.gravatar.com\/avatar\/e2835a76ca7c31a2416b2d51c4ec9a8f?s=96&d=mm&r=g\",\"contentUrl\":\"https:\/\/secure.gravatar.com\/avatar\/e2835a76ca7c31a2416b2d51c4ec9a8f?s=96&d=mm&r=g\",\"caption\":\"M M\"},\"sameAs\":[\"http:\/\/MM\"],\"url\":\"https:\/\/permbledhja.com\/sq\/author\/muhamet\/\"}]}<\/script>\n<!-- \/ Yoast SEO plugin. -->","yoast_head_json":{"title":"Mbi 800 mij\u00eb kosovar\u00eb udh\u00ebtuan nga Aeroporti i Prishtin\u00ebs nga 1 janari","robots":{"index":"index","follow":"follow","max-snippet":"max-snippet:-1","max-image-preview":"max-image-preview:large","max-video-preview":"max-video-preview:-1"},"canonical":"https:\/\/permbledhja.com\/sq\/mbi-800-mije-kosovare-udhetuan-nga-aeroporti-i-prishtines-nga-1-janari\/","og_locale":"sq_AL","og_type":"article","og_title":"Mbi 800 mij\u00eb kosovar\u00eb udh\u00ebtuan nga Aeroporti i Prishtin\u00ebs nga 1 janari","og_description":"P\u00ebr tre muaj, 830 mij\u00eb qytetar\u00eb kan\u00eb udh\u00ebtuar nga Kosova p\u00ebr n\u00eb shtete evropiane, pas liberalizimit t\u00eb vizave. Krahasuar me periudh\u00ebn e nj\u00ebjt\u00eb t\u00eb vitit t\u00eb kaluar ku p\u00ebrmes aeroportit t\u00eb Prishtin\u00ebs \u201cAdem Jashari\u201d kan\u00eb udh\u00ebtuar 650 mij\u00eb qytetar\u00eb, sivjet numri i udh\u00ebtimeve \u00ebsht\u00eb rritur duksh\u00ebm. K\u00ebshtu ka njoftuar z\u00ebdh\u00ebn\u00ebsja e Aeroportit t\u00eb Prishtin\u00ebs Valentina [&hellip;]","og_url":"https:\/\/permbledhja.com\/sq\/mbi-800-mije-kosovare-udhetuan-nga-aeroporti-i-prishtines-nga-1-janari\/","og_site_name":"Ve\u00e7 artikuj p\u00ebrmbledh\u00ebs","article_publisher":"https:\/\/www.facebook.com\/press07\/","article_published_time":"2024-04-16T19:13:01+00:00","og_image":[{"width":640,"height":480,"url":"https:\/\/permbledhja.com\/wp-content\/uploads\/2024\/04\/aeroporti-i-prishtines.jpg","type":"image\/jpeg"}],"author":"M M","twitter_card":"summary_large_image","twitter_misc":{"Written by":"M M","Est. reading time":"1 minut\u00eb"},"schema":{"@context":"https:\/\/schema.org","@graph":[{"@type":"Article","@id":"https:\/\/permbledhja.com\/sq\/mbi-800-mije-kosovare-udhetuan-nga-aeroporti-i-prishtines-nga-1-janari\/#article","isPartOf":{"@id":"https:\/\/permbledhja.com\/sq\/mbi-800-mije-kosovare-udhetuan-nga-aeroporti-i-prishtines-nga-1-janari\/"},"author":{"name":"M M","@id":"https:\/\/permbledhja.com\/#\/schema\/person\/d23f13f59b5722643933d6780783acf3"},"headline":"Mbi 800 mij\u00eb kosovar\u00eb udh\u00ebtuan nga Aeroporti i Prishtin\u00ebs nga 1 janari","datePublished":"2024-04-16T19:13:01+00:00","dateModified":"2024-04-16T19:13:01+00:00","mainEntityOfPage":{"@id":"https:\/\/permbledhja.com\/sq\/mbi-800-mije-kosovare-udhetuan-nga-aeroporti-i-prishtines-nga-1-janari\/"},"wordCount":140,"publisher":{"@id":"https:\/\/permbledhja.com\/#organization"},"keywords":["Aeroporti i Prishtin\u00ebs"],"articleSection":["Lajme"],"inLanguage":"sq"},{"@type":"WebPage","@id":"https:\/\/permbledhja.com\/sq\/mbi-800-mije-kosovare-udhetuan-nga-aeroporti-i-prishtines-nga-1-janari\/","url":"https:\/\/permbledhja.com\/sq\/mbi-800-mije-kosovare-udhetuan-nga-aeroporti-i-prishtines-nga-1-janari\/","name":"Mbi 800 mij\u00eb kosovar\u00eb udh\u00ebtuan nga Aeroporti i Prishtin\u00ebs nga 1 janari","isPartOf":{"@id":"https:\/\/permbledhja.com\/#website"},"datePublished":"2024-04-16T19:13:01+00:00","dateModified":"2024-04-16T19:13:01+00:00","breadcrumb":{"@id":"https:\/\/permbledhja.com\/sq\/mbi-800-mije-kosovare-udhetuan-nga-aeroporti-i-prishtines-nga-1-janari\/#breadcrumb"},"inLanguage":"sq","potentialAction":[{"@type":"ReadAction","target":["https:\/\/permbledhja.com\/sq\/mbi-800-mije-kosovare-udhetuan-nga-aeroporti-i-prishtines-nga-1-janari\/"]}]},{"@type":"BreadcrumbList","@id":"https:\/\/permbledhja.com\/sq\/mbi-800-mije-kosovare-udhetuan-nga-aeroporti-i-prishtines-nga-1-janari\/#breadcrumb","itemListElement":[{"@type":"ListItem","position":1,"name":"Ballina","item":"https:\/\/permbledhja.com\/sq\/"},{"@type":"ListItem","position":2,"name":"Mbi 800 mij\u00eb kosovar\u00eb udh\u00ebtuan nga Aeroporti i Prishtin\u00ebs nga 1 janari"}]},{"@type":"WebSite","@id":"https:\/\/permbledhja.com\/#website","url":"https:\/\/permbledhja.com\/","name":"Ve\u00e7 artikuj p\u00ebrmbledh\u00ebs","description":"","publisher":{"@id":"https:\/\/permbledhja.com\/#organization"},"potentialAction":[{"@type":"SearchAction","target":{"@type":"EntryPoint","urlTemplate":"https:\/\/permbledhja.com\/?s={search_term_string}"},"query-input":"required name=search_term_string"}],"inLanguage":"sq"},{"@type":"Organization","@id":"https:\/\/permbledhja.com\/#organization","name":"MK Media & Pr","url":"https:\/\/permbledhja.com\/","logo":{"@type":"ImageObject","inLanguage":"sq","@id":"https:\/\/permbledhja.com\/#\/schema\/logo\/image\/","url":"https:\/\/permbledhja.com\/wp-content\/uploads\/2021\/12\/07-Press-Logo.jpg","contentUrl":"https:\/\/permbledhja.com\/wp-content\/uploads\/2021\/12\/07-Press-Logo.jpg","width":512,"height":512,"caption":"MK Media & Pr"},"image":{"@id":"https:\/\/permbledhja.com\/#\/schema\/logo\/image\/"},"sameAs":["https:\/\/www.facebook.com\/press07\/"]},{"@type":"Person","@id":"https:\/\/permbledhja.com\/#\/schema\/person\/d23f13f59b5722643933d6780783acf3","name":"M M","image":{"@type":"ImageObject","inLanguage":"sq","@id":"https:\/\/permbledhja.com\/#\/schema\/person\/image\/","url":"https:\/\/secure.gravatar.com\/avatar\/e2835a76ca7c31a2416b2d51c4ec9a8f?s=96&d=mm&r=g","contentUrl":"https:\/\/secure.gravatar.com\/avatar\/e2835a76ca7c31a2416b2d51c4ec9a8f?s=96&d=mm&r=g","caption":"M M"},"sameAs":["http:\/\/MM"],"url":"https:\/\/permbledhja.com\/sq\/author\/muhamet\/"}]}},"_links":{"self":[{"href":"https:\/\/permbledhja.com\/sq\/wp-json\/wp\/v2\/posts\/56809"}],"collection":[{"href":"https:\/\/permbledhja.com\/sq\/wp-json\/wp\/v2\/posts"}],"about":[{"href":"https:\/\/permbledhja.com\/sq\/wp-json\/wp\/v2\/types\/post"}],"author":[{"embeddable":true,"href":"https:\/\/permbledhja.com\/sq\/wp-json\/wp\/v2\/users\/2"}],"replies":[{"embeddable":true,"href":"https:\/\/permbledhja.com\/sq\/wp-json\/wp\/v2\/comments?post=56809"}],"version-history":[{"count":1,"href":"https:\/\/permbledhja.com\/sq\/wp-json\/wp\/v2\/posts\/56809\/revisions"}],"predecessor-version":[{"id":56811,"href":"https:\/\/permbledhja.com\/sq\/wp-json\/wp\/v2\/posts\/56809\/revisions\/56811"}],"wp:featuredmedia":[{"embeddable":true,"href":"https:\/\/permbledhja.com\/sq\/wp-json\/wp\/v2\/media\/56810"}],"wp:attachment":[{"href":"https:\/\/permbledhja.com\/sq\/wp-json\/wp\/v2\/media?parent=56809"}],"wp:term":[{"taxonomy":"category","embeddable":true,"href":"https:\/\/permbledhja.com\/sq\/wp-json\/wp\/v2\/categories?post=56809"},{"taxonomy":"post_tag","embeddable":true,"href":"https:\/\/permbledhja.com\/sq\/wp-json\/wp\/v2\/tags?post=56809"}],"curies":[{"name":"wp","href":"https:\/\/api.w.org\/{rel}","templated":true}]}}