{"id":56589,"date":"2024-04-16T06:14:10","date_gmt":"2024-04-16T06:14:10","guid":{"rendered":"https:\/\/permbledhja.com\/?p=56589"},"modified":"2024-04-16T06:14:10","modified_gmt":"2024-04-16T06:14:10","slug":"sot-votimi-historik-per-anetaresim-te-kosoves-ne-keshillin-e-evropes","status":"publish","type":"post","link":"https:\/\/permbledhja.com\/sq\/sot-votimi-historik-per-anetaresim-te-kosoves-ne-keshillin-e-evropes\/","title":{"rendered":"Sot votimi historik p\u00ebr an\u00ebtar\u00ebsim t\u00eb Kosov\u00ebs n\u00eb K\u00ebshillin e Evrop\u00ebs"},"content":{"rendered":"<h3><strong>Kosova mund t\u00eb b\u00ebj\u00eb nj\u00eb hap m\u00eb pran\u00eb an\u00ebtar\u00ebsimit n\u00eb K\u00ebshillin e Evrop\u00ebs sot, kur Asambleja e tij Parlamentare ta shqyrtoj\u00eb nj\u00eb raport q\u00eb rekomandon an\u00ebtar\u00ebsimin e saj.<\/strong><\/h3>\n<p>N\u00eb Strasburg do t\u00eb mbahet votimi dhe n\u00ebse dy t\u00eb tretat e parlamentar\u00ebve komb\u00ebtar\u00eb, q\u00eb p\u00ebrfaq\u00ebsojn\u00eb 46 shtetet an\u00ebtare t\u00eb organizat\u00ebs, japin drit\u00ebn e gjelb\u00ebr, \u00e7\u00ebshtja do t\u00eb kaloj\u00eb para ministrave t\u00eb Jasht\u00ebm t\u00eb K\u00ebshillit t\u00eb Evrop\u00ebs, sakt\u00ebsisht nj\u00eb muaj m\u00eb von\u00eb, dhe ata do ta marrin vendimin p\u00ebrfundimtar.<\/p>\n<p>An\u00ebtar\u00ebsimi n\u00eb K\u00ebshillin e Evrop\u00ebs \u2013 nj\u00eb synim i Kosov\u00ebs q\u00eb nga shpallja e pavar\u00ebsis\u00eb nga Serbia n\u00eb vitin 2008 \u2013 do t\u00eb n\u00ebnkuptonte, mes tjerash, p\u00ebrfaq\u00ebsimin e parlamentar\u00ebve t\u00eb saj n\u00eb Asamblen\u00eb Parlamentare t\u00eb organizat\u00ebs.<\/p>\n<p>Kosovar\u00ebt, po ashtu, do t\u00eb mund t\u2019i paraqisnin rastet e tyre n\u00eb Gjykat\u00ebn Evropiane p\u00ebr t\u00eb Drejtat e Njeriut.<\/p>\n<p>Vendi do t\u2019i bashkohej edhe Unionit t\u00eb Transmetuesve Evropian\u00eb, duke i hapur rrug\u00eb pjes\u00ebmarrjes s\u00eb tij n\u00eb gar\u00ebn vjetore t\u00eb k\u00ebng\u00ebs, Eurovizion.<\/p>\n","protected":false},"excerpt":{"rendered":"<p>Kosova mund t\u00eb b\u00ebj\u00eb nj\u00eb hap m\u00eb pran\u00eb an\u00ebtar\u00ebsimit n\u00eb K\u00ebshillin e Evrop\u00ebs sot, kur Asambleja e tij Parlamentare ta shqyrtoj\u00eb nj\u00eb raport q\u00eb rekomandon an\u00ebtar\u00ebsimin e saj. N\u00eb Strasburg do t\u00eb mbahet votimi dhe n\u00ebse dy t\u00eb tretat e parlamentar\u00ebve komb\u00ebtar\u00eb, q\u00eb p\u00ebrfaq\u00ebsojn\u00eb 46 shtetet an\u00ebtare t\u00eb organizat\u00ebs, japin drit\u00ebn e gjelb\u00ebr, \u00e7\u00ebshtja do [&hellip;]<\/p>\n","protected":false},"author":5,"featured_media":56590,"comment_status":"closed","ping_status":"closed","sticky":false,"template":"","format":"standard","meta":{"_monsterinsights_skip_tracking":false,"_monsterinsights_sitenote_active":false,"_monsterinsights_sitenote_note":"","_monsterinsights_sitenote_category":0,"_uf_show_specific_survey":0,"_uf_disable_surveys":false,"footnotes":""},"categories":[1146],"tags":[],"yoast_head":"<!-- This site is optimized with the Yoast SEO plugin v21.5 - https:\/\/yoast.com\/wordpress\/plugins\/seo\/ -->\n<title>Sot votimi historik p\u00ebr an\u00ebtar\u00ebsim t\u00eb Kosov\u00ebs n\u00eb K\u00ebshillin e Evrop\u00ebs<\/title>\n<meta name=\"robots\" content=\"index, follow, max-snippet:-1, max-image-preview:large, max-video-preview:-1\" \/>\n<link rel=\"canonical\" href=\"https:\/\/permbledhja.com\/sq\/sot-votimi-historik-per-anetaresim-te-kosoves-ne-keshillin-e-evropes\/\" \/>\n<meta property=\"og:locale\" content=\"sq_AL\" \/>\n<meta property=\"og:type\" content=\"article\" \/>\n<meta property=\"og:title\" content=\"Sot votimi historik p\u00ebr an\u00ebtar\u00ebsim t\u00eb Kosov\u00ebs n\u00eb K\u00ebshillin e Evrop\u00ebs\" \/>\n<meta property=\"og:description\" content=\"Kosova mund t\u00eb b\u00ebj\u00eb nj\u00eb hap m\u00eb pran\u00eb an\u00ebtar\u00ebsimit n\u00eb K\u00ebshillin e Evrop\u00ebs sot, kur Asambleja e tij Parlamentare ta shqyrtoj\u00eb nj\u00eb raport q\u00eb rekomandon an\u00ebtar\u00ebsimin e saj. N\u00eb Strasburg do t\u00eb mbahet votimi dhe n\u00ebse dy t\u00eb tretat e parlamentar\u00ebve komb\u00ebtar\u00eb, q\u00eb p\u00ebrfaq\u00ebsojn\u00eb 46 shtetet an\u00ebtare t\u00eb organizat\u00ebs, japin drit\u00ebn e gjelb\u00ebr, \u00e7\u00ebshtja do [&hellip;]\" \/>\n<meta property=\"og:url\" content=\"https:\/\/permbledhja.com\/sq\/sot-votimi-historik-per-anetaresim-te-kosoves-ne-keshillin-e-evropes\/\" \/>\n<meta property=\"og:site_name\" content=\"Ve\u00e7 artikuj p\u00ebrmbledh\u00ebs\" \/>\n<meta property=\"article:publisher\" content=\"https:\/\/www.facebook.com\/press07\/\" \/>\n<meta property=\"article:published_time\" content=\"2024-04-16T06:14:10+00:00\" \/>\n<meta property=\"og:image\" content=\"https:\/\/permbledhja.com\/wp-content\/uploads\/2024\/04\/ks.jpg\" \/>\n\t<meta property=\"og:image:width\" content=\"886\" \/>\n\t<meta property=\"og:image:height\" content=\"525\" \/>\n\t<meta property=\"og:image:type\" content=\"image\/jpeg\" \/>\n<meta name=\"author\" content=\"DL\" \/>\n<meta name=\"twitter:card\" content=\"summary_large_image\" \/>\n<meta name=\"twitter:label1\" content=\"Written by\" \/>\n\t<meta name=\"twitter:data1\" content=\"DL\" \/>\n\t<meta name=\"twitter:label2\" content=\"Est. reading time\" \/>\n\t<meta name=\"twitter:data2\" content=\"1 minut\u00eb\" \/>\n<script type=\"application\/ld+json\" class=\"yoast-schema-graph\">{\"@context\":\"https:\/\/schema.org\",\"@graph\":[{\"@type\":\"Article\",\"@id\":\"https:\/\/permbledhja.com\/sq\/sot-votimi-historik-per-anetaresim-te-kosoves-ne-keshillin-e-evropes\/#article\",\"isPartOf\":{\"@id\":\"https:\/\/permbledhja.com\/sq\/sot-votimi-historik-per-anetaresim-te-kosoves-ne-keshillin-e-evropes\/\"},\"author\":{\"name\":\"DL\",\"@id\":\"https:\/\/permbledhja.com\/#\/schema\/person\/9c54260cbc4c6f792cb100550491638c\"},\"headline\":\"Sot votimi historik p\u00ebr an\u00ebtar\u00ebsim t\u00eb Kosov\u00ebs n\u00eb K\u00ebshillin e Evrop\u00ebs\",\"datePublished\":\"2024-04-16T06:14:10+00:00\",\"dateModified\":\"2024-04-16T06:14:10+00:00\",\"mainEntityOfPage\":{\"@id\":\"https:\/\/permbledhja.com\/sq\/sot-votimi-historik-per-anetaresim-te-kosoves-ne-keshillin-e-evropes\/\"},\"wordCount\":208,\"publisher\":{\"@id\":\"https:\/\/permbledhja.com\/#organization\"},\"articleSection\":[\"Kryesoret\"],\"inLanguage\":\"sq\"},{\"@type\":\"WebPage\",\"@id\":\"https:\/\/permbledhja.com\/sq\/sot-votimi-historik-per-anetaresim-te-kosoves-ne-keshillin-e-evropes\/\",\"url\":\"https:\/\/permbledhja.com\/sq\/sot-votimi-historik-per-anetaresim-te-kosoves-ne-keshillin-e-evropes\/\",\"name\":\"Sot votimi historik p\u00ebr an\u00ebtar\u00ebsim t\u00eb Kosov\u00ebs n\u00eb K\u00ebshillin e Evrop\u00ebs\",\"isPartOf\":{\"@id\":\"https:\/\/permbledhja.com\/#website\"},\"datePublished\":\"2024-04-16T06:14:10+00:00\",\"dateModified\":\"2024-04-16T06:14:10+00:00\",\"breadcrumb\":{\"@id\":\"https:\/\/permbledhja.com\/sq\/sot-votimi-historik-per-anetaresim-te-kosoves-ne-keshillin-e-evropes\/#breadcrumb\"},\"inLanguage\":\"sq\",\"potentialAction\":[{\"@type\":\"ReadAction\",\"target\":[\"https:\/\/permbledhja.com\/sq\/sot-votimi-historik-per-anetaresim-te-kosoves-ne-keshillin-e-evropes\/\"]}]},{\"@type\":\"BreadcrumbList\",\"@id\":\"https:\/\/permbledhja.com\/sq\/sot-votimi-historik-per-anetaresim-te-kosoves-ne-keshillin-e-evropes\/#breadcrumb\",\"itemListElement\":[{\"@type\":\"ListItem\",\"position\":1,\"name\":\"Ballina\",\"item\":\"https:\/\/permbledhja.com\/sq\/\"},{\"@type\":\"ListItem\",\"position\":2,\"name\":\"Sot votimi historik p\u00ebr an\u00ebtar\u00ebsim t\u00eb Kosov\u00ebs n\u00eb K\u00ebshillin e Evrop\u00ebs\"}]},{\"@type\":\"WebSite\",\"@id\":\"https:\/\/permbledhja.com\/#website\",\"url\":\"https:\/\/permbledhja.com\/\",\"name\":\"Ve\u00e7 artikuj p\u00ebrmbledh\u00ebs\",\"description\":\"\",\"publisher\":{\"@id\":\"https:\/\/permbledhja.com\/#organization\"},\"potentialAction\":[{\"@type\":\"SearchAction\",\"target\":{\"@type\":\"EntryPoint\",\"urlTemplate\":\"https:\/\/permbledhja.com\/?s={search_term_string}\"},\"query-input\":\"required name=search_term_string\"}],\"inLanguage\":\"sq\"},{\"@type\":\"Organization\",\"@id\":\"https:\/\/permbledhja.com\/#organization\",\"name\":\"MK Media & Pr\",\"url\":\"https:\/\/permbledhja.com\/\",\"logo\":{\"@type\":\"ImageObject\",\"inLanguage\":\"sq\",\"@id\":\"https:\/\/permbledhja.com\/#\/schema\/logo\/image\/\",\"url\":\"https:\/\/permbledhja.com\/wp-content\/uploads\/2021\/12\/07-Press-Logo.jpg\",\"contentUrl\":\"https:\/\/permbledhja.com\/wp-content\/uploads\/2021\/12\/07-Press-Logo.jpg\",\"width\":512,\"height\":512,\"caption\":\"MK Media & Pr\"},\"image\":{\"@id\":\"https:\/\/permbledhja.com\/#\/schema\/logo\/image\/\"},\"sameAs\":[\"https:\/\/www.facebook.com\/press07\/\"]},{\"@type\":\"Person\",\"@id\":\"https:\/\/permbledhja.com\/#\/schema\/person\/9c54260cbc4c6f792cb100550491638c\",\"name\":\"DL\",\"image\":{\"@type\":\"ImageObject\",\"inLanguage\":\"sq\",\"@id\":\"https:\/\/permbledhja.com\/#\/schema\/person\/image\/\",\"url\":\"https:\/\/secure.gravatar.com\/avatar\/94503eb28d4c4b2005a5c8753e35fc80?s=96&d=mm&r=g\",\"contentUrl\":\"https:\/\/secure.gravatar.com\/avatar\/94503eb28d4c4b2005a5c8753e35fc80?s=96&d=mm&r=g\",\"caption\":\"DL\"},\"url\":\"https:\/\/permbledhja.com\/sq\/author\/dl\/\"}]}<\/script>\n<!-- \/ Yoast SEO plugin. -->","yoast_head_json":{"title":"Sot votimi historik p\u00ebr an\u00ebtar\u00ebsim t\u00eb Kosov\u00ebs n\u00eb K\u00ebshillin e Evrop\u00ebs","robots":{"index":"index","follow":"follow","max-snippet":"max-snippet:-1","max-image-preview":"max-image-preview:large","max-video-preview":"max-video-preview:-1"},"canonical":"https:\/\/permbledhja.com\/sq\/sot-votimi-historik-per-anetaresim-te-kosoves-ne-keshillin-e-evropes\/","og_locale":"sq_AL","og_type":"article","og_title":"Sot votimi historik p\u00ebr an\u00ebtar\u00ebsim t\u00eb Kosov\u00ebs n\u00eb K\u00ebshillin e Evrop\u00ebs","og_description":"Kosova mund t\u00eb b\u00ebj\u00eb nj\u00eb hap m\u00eb pran\u00eb an\u00ebtar\u00ebsimit n\u00eb K\u00ebshillin e Evrop\u00ebs sot, kur Asambleja e tij Parlamentare ta shqyrtoj\u00eb nj\u00eb raport q\u00eb rekomandon an\u00ebtar\u00ebsimin e saj. N\u00eb Strasburg do t\u00eb mbahet votimi dhe n\u00ebse dy t\u00eb tretat e parlamentar\u00ebve komb\u00ebtar\u00eb, q\u00eb p\u00ebrfaq\u00ebsojn\u00eb 46 shtetet an\u00ebtare t\u00eb organizat\u00ebs, japin drit\u00ebn e gjelb\u00ebr, \u00e7\u00ebshtja do [&hellip;]","og_url":"https:\/\/permbledhja.com\/sq\/sot-votimi-historik-per-anetaresim-te-kosoves-ne-keshillin-e-evropes\/","og_site_name":"Ve\u00e7 artikuj p\u00ebrmbledh\u00ebs","article_publisher":"https:\/\/www.facebook.com\/press07\/","article_published_time":"2024-04-16T06:14:10+00:00","og_image":[{"width":886,"height":525,"url":"https:\/\/permbledhja.com\/wp-content\/uploads\/2024\/04\/ks.jpg","type":"image\/jpeg"}],"author":"DL","twitter_card":"summary_large_image","twitter_misc":{"Written by":"DL","Est. reading time":"1 minut\u00eb"},"schema":{"@context":"https:\/\/schema.org","@graph":[{"@type":"Article","@id":"https:\/\/permbledhja.com\/sq\/sot-votimi-historik-per-anetaresim-te-kosoves-ne-keshillin-e-evropes\/#article","isPartOf":{"@id":"https:\/\/permbledhja.com\/sq\/sot-votimi-historik-per-anetaresim-te-kosoves-ne-keshillin-e-evropes\/"},"author":{"name":"DL","@id":"https:\/\/permbledhja.com\/#\/schema\/person\/9c54260cbc4c6f792cb100550491638c"},"headline":"Sot votimi historik p\u00ebr an\u00ebtar\u00ebsim t\u00eb Kosov\u00ebs n\u00eb K\u00ebshillin e Evrop\u00ebs","datePublished":"2024-04-16T06:14:10+00:00","dateModified":"2024-04-16T06:14:10+00:00","mainEntityOfPage":{"@id":"https:\/\/permbledhja.com\/sq\/sot-votimi-historik-per-anetaresim-te-kosoves-ne-keshillin-e-evropes\/"},"wordCount":208,"publisher":{"@id":"https:\/\/permbledhja.com\/#organization"},"articleSection":["Kryesoret"],"inLanguage":"sq"},{"@type":"WebPage","@id":"https:\/\/permbledhja.com\/sq\/sot-votimi-historik-per-anetaresim-te-kosoves-ne-keshillin-e-evropes\/","url":"https:\/\/permbledhja.com\/sq\/sot-votimi-historik-per-anetaresim-te-kosoves-ne-keshillin-e-evropes\/","name":"Sot votimi historik p\u00ebr an\u00ebtar\u00ebsim t\u00eb Kosov\u00ebs n\u00eb K\u00ebshillin e Evrop\u00ebs","isPartOf":{"@id":"https:\/\/permbledhja.com\/#website"},"datePublished":"2024-04-16T06:14:10+00:00","dateModified":"2024-04-16T06:14:10+00:00","breadcrumb":{"@id":"https:\/\/permbledhja.com\/sq\/sot-votimi-historik-per-anetaresim-te-kosoves-ne-keshillin-e-evropes\/#breadcrumb"},"inLanguage":"sq","potentialAction":[{"@type":"ReadAction","target":["https:\/\/permbledhja.com\/sq\/sot-votimi-historik-per-anetaresim-te-kosoves-ne-keshillin-e-evropes\/"]}]},{"@type":"BreadcrumbList","@id":"https:\/\/permbledhja.com\/sq\/sot-votimi-historik-per-anetaresim-te-kosoves-ne-keshillin-e-evropes\/#breadcrumb","itemListElement":[{"@type":"ListItem","position":1,"name":"Ballina","item":"https:\/\/permbledhja.com\/sq\/"},{"@type":"ListItem","position":2,"name":"Sot votimi historik p\u00ebr an\u00ebtar\u00ebsim t\u00eb Kosov\u00ebs n\u00eb K\u00ebshillin e Evrop\u00ebs"}]},{"@type":"WebSite","@id":"https:\/\/permbledhja.com\/#website","url":"https:\/\/permbledhja.com\/","name":"Ve\u00e7 artikuj p\u00ebrmbledh\u00ebs","description":"","publisher":{"@id":"https:\/\/permbledhja.com\/#organization"},"potentialAction":[{"@type":"SearchAction","target":{"@type":"EntryPoint","urlTemplate":"https:\/\/permbledhja.com\/?s={search_term_string}"},"query-input":"required name=search_term_string"}],"inLanguage":"sq"},{"@type":"Organization","@id":"https:\/\/permbledhja.com\/#organization","name":"MK Media & Pr","url":"https:\/\/permbledhja.com\/","logo":{"@type":"ImageObject","inLanguage":"sq","@id":"https:\/\/permbledhja.com\/#\/schema\/logo\/image\/","url":"https:\/\/permbledhja.com\/wp-content\/uploads\/2021\/12\/07-Press-Logo.jpg","contentUrl":"https:\/\/permbledhja.com\/wp-content\/uploads\/2021\/12\/07-Press-Logo.jpg","width":512,"height":512,"caption":"MK Media & Pr"},"image":{"@id":"https:\/\/permbledhja.com\/#\/schema\/logo\/image\/"},"sameAs":["https:\/\/www.facebook.com\/press07\/"]},{"@type":"Person","@id":"https:\/\/permbledhja.com\/#\/schema\/person\/9c54260cbc4c6f792cb100550491638c","name":"DL","image":{"@type":"ImageObject","inLanguage":"sq","@id":"https:\/\/permbledhja.com\/#\/schema\/person\/image\/","url":"https:\/\/secure.gravatar.com\/avatar\/94503eb28d4c4b2005a5c8753e35fc80?s=96&d=mm&r=g","contentUrl":"https:\/\/secure.gravatar.com\/avatar\/94503eb28d4c4b2005a5c8753e35fc80?s=96&d=mm&r=g","caption":"DL"},"url":"https:\/\/permbledhja.com\/sq\/author\/dl\/"}]}},"_links":{"self":[{"href":"https:\/\/permbledhja.com\/sq\/wp-json\/wp\/v2\/posts\/56589"}],"collection":[{"href":"https:\/\/permbledhja.com\/sq\/wp-json\/wp\/v2\/posts"}],"about":[{"href":"https:\/\/permbledhja.com\/sq\/wp-json\/wp\/v2\/types\/post"}],"author":[{"embeddable":true,"href":"https:\/\/permbledhja.com\/sq\/wp-json\/wp\/v2\/users\/5"}],"replies":[{"embeddable":true,"href":"https:\/\/permbledhja.com\/sq\/wp-json\/wp\/v2\/comments?post=56589"}],"version-history":[{"count":1,"href":"https:\/\/permbledhja.com\/sq\/wp-json\/wp\/v2\/posts\/56589\/revisions"}],"predecessor-version":[{"id":56591,"href":"https:\/\/permbledhja.com\/sq\/wp-json\/wp\/v2\/posts\/56589\/revisions\/56591"}],"wp:featuredmedia":[{"embeddable":true,"href":"https:\/\/permbledhja.com\/sq\/wp-json\/wp\/v2\/media\/56590"}],"wp:attachment":[{"href":"https:\/\/permbledhja.com\/sq\/wp-json\/wp\/v2\/media?parent=56589"}],"wp:term":[{"taxonomy":"category","embeddable":true,"href":"https:\/\/permbledhja.com\/sq\/wp-json\/wp\/v2\/categories?post=56589"},{"taxonomy":"post_tag","embeddable":true,"href":"https:\/\/permbledhja.com\/sq\/wp-json\/wp\/v2\/tags?post=56589"}],"curies":[{"name":"wp","href":"https:\/\/api.w.org\/{rel}","templated":true}]}}