{"id":56559,"date":"2024-04-15T20:26:26","date_gmt":"2024-04-15T20:26:26","guid":{"rendered":"https:\/\/permbledhja.com\/?p=56559"},"modified":"2024-04-15T20:26:26","modified_gmt":"2024-04-15T20:26:26","slug":"kajtazi-serbia-sot-eshte-me-afer-nato-s-sesa-kosova-kete-po-e-thone-edhe-amerikanet","status":"publish","type":"post","link":"https:\/\/permbledhja.com\/sq\/kajtazi-serbia-sot-eshte-me-afer-nato-s-sesa-kosova-kete-po-e-thone-edhe-amerikanet\/","title":{"rendered":"Kajtazi: Serbia sot \u00ebsht\u00eb m\u00eb af\u00ebr NATO-s sesa Kosova, k\u00ebt\u00eb po e thon\u00eb edhe amerikan\u00ebt"},"content":{"rendered":"<h3>Analisti politik, Vehbi Kajtazi n\u00eb Rubikon te Klan Kosov\u00ebs, ka folur lidhur me ndikimin e konflikteve nd\u00ebrkomb\u00ebtare n\u00eb Kosov\u00eb.<\/h3>\n<p>Kajtazi potencoi se largimi i Kosov\u00ebs me NATO-n e sjell Kosov\u00ebn n\u00eb nj\u00eb situat\u00eb rreziku, n\u00eb kuptimin jo t\u00eb luft\u00ebs por t\u00eb konflikteve t\u00eb brendshme.<\/p>\n<p>\u201cFatmir\u00ebsisht ne ndajm\u00eb sovranitet me NATO-n dhe NATO ka p\u00ebrgjegj\u00ebsi p\u00ebr siguri dhe mbrojtje t\u00eb Kosov\u00ebs. Fati i keq \u00ebsht\u00eb se Kosova \u00ebsht\u00eb largu me NATO-n. Ne do t\u00eb duhej t\u00eb kishim investim m\u00eb shum\u00eb se gjith\u00e7ka tjet\u00ebr p\u00ebr an\u00ebtar\u00ebsimin e Kosov\u00ebs n\u00eb NATO. Serbia \u00ebsht\u00eb m\u00eb e avancume n\u00eb raport me NATO-n sesa n\u00eb. K\u00ebt\u00eb po e thon\u00eb edhe amerikan\u00ebt\u201d, tha Kajtazi.<\/p>\n<p>Kajtazi poashtu ka komentuar sulmin e Iranit ndaj Izraelit.<\/p>\n<p>Sipas tij, bota \u00ebsht\u00eb m\u00eb e shqet\u00ebsuar p\u00ebr kund\u00ebrsulmet q\u00eb mund t\u2019i b\u00ebj Izraeli sesa p\u00ebr sulmet e Iranit.<\/p>\n<p>\u201cIzraeli hakmarrjen e ka t\u00eb fuqishme. Gjithmon\u00eb \u00ebsht\u00eb hakmarr\u00eb. Irani si shtet e konsideroj si Rusin\u00eb n\u00eb Evrop\u00eb, Irani n\u00eb Lindje\u201d, tha Kajtazi.<\/p>\n","protected":false},"excerpt":{"rendered":"<p>Analisti politik, Vehbi Kajtazi n\u00eb Rubikon te Klan Kosov\u00ebs, ka folur lidhur me ndikimin e konflikteve nd\u00ebrkomb\u00ebtare n\u00eb Kosov\u00eb. Kajtazi potencoi se largimi i Kosov\u00ebs me NATO-n e sjell Kosov\u00ebn n\u00eb nj\u00eb situat\u00eb rreziku, n\u00eb kuptimin jo t\u00eb luft\u00ebs por t\u00eb konflikteve t\u00eb brendshme. \u201cFatmir\u00ebsisht ne ndajm\u00eb sovranitet me NATO-n dhe NATO ka p\u00ebrgjegj\u00ebsi p\u00ebr [&hellip;]<\/p>\n","protected":false},"author":2,"featured_media":56561,"comment_status":"closed","ping_status":"closed","sticky":false,"template":"","format":"standard","meta":{"_monsterinsights_skip_tracking":false,"_monsterinsights_sitenote_active":false,"_monsterinsights_sitenote_note":"","_monsterinsights_sitenote_category":0,"_uf_show_specific_survey":0,"_uf_disable_surveys":false,"footnotes":""},"categories":[15],"tags":[1338],"yoast_head":"<!-- This site is optimized with the Yoast SEO plugin v21.5 - https:\/\/yoast.com\/wordpress\/plugins\/seo\/ -->\n<title>Kajtazi: Serbia sot \u00ebsht\u00eb m\u00eb af\u00ebr NATO-s sesa Kosova, k\u00ebt\u00eb po e thon\u00eb edhe amerikan\u00ebt<\/title>\n<meta name=\"robots\" content=\"index, follow, max-snippet:-1, max-image-preview:large, max-video-preview:-1\" \/>\n<link rel=\"canonical\" href=\"https:\/\/permbledhja.com\/sq\/kajtazi-serbia-sot-eshte-me-afer-nato-s-sesa-kosova-kete-po-e-thone-edhe-amerikanet\/\" \/>\n<meta property=\"og:locale\" content=\"sq_AL\" \/>\n<meta property=\"og:type\" content=\"article\" \/>\n<meta property=\"og:title\" content=\"Kajtazi: Serbia sot \u00ebsht\u00eb m\u00eb af\u00ebr NATO-s sesa Kosova, k\u00ebt\u00eb po e thon\u00eb edhe amerikan\u00ebt\" \/>\n<meta property=\"og:description\" content=\"Analisti politik, Vehbi Kajtazi n\u00eb Rubikon te Klan Kosov\u00ebs, ka folur lidhur me ndikimin e konflikteve nd\u00ebrkomb\u00ebtare n\u00eb Kosov\u00eb. Kajtazi potencoi se largimi i Kosov\u00ebs me NATO-n e sjell Kosov\u00ebn n\u00eb nj\u00eb situat\u00eb rreziku, n\u00eb kuptimin jo t\u00eb luft\u00ebs por t\u00eb konflikteve t\u00eb brendshme. \u201cFatmir\u00ebsisht ne ndajm\u00eb sovranitet me NATO-n dhe NATO ka p\u00ebrgjegj\u00ebsi p\u00ebr [&hellip;]\" \/>\n<meta property=\"og:url\" content=\"https:\/\/permbledhja.com\/sq\/kajtazi-serbia-sot-eshte-me-afer-nato-s-sesa-kosova-kete-po-e-thone-edhe-amerikanet\/\" \/>\n<meta property=\"og:site_name\" content=\"Ve\u00e7 artikuj p\u00ebrmbledh\u00ebs\" \/>\n<meta property=\"article:publisher\" content=\"https:\/\/www.facebook.com\/press07\/\" \/>\n<meta property=\"article:published_time\" content=\"2024-04-15T20:26:26+00:00\" \/>\n<meta property=\"og:image\" content=\"https:\/\/permbledhja.com\/wp-content\/uploads\/2024\/04\/sddefault-1.jpg\" \/>\n\t<meta property=\"og:image:width\" content=\"630\" \/>\n\t<meta property=\"og:image:height\" content=\"351\" \/>\n\t<meta property=\"og:image:type\" content=\"image\/jpeg\" \/>\n<meta name=\"author\" content=\"M M\" \/>\n<meta name=\"twitter:card\" content=\"summary_large_image\" \/>\n<meta name=\"twitter:label1\" content=\"Written by\" \/>\n\t<meta name=\"twitter:data1\" content=\"M M\" \/>\n\t<meta name=\"twitter:label2\" content=\"Est. reading time\" \/>\n\t<meta name=\"twitter:data2\" content=\"1 minut\u00eb\" \/>\n<script type=\"application\/ld+json\" class=\"yoast-schema-graph\">{\"@context\":\"https:\/\/schema.org\",\"@graph\":[{\"@type\":\"Article\",\"@id\":\"https:\/\/permbledhja.com\/kajtazi-serbia-sot-eshte-me-afer-nato-s-sesa-kosova-kete-po-e-thone-edhe-amerikanet\/#article\",\"isPartOf\":{\"@id\":\"https:\/\/permbledhja.com\/kajtazi-serbia-sot-eshte-me-afer-nato-s-sesa-kosova-kete-po-e-thone-edhe-amerikanet\/\"},\"author\":{\"name\":\"M M\",\"@id\":\"https:\/\/permbledhja.com\/#\/schema\/person\/d23f13f59b5722643933d6780783acf3\"},\"headline\":\"Kajtazi: Serbia sot \u00ebsht\u00eb m\u00eb af\u00ebr NATO-s sesa Kosova, k\u00ebt\u00eb po e thon\u00eb edhe amerikan\u00ebt\",\"datePublished\":\"2024-04-15T20:26:26+00:00\",\"dateModified\":\"2024-04-15T20:26:26+00:00\",\"mainEntityOfPage\":{\"@id\":\"https:\/\/permbledhja.com\/kajtazi-serbia-sot-eshte-me-afer-nato-s-sesa-kosova-kete-po-e-thone-edhe-amerikanet\/\"},\"wordCount\":201,\"publisher\":{\"@id\":\"https:\/\/permbledhja.com\/#organization\"},\"keywords\":[\"Vehbi Kajtazi\"],\"articleSection\":[\"Lajme\"],\"inLanguage\":\"sq\"},{\"@type\":\"WebPage\",\"@id\":\"https:\/\/permbledhja.com\/kajtazi-serbia-sot-eshte-me-afer-nato-s-sesa-kosova-kete-po-e-thone-edhe-amerikanet\/\",\"url\":\"https:\/\/permbledhja.com\/kajtazi-serbia-sot-eshte-me-afer-nato-s-sesa-kosova-kete-po-e-thone-edhe-amerikanet\/\",\"name\":\"Kajtazi: Serbia sot \u00ebsht\u00eb m\u00eb af\u00ebr NATO-s sesa Kosova, k\u00ebt\u00eb po e thon\u00eb edhe amerikan\u00ebt\",\"isPartOf\":{\"@id\":\"https:\/\/permbledhja.com\/#website\"},\"datePublished\":\"2024-04-15T20:26:26+00:00\",\"dateModified\":\"2024-04-15T20:26:26+00:00\",\"breadcrumb\":{\"@id\":\"https:\/\/permbledhja.com\/kajtazi-serbia-sot-eshte-me-afer-nato-s-sesa-kosova-kete-po-e-thone-edhe-amerikanet\/#breadcrumb\"},\"inLanguage\":\"sq\",\"potentialAction\":[{\"@type\":\"ReadAction\",\"target\":[\"https:\/\/permbledhja.com\/kajtazi-serbia-sot-eshte-me-afer-nato-s-sesa-kosova-kete-po-e-thone-edhe-amerikanet\/\"]}]},{\"@type\":\"BreadcrumbList\",\"@id\":\"https:\/\/permbledhja.com\/kajtazi-serbia-sot-eshte-me-afer-nato-s-sesa-kosova-kete-po-e-thone-edhe-amerikanet\/#breadcrumb\",\"itemListElement\":[{\"@type\":\"ListItem\",\"position\":1,\"name\":\"Ballina\",\"item\":\"https:\/\/permbledhja.com\/sq\/\"},{\"@type\":\"ListItem\",\"position\":2,\"name\":\"Kajtazi: Serbia sot \u00ebsht\u00eb m\u00eb af\u00ebr NATO-s sesa Kosova, k\u00ebt\u00eb po e thon\u00eb edhe amerikan\u00ebt\"}]},{\"@type\":\"WebSite\",\"@id\":\"https:\/\/permbledhja.com\/#website\",\"url\":\"https:\/\/permbledhja.com\/\",\"name\":\"Ve\u00e7 artikuj p\u00ebrmbledh\u00ebs\",\"description\":\"\",\"publisher\":{\"@id\":\"https:\/\/permbledhja.com\/#organization\"},\"potentialAction\":[{\"@type\":\"SearchAction\",\"target\":{\"@type\":\"EntryPoint\",\"urlTemplate\":\"https:\/\/permbledhja.com\/?s={search_term_string}\"},\"query-input\":\"required name=search_term_string\"}],\"inLanguage\":\"sq\"},{\"@type\":\"Organization\",\"@id\":\"https:\/\/permbledhja.com\/#organization\",\"name\":\"MK Media & Pr\",\"url\":\"https:\/\/permbledhja.com\/\",\"logo\":{\"@type\":\"ImageObject\",\"inLanguage\":\"sq\",\"@id\":\"https:\/\/permbledhja.com\/#\/schema\/logo\/image\/\",\"url\":\"https:\/\/permbledhja.com\/wp-content\/uploads\/2021\/12\/07-Press-Logo.jpg\",\"contentUrl\":\"https:\/\/permbledhja.com\/wp-content\/uploads\/2021\/12\/07-Press-Logo.jpg\",\"width\":512,\"height\":512,\"caption\":\"MK Media & Pr\"},\"image\":{\"@id\":\"https:\/\/permbledhja.com\/#\/schema\/logo\/image\/\"},\"sameAs\":[\"https:\/\/www.facebook.com\/press07\/\"]},{\"@type\":\"Person\",\"@id\":\"https:\/\/permbledhja.com\/#\/schema\/person\/d23f13f59b5722643933d6780783acf3\",\"name\":\"M M\",\"image\":{\"@type\":\"ImageObject\",\"inLanguage\":\"sq\",\"@id\":\"https:\/\/permbledhja.com\/#\/schema\/person\/image\/\",\"url\":\"https:\/\/secure.gravatar.com\/avatar\/e2835a76ca7c31a2416b2d51c4ec9a8f?s=96&d=mm&r=g\",\"contentUrl\":\"https:\/\/secure.gravatar.com\/avatar\/e2835a76ca7c31a2416b2d51c4ec9a8f?s=96&d=mm&r=g\",\"caption\":\"M M\"},\"sameAs\":[\"http:\/\/MM\"],\"url\":\"https:\/\/permbledhja.com\/sq\/author\/muhamet\/\"}]}<\/script>\n<!-- \/ Yoast SEO plugin. -->","yoast_head_json":{"title":"Kajtazi: Serbia sot \u00ebsht\u00eb m\u00eb af\u00ebr NATO-s sesa Kosova, k\u00ebt\u00eb po e thon\u00eb edhe amerikan\u00ebt","robots":{"index":"index","follow":"follow","max-snippet":"max-snippet:-1","max-image-preview":"max-image-preview:large","max-video-preview":"max-video-preview:-1"},"canonical":"https:\/\/permbledhja.com\/sq\/kajtazi-serbia-sot-eshte-me-afer-nato-s-sesa-kosova-kete-po-e-thone-edhe-amerikanet\/","og_locale":"sq_AL","og_type":"article","og_title":"Kajtazi: Serbia sot \u00ebsht\u00eb m\u00eb af\u00ebr NATO-s sesa Kosova, k\u00ebt\u00eb po e thon\u00eb edhe amerikan\u00ebt","og_description":"Analisti politik, Vehbi Kajtazi n\u00eb Rubikon te Klan Kosov\u00ebs, ka folur lidhur me ndikimin e konflikteve nd\u00ebrkomb\u00ebtare n\u00eb Kosov\u00eb. Kajtazi potencoi se largimi i Kosov\u00ebs me NATO-n e sjell Kosov\u00ebn n\u00eb nj\u00eb situat\u00eb rreziku, n\u00eb kuptimin jo t\u00eb luft\u00ebs por t\u00eb konflikteve t\u00eb brendshme. \u201cFatmir\u00ebsisht ne ndajm\u00eb sovranitet me NATO-n dhe NATO ka p\u00ebrgjegj\u00ebsi p\u00ebr [&hellip;]","og_url":"https:\/\/permbledhja.com\/sq\/kajtazi-serbia-sot-eshte-me-afer-nato-s-sesa-kosova-kete-po-e-thone-edhe-amerikanet\/","og_site_name":"Ve\u00e7 artikuj p\u00ebrmbledh\u00ebs","article_publisher":"https:\/\/www.facebook.com\/press07\/","article_published_time":"2024-04-15T20:26:26+00:00","og_image":[{"width":630,"height":351,"url":"https:\/\/permbledhja.com\/wp-content\/uploads\/2024\/04\/sddefault-1.jpg","type":"image\/jpeg"}],"author":"M M","twitter_card":"summary_large_image","twitter_misc":{"Written by":"M M","Est. reading time":"1 minut\u00eb"},"schema":{"@context":"https:\/\/schema.org","@graph":[{"@type":"Article","@id":"https:\/\/permbledhja.com\/kajtazi-serbia-sot-eshte-me-afer-nato-s-sesa-kosova-kete-po-e-thone-edhe-amerikanet\/#article","isPartOf":{"@id":"https:\/\/permbledhja.com\/kajtazi-serbia-sot-eshte-me-afer-nato-s-sesa-kosova-kete-po-e-thone-edhe-amerikanet\/"},"author":{"name":"M M","@id":"https:\/\/permbledhja.com\/#\/schema\/person\/d23f13f59b5722643933d6780783acf3"},"headline":"Kajtazi: Serbia sot \u00ebsht\u00eb m\u00eb af\u00ebr NATO-s sesa Kosova, k\u00ebt\u00eb po e thon\u00eb edhe amerikan\u00ebt","datePublished":"2024-04-15T20:26:26+00:00","dateModified":"2024-04-15T20:26:26+00:00","mainEntityOfPage":{"@id":"https:\/\/permbledhja.com\/kajtazi-serbia-sot-eshte-me-afer-nato-s-sesa-kosova-kete-po-e-thone-edhe-amerikanet\/"},"wordCount":201,"publisher":{"@id":"https:\/\/permbledhja.com\/#organization"},"keywords":["Vehbi Kajtazi"],"articleSection":["Lajme"],"inLanguage":"sq"},{"@type":"WebPage","@id":"https:\/\/permbledhja.com\/kajtazi-serbia-sot-eshte-me-afer-nato-s-sesa-kosova-kete-po-e-thone-edhe-amerikanet\/","url":"https:\/\/permbledhja.com\/kajtazi-serbia-sot-eshte-me-afer-nato-s-sesa-kosova-kete-po-e-thone-edhe-amerikanet\/","name":"Kajtazi: Serbia sot \u00ebsht\u00eb m\u00eb af\u00ebr NATO-s sesa Kosova, k\u00ebt\u00eb po e thon\u00eb edhe amerikan\u00ebt","isPartOf":{"@id":"https:\/\/permbledhja.com\/#website"},"datePublished":"2024-04-15T20:26:26+00:00","dateModified":"2024-04-15T20:26:26+00:00","breadcrumb":{"@id":"https:\/\/permbledhja.com\/kajtazi-serbia-sot-eshte-me-afer-nato-s-sesa-kosova-kete-po-e-thone-edhe-amerikanet\/#breadcrumb"},"inLanguage":"sq","potentialAction":[{"@type":"ReadAction","target":["https:\/\/permbledhja.com\/kajtazi-serbia-sot-eshte-me-afer-nato-s-sesa-kosova-kete-po-e-thone-edhe-amerikanet\/"]}]},{"@type":"BreadcrumbList","@id":"https:\/\/permbledhja.com\/kajtazi-serbia-sot-eshte-me-afer-nato-s-sesa-kosova-kete-po-e-thone-edhe-amerikanet\/#breadcrumb","itemListElement":[{"@type":"ListItem","position":1,"name":"Ballina","item":"https:\/\/permbledhja.com\/sq\/"},{"@type":"ListItem","position":2,"name":"Kajtazi: Serbia sot \u00ebsht\u00eb m\u00eb af\u00ebr NATO-s sesa Kosova, k\u00ebt\u00eb po e thon\u00eb edhe amerikan\u00ebt"}]},{"@type":"WebSite","@id":"https:\/\/permbledhja.com\/#website","url":"https:\/\/permbledhja.com\/","name":"Ve\u00e7 artikuj p\u00ebrmbledh\u00ebs","description":"","publisher":{"@id":"https:\/\/permbledhja.com\/#organization"},"potentialAction":[{"@type":"SearchAction","target":{"@type":"EntryPoint","urlTemplate":"https:\/\/permbledhja.com\/?s={search_term_string}"},"query-input":"required name=search_term_string"}],"inLanguage":"sq"},{"@type":"Organization","@id":"https:\/\/permbledhja.com\/#organization","name":"MK Media & Pr","url":"https:\/\/permbledhja.com\/","logo":{"@type":"ImageObject","inLanguage":"sq","@id":"https:\/\/permbledhja.com\/#\/schema\/logo\/image\/","url":"https:\/\/permbledhja.com\/wp-content\/uploads\/2021\/12\/07-Press-Logo.jpg","contentUrl":"https:\/\/permbledhja.com\/wp-content\/uploads\/2021\/12\/07-Press-Logo.jpg","width":512,"height":512,"caption":"MK Media & Pr"},"image":{"@id":"https:\/\/permbledhja.com\/#\/schema\/logo\/image\/"},"sameAs":["https:\/\/www.facebook.com\/press07\/"]},{"@type":"Person","@id":"https:\/\/permbledhja.com\/#\/schema\/person\/d23f13f59b5722643933d6780783acf3","name":"M M","image":{"@type":"ImageObject","inLanguage":"sq","@id":"https:\/\/permbledhja.com\/#\/schema\/person\/image\/","url":"https:\/\/secure.gravatar.com\/avatar\/e2835a76ca7c31a2416b2d51c4ec9a8f?s=96&d=mm&r=g","contentUrl":"https:\/\/secure.gravatar.com\/avatar\/e2835a76ca7c31a2416b2d51c4ec9a8f?s=96&d=mm&r=g","caption":"M M"},"sameAs":["http:\/\/MM"],"url":"https:\/\/permbledhja.com\/sq\/author\/muhamet\/"}]}},"_links":{"self":[{"href":"https:\/\/permbledhja.com\/sq\/wp-json\/wp\/v2\/posts\/56559"}],"collection":[{"href":"https:\/\/permbledhja.com\/sq\/wp-json\/wp\/v2\/posts"}],"about":[{"href":"https:\/\/permbledhja.com\/sq\/wp-json\/wp\/v2\/types\/post"}],"author":[{"embeddable":true,"href":"https:\/\/permbledhja.com\/sq\/wp-json\/wp\/v2\/users\/2"}],"replies":[{"embeddable":true,"href":"https:\/\/permbledhja.com\/sq\/wp-json\/wp\/v2\/comments?post=56559"}],"version-history":[{"count":1,"href":"https:\/\/permbledhja.com\/sq\/wp-json\/wp\/v2\/posts\/56559\/revisions"}],"predecessor-version":[{"id":56562,"href":"https:\/\/permbledhja.com\/sq\/wp-json\/wp\/v2\/posts\/56559\/revisions\/56562"}],"wp:featuredmedia":[{"embeddable":true,"href":"https:\/\/permbledhja.com\/sq\/wp-json\/wp\/v2\/media\/56561"}],"wp:attachment":[{"href":"https:\/\/permbledhja.com\/sq\/wp-json\/wp\/v2\/media?parent=56559"}],"wp:term":[{"taxonomy":"category","embeddable":true,"href":"https:\/\/permbledhja.com\/sq\/wp-json\/wp\/v2\/categories?post=56559"},{"taxonomy":"post_tag","embeddable":true,"href":"https:\/\/permbledhja.com\/sq\/wp-json\/wp\/v2\/tags?post=56559"}],"curies":[{"name":"wp","href":"https:\/\/api.w.org\/{rel}","templated":true}]}}