{"id":56523,"date":"2024-04-15T17:22:53","date_gmt":"2024-04-15T17:22:53","guid":{"rendered":"https:\/\/permbledhja.com\/?p=56523"},"modified":"2024-04-15T17:22:53","modified_gmt":"2024-04-15T17:22:53","slug":"rrefimi-i-dhimbshem-i-vasfije-krasniqit-lajmin-per-dhunimin-se-pari-ia-tregova-uck-se-nena-e-vuajti-shume-rastin-e-humbem-ne-gjykate","status":"publish","type":"post","link":"https:\/\/permbledhja.com\/sq\/rrefimi-i-dhimbshem-i-vasfije-krasniqit-lajmin-per-dhunimin-se-pari-ia-tregova-uck-se-nena-e-vuajti-shume-rastin-e-humbem-ne-gjykate\/","title":{"rendered":"Rr\u00ebfimi i dhimbsh\u00ebm i Vasfije Krasniqit: Lajmin p\u00ebr dhunimin s\u00eb pari ia tregova U\u00c7K-s\u00eb, n\u00ebna e vuajti shum\u00eb \u2013 rastin e humb\u00ebm n\u00eb gjykat\u00eb"},"content":{"rendered":"<h3>E mbijetuara e dhun\u00ebs seksuale nga lufta e fundit n\u00eb Kosov\u00eb, Vasfije Krasniqi-Goodman ka rr\u00ebfyer si\u00e7 thot\u00eb ajo ngjarjen m\u00eb t\u00eb tmerrshme n\u00eb jet\u00ebn e saj.<\/h3>\n<p>Ajo edhe pas 25 vitesh tregoi se kujt i tregoi p\u00ebr her\u00eb t\u00eb par\u00eb lajmin q\u00eb ia ndryshoi jet\u00ebn.<\/p>\n<p>\u201cSot \u00ebsht\u00eb 15 prill mu m\u2019ka ndodh\u00eb me 14 prill. Un\u00eb me 15 prill kam qen\u00eb n\u00eb shtabin e U\u00c7K n\u00eb Stanovc i Ep\u00ebrm p\u00ebr her\u00eb t\u00eb par\u00eb. E kam lajm\u00ebruar rastin n\u00eb U\u00c7K menj\u00ebher\u00eb me 15 prill. Krejt shpres\u00ebn e mb\u00ebshtetjen e kam pas aty. M\u00eb kan\u00eb prit\u00eb mir\u00eb, komandanti ka qen\u00eb i an\u00ebs ton\u00eb. M\u00eb ofrojshin medikamente p\u00ebr shkak se n\u00eb m\u00ebnyr\u00eb t\u00eb vazhdueshme humbja vet\u00ebdijen. Un\u00eb e them gjithmon\u00eb se pa p\u00ebrkrahjen e familjes nuk kisha mujt me ja dal\u00eb. P\u00ebrkrahja m\u00eb e madhe duhet t\u00eb vie nga familja. Nana jem e ka p\u00ebrjetu hala ma shum\u00eb se un\u00eb k\u00ebt\u00eb ngjarje\u201d ka th\u00ebn\u00eb Krasniqi-Goodman. Ajo tregoi se si humbi rasti i saj n\u00eb Gjykat\u00eb<\/p>\n<p>\u201cT\u00eb kisha mujt me i mbajt mend ma mir\u00eb dhe ndoshta drejt\u00ebsia do t\u00eb shkonte n\u00eb vend. E kam pas frik\u00ebn q\u00eb nuk i kam shiku shenjat edhe m\u00eb shum\u00eb. Rasti jem \u00ebsht\u00eb humb p\u00ebr shkak t\u00eb fotografis\u00eb q\u00eb e kan\u00eb hek\u00eb si lloj d\u00ebshmie dhe \u00ebsht\u00eb p\u00ebr keqardhje q\u00eb nj\u00eb gjyqtare kosovare t\u00eb ma humb rastin p\u00ebr at\u00eb lloj fotografie pasi ka pas shum\u00eb d\u00ebshmitar t\u00eb tjer\u00eb\u201d ka th\u00ebn\u00eb ajo.<\/p>\n<p>Krasniqi-Goodman tregoi momentin e ballafaqimit me t\u00eb akuzuarit p\u00ebr dhunimin e saj.<\/p>\n<p>\u201cUn\u00eb kam qen\u00eb n\u00eb Dallas, e gjykata ka qen\u00eb n\u00eb Mitrovic\u00eb dhe dy dhunuesit kan\u00eb qen\u00eb aty ka qen\u00eb seanc\u00eb e hapur dhe kam pasur lidhje dhe e kam pasur shum\u00eb t\u00eb v\u00ebshtir\u00eb. \u00cbsht\u00eb dasht\u00eb \u00e7do detaj t\u00eb dhunimit me e rr\u00ebfye dhe aty ka qen\u00eb edhe v\u00ebllai im q\u00eb \u00ebsht\u00eb ardh\u00eb nga Gjermania p\u00ebr me qen\u00eb af\u00ebr meje dhe gjat\u00eb rr\u00ebfimit vet\u00ebm ka qen\u00eb dhe p\u00ebr her\u00eb t\u00eb par\u00eb ka kuptuar gjith\u00e7ka q\u00eb ka ndodh\u00eb. E rasti jem ka humb dhe personat nuk jan\u00eb d\u00ebnu\u201d ka th\u00ebn\u00eb ajo n\u00eb T7.<\/p>\n","protected":false},"excerpt":{"rendered":"<p>E mbijetuara e dhun\u00ebs seksuale nga lufta e fundit n\u00eb Kosov\u00eb, Vasfije Krasniqi-Goodman ka rr\u00ebfyer si\u00e7 thot\u00eb ajo ngjarjen m\u00eb t\u00eb tmerrshme n\u00eb jet\u00ebn e saj. Ajo edhe pas 25 vitesh tregoi se kujt i tregoi p\u00ebr her\u00eb t\u00eb par\u00eb lajmin q\u00eb ia ndryshoi jet\u00ebn. \u201cSot \u00ebsht\u00eb 15 prill mu m\u2019ka ndodh\u00eb me 14 prill. [&hellip;]<\/p>\n","protected":false},"author":2,"featured_media":56524,"comment_status":"closed","ping_status":"closed","sticky":false,"template":"","format":"standard","meta":{"_monsterinsights_skip_tracking":false,"_monsterinsights_sitenote_active":false,"_monsterinsights_sitenote_note":"","_monsterinsights_sitenote_category":0,"_uf_show_specific_survey":0,"_uf_disable_surveys":false,"footnotes":""},"categories":[2645],"tags":[3071],"yoast_head":"<!-- This site is optimized with the Yoast SEO plugin v21.5 - https:\/\/yoast.com\/wordpress\/plugins\/seo\/ -->\n<title>Rr\u00ebfimi i dhimbsh\u00ebm i Vasfije Krasniqit: Lajmin p\u00ebr dhunimin s\u00eb pari ia tregova U\u00c7K-s\u00eb, n\u00ebna e vuajti shum\u00eb \u2013 rastin e humb\u00ebm n\u00eb gjykat\u00eb<\/title>\n<meta name=\"robots\" content=\"index, follow, max-snippet:-1, max-image-preview:large, max-video-preview:-1\" \/>\n<link rel=\"canonical\" href=\"https:\/\/permbledhja.com\/sq\/rrefimi-i-dhimbshem-i-vasfije-krasniqit-lajmin-per-dhunimin-se-pari-ia-tregova-uck-se-nena-e-vuajti-shume-rastin-e-humbem-ne-gjykate\/\" \/>\n<meta property=\"og:locale\" content=\"sq_AL\" \/>\n<meta property=\"og:type\" content=\"article\" \/>\n<meta property=\"og:title\" content=\"Rr\u00ebfimi i dhimbsh\u00ebm i Vasfije Krasniqit: Lajmin p\u00ebr dhunimin s\u00eb pari ia tregova U\u00c7K-s\u00eb, n\u00ebna e vuajti shum\u00eb \u2013 rastin e humb\u00ebm n\u00eb gjykat\u00eb\" \/>\n<meta property=\"og:description\" content=\"E mbijetuara e dhun\u00ebs seksuale nga lufta e fundit n\u00eb Kosov\u00eb, Vasfije Krasniqi-Goodman ka rr\u00ebfyer si\u00e7 thot\u00eb ajo ngjarjen m\u00eb t\u00eb tmerrshme n\u00eb jet\u00ebn e saj. Ajo edhe pas 25 vitesh tregoi se kujt i tregoi p\u00ebr her\u00eb t\u00eb par\u00eb lajmin q\u00eb ia ndryshoi jet\u00ebn. \u201cSot \u00ebsht\u00eb 15 prill mu m\u2019ka ndodh\u00eb me 14 prill. [&hellip;]\" \/>\n<meta property=\"og:url\" content=\"https:\/\/permbledhja.com\/sq\/rrefimi-i-dhimbshem-i-vasfije-krasniqit-lajmin-per-dhunimin-se-pari-ia-tregova-uck-se-nena-e-vuajti-shume-rastin-e-humbem-ne-gjykate\/\" \/>\n<meta property=\"og:site_name\" content=\"Ve\u00e7 artikuj p\u00ebrmbledh\u00ebs\" \/>\n<meta property=\"article:publisher\" content=\"https:\/\/www.facebook.com\/press07\/\" \/>\n<meta property=\"article:published_time\" content=\"2024-04-15T17:22:53+00:00\" \/>\n<meta property=\"og:image\" content=\"https:\/\/permbledhja.com\/wp-content\/uploads\/2024\/04\/vasfijekrasniqi-600x360-1.webp\" \/>\n\t<meta property=\"og:image:width\" content=\"600\" \/>\n\t<meta property=\"og:image:height\" content=\"360\" \/>\n\t<meta property=\"og:image:type\" content=\"image\/webp\" \/>\n<meta name=\"author\" content=\"M M\" \/>\n<meta name=\"twitter:card\" content=\"summary_large_image\" \/>\n<meta name=\"twitter:label1\" content=\"Written by\" \/>\n\t<meta name=\"twitter:data1\" content=\"M M\" \/>\n\t<meta name=\"twitter:label2\" content=\"Est. reading time\" \/>\n\t<meta name=\"twitter:data2\" content=\"2 minuta\" \/>\n<script type=\"application\/ld+json\" class=\"yoast-schema-graph\">{\"@context\":\"https:\/\/schema.org\",\"@graph\":[{\"@type\":\"Article\",\"@id\":\"https:\/\/permbledhja.com\/rrefimi-i-dhimbshem-i-vasfije-krasniqit-lajmin-per-dhunimin-se-pari-ia-tregova-uck-se-nena-e-vuajti-shume-rastin-e-humbem-ne-gjykate\/#article\",\"isPartOf\":{\"@id\":\"https:\/\/permbledhja.com\/rrefimi-i-dhimbshem-i-vasfije-krasniqit-lajmin-per-dhunimin-se-pari-ia-tregova-uck-se-nena-e-vuajti-shume-rastin-e-humbem-ne-gjykate\/\"},\"author\":{\"name\":\"M M\",\"@id\":\"https:\/\/permbledhja.com\/#\/schema\/person\/d23f13f59b5722643933d6780783acf3\"},\"headline\":\"Rr\u00ebfimi i dhimbsh\u00ebm i Vasfije Krasniqit: Lajmin p\u00ebr dhunimin s\u00eb pari ia tregova U\u00c7K-s\u00eb, n\u00ebna e vuajti shum\u00eb \u2013 rastin e humb\u00ebm n\u00eb gjykat\u00eb\",\"datePublished\":\"2024-04-15T17:22:53+00:00\",\"dateModified\":\"2024-04-15T17:22:53+00:00\",\"mainEntityOfPage\":{\"@id\":\"https:\/\/permbledhja.com\/rrefimi-i-dhimbshem-i-vasfije-krasniqit-lajmin-per-dhunimin-se-pari-ia-tregova-uck-se-nena-e-vuajti-shume-rastin-e-humbem-ne-gjykate\/\"},\"wordCount\":403,\"publisher\":{\"@id\":\"https:\/\/permbledhja.com\/#organization\"},\"keywords\":[\"Vasfije Krasniqi\"],\"articleSection\":[\"T\u00eb r\u00ebnd\u00ebsishme\"],\"inLanguage\":\"sq\"},{\"@type\":\"WebPage\",\"@id\":\"https:\/\/permbledhja.com\/rrefimi-i-dhimbshem-i-vasfije-krasniqit-lajmin-per-dhunimin-se-pari-ia-tregova-uck-se-nena-e-vuajti-shume-rastin-e-humbem-ne-gjykate\/\",\"url\":\"https:\/\/permbledhja.com\/rrefimi-i-dhimbshem-i-vasfije-krasniqit-lajmin-per-dhunimin-se-pari-ia-tregova-uck-se-nena-e-vuajti-shume-rastin-e-humbem-ne-gjykate\/\",\"name\":\"Rr\u00ebfimi i dhimbsh\u00ebm i Vasfije Krasniqit: Lajmin p\u00ebr dhunimin s\u00eb pari ia tregova U\u00c7K-s\u00eb, n\u00ebna e vuajti shum\u00eb \u2013 rastin e humb\u00ebm n\u00eb gjykat\u00eb\",\"isPartOf\":{\"@id\":\"https:\/\/permbledhja.com\/#website\"},\"datePublished\":\"2024-04-15T17:22:53+00:00\",\"dateModified\":\"2024-04-15T17:22:53+00:00\",\"breadcrumb\":{\"@id\":\"https:\/\/permbledhja.com\/rrefimi-i-dhimbshem-i-vasfije-krasniqit-lajmin-per-dhunimin-se-pari-ia-tregova-uck-se-nena-e-vuajti-shume-rastin-e-humbem-ne-gjykate\/#breadcrumb\"},\"inLanguage\":\"sq\",\"potentialAction\":[{\"@type\":\"ReadAction\",\"target\":[\"https:\/\/permbledhja.com\/rrefimi-i-dhimbshem-i-vasfije-krasniqit-lajmin-per-dhunimin-se-pari-ia-tregova-uck-se-nena-e-vuajti-shume-rastin-e-humbem-ne-gjykate\/\"]}]},{\"@type\":\"BreadcrumbList\",\"@id\":\"https:\/\/permbledhja.com\/rrefimi-i-dhimbshem-i-vasfije-krasniqit-lajmin-per-dhunimin-se-pari-ia-tregova-uck-se-nena-e-vuajti-shume-rastin-e-humbem-ne-gjykate\/#breadcrumb\",\"itemListElement\":[{\"@type\":\"ListItem\",\"position\":1,\"name\":\"Ballina\",\"item\":\"https:\/\/permbledhja.com\/sq\/\"},{\"@type\":\"ListItem\",\"position\":2,\"name\":\"Rr\u00ebfimi i dhimbsh\u00ebm i Vasfije Krasniqit: Lajmin p\u00ebr dhunimin s\u00eb pari ia tregova U\u00c7K-s\u00eb, n\u00ebna e vuajti shum\u00eb \u2013 rastin e humb\u00ebm n\u00eb gjykat\u00eb\"}]},{\"@type\":\"WebSite\",\"@id\":\"https:\/\/permbledhja.com\/#website\",\"url\":\"https:\/\/permbledhja.com\/\",\"name\":\"Ve\u00e7 artikuj p\u00ebrmbledh\u00ebs\",\"description\":\"\",\"publisher\":{\"@id\":\"https:\/\/permbledhja.com\/#organization\"},\"potentialAction\":[{\"@type\":\"SearchAction\",\"target\":{\"@type\":\"EntryPoint\",\"urlTemplate\":\"https:\/\/permbledhja.com\/?s={search_term_string}\"},\"query-input\":\"required name=search_term_string\"}],\"inLanguage\":\"sq\"},{\"@type\":\"Organization\",\"@id\":\"https:\/\/permbledhja.com\/#organization\",\"name\":\"MK Media & Pr\",\"url\":\"https:\/\/permbledhja.com\/\",\"logo\":{\"@type\":\"ImageObject\",\"inLanguage\":\"sq\",\"@id\":\"https:\/\/permbledhja.com\/#\/schema\/logo\/image\/\",\"url\":\"https:\/\/permbledhja.com\/wp-content\/uploads\/2021\/12\/07-Press-Logo.jpg\",\"contentUrl\":\"https:\/\/permbledhja.com\/wp-content\/uploads\/2021\/12\/07-Press-Logo.jpg\",\"width\":512,\"height\":512,\"caption\":\"MK Media & Pr\"},\"image\":{\"@id\":\"https:\/\/permbledhja.com\/#\/schema\/logo\/image\/\"},\"sameAs\":[\"https:\/\/www.facebook.com\/press07\/\"]},{\"@type\":\"Person\",\"@id\":\"https:\/\/permbledhja.com\/#\/schema\/person\/d23f13f59b5722643933d6780783acf3\",\"name\":\"M M\",\"image\":{\"@type\":\"ImageObject\",\"inLanguage\":\"sq\",\"@id\":\"https:\/\/permbledhja.com\/#\/schema\/person\/image\/\",\"url\":\"https:\/\/secure.gravatar.com\/avatar\/e2835a76ca7c31a2416b2d51c4ec9a8f?s=96&d=mm&r=g\",\"contentUrl\":\"https:\/\/secure.gravatar.com\/avatar\/e2835a76ca7c31a2416b2d51c4ec9a8f?s=96&d=mm&r=g\",\"caption\":\"M M\"},\"sameAs\":[\"http:\/\/MM\"],\"url\":\"https:\/\/permbledhja.com\/sq\/author\/muhamet\/\"}]}<\/script>\n<!-- \/ Yoast SEO plugin. -->","yoast_head_json":{"title":"Rr\u00ebfimi i dhimbsh\u00ebm i Vasfije Krasniqit: Lajmin p\u00ebr dhunimin s\u00eb pari ia tregova U\u00c7K-s\u00eb, n\u00ebna e vuajti shum\u00eb \u2013 rastin e humb\u00ebm n\u00eb gjykat\u00eb","robots":{"index":"index","follow":"follow","max-snippet":"max-snippet:-1","max-image-preview":"max-image-preview:large","max-video-preview":"max-video-preview:-1"},"canonical":"https:\/\/permbledhja.com\/sq\/rrefimi-i-dhimbshem-i-vasfije-krasniqit-lajmin-per-dhunimin-se-pari-ia-tregova-uck-se-nena-e-vuajti-shume-rastin-e-humbem-ne-gjykate\/","og_locale":"sq_AL","og_type":"article","og_title":"Rr\u00ebfimi i dhimbsh\u00ebm i Vasfije Krasniqit: Lajmin p\u00ebr dhunimin s\u00eb pari ia tregova U\u00c7K-s\u00eb, n\u00ebna e vuajti shum\u00eb \u2013 rastin e humb\u00ebm n\u00eb gjykat\u00eb","og_description":"E mbijetuara e dhun\u00ebs seksuale nga lufta e fundit n\u00eb Kosov\u00eb, Vasfije Krasniqi-Goodman ka rr\u00ebfyer si\u00e7 thot\u00eb ajo ngjarjen m\u00eb t\u00eb tmerrshme n\u00eb jet\u00ebn e saj. Ajo edhe pas 25 vitesh tregoi se kujt i tregoi p\u00ebr her\u00eb t\u00eb par\u00eb lajmin q\u00eb ia ndryshoi jet\u00ebn. \u201cSot \u00ebsht\u00eb 15 prill mu m\u2019ka ndodh\u00eb me 14 prill. [&hellip;]","og_url":"https:\/\/permbledhja.com\/sq\/rrefimi-i-dhimbshem-i-vasfije-krasniqit-lajmin-per-dhunimin-se-pari-ia-tregova-uck-se-nena-e-vuajti-shume-rastin-e-humbem-ne-gjykate\/","og_site_name":"Ve\u00e7 artikuj p\u00ebrmbledh\u00ebs","article_publisher":"https:\/\/www.facebook.com\/press07\/","article_published_time":"2024-04-15T17:22:53+00:00","og_image":[{"width":600,"height":360,"url":"https:\/\/permbledhja.com\/wp-content\/uploads\/2024\/04\/vasfijekrasniqi-600x360-1.webp","type":"image\/webp"}],"author":"M M","twitter_card":"summary_large_image","twitter_misc":{"Written by":"M M","Est. reading time":"2 minuta"},"schema":{"@context":"https:\/\/schema.org","@graph":[{"@type":"Article","@id":"https:\/\/permbledhja.com\/rrefimi-i-dhimbshem-i-vasfije-krasniqit-lajmin-per-dhunimin-se-pari-ia-tregova-uck-se-nena-e-vuajti-shume-rastin-e-humbem-ne-gjykate\/#article","isPartOf":{"@id":"https:\/\/permbledhja.com\/rrefimi-i-dhimbshem-i-vasfije-krasniqit-lajmin-per-dhunimin-se-pari-ia-tregova-uck-se-nena-e-vuajti-shume-rastin-e-humbem-ne-gjykate\/"},"author":{"name":"M M","@id":"https:\/\/permbledhja.com\/#\/schema\/person\/d23f13f59b5722643933d6780783acf3"},"headline":"Rr\u00ebfimi i dhimbsh\u00ebm i Vasfije Krasniqit: Lajmin p\u00ebr dhunimin s\u00eb pari ia tregova U\u00c7K-s\u00eb, n\u00ebna e vuajti shum\u00eb \u2013 rastin e humb\u00ebm n\u00eb gjykat\u00eb","datePublished":"2024-04-15T17:22:53+00:00","dateModified":"2024-04-15T17:22:53+00:00","mainEntityOfPage":{"@id":"https:\/\/permbledhja.com\/rrefimi-i-dhimbshem-i-vasfije-krasniqit-lajmin-per-dhunimin-se-pari-ia-tregova-uck-se-nena-e-vuajti-shume-rastin-e-humbem-ne-gjykate\/"},"wordCount":403,"publisher":{"@id":"https:\/\/permbledhja.com\/#organization"},"keywords":["Vasfije Krasniqi"],"articleSection":["T\u00eb r\u00ebnd\u00ebsishme"],"inLanguage":"sq"},{"@type":"WebPage","@id":"https:\/\/permbledhja.com\/rrefimi-i-dhimbshem-i-vasfije-krasniqit-lajmin-per-dhunimin-se-pari-ia-tregova-uck-se-nena-e-vuajti-shume-rastin-e-humbem-ne-gjykate\/","url":"https:\/\/permbledhja.com\/rrefimi-i-dhimbshem-i-vasfije-krasniqit-lajmin-per-dhunimin-se-pari-ia-tregova-uck-se-nena-e-vuajti-shume-rastin-e-humbem-ne-gjykate\/","name":"Rr\u00ebfimi i dhimbsh\u00ebm i Vasfije Krasniqit: Lajmin p\u00ebr dhunimin s\u00eb pari ia tregova U\u00c7K-s\u00eb, n\u00ebna e vuajti shum\u00eb \u2013 rastin e humb\u00ebm n\u00eb gjykat\u00eb","isPartOf":{"@id":"https:\/\/permbledhja.com\/#website"},"datePublished":"2024-04-15T17:22:53+00:00","dateModified":"2024-04-15T17:22:53+00:00","breadcrumb":{"@id":"https:\/\/permbledhja.com\/rrefimi-i-dhimbshem-i-vasfije-krasniqit-lajmin-per-dhunimin-se-pari-ia-tregova-uck-se-nena-e-vuajti-shume-rastin-e-humbem-ne-gjykate\/#breadcrumb"},"inLanguage":"sq","potentialAction":[{"@type":"ReadAction","target":["https:\/\/permbledhja.com\/rrefimi-i-dhimbshem-i-vasfije-krasniqit-lajmin-per-dhunimin-se-pari-ia-tregova-uck-se-nena-e-vuajti-shume-rastin-e-humbem-ne-gjykate\/"]}]},{"@type":"BreadcrumbList","@id":"https:\/\/permbledhja.com\/rrefimi-i-dhimbshem-i-vasfije-krasniqit-lajmin-per-dhunimin-se-pari-ia-tregova-uck-se-nena-e-vuajti-shume-rastin-e-humbem-ne-gjykate\/#breadcrumb","itemListElement":[{"@type":"ListItem","position":1,"name":"Ballina","item":"https:\/\/permbledhja.com\/sq\/"},{"@type":"ListItem","position":2,"name":"Rr\u00ebfimi i dhimbsh\u00ebm i Vasfije Krasniqit: Lajmin p\u00ebr dhunimin s\u00eb pari ia tregova U\u00c7K-s\u00eb, n\u00ebna e vuajti shum\u00eb \u2013 rastin e humb\u00ebm n\u00eb gjykat\u00eb"}]},{"@type":"WebSite","@id":"https:\/\/permbledhja.com\/#website","url":"https:\/\/permbledhja.com\/","name":"Ve\u00e7 artikuj p\u00ebrmbledh\u00ebs","description":"","publisher":{"@id":"https:\/\/permbledhja.com\/#organization"},"potentialAction":[{"@type":"SearchAction","target":{"@type":"EntryPoint","urlTemplate":"https:\/\/permbledhja.com\/?s={search_term_string}"},"query-input":"required name=search_term_string"}],"inLanguage":"sq"},{"@type":"Organization","@id":"https:\/\/permbledhja.com\/#organization","name":"MK Media & Pr","url":"https:\/\/permbledhja.com\/","logo":{"@type":"ImageObject","inLanguage":"sq","@id":"https:\/\/permbledhja.com\/#\/schema\/logo\/image\/","url":"https:\/\/permbledhja.com\/wp-content\/uploads\/2021\/12\/07-Press-Logo.jpg","contentUrl":"https:\/\/permbledhja.com\/wp-content\/uploads\/2021\/12\/07-Press-Logo.jpg","width":512,"height":512,"caption":"MK Media & Pr"},"image":{"@id":"https:\/\/permbledhja.com\/#\/schema\/logo\/image\/"},"sameAs":["https:\/\/www.facebook.com\/press07\/"]},{"@type":"Person","@id":"https:\/\/permbledhja.com\/#\/schema\/person\/d23f13f59b5722643933d6780783acf3","name":"M M","image":{"@type":"ImageObject","inLanguage":"sq","@id":"https:\/\/permbledhja.com\/#\/schema\/person\/image\/","url":"https:\/\/secure.gravatar.com\/avatar\/e2835a76ca7c31a2416b2d51c4ec9a8f?s=96&d=mm&r=g","contentUrl":"https:\/\/secure.gravatar.com\/avatar\/e2835a76ca7c31a2416b2d51c4ec9a8f?s=96&d=mm&r=g","caption":"M M"},"sameAs":["http:\/\/MM"],"url":"https:\/\/permbledhja.com\/sq\/author\/muhamet\/"}]}},"_links":{"self":[{"href":"https:\/\/permbledhja.com\/sq\/wp-json\/wp\/v2\/posts\/56523"}],"collection":[{"href":"https:\/\/permbledhja.com\/sq\/wp-json\/wp\/v2\/posts"}],"about":[{"href":"https:\/\/permbledhja.com\/sq\/wp-json\/wp\/v2\/types\/post"}],"author":[{"embeddable":true,"href":"https:\/\/permbledhja.com\/sq\/wp-json\/wp\/v2\/users\/2"}],"replies":[{"embeddable":true,"href":"https:\/\/permbledhja.com\/sq\/wp-json\/wp\/v2\/comments?post=56523"}],"version-history":[{"count":1,"href":"https:\/\/permbledhja.com\/sq\/wp-json\/wp\/v2\/posts\/56523\/revisions"}],"predecessor-version":[{"id":56525,"href":"https:\/\/permbledhja.com\/sq\/wp-json\/wp\/v2\/posts\/56523\/revisions\/56525"}],"wp:featuredmedia":[{"embeddable":true,"href":"https:\/\/permbledhja.com\/sq\/wp-json\/wp\/v2\/media\/56524"}],"wp:attachment":[{"href":"https:\/\/permbledhja.com\/sq\/wp-json\/wp\/v2\/media?parent=56523"}],"wp:term":[{"taxonomy":"category","embeddable":true,"href":"https:\/\/permbledhja.com\/sq\/wp-json\/wp\/v2\/categories?post=56523"},{"taxonomy":"post_tag","embeddable":true,"href":"https:\/\/permbledhja.com\/sq\/wp-json\/wp\/v2\/tags?post=56523"}],"curies":[{"name":"wp","href":"https:\/\/api.w.org\/{rel}","templated":true}]}}