{"id":56414,"date":"2024-04-15T09:33:19","date_gmt":"2024-04-15T09:33:19","guid":{"rendered":"https:\/\/permbledhja.com\/?p=56414"},"modified":"2024-04-15T09:33:19","modified_gmt":"2024-04-15T09:33:19","slug":"osmani-ti-pergjigjemi-nevojave-te-grave-dhe-vajzave-per-ti-fuqizuar-dhe-per-te-krijuar-nje-mjedis-te-sigurt","status":"publish","type":"post","link":"https:\/\/permbledhja.com\/sq\/osmani-ti-pergjigjemi-nevojave-te-grave-dhe-vajzave-per-ti-fuqizuar-dhe-per-te-krijuar-nje-mjedis-te-sigurt\/","title":{"rendered":"Osmani: T\u2019i p\u00ebrgjigjemi nevojave t\u00eb grave dhe vajzave p\u00ebr t\u2019i fuqizuar dhe p\u00ebr t\u00eb krijuar nj\u00eb mjedis t\u00eb sigurt"},"content":{"rendered":"<h3><strong>Presidentja e Kosov\u00ebs, Vjosa Osmani, n\u00eb dit\u00ebn e par\u00eb t\u00eb Forumit p\u00ebr Grat\u00eb, Paqen dhe Sigurin\u00eb, ka th\u00ebn\u00eb se Kosova q\u00ebndron kampione e agjend\u00ebs s\u00eb k\u00ebtij forumi<\/strong>.<\/h3>\n<p>Ajo tha se ky edicion i forumit \u00ebsht\u00eb unik n\u00eb shum\u00eb aspekte, teksa shtoi se duhet t\u2019i p\u00ebrgjigjemi nevojave t\u00eb grave dhe vajzave p\u00ebr t\u2019i fuqizuar, mb\u00ebshtetur dhe p\u00ebr t\u00eb krijuar nj\u00eb mjedis t\u00eb sigurt.<\/p>\n<p>\u201cP\u00ebrzgjedhja e dy temave ky\u00e7e p\u00ebr k\u00ebt\u00eb edicion, nga nj\u00ebra an\u00eb dhuna seksuale n\u00eb lidhje me konfliktin dhe siguria klimatike n\u00eb an\u00ebn tjet\u00ebr, nuk jan\u00eb rast\u00ebsi dhe n\u00eb p\u00ebrpjekjet tona natyrisht kemi adresuar t\u00eb gjitha sprovat e koh\u00ebs por na duhen edhe leksionet e t\u00eb kaluar\u00ebs n\u00eb m\u00ebnyr\u00eb q\u00eb t\u00eb ballafaqohemi suksessh\u00ebm me t\u00eb ardhmen\u201d, tha Osmani.<\/p>\n<p>\u201cN\u00eb k\u00ebt\u00eb sfond t\u00eb konfliktit, kufizimeve shoq\u00ebrore dhe trazirave kulturore \u00ebsht\u00eb e r\u00ebnd\u00ebsishme q\u00eb t\u2019i p\u00ebrgjigjemi nevojave t\u00eb grave dhe vajzave p\u00ebr t\u2019i fuqizuar, p\u00ebr t\u2019i mb\u00ebshtetur dhe p\u00ebr t\u00eb krijuar nj\u00eb mjedis t\u00eb sigurt p\u00ebr t\u00eb gjitha grat\u00eb kudo qofshin nj\u00ebher\u00eb e p\u00ebrgjithmon\u00eb\u201d, tha Osmani.<\/p>\n","protected":false},"excerpt":{"rendered":"<p>Presidentja e Kosov\u00ebs, Vjosa Osmani, n\u00eb dit\u00ebn e par\u00eb t\u00eb Forumit p\u00ebr Grat\u00eb, Paqen dhe Sigurin\u00eb, ka th\u00ebn\u00eb se Kosova q\u00ebndron kampione e agjend\u00ebs s\u00eb k\u00ebtij forumi. Ajo tha se ky edicion i forumit \u00ebsht\u00eb unik n\u00eb shum\u00eb aspekte, teksa shtoi se duhet t\u2019i p\u00ebrgjigjemi nevojave t\u00eb grave dhe vajzave p\u00ebr t\u2019i fuqizuar, mb\u00ebshtetur dhe [&hellip;]<\/p>\n","protected":false},"author":5,"featured_media":56417,"comment_status":"closed","ping_status":"closed","sticky":false,"template":"","format":"standard","meta":{"_monsterinsights_skip_tracking":false,"_monsterinsights_sitenote_active":false,"_monsterinsights_sitenote_note":"","_monsterinsights_sitenote_category":0,"_uf_show_specific_survey":0,"_uf_disable_surveys":false,"footnotes":""},"categories":[15],"tags":[],"yoast_head":"<!-- This site is optimized with the Yoast SEO plugin v21.5 - https:\/\/yoast.com\/wordpress\/plugins\/seo\/ -->\n<title>Osmani: T\u2019i p\u00ebrgjigjemi nevojave t\u00eb grave dhe vajzave p\u00ebr t\u2019i fuqizuar dhe p\u00ebr t\u00eb krijuar nj\u00eb mjedis t\u00eb sigurt<\/title>\n<meta name=\"robots\" content=\"index, follow, max-snippet:-1, max-image-preview:large, max-video-preview:-1\" \/>\n<link rel=\"canonical\" href=\"https:\/\/permbledhja.com\/sq\/osmani-ti-pergjigjemi-nevojave-te-grave-dhe-vajzave-per-ti-fuqizuar-dhe-per-te-krijuar-nje-mjedis-te-sigurt\/\" \/>\n<meta property=\"og:locale\" content=\"sq_AL\" \/>\n<meta property=\"og:type\" content=\"article\" \/>\n<meta property=\"og:title\" content=\"Osmani: T\u2019i p\u00ebrgjigjemi nevojave t\u00eb grave dhe vajzave p\u00ebr t\u2019i fuqizuar dhe p\u00ebr t\u00eb krijuar nj\u00eb mjedis t\u00eb sigurt\" \/>\n<meta property=\"og:description\" content=\"Presidentja e Kosov\u00ebs, Vjosa Osmani, n\u00eb dit\u00ebn e par\u00eb t\u00eb Forumit p\u00ebr Grat\u00eb, Paqen dhe Sigurin\u00eb, ka th\u00ebn\u00eb se Kosova q\u00ebndron kampione e agjend\u00ebs s\u00eb k\u00ebtij forumi. Ajo tha se ky edicion i forumit \u00ebsht\u00eb unik n\u00eb shum\u00eb aspekte, teksa shtoi se duhet t\u2019i p\u00ebrgjigjemi nevojave t\u00eb grave dhe vajzave p\u00ebr t\u2019i fuqizuar, mb\u00ebshtetur dhe [&hellip;]\" \/>\n<meta property=\"og:url\" content=\"https:\/\/permbledhja.com\/sq\/osmani-ti-pergjigjemi-nevojave-te-grave-dhe-vajzave-per-ti-fuqizuar-dhe-per-te-krijuar-nje-mjedis-te-sigurt\/\" \/>\n<meta property=\"og:site_name\" content=\"Ve\u00e7 artikuj p\u00ebrmbledh\u00ebs\" \/>\n<meta property=\"article:publisher\" content=\"https:\/\/www.facebook.com\/press07\/\" \/>\n<meta property=\"article:published_time\" content=\"2024-04-15T09:33:19+00:00\" \/>\n<meta property=\"og:image\" content=\"https:\/\/permbledhja.com\/wp-content\/uploads\/2024\/04\/osmani.webp\" \/>\n\t<meta property=\"og:image:width\" content=\"889\" \/>\n\t<meta property=\"og:image:height\" content=\"536\" \/>\n\t<meta property=\"og:image:type\" content=\"image\/webp\" \/>\n<meta name=\"author\" content=\"DL\" \/>\n<meta name=\"twitter:card\" content=\"summary_large_image\" \/>\n<meta name=\"twitter:label1\" content=\"Written by\" \/>\n\t<meta name=\"twitter:data1\" content=\"DL\" \/>\n\t<meta name=\"twitter:label2\" content=\"Est. reading time\" \/>\n\t<meta name=\"twitter:data2\" content=\"1 minut\u00eb\" \/>\n<script type=\"application\/ld+json\" class=\"yoast-schema-graph\">{\"@context\":\"https:\/\/schema.org\",\"@graph\":[{\"@type\":\"Article\",\"@id\":\"https:\/\/permbledhja.com\/sq\/osmani-ti-pergjigjemi-nevojave-te-grave-dhe-vajzave-per-ti-fuqizuar-dhe-per-te-krijuar-nje-mjedis-te-sigurt\/#article\",\"isPartOf\":{\"@id\":\"https:\/\/permbledhja.com\/sq\/osmani-ti-pergjigjemi-nevojave-te-grave-dhe-vajzave-per-ti-fuqizuar-dhe-per-te-krijuar-nje-mjedis-te-sigurt\/\"},\"author\":{\"name\":\"DL\",\"@id\":\"https:\/\/permbledhja.com\/#\/schema\/person\/9c54260cbc4c6f792cb100550491638c\"},\"headline\":\"Osmani: T\u2019i p\u00ebrgjigjemi nevojave t\u00eb grave dhe vajzave p\u00ebr t\u2019i fuqizuar dhe p\u00ebr t\u00eb krijuar nj\u00eb mjedis t\u00eb sigurt\",\"datePublished\":\"2024-04-15T09:33:19+00:00\",\"dateModified\":\"2024-04-15T09:33:19+00:00\",\"mainEntityOfPage\":{\"@id\":\"https:\/\/permbledhja.com\/sq\/osmani-ti-pergjigjemi-nevojave-te-grave-dhe-vajzave-per-ti-fuqizuar-dhe-per-te-krijuar-nje-mjedis-te-sigurt\/\"},\"wordCount\":230,\"publisher\":{\"@id\":\"https:\/\/permbledhja.com\/#organization\"},\"articleSection\":[\"Lajme\"],\"inLanguage\":\"sq\"},{\"@type\":\"WebPage\",\"@id\":\"https:\/\/permbledhja.com\/sq\/osmani-ti-pergjigjemi-nevojave-te-grave-dhe-vajzave-per-ti-fuqizuar-dhe-per-te-krijuar-nje-mjedis-te-sigurt\/\",\"url\":\"https:\/\/permbledhja.com\/sq\/osmani-ti-pergjigjemi-nevojave-te-grave-dhe-vajzave-per-ti-fuqizuar-dhe-per-te-krijuar-nje-mjedis-te-sigurt\/\",\"name\":\"Osmani: T\u2019i p\u00ebrgjigjemi nevojave t\u00eb grave dhe vajzave p\u00ebr t\u2019i fuqizuar dhe p\u00ebr t\u00eb krijuar nj\u00eb mjedis t\u00eb sigurt\",\"isPartOf\":{\"@id\":\"https:\/\/permbledhja.com\/#website\"},\"datePublished\":\"2024-04-15T09:33:19+00:00\",\"dateModified\":\"2024-04-15T09:33:19+00:00\",\"breadcrumb\":{\"@id\":\"https:\/\/permbledhja.com\/sq\/osmani-ti-pergjigjemi-nevojave-te-grave-dhe-vajzave-per-ti-fuqizuar-dhe-per-te-krijuar-nje-mjedis-te-sigurt\/#breadcrumb\"},\"inLanguage\":\"sq\",\"potentialAction\":[{\"@type\":\"ReadAction\",\"target\":[\"https:\/\/permbledhja.com\/sq\/osmani-ti-pergjigjemi-nevojave-te-grave-dhe-vajzave-per-ti-fuqizuar-dhe-per-te-krijuar-nje-mjedis-te-sigurt\/\"]}]},{\"@type\":\"BreadcrumbList\",\"@id\":\"https:\/\/permbledhja.com\/sq\/osmani-ti-pergjigjemi-nevojave-te-grave-dhe-vajzave-per-ti-fuqizuar-dhe-per-te-krijuar-nje-mjedis-te-sigurt\/#breadcrumb\",\"itemListElement\":[{\"@type\":\"ListItem\",\"position\":1,\"name\":\"Ballina\",\"item\":\"https:\/\/permbledhja.com\/sq\/\"},{\"@type\":\"ListItem\",\"position\":2,\"name\":\"Osmani: T\u2019i p\u00ebrgjigjemi nevojave t\u00eb grave dhe vajzave p\u00ebr t\u2019i fuqizuar dhe p\u00ebr t\u00eb krijuar nj\u00eb mjedis t\u00eb sigurt\"}]},{\"@type\":\"WebSite\",\"@id\":\"https:\/\/permbledhja.com\/#website\",\"url\":\"https:\/\/permbledhja.com\/\",\"name\":\"Ve\u00e7 artikuj p\u00ebrmbledh\u00ebs\",\"description\":\"\",\"publisher\":{\"@id\":\"https:\/\/permbledhja.com\/#organization\"},\"potentialAction\":[{\"@type\":\"SearchAction\",\"target\":{\"@type\":\"EntryPoint\",\"urlTemplate\":\"https:\/\/permbledhja.com\/?s={search_term_string}\"},\"query-input\":\"required name=search_term_string\"}],\"inLanguage\":\"sq\"},{\"@type\":\"Organization\",\"@id\":\"https:\/\/permbledhja.com\/#organization\",\"name\":\"MK Media & Pr\",\"url\":\"https:\/\/permbledhja.com\/\",\"logo\":{\"@type\":\"ImageObject\",\"inLanguage\":\"sq\",\"@id\":\"https:\/\/permbledhja.com\/#\/schema\/logo\/image\/\",\"url\":\"https:\/\/permbledhja.com\/wp-content\/uploads\/2021\/12\/07-Press-Logo.jpg\",\"contentUrl\":\"https:\/\/permbledhja.com\/wp-content\/uploads\/2021\/12\/07-Press-Logo.jpg\",\"width\":512,\"height\":512,\"caption\":\"MK Media & Pr\"},\"image\":{\"@id\":\"https:\/\/permbledhja.com\/#\/schema\/logo\/image\/\"},\"sameAs\":[\"https:\/\/www.facebook.com\/press07\/\"]},{\"@type\":\"Person\",\"@id\":\"https:\/\/permbledhja.com\/#\/schema\/person\/9c54260cbc4c6f792cb100550491638c\",\"name\":\"DL\",\"image\":{\"@type\":\"ImageObject\",\"inLanguage\":\"sq\",\"@id\":\"https:\/\/permbledhja.com\/#\/schema\/person\/image\/\",\"url\":\"https:\/\/secure.gravatar.com\/avatar\/94503eb28d4c4b2005a5c8753e35fc80?s=96&d=mm&r=g\",\"contentUrl\":\"https:\/\/secure.gravatar.com\/avatar\/94503eb28d4c4b2005a5c8753e35fc80?s=96&d=mm&r=g\",\"caption\":\"DL\"},\"url\":\"https:\/\/permbledhja.com\/sq\/author\/dl\/\"}]}<\/script>\n<!-- \/ Yoast SEO plugin. -->","yoast_head_json":{"title":"Osmani: T\u2019i p\u00ebrgjigjemi nevojave t\u00eb grave dhe vajzave p\u00ebr t\u2019i fuqizuar dhe p\u00ebr t\u00eb krijuar nj\u00eb mjedis t\u00eb sigurt","robots":{"index":"index","follow":"follow","max-snippet":"max-snippet:-1","max-image-preview":"max-image-preview:large","max-video-preview":"max-video-preview:-1"},"canonical":"https:\/\/permbledhja.com\/sq\/osmani-ti-pergjigjemi-nevojave-te-grave-dhe-vajzave-per-ti-fuqizuar-dhe-per-te-krijuar-nje-mjedis-te-sigurt\/","og_locale":"sq_AL","og_type":"article","og_title":"Osmani: T\u2019i p\u00ebrgjigjemi nevojave t\u00eb grave dhe vajzave p\u00ebr t\u2019i fuqizuar dhe p\u00ebr t\u00eb krijuar nj\u00eb mjedis t\u00eb sigurt","og_description":"Presidentja e Kosov\u00ebs, Vjosa Osmani, n\u00eb dit\u00ebn e par\u00eb t\u00eb Forumit p\u00ebr Grat\u00eb, Paqen dhe Sigurin\u00eb, ka th\u00ebn\u00eb se Kosova q\u00ebndron kampione e agjend\u00ebs s\u00eb k\u00ebtij forumi. Ajo tha se ky edicion i forumit \u00ebsht\u00eb unik n\u00eb shum\u00eb aspekte, teksa shtoi se duhet t\u2019i p\u00ebrgjigjemi nevojave t\u00eb grave dhe vajzave p\u00ebr t\u2019i fuqizuar, mb\u00ebshtetur dhe [&hellip;]","og_url":"https:\/\/permbledhja.com\/sq\/osmani-ti-pergjigjemi-nevojave-te-grave-dhe-vajzave-per-ti-fuqizuar-dhe-per-te-krijuar-nje-mjedis-te-sigurt\/","og_site_name":"Ve\u00e7 artikuj p\u00ebrmbledh\u00ebs","article_publisher":"https:\/\/www.facebook.com\/press07\/","article_published_time":"2024-04-15T09:33:19+00:00","og_image":[{"width":889,"height":536,"url":"https:\/\/permbledhja.com\/wp-content\/uploads\/2024\/04\/osmani.webp","type":"image\/webp"}],"author":"DL","twitter_card":"summary_large_image","twitter_misc":{"Written by":"DL","Est. reading time":"1 minut\u00eb"},"schema":{"@context":"https:\/\/schema.org","@graph":[{"@type":"Article","@id":"https:\/\/permbledhja.com\/sq\/osmani-ti-pergjigjemi-nevojave-te-grave-dhe-vajzave-per-ti-fuqizuar-dhe-per-te-krijuar-nje-mjedis-te-sigurt\/#article","isPartOf":{"@id":"https:\/\/permbledhja.com\/sq\/osmani-ti-pergjigjemi-nevojave-te-grave-dhe-vajzave-per-ti-fuqizuar-dhe-per-te-krijuar-nje-mjedis-te-sigurt\/"},"author":{"name":"DL","@id":"https:\/\/permbledhja.com\/#\/schema\/person\/9c54260cbc4c6f792cb100550491638c"},"headline":"Osmani: T\u2019i p\u00ebrgjigjemi nevojave t\u00eb grave dhe vajzave p\u00ebr t\u2019i fuqizuar dhe p\u00ebr t\u00eb krijuar nj\u00eb mjedis t\u00eb sigurt","datePublished":"2024-04-15T09:33:19+00:00","dateModified":"2024-04-15T09:33:19+00:00","mainEntityOfPage":{"@id":"https:\/\/permbledhja.com\/sq\/osmani-ti-pergjigjemi-nevojave-te-grave-dhe-vajzave-per-ti-fuqizuar-dhe-per-te-krijuar-nje-mjedis-te-sigurt\/"},"wordCount":230,"publisher":{"@id":"https:\/\/permbledhja.com\/#organization"},"articleSection":["Lajme"],"inLanguage":"sq"},{"@type":"WebPage","@id":"https:\/\/permbledhja.com\/sq\/osmani-ti-pergjigjemi-nevojave-te-grave-dhe-vajzave-per-ti-fuqizuar-dhe-per-te-krijuar-nje-mjedis-te-sigurt\/","url":"https:\/\/permbledhja.com\/sq\/osmani-ti-pergjigjemi-nevojave-te-grave-dhe-vajzave-per-ti-fuqizuar-dhe-per-te-krijuar-nje-mjedis-te-sigurt\/","name":"Osmani: T\u2019i p\u00ebrgjigjemi nevojave t\u00eb grave dhe vajzave p\u00ebr t\u2019i fuqizuar dhe p\u00ebr t\u00eb krijuar nj\u00eb mjedis t\u00eb sigurt","isPartOf":{"@id":"https:\/\/permbledhja.com\/#website"},"datePublished":"2024-04-15T09:33:19+00:00","dateModified":"2024-04-15T09:33:19+00:00","breadcrumb":{"@id":"https:\/\/permbledhja.com\/sq\/osmani-ti-pergjigjemi-nevojave-te-grave-dhe-vajzave-per-ti-fuqizuar-dhe-per-te-krijuar-nje-mjedis-te-sigurt\/#breadcrumb"},"inLanguage":"sq","potentialAction":[{"@type":"ReadAction","target":["https:\/\/permbledhja.com\/sq\/osmani-ti-pergjigjemi-nevojave-te-grave-dhe-vajzave-per-ti-fuqizuar-dhe-per-te-krijuar-nje-mjedis-te-sigurt\/"]}]},{"@type":"BreadcrumbList","@id":"https:\/\/permbledhja.com\/sq\/osmani-ti-pergjigjemi-nevojave-te-grave-dhe-vajzave-per-ti-fuqizuar-dhe-per-te-krijuar-nje-mjedis-te-sigurt\/#breadcrumb","itemListElement":[{"@type":"ListItem","position":1,"name":"Ballina","item":"https:\/\/permbledhja.com\/sq\/"},{"@type":"ListItem","position":2,"name":"Osmani: T\u2019i p\u00ebrgjigjemi nevojave t\u00eb grave dhe vajzave p\u00ebr t\u2019i fuqizuar dhe p\u00ebr t\u00eb krijuar nj\u00eb mjedis t\u00eb sigurt"}]},{"@type":"WebSite","@id":"https:\/\/permbledhja.com\/#website","url":"https:\/\/permbledhja.com\/","name":"Ve\u00e7 artikuj p\u00ebrmbledh\u00ebs","description":"","publisher":{"@id":"https:\/\/permbledhja.com\/#organization"},"potentialAction":[{"@type":"SearchAction","target":{"@type":"EntryPoint","urlTemplate":"https:\/\/permbledhja.com\/?s={search_term_string}"},"query-input":"required name=search_term_string"}],"inLanguage":"sq"},{"@type":"Organization","@id":"https:\/\/permbledhja.com\/#organization","name":"MK Media & Pr","url":"https:\/\/permbledhja.com\/","logo":{"@type":"ImageObject","inLanguage":"sq","@id":"https:\/\/permbledhja.com\/#\/schema\/logo\/image\/","url":"https:\/\/permbledhja.com\/wp-content\/uploads\/2021\/12\/07-Press-Logo.jpg","contentUrl":"https:\/\/permbledhja.com\/wp-content\/uploads\/2021\/12\/07-Press-Logo.jpg","width":512,"height":512,"caption":"MK Media & Pr"},"image":{"@id":"https:\/\/permbledhja.com\/#\/schema\/logo\/image\/"},"sameAs":["https:\/\/www.facebook.com\/press07\/"]},{"@type":"Person","@id":"https:\/\/permbledhja.com\/#\/schema\/person\/9c54260cbc4c6f792cb100550491638c","name":"DL","image":{"@type":"ImageObject","inLanguage":"sq","@id":"https:\/\/permbledhja.com\/#\/schema\/person\/image\/","url":"https:\/\/secure.gravatar.com\/avatar\/94503eb28d4c4b2005a5c8753e35fc80?s=96&d=mm&r=g","contentUrl":"https:\/\/secure.gravatar.com\/avatar\/94503eb28d4c4b2005a5c8753e35fc80?s=96&d=mm&r=g","caption":"DL"},"url":"https:\/\/permbledhja.com\/sq\/author\/dl\/"}]}},"_links":{"self":[{"href":"https:\/\/permbledhja.com\/sq\/wp-json\/wp\/v2\/posts\/56414"}],"collection":[{"href":"https:\/\/permbledhja.com\/sq\/wp-json\/wp\/v2\/posts"}],"about":[{"href":"https:\/\/permbledhja.com\/sq\/wp-json\/wp\/v2\/types\/post"}],"author":[{"embeddable":true,"href":"https:\/\/permbledhja.com\/sq\/wp-json\/wp\/v2\/users\/5"}],"replies":[{"embeddable":true,"href":"https:\/\/permbledhja.com\/sq\/wp-json\/wp\/v2\/comments?post=56414"}],"version-history":[{"count":1,"href":"https:\/\/permbledhja.com\/sq\/wp-json\/wp\/v2\/posts\/56414\/revisions"}],"predecessor-version":[{"id":56418,"href":"https:\/\/permbledhja.com\/sq\/wp-json\/wp\/v2\/posts\/56414\/revisions\/56418"}],"wp:featuredmedia":[{"embeddable":true,"href":"https:\/\/permbledhja.com\/sq\/wp-json\/wp\/v2\/media\/56417"}],"wp:attachment":[{"href":"https:\/\/permbledhja.com\/sq\/wp-json\/wp\/v2\/media?parent=56414"}],"wp:term":[{"taxonomy":"category","embeddable":true,"href":"https:\/\/permbledhja.com\/sq\/wp-json\/wp\/v2\/categories?post=56414"},{"taxonomy":"post_tag","embeddable":true,"href":"https:\/\/permbledhja.com\/sq\/wp-json\/wp\/v2\/tags?post=56414"}],"curies":[{"name":"wp","href":"https:\/\/api.w.org\/{rel}","templated":true}]}}