{"id":56389,"date":"2024-04-15T07:45:49","date_gmt":"2024-04-15T07:45:49","guid":{"rendered":"https:\/\/permbledhja.com\/?p=56389"},"modified":"2024-04-15T07:45:49","modified_gmt":"2024-04-15T07:45:49","slug":"vuciq-ka-mundesi-qe-pranimi-i-kosoves-ne-kie-te-shtyhet-beteja-kryesore-e-serbise-eshte-me-16-maj","status":"publish","type":"post","link":"https:\/\/permbledhja.com\/sq\/vuciq-ka-mundesi-qe-pranimi-i-kosoves-ne-kie-te-shtyhet-beteja-kryesore-e-serbise-eshte-me-16-maj\/","title":{"rendered":"Vu\u00e7iq: Ka mund\u00ebsi q\u00eb pranimi i Kosov\u00ebs n\u00eb KiE t\u00eb shtyhet, beteja kryesore e Serbis\u00eb \u00ebsht\u00eb m\u00eb 16 maj"},"content":{"rendered":"<h3><strong>Presidenti i Serbis\u00eb, Aleksand\u00ebr Vu\u00e7iq, ka th\u00ebn\u00eb sot se Serbia do t\u00eb vazhdoj\u00eb t\u00eb luftoj\u00eb edhe pse ka kund\u00ebrshtar\u00eb fuqit\u00eb dominuese t\u00eb Per\u00ebndimit, duke theksuar se kur \u00ebsht\u00eb fjala p\u00ebr an\u00ebtar\u00ebsimin e Kosov\u00ebs n\u00eb KE, shpjegimet e tyre p\u00ebr at\u00eb proces jan\u00eb \u201cqesharake\u201d, duke qen\u00eb se sipas tij Kosova p\u00ebr 11 vite nuk e ka p\u00ebrmbushur obligimin p\u00ebr formimin e Asociacionit.<\/strong><\/h3>\n<p>\u201cSa i p\u00ebrket K\u00ebshillit t\u00eb Evrop\u00ebs, \u00e7far\u00eb mund t\u2019ju them? Gj\u00ebja m\u00eb qesharake \u00ebsht\u00eb kur ke shpjegimet e tyre se ky \u00ebsht\u00eb nj\u00eb proces normal, se \u00ebsht\u00eb shkruar diku. Epo, diku thot\u00eb se Asociacioni duhej t\u00eb formohej 11 vjet m\u00eb par\u00eb. T\u00eb gjith\u00eb ju lider\u00ebt evropian\u00eb dhe Scholz, Macron dhe Meloni m\u00eb than\u00eb se nuk duhet t\u00eb b\u00ebjm\u00eb asgj\u00eb derisa t\u00eb formohet Asociacioni, k\u00ebshtu q\u00eb keni harruar\u201d, tha Vu\u00e7iq p\u00ebr RTS.<\/p>\n<p>Ai shprehu besimin e tij se ekziston mund\u00ebsia, fal\u00eb avokimit francez, t\u00eb shqyrtohet shtyrja e an\u00ebtar\u00ebsimit t\u00eb Kosov\u00ebs n\u00eb KE.<\/p>\n<p>\u201cN\u00eb \u00e7do rast, nuk do t\u00eb jet\u00eb e leht\u00eb. Ne kemi d\u00ebrguar shum\u00eb letra dhe letra zyrtare n\u00eb adresa t\u00eb ndryshme dhe do t\u00eb vazhdojm\u00eb ta b\u00ebjm\u00eb. \u201cPo m\u00eb th\u00ebrrasin nga t\u00eb gjitha an\u00ebt e mundshme p\u00ebr t\u00eb m\u00eb bindur p\u00ebr di\u00e7ka dhe q\u00eb ne me sa duket t\u00eb b\u00ebjm\u00eb nj\u00eb lloj kompromisi\u201d, ka theksuar Vu\u00e7iq.<\/p>\n<p>Megjithat\u00eb, ai thekson se nuk ka asnj\u00eb kompromis p\u00ebr k\u00ebt\u00eb \u00e7\u00ebshtje.<\/p>\n<p>Vu\u00e7iq tha se votimi n\u00eb Asamblen\u00eb Parlamentare t\u00eb K\u00ebshillit t\u00eb Evrop\u00ebs p\u00ebr pranimin e Kosov\u00ebs do t\u00eb kaloj\u00eb nes\u00ebr, duke shtuar se beteja kryesore p\u00ebr Serbin\u00eb \u00ebsht\u00eb m\u00eb 16 maj.<\/p>\n<p>\u201cNes\u00ebr do t\u00eb kaloj\u00eb dhe beteja jon\u00eb kryesore \u00ebsht\u00eb m\u00eb 16 maj, k\u00ebshtu q\u00eb do t\u00eb shohim n\u00ebse nuk do t\u00eb ket\u00eb ndryshime\u201d, tha ai.<\/p>\n","protected":false},"excerpt":{"rendered":"<p>Presidenti i Serbis\u00eb, Aleksand\u00ebr Vu\u00e7iq, ka th\u00ebn\u00eb sot se Serbia do t\u00eb vazhdoj\u00eb t\u00eb luftoj\u00eb edhe pse ka kund\u00ebrshtar\u00eb fuqit\u00eb dominuese t\u00eb Per\u00ebndimit, duke theksuar se kur \u00ebsht\u00eb fjala p\u00ebr an\u00ebtar\u00ebsimin e Kosov\u00ebs n\u00eb KE, shpjegimet e tyre p\u00ebr at\u00eb proces jan\u00eb \u201cqesharake\u201d, duke qen\u00eb se sipas tij Kosova p\u00ebr 11 vite nuk e ka [&hellip;]<\/p>\n","protected":false},"author":5,"featured_media":37013,"comment_status":"closed","ping_status":"closed","sticky":false,"template":"","format":"standard","meta":{"_monsterinsights_skip_tracking":false,"_monsterinsights_sitenote_active":false,"_monsterinsights_sitenote_note":"","_monsterinsights_sitenote_category":0,"_uf_show_specific_survey":0,"_uf_disable_surveys":false,"footnotes":""},"categories":[15],"tags":[],"yoast_head":"<!-- This site is optimized with the Yoast SEO plugin v21.5 - https:\/\/yoast.com\/wordpress\/plugins\/seo\/ -->\n<title>Vu\u00e7iq: Ka mund\u00ebsi q\u00eb pranimi i Kosov\u00ebs n\u00eb KiE t\u00eb shtyhet, beteja kryesore e Serbis\u00eb \u00ebsht\u00eb m\u00eb 16 maj<\/title>\n<meta name=\"robots\" content=\"index, follow, max-snippet:-1, max-image-preview:large, max-video-preview:-1\" \/>\n<link rel=\"canonical\" href=\"https:\/\/permbledhja.com\/sq\/vuciq-ka-mundesi-qe-pranimi-i-kosoves-ne-kie-te-shtyhet-beteja-kryesore-e-serbise-eshte-me-16-maj\/\" \/>\n<meta property=\"og:locale\" content=\"sq_AL\" \/>\n<meta property=\"og:type\" content=\"article\" \/>\n<meta property=\"og:title\" content=\"Vu\u00e7iq: Ka mund\u00ebsi q\u00eb pranimi i Kosov\u00ebs n\u00eb KiE t\u00eb shtyhet, beteja kryesore e Serbis\u00eb \u00ebsht\u00eb m\u00eb 16 maj\" \/>\n<meta property=\"og:description\" content=\"Presidenti i Serbis\u00eb, Aleksand\u00ebr Vu\u00e7iq, ka th\u00ebn\u00eb sot se Serbia do t\u00eb vazhdoj\u00eb t\u00eb luftoj\u00eb edhe pse ka kund\u00ebrshtar\u00eb fuqit\u00eb dominuese t\u00eb Per\u00ebndimit, duke theksuar se kur \u00ebsht\u00eb fjala p\u00ebr an\u00ebtar\u00ebsimin e Kosov\u00ebs n\u00eb KE, shpjegimet e tyre p\u00ebr at\u00eb proces jan\u00eb \u201cqesharake\u201d, duke qen\u00eb se sipas tij Kosova p\u00ebr 11 vite nuk e ka [&hellip;]\" \/>\n<meta property=\"og:url\" content=\"https:\/\/permbledhja.com\/sq\/vuciq-ka-mundesi-qe-pranimi-i-kosoves-ne-kie-te-shtyhet-beteja-kryesore-e-serbise-eshte-me-16-maj\/\" \/>\n<meta property=\"og:site_name\" content=\"Ve\u00e7 artikuj p\u00ebrmbledh\u00ebs\" \/>\n<meta property=\"article:publisher\" content=\"https:\/\/www.facebook.com\/press07\/\" \/>\n<meta property=\"article:published_time\" content=\"2024-04-15T07:45:49+00:00\" \/>\n<meta property=\"og:image\" content=\"https:\/\/permbledhja.com\/wp-content\/uploads\/2023\/11\/231002122335-01-aleksandar-vucic-amanpour-cnn-600x360-1.jpg\" \/>\n\t<meta property=\"og:image:width\" content=\"600\" \/>\n\t<meta property=\"og:image:height\" content=\"360\" \/>\n\t<meta property=\"og:image:type\" content=\"image\/jpeg\" \/>\n<meta name=\"author\" content=\"DL\" \/>\n<meta name=\"twitter:card\" content=\"summary_large_image\" \/>\n<meta name=\"twitter:label1\" content=\"Written by\" \/>\n\t<meta name=\"twitter:data1\" content=\"DL\" \/>\n\t<meta name=\"twitter:label2\" content=\"Est. reading time\" \/>\n\t<meta name=\"twitter:data2\" content=\"2 minuta\" \/>\n<script type=\"application\/ld+json\" class=\"yoast-schema-graph\">{\"@context\":\"https:\/\/schema.org\",\"@graph\":[{\"@type\":\"Article\",\"@id\":\"https:\/\/permbledhja.com\/sq\/vuciq-ka-mundesi-qe-pranimi-i-kosoves-ne-kie-te-shtyhet-beteja-kryesore-e-serbise-eshte-me-16-maj\/#article\",\"isPartOf\":{\"@id\":\"https:\/\/permbledhja.com\/sq\/vuciq-ka-mundesi-qe-pranimi-i-kosoves-ne-kie-te-shtyhet-beteja-kryesore-e-serbise-eshte-me-16-maj\/\"},\"author\":{\"name\":\"DL\",\"@id\":\"https:\/\/permbledhja.com\/#\/schema\/person\/9c54260cbc4c6f792cb100550491638c\"},\"headline\":\"Vu\u00e7iq: Ka mund\u00ebsi q\u00eb pranimi i Kosov\u00ebs n\u00eb KiE t\u00eb shtyhet, beteja kryesore e Serbis\u00eb \u00ebsht\u00eb m\u00eb 16 maj\",\"datePublished\":\"2024-04-15T07:45:49+00:00\",\"dateModified\":\"2024-04-15T07:45:49+00:00\",\"mainEntityOfPage\":{\"@id\":\"https:\/\/permbledhja.com\/sq\/vuciq-ka-mundesi-qe-pranimi-i-kosoves-ne-kie-te-shtyhet-beteja-kryesore-e-serbise-eshte-me-16-maj\/\"},\"wordCount\":339,\"publisher\":{\"@id\":\"https:\/\/permbledhja.com\/#organization\"},\"articleSection\":[\"Lajme\"],\"inLanguage\":\"sq\"},{\"@type\":\"WebPage\",\"@id\":\"https:\/\/permbledhja.com\/sq\/vuciq-ka-mundesi-qe-pranimi-i-kosoves-ne-kie-te-shtyhet-beteja-kryesore-e-serbise-eshte-me-16-maj\/\",\"url\":\"https:\/\/permbledhja.com\/sq\/vuciq-ka-mundesi-qe-pranimi-i-kosoves-ne-kie-te-shtyhet-beteja-kryesore-e-serbise-eshte-me-16-maj\/\",\"name\":\"Vu\u00e7iq: Ka mund\u00ebsi q\u00eb pranimi i Kosov\u00ebs n\u00eb KiE t\u00eb shtyhet, beteja kryesore e Serbis\u00eb \u00ebsht\u00eb m\u00eb 16 maj\",\"isPartOf\":{\"@id\":\"https:\/\/permbledhja.com\/#website\"},\"datePublished\":\"2024-04-15T07:45:49+00:00\",\"dateModified\":\"2024-04-15T07:45:49+00:00\",\"breadcrumb\":{\"@id\":\"https:\/\/permbledhja.com\/sq\/vuciq-ka-mundesi-qe-pranimi-i-kosoves-ne-kie-te-shtyhet-beteja-kryesore-e-serbise-eshte-me-16-maj\/#breadcrumb\"},\"inLanguage\":\"sq\",\"potentialAction\":[{\"@type\":\"ReadAction\",\"target\":[\"https:\/\/permbledhja.com\/sq\/vuciq-ka-mundesi-qe-pranimi-i-kosoves-ne-kie-te-shtyhet-beteja-kryesore-e-serbise-eshte-me-16-maj\/\"]}]},{\"@type\":\"BreadcrumbList\",\"@id\":\"https:\/\/permbledhja.com\/sq\/vuciq-ka-mundesi-qe-pranimi-i-kosoves-ne-kie-te-shtyhet-beteja-kryesore-e-serbise-eshte-me-16-maj\/#breadcrumb\",\"itemListElement\":[{\"@type\":\"ListItem\",\"position\":1,\"name\":\"Ballina\",\"item\":\"https:\/\/permbledhja.com\/sq\/\"},{\"@type\":\"ListItem\",\"position\":2,\"name\":\"Vu\u00e7iq: Ka mund\u00ebsi q\u00eb pranimi i Kosov\u00ebs n\u00eb KiE t\u00eb shtyhet, beteja kryesore e Serbis\u00eb \u00ebsht\u00eb m\u00eb 16 maj\"}]},{\"@type\":\"WebSite\",\"@id\":\"https:\/\/permbledhja.com\/#website\",\"url\":\"https:\/\/permbledhja.com\/\",\"name\":\"Ve\u00e7 artikuj p\u00ebrmbledh\u00ebs\",\"description\":\"\",\"publisher\":{\"@id\":\"https:\/\/permbledhja.com\/#organization\"},\"potentialAction\":[{\"@type\":\"SearchAction\",\"target\":{\"@type\":\"EntryPoint\",\"urlTemplate\":\"https:\/\/permbledhja.com\/?s={search_term_string}\"},\"query-input\":\"required name=search_term_string\"}],\"inLanguage\":\"sq\"},{\"@type\":\"Organization\",\"@id\":\"https:\/\/permbledhja.com\/#organization\",\"name\":\"MK Media & Pr\",\"url\":\"https:\/\/permbledhja.com\/\",\"logo\":{\"@type\":\"ImageObject\",\"inLanguage\":\"sq\",\"@id\":\"https:\/\/permbledhja.com\/#\/schema\/logo\/image\/\",\"url\":\"https:\/\/permbledhja.com\/wp-content\/uploads\/2021\/12\/07-Press-Logo.jpg\",\"contentUrl\":\"https:\/\/permbledhja.com\/wp-content\/uploads\/2021\/12\/07-Press-Logo.jpg\",\"width\":512,\"height\":512,\"caption\":\"MK Media & Pr\"},\"image\":{\"@id\":\"https:\/\/permbledhja.com\/#\/schema\/logo\/image\/\"},\"sameAs\":[\"https:\/\/www.facebook.com\/press07\/\"]},{\"@type\":\"Person\",\"@id\":\"https:\/\/permbledhja.com\/#\/schema\/person\/9c54260cbc4c6f792cb100550491638c\",\"name\":\"DL\",\"image\":{\"@type\":\"ImageObject\",\"inLanguage\":\"sq\",\"@id\":\"https:\/\/permbledhja.com\/#\/schema\/person\/image\/\",\"url\":\"https:\/\/secure.gravatar.com\/avatar\/94503eb28d4c4b2005a5c8753e35fc80?s=96&d=mm&r=g\",\"contentUrl\":\"https:\/\/secure.gravatar.com\/avatar\/94503eb28d4c4b2005a5c8753e35fc80?s=96&d=mm&r=g\",\"caption\":\"DL\"},\"url\":\"https:\/\/permbledhja.com\/sq\/author\/dl\/\"}]}<\/script>\n<!-- \/ Yoast SEO plugin. -->","yoast_head_json":{"title":"Vu\u00e7iq: Ka mund\u00ebsi q\u00eb pranimi i Kosov\u00ebs n\u00eb KiE t\u00eb shtyhet, beteja kryesore e Serbis\u00eb \u00ebsht\u00eb m\u00eb 16 maj","robots":{"index":"index","follow":"follow","max-snippet":"max-snippet:-1","max-image-preview":"max-image-preview:large","max-video-preview":"max-video-preview:-1"},"canonical":"https:\/\/permbledhja.com\/sq\/vuciq-ka-mundesi-qe-pranimi-i-kosoves-ne-kie-te-shtyhet-beteja-kryesore-e-serbise-eshte-me-16-maj\/","og_locale":"sq_AL","og_type":"article","og_title":"Vu\u00e7iq: Ka mund\u00ebsi q\u00eb pranimi i Kosov\u00ebs n\u00eb KiE t\u00eb shtyhet, beteja kryesore e Serbis\u00eb \u00ebsht\u00eb m\u00eb 16 maj","og_description":"Presidenti i Serbis\u00eb, Aleksand\u00ebr Vu\u00e7iq, ka th\u00ebn\u00eb sot se Serbia do t\u00eb vazhdoj\u00eb t\u00eb luftoj\u00eb edhe pse ka kund\u00ebrshtar\u00eb fuqit\u00eb dominuese t\u00eb Per\u00ebndimit, duke theksuar se kur \u00ebsht\u00eb fjala p\u00ebr an\u00ebtar\u00ebsimin e Kosov\u00ebs n\u00eb KE, shpjegimet e tyre p\u00ebr at\u00eb proces jan\u00eb \u201cqesharake\u201d, duke qen\u00eb se sipas tij Kosova p\u00ebr 11 vite nuk e ka [&hellip;]","og_url":"https:\/\/permbledhja.com\/sq\/vuciq-ka-mundesi-qe-pranimi-i-kosoves-ne-kie-te-shtyhet-beteja-kryesore-e-serbise-eshte-me-16-maj\/","og_site_name":"Ve\u00e7 artikuj p\u00ebrmbledh\u00ebs","article_publisher":"https:\/\/www.facebook.com\/press07\/","article_published_time":"2024-04-15T07:45:49+00:00","og_image":[{"width":600,"height":360,"url":"https:\/\/permbledhja.com\/wp-content\/uploads\/2023\/11\/231002122335-01-aleksandar-vucic-amanpour-cnn-600x360-1.jpg","type":"image\/jpeg"}],"author":"DL","twitter_card":"summary_large_image","twitter_misc":{"Written by":"DL","Est. reading time":"2 minuta"},"schema":{"@context":"https:\/\/schema.org","@graph":[{"@type":"Article","@id":"https:\/\/permbledhja.com\/sq\/vuciq-ka-mundesi-qe-pranimi-i-kosoves-ne-kie-te-shtyhet-beteja-kryesore-e-serbise-eshte-me-16-maj\/#article","isPartOf":{"@id":"https:\/\/permbledhja.com\/sq\/vuciq-ka-mundesi-qe-pranimi-i-kosoves-ne-kie-te-shtyhet-beteja-kryesore-e-serbise-eshte-me-16-maj\/"},"author":{"name":"DL","@id":"https:\/\/permbledhja.com\/#\/schema\/person\/9c54260cbc4c6f792cb100550491638c"},"headline":"Vu\u00e7iq: Ka mund\u00ebsi q\u00eb pranimi i Kosov\u00ebs n\u00eb KiE t\u00eb shtyhet, beteja kryesore e Serbis\u00eb \u00ebsht\u00eb m\u00eb 16 maj","datePublished":"2024-04-15T07:45:49+00:00","dateModified":"2024-04-15T07:45:49+00:00","mainEntityOfPage":{"@id":"https:\/\/permbledhja.com\/sq\/vuciq-ka-mundesi-qe-pranimi-i-kosoves-ne-kie-te-shtyhet-beteja-kryesore-e-serbise-eshte-me-16-maj\/"},"wordCount":339,"publisher":{"@id":"https:\/\/permbledhja.com\/#organization"},"articleSection":["Lajme"],"inLanguage":"sq"},{"@type":"WebPage","@id":"https:\/\/permbledhja.com\/sq\/vuciq-ka-mundesi-qe-pranimi-i-kosoves-ne-kie-te-shtyhet-beteja-kryesore-e-serbise-eshte-me-16-maj\/","url":"https:\/\/permbledhja.com\/sq\/vuciq-ka-mundesi-qe-pranimi-i-kosoves-ne-kie-te-shtyhet-beteja-kryesore-e-serbise-eshte-me-16-maj\/","name":"Vu\u00e7iq: Ka mund\u00ebsi q\u00eb pranimi i Kosov\u00ebs n\u00eb KiE t\u00eb shtyhet, beteja kryesore e Serbis\u00eb \u00ebsht\u00eb m\u00eb 16 maj","isPartOf":{"@id":"https:\/\/permbledhja.com\/#website"},"datePublished":"2024-04-15T07:45:49+00:00","dateModified":"2024-04-15T07:45:49+00:00","breadcrumb":{"@id":"https:\/\/permbledhja.com\/sq\/vuciq-ka-mundesi-qe-pranimi-i-kosoves-ne-kie-te-shtyhet-beteja-kryesore-e-serbise-eshte-me-16-maj\/#breadcrumb"},"inLanguage":"sq","potentialAction":[{"@type":"ReadAction","target":["https:\/\/permbledhja.com\/sq\/vuciq-ka-mundesi-qe-pranimi-i-kosoves-ne-kie-te-shtyhet-beteja-kryesore-e-serbise-eshte-me-16-maj\/"]}]},{"@type":"BreadcrumbList","@id":"https:\/\/permbledhja.com\/sq\/vuciq-ka-mundesi-qe-pranimi-i-kosoves-ne-kie-te-shtyhet-beteja-kryesore-e-serbise-eshte-me-16-maj\/#breadcrumb","itemListElement":[{"@type":"ListItem","position":1,"name":"Ballina","item":"https:\/\/permbledhja.com\/sq\/"},{"@type":"ListItem","position":2,"name":"Vu\u00e7iq: Ka mund\u00ebsi q\u00eb pranimi i Kosov\u00ebs n\u00eb KiE t\u00eb shtyhet, beteja kryesore e Serbis\u00eb \u00ebsht\u00eb m\u00eb 16 maj"}]},{"@type":"WebSite","@id":"https:\/\/permbledhja.com\/#website","url":"https:\/\/permbledhja.com\/","name":"Ve\u00e7 artikuj p\u00ebrmbledh\u00ebs","description":"","publisher":{"@id":"https:\/\/permbledhja.com\/#organization"},"potentialAction":[{"@type":"SearchAction","target":{"@type":"EntryPoint","urlTemplate":"https:\/\/permbledhja.com\/?s={search_term_string}"},"query-input":"required name=search_term_string"}],"inLanguage":"sq"},{"@type":"Organization","@id":"https:\/\/permbledhja.com\/#organization","name":"MK Media & Pr","url":"https:\/\/permbledhja.com\/","logo":{"@type":"ImageObject","inLanguage":"sq","@id":"https:\/\/permbledhja.com\/#\/schema\/logo\/image\/","url":"https:\/\/permbledhja.com\/wp-content\/uploads\/2021\/12\/07-Press-Logo.jpg","contentUrl":"https:\/\/permbledhja.com\/wp-content\/uploads\/2021\/12\/07-Press-Logo.jpg","width":512,"height":512,"caption":"MK Media & Pr"},"image":{"@id":"https:\/\/permbledhja.com\/#\/schema\/logo\/image\/"},"sameAs":["https:\/\/www.facebook.com\/press07\/"]},{"@type":"Person","@id":"https:\/\/permbledhja.com\/#\/schema\/person\/9c54260cbc4c6f792cb100550491638c","name":"DL","image":{"@type":"ImageObject","inLanguage":"sq","@id":"https:\/\/permbledhja.com\/#\/schema\/person\/image\/","url":"https:\/\/secure.gravatar.com\/avatar\/94503eb28d4c4b2005a5c8753e35fc80?s=96&d=mm&r=g","contentUrl":"https:\/\/secure.gravatar.com\/avatar\/94503eb28d4c4b2005a5c8753e35fc80?s=96&d=mm&r=g","caption":"DL"},"url":"https:\/\/permbledhja.com\/sq\/author\/dl\/"}]}},"_links":{"self":[{"href":"https:\/\/permbledhja.com\/sq\/wp-json\/wp\/v2\/posts\/56389"}],"collection":[{"href":"https:\/\/permbledhja.com\/sq\/wp-json\/wp\/v2\/posts"}],"about":[{"href":"https:\/\/permbledhja.com\/sq\/wp-json\/wp\/v2\/types\/post"}],"author":[{"embeddable":true,"href":"https:\/\/permbledhja.com\/sq\/wp-json\/wp\/v2\/users\/5"}],"replies":[{"embeddable":true,"href":"https:\/\/permbledhja.com\/sq\/wp-json\/wp\/v2\/comments?post=56389"}],"version-history":[{"count":1,"href":"https:\/\/permbledhja.com\/sq\/wp-json\/wp\/v2\/posts\/56389\/revisions"}],"predecessor-version":[{"id":56394,"href":"https:\/\/permbledhja.com\/sq\/wp-json\/wp\/v2\/posts\/56389\/revisions\/56394"}],"wp:featuredmedia":[{"embeddable":true,"href":"https:\/\/permbledhja.com\/sq\/wp-json\/wp\/v2\/media\/37013"}],"wp:attachment":[{"href":"https:\/\/permbledhja.com\/sq\/wp-json\/wp\/v2\/media?parent=56389"}],"wp:term":[{"taxonomy":"category","embeddable":true,"href":"https:\/\/permbledhja.com\/sq\/wp-json\/wp\/v2\/categories?post=56389"},{"taxonomy":"post_tag","embeddable":true,"href":"https:\/\/permbledhja.com\/sq\/wp-json\/wp\/v2\/tags?post=56389"}],"curies":[{"name":"wp","href":"https:\/\/api.w.org\/{rel}","templated":true}]}}