{"id":56375,"date":"2024-04-15T06:42:51","date_gmt":"2024-04-15T06:42:51","guid":{"rendered":"https:\/\/permbledhja.com\/?p=56375"},"modified":"2024-04-15T06:42:51","modified_gmt":"2024-04-15T06:42:51","slug":"zjarri-qe-kaploi-fabriken-kastrati-ne-kerpimeh-te-podujeves-dyshohet-se-shkaktoi-deme-rreth-4-mln-euro","status":"publish","type":"post","link":"https:\/\/permbledhja.com\/sq\/zjarri-qe-kaploi-fabriken-kastrati-ne-kerpimeh-te-podujeves-dyshohet-se-shkaktoi-deme-rreth-4-mln-euro\/","title":{"rendered":"Zjarri q\u00eb kaploi fabrik\u00ebn \u201cKastrati\u201d n\u00eb K\u00ebrpimeh t\u00eb Podujev\u00ebs dyshohet se shkaktoi d\u00ebme rreth 4 mln euro"},"content":{"rendered":"<h3><strong>M\u00ebngjesin e s\u00eb diel\u00ebs, nj\u00eb fabrik\u00eb n\u00eb fshatin K\u00ebrpimeh t\u00eb Podujev\u00ebs, u p\u00ebrfshi nga flak\u00ebt n\u00eb rrethana akoma t\u00eb paqarta dhe shkaktar dyshohet t\u00eb ket\u00eb qen\u00eb rryma. Persona t\u00eb l\u00ebnduar nuk ka, por q\u00eb d\u00ebmi i shkaktuar \u00ebsht\u00eb shum\u00eb i madh.<\/strong><\/h3>\n<p>Sinjali m\u00ebson se zjarri i madh q\u00eb e p\u00ebrpiu objektin e kompanis\u00eb \u2018Kastrati SHPK\u2019 q\u00eb merrej me grumbullimin e frutave, shkaktoi d\u00ebme q\u00eb kapin vler\u00ebn e rreth 4 milion\u00eb eurove.<\/p>\n<p>Pronari ka deklaruar para Policis\u00eb se dyshimet e para jan\u00eb se zjarri shp\u00ebrtheu si pasoj\u00eb e energjis\u00eb elektrike.<\/p>\n<p>N\u00eb vendin e ngjarjes, gjat\u00eb dit\u00ebs s\u00eb djeshme jan\u00eb kryer ekzaminimet e nevojshme, teksa rasti \u00ebsht\u00eb konfirmuar edhe nga Policia Rajonale n\u00eb Prishtin\u00eb.<\/p>\n<p>Me urdh\u00ebr t\u00eb Prokurorit t\u00eb Shtetit, rasti \u00ebsht\u00eb iniciuar n\u00eb drejtim t\u00eb vepr\u00ebs penale \u201cShkaktim i rrezikut t\u00eb p\u00ebrgjithsh\u00ebm.\u201d<\/p>\n","protected":false},"excerpt":{"rendered":"<p>M\u00ebngjesin e s\u00eb diel\u00ebs, nj\u00eb fabrik\u00eb n\u00eb fshatin K\u00ebrpimeh t\u00eb Podujev\u00ebs, u p\u00ebrfshi nga flak\u00ebt n\u00eb rrethana akoma t\u00eb paqarta dhe shkaktar dyshohet t\u00eb ket\u00eb qen\u00eb rryma. Persona t\u00eb l\u00ebnduar nuk ka, por q\u00eb d\u00ebmi i shkaktuar \u00ebsht\u00eb shum\u00eb i madh. Sinjali m\u00ebson se zjarri i madh q\u00eb e p\u00ebrpiu objektin e kompanis\u00eb \u2018Kastrati SHPK\u2019 [&hellip;]<\/p>\n","protected":false},"author":5,"featured_media":56376,"comment_status":"closed","ping_status":"closed","sticky":false,"template":"","format":"standard","meta":{"_monsterinsights_skip_tracking":false,"_monsterinsights_sitenote_active":false,"_monsterinsights_sitenote_note":"","_monsterinsights_sitenote_category":0,"_uf_show_specific_survey":0,"_uf_disable_surveys":false,"footnotes":""},"categories":[15],"tags":[],"yoast_head":"<!-- This site is optimized with the Yoast SEO plugin v21.5 - https:\/\/yoast.com\/wordpress\/plugins\/seo\/ -->\n<title>Zjarri q\u00eb kaploi fabrik\u00ebn \u201cKastrati\u201d n\u00eb K\u00ebrpimeh t\u00eb Podujev\u00ebs dyshohet se shkaktoi d\u00ebme rreth 4 mln euro<\/title>\n<meta name=\"robots\" content=\"index, follow, max-snippet:-1, max-image-preview:large, max-video-preview:-1\" \/>\n<link rel=\"canonical\" href=\"https:\/\/permbledhja.com\/sq\/zjarri-qe-kaploi-fabriken-kastrati-ne-kerpimeh-te-podujeves-dyshohet-se-shkaktoi-deme-rreth-4-mln-euro\/\" \/>\n<meta property=\"og:locale\" content=\"sq_AL\" \/>\n<meta property=\"og:type\" content=\"article\" \/>\n<meta property=\"og:title\" content=\"Zjarri q\u00eb kaploi fabrik\u00ebn \u201cKastrati\u201d n\u00eb K\u00ebrpimeh t\u00eb Podujev\u00ebs dyshohet se shkaktoi d\u00ebme rreth 4 mln euro\" \/>\n<meta property=\"og:description\" content=\"M\u00ebngjesin e s\u00eb diel\u00ebs, nj\u00eb fabrik\u00eb n\u00eb fshatin K\u00ebrpimeh t\u00eb Podujev\u00ebs, u p\u00ebrfshi nga flak\u00ebt n\u00eb rrethana akoma t\u00eb paqarta dhe shkaktar dyshohet t\u00eb ket\u00eb qen\u00eb rryma. Persona t\u00eb l\u00ebnduar nuk ka, por q\u00eb d\u00ebmi i shkaktuar \u00ebsht\u00eb shum\u00eb i madh. Sinjali m\u00ebson se zjarri i madh q\u00eb e p\u00ebrpiu objektin e kompanis\u00eb \u2018Kastrati SHPK\u2019 [&hellip;]\" \/>\n<meta property=\"og:url\" content=\"https:\/\/permbledhja.com\/sq\/zjarri-qe-kaploi-fabriken-kastrati-ne-kerpimeh-te-podujeves-dyshohet-se-shkaktoi-deme-rreth-4-mln-euro\/\" \/>\n<meta property=\"og:site_name\" content=\"Ve\u00e7 artikuj p\u00ebrmbledh\u00ebs\" \/>\n<meta property=\"article:publisher\" content=\"https:\/\/www.facebook.com\/press07\/\" \/>\n<meta property=\"article:published_time\" content=\"2024-04-15T06:42:51+00:00\" \/>\n<meta property=\"og:image\" content=\"https:\/\/permbledhja.com\/wp-content\/uploads\/2024\/04\/zja.webp\" \/>\n\t<meta property=\"og:image:width\" content=\"538\" \/>\n\t<meta property=\"og:image:height\" content=\"344\" \/>\n\t<meta property=\"og:image:type\" content=\"image\/webp\" \/>\n<meta name=\"author\" content=\"DL\" \/>\n<meta name=\"twitter:card\" content=\"summary_large_image\" \/>\n<meta name=\"twitter:label1\" content=\"Written by\" \/>\n\t<meta name=\"twitter:data1\" content=\"DL\" \/>\n\t<meta name=\"twitter:label2\" content=\"Est. reading time\" \/>\n\t<meta name=\"twitter:data2\" content=\"1 minut\u00eb\" \/>\n<script type=\"application\/ld+json\" class=\"yoast-schema-graph\">{\"@context\":\"https:\/\/schema.org\",\"@graph\":[{\"@type\":\"Article\",\"@id\":\"https:\/\/permbledhja.com\/zjarri-qe-kaploi-fabriken-kastrati-ne-kerpimeh-te-podujeves-dyshohet-se-shkaktoi-deme-rreth-4-mln-euro\/#article\",\"isPartOf\":{\"@id\":\"https:\/\/permbledhja.com\/zjarri-qe-kaploi-fabriken-kastrati-ne-kerpimeh-te-podujeves-dyshohet-se-shkaktoi-deme-rreth-4-mln-euro\/\"},\"author\":{\"name\":\"DL\",\"@id\":\"https:\/\/permbledhja.com\/#\/schema\/person\/9c54260cbc4c6f792cb100550491638c\"},\"headline\":\"Zjarri q\u00eb kaploi fabrik\u00ebn \u201cKastrati\u201d n\u00eb K\u00ebrpimeh t\u00eb Podujev\u00ebs dyshohet se shkaktoi d\u00ebme rreth 4 mln euro\",\"datePublished\":\"2024-04-15T06:42:51+00:00\",\"dateModified\":\"2024-04-15T06:42:51+00:00\",\"mainEntityOfPage\":{\"@id\":\"https:\/\/permbledhja.com\/zjarri-qe-kaploi-fabriken-kastrati-ne-kerpimeh-te-podujeves-dyshohet-se-shkaktoi-deme-rreth-4-mln-euro\/\"},\"wordCount\":168,\"publisher\":{\"@id\":\"https:\/\/permbledhja.com\/#organization\"},\"articleSection\":[\"Lajme\"],\"inLanguage\":\"sq\"},{\"@type\":\"WebPage\",\"@id\":\"https:\/\/permbledhja.com\/zjarri-qe-kaploi-fabriken-kastrati-ne-kerpimeh-te-podujeves-dyshohet-se-shkaktoi-deme-rreth-4-mln-euro\/\",\"url\":\"https:\/\/permbledhja.com\/zjarri-qe-kaploi-fabriken-kastrati-ne-kerpimeh-te-podujeves-dyshohet-se-shkaktoi-deme-rreth-4-mln-euro\/\",\"name\":\"Zjarri q\u00eb kaploi fabrik\u00ebn \u201cKastrati\u201d n\u00eb K\u00ebrpimeh t\u00eb Podujev\u00ebs dyshohet se shkaktoi d\u00ebme rreth 4 mln euro\",\"isPartOf\":{\"@id\":\"https:\/\/permbledhja.com\/#website\"},\"datePublished\":\"2024-04-15T06:42:51+00:00\",\"dateModified\":\"2024-04-15T06:42:51+00:00\",\"breadcrumb\":{\"@id\":\"https:\/\/permbledhja.com\/zjarri-qe-kaploi-fabriken-kastrati-ne-kerpimeh-te-podujeves-dyshohet-se-shkaktoi-deme-rreth-4-mln-euro\/#breadcrumb\"},\"inLanguage\":\"sq\",\"potentialAction\":[{\"@type\":\"ReadAction\",\"target\":[\"https:\/\/permbledhja.com\/zjarri-qe-kaploi-fabriken-kastrati-ne-kerpimeh-te-podujeves-dyshohet-se-shkaktoi-deme-rreth-4-mln-euro\/\"]}]},{\"@type\":\"BreadcrumbList\",\"@id\":\"https:\/\/permbledhja.com\/zjarri-qe-kaploi-fabriken-kastrati-ne-kerpimeh-te-podujeves-dyshohet-se-shkaktoi-deme-rreth-4-mln-euro\/#breadcrumb\",\"itemListElement\":[{\"@type\":\"ListItem\",\"position\":1,\"name\":\"Ballina\",\"item\":\"https:\/\/permbledhja.com\/sq\/\"},{\"@type\":\"ListItem\",\"position\":2,\"name\":\"Zjarri q\u00eb kaploi fabrik\u00ebn \u201cKastrati\u201d n\u00eb K\u00ebrpimeh t\u00eb Podujev\u00ebs dyshohet se shkaktoi d\u00ebme rreth 4 mln euro\"}]},{\"@type\":\"WebSite\",\"@id\":\"https:\/\/permbledhja.com\/#website\",\"url\":\"https:\/\/permbledhja.com\/\",\"name\":\"Ve\u00e7 artikuj p\u00ebrmbledh\u00ebs\",\"description\":\"\",\"publisher\":{\"@id\":\"https:\/\/permbledhja.com\/#organization\"},\"potentialAction\":[{\"@type\":\"SearchAction\",\"target\":{\"@type\":\"EntryPoint\",\"urlTemplate\":\"https:\/\/permbledhja.com\/?s={search_term_string}\"},\"query-input\":\"required name=search_term_string\"}],\"inLanguage\":\"sq\"},{\"@type\":\"Organization\",\"@id\":\"https:\/\/permbledhja.com\/#organization\",\"name\":\"MK Media & Pr\",\"url\":\"https:\/\/permbledhja.com\/\",\"logo\":{\"@type\":\"ImageObject\",\"inLanguage\":\"sq\",\"@id\":\"https:\/\/permbledhja.com\/#\/schema\/logo\/image\/\",\"url\":\"https:\/\/permbledhja.com\/wp-content\/uploads\/2021\/12\/07-Press-Logo.jpg\",\"contentUrl\":\"https:\/\/permbledhja.com\/wp-content\/uploads\/2021\/12\/07-Press-Logo.jpg\",\"width\":512,\"height\":512,\"caption\":\"MK Media & Pr\"},\"image\":{\"@id\":\"https:\/\/permbledhja.com\/#\/schema\/logo\/image\/\"},\"sameAs\":[\"https:\/\/www.facebook.com\/press07\/\"]},{\"@type\":\"Person\",\"@id\":\"https:\/\/permbledhja.com\/#\/schema\/person\/9c54260cbc4c6f792cb100550491638c\",\"name\":\"DL\",\"image\":{\"@type\":\"ImageObject\",\"inLanguage\":\"sq\",\"@id\":\"https:\/\/permbledhja.com\/#\/schema\/person\/image\/\",\"url\":\"https:\/\/secure.gravatar.com\/avatar\/94503eb28d4c4b2005a5c8753e35fc80?s=96&d=mm&r=g\",\"contentUrl\":\"https:\/\/secure.gravatar.com\/avatar\/94503eb28d4c4b2005a5c8753e35fc80?s=96&d=mm&r=g\",\"caption\":\"DL\"},\"url\":\"https:\/\/permbledhja.com\/sq\/author\/dl\/\"}]}<\/script>\n<!-- \/ Yoast SEO plugin. -->","yoast_head_json":{"title":"Zjarri q\u00eb kaploi fabrik\u00ebn \u201cKastrati\u201d n\u00eb K\u00ebrpimeh t\u00eb Podujev\u00ebs dyshohet se shkaktoi d\u00ebme rreth 4 mln euro","robots":{"index":"index","follow":"follow","max-snippet":"max-snippet:-1","max-image-preview":"max-image-preview:large","max-video-preview":"max-video-preview:-1"},"canonical":"https:\/\/permbledhja.com\/sq\/zjarri-qe-kaploi-fabriken-kastrati-ne-kerpimeh-te-podujeves-dyshohet-se-shkaktoi-deme-rreth-4-mln-euro\/","og_locale":"sq_AL","og_type":"article","og_title":"Zjarri q\u00eb kaploi fabrik\u00ebn \u201cKastrati\u201d n\u00eb K\u00ebrpimeh t\u00eb Podujev\u00ebs dyshohet se shkaktoi d\u00ebme rreth 4 mln euro","og_description":"M\u00ebngjesin e s\u00eb diel\u00ebs, nj\u00eb fabrik\u00eb n\u00eb fshatin K\u00ebrpimeh t\u00eb Podujev\u00ebs, u p\u00ebrfshi nga flak\u00ebt n\u00eb rrethana akoma t\u00eb paqarta dhe shkaktar dyshohet t\u00eb ket\u00eb qen\u00eb rryma. Persona t\u00eb l\u00ebnduar nuk ka, por q\u00eb d\u00ebmi i shkaktuar \u00ebsht\u00eb shum\u00eb i madh. Sinjali m\u00ebson se zjarri i madh q\u00eb e p\u00ebrpiu objektin e kompanis\u00eb \u2018Kastrati SHPK\u2019 [&hellip;]","og_url":"https:\/\/permbledhja.com\/sq\/zjarri-qe-kaploi-fabriken-kastrati-ne-kerpimeh-te-podujeves-dyshohet-se-shkaktoi-deme-rreth-4-mln-euro\/","og_site_name":"Ve\u00e7 artikuj p\u00ebrmbledh\u00ebs","article_publisher":"https:\/\/www.facebook.com\/press07\/","article_published_time":"2024-04-15T06:42:51+00:00","og_image":[{"width":538,"height":344,"url":"https:\/\/permbledhja.com\/wp-content\/uploads\/2024\/04\/zja.webp","type":"image\/webp"}],"author":"DL","twitter_card":"summary_large_image","twitter_misc":{"Written by":"DL","Est. reading time":"1 minut\u00eb"},"schema":{"@context":"https:\/\/schema.org","@graph":[{"@type":"Article","@id":"https:\/\/permbledhja.com\/zjarri-qe-kaploi-fabriken-kastrati-ne-kerpimeh-te-podujeves-dyshohet-se-shkaktoi-deme-rreth-4-mln-euro\/#article","isPartOf":{"@id":"https:\/\/permbledhja.com\/zjarri-qe-kaploi-fabriken-kastrati-ne-kerpimeh-te-podujeves-dyshohet-se-shkaktoi-deme-rreth-4-mln-euro\/"},"author":{"name":"DL","@id":"https:\/\/permbledhja.com\/#\/schema\/person\/9c54260cbc4c6f792cb100550491638c"},"headline":"Zjarri q\u00eb kaploi fabrik\u00ebn \u201cKastrati\u201d n\u00eb K\u00ebrpimeh t\u00eb Podujev\u00ebs dyshohet se shkaktoi d\u00ebme rreth 4 mln euro","datePublished":"2024-04-15T06:42:51+00:00","dateModified":"2024-04-15T06:42:51+00:00","mainEntityOfPage":{"@id":"https:\/\/permbledhja.com\/zjarri-qe-kaploi-fabriken-kastrati-ne-kerpimeh-te-podujeves-dyshohet-se-shkaktoi-deme-rreth-4-mln-euro\/"},"wordCount":168,"publisher":{"@id":"https:\/\/permbledhja.com\/#organization"},"articleSection":["Lajme"],"inLanguage":"sq"},{"@type":"WebPage","@id":"https:\/\/permbledhja.com\/zjarri-qe-kaploi-fabriken-kastrati-ne-kerpimeh-te-podujeves-dyshohet-se-shkaktoi-deme-rreth-4-mln-euro\/","url":"https:\/\/permbledhja.com\/zjarri-qe-kaploi-fabriken-kastrati-ne-kerpimeh-te-podujeves-dyshohet-se-shkaktoi-deme-rreth-4-mln-euro\/","name":"Zjarri q\u00eb kaploi fabrik\u00ebn \u201cKastrati\u201d n\u00eb K\u00ebrpimeh t\u00eb Podujev\u00ebs dyshohet se shkaktoi d\u00ebme rreth 4 mln euro","isPartOf":{"@id":"https:\/\/permbledhja.com\/#website"},"datePublished":"2024-04-15T06:42:51+00:00","dateModified":"2024-04-15T06:42:51+00:00","breadcrumb":{"@id":"https:\/\/permbledhja.com\/zjarri-qe-kaploi-fabriken-kastrati-ne-kerpimeh-te-podujeves-dyshohet-se-shkaktoi-deme-rreth-4-mln-euro\/#breadcrumb"},"inLanguage":"sq","potentialAction":[{"@type":"ReadAction","target":["https:\/\/permbledhja.com\/zjarri-qe-kaploi-fabriken-kastrati-ne-kerpimeh-te-podujeves-dyshohet-se-shkaktoi-deme-rreth-4-mln-euro\/"]}]},{"@type":"BreadcrumbList","@id":"https:\/\/permbledhja.com\/zjarri-qe-kaploi-fabriken-kastrati-ne-kerpimeh-te-podujeves-dyshohet-se-shkaktoi-deme-rreth-4-mln-euro\/#breadcrumb","itemListElement":[{"@type":"ListItem","position":1,"name":"Ballina","item":"https:\/\/permbledhja.com\/sq\/"},{"@type":"ListItem","position":2,"name":"Zjarri q\u00eb kaploi fabrik\u00ebn \u201cKastrati\u201d n\u00eb K\u00ebrpimeh t\u00eb Podujev\u00ebs dyshohet se shkaktoi d\u00ebme rreth 4 mln euro"}]},{"@type":"WebSite","@id":"https:\/\/permbledhja.com\/#website","url":"https:\/\/permbledhja.com\/","name":"Ve\u00e7 artikuj p\u00ebrmbledh\u00ebs","description":"","publisher":{"@id":"https:\/\/permbledhja.com\/#organization"},"potentialAction":[{"@type":"SearchAction","target":{"@type":"EntryPoint","urlTemplate":"https:\/\/permbledhja.com\/?s={search_term_string}"},"query-input":"required name=search_term_string"}],"inLanguage":"sq"},{"@type":"Organization","@id":"https:\/\/permbledhja.com\/#organization","name":"MK Media & Pr","url":"https:\/\/permbledhja.com\/","logo":{"@type":"ImageObject","inLanguage":"sq","@id":"https:\/\/permbledhja.com\/#\/schema\/logo\/image\/","url":"https:\/\/permbledhja.com\/wp-content\/uploads\/2021\/12\/07-Press-Logo.jpg","contentUrl":"https:\/\/permbledhja.com\/wp-content\/uploads\/2021\/12\/07-Press-Logo.jpg","width":512,"height":512,"caption":"MK Media & Pr"},"image":{"@id":"https:\/\/permbledhja.com\/#\/schema\/logo\/image\/"},"sameAs":["https:\/\/www.facebook.com\/press07\/"]},{"@type":"Person","@id":"https:\/\/permbledhja.com\/#\/schema\/person\/9c54260cbc4c6f792cb100550491638c","name":"DL","image":{"@type":"ImageObject","inLanguage":"sq","@id":"https:\/\/permbledhja.com\/#\/schema\/person\/image\/","url":"https:\/\/secure.gravatar.com\/avatar\/94503eb28d4c4b2005a5c8753e35fc80?s=96&d=mm&r=g","contentUrl":"https:\/\/secure.gravatar.com\/avatar\/94503eb28d4c4b2005a5c8753e35fc80?s=96&d=mm&r=g","caption":"DL"},"url":"https:\/\/permbledhja.com\/sq\/author\/dl\/"}]}},"_links":{"self":[{"href":"https:\/\/permbledhja.com\/sq\/wp-json\/wp\/v2\/posts\/56375"}],"collection":[{"href":"https:\/\/permbledhja.com\/sq\/wp-json\/wp\/v2\/posts"}],"about":[{"href":"https:\/\/permbledhja.com\/sq\/wp-json\/wp\/v2\/types\/post"}],"author":[{"embeddable":true,"href":"https:\/\/permbledhja.com\/sq\/wp-json\/wp\/v2\/users\/5"}],"replies":[{"embeddable":true,"href":"https:\/\/permbledhja.com\/sq\/wp-json\/wp\/v2\/comments?post=56375"}],"version-history":[{"count":1,"href":"https:\/\/permbledhja.com\/sq\/wp-json\/wp\/v2\/posts\/56375\/revisions"}],"predecessor-version":[{"id":56377,"href":"https:\/\/permbledhja.com\/sq\/wp-json\/wp\/v2\/posts\/56375\/revisions\/56377"}],"wp:featuredmedia":[{"embeddable":true,"href":"https:\/\/permbledhja.com\/sq\/wp-json\/wp\/v2\/media\/56376"}],"wp:attachment":[{"href":"https:\/\/permbledhja.com\/sq\/wp-json\/wp\/v2\/media?parent=56375"}],"wp:term":[{"taxonomy":"category","embeddable":true,"href":"https:\/\/permbledhja.com\/sq\/wp-json\/wp\/v2\/categories?post=56375"},{"taxonomy":"post_tag","embeddable":true,"href":"https:\/\/permbledhja.com\/sq\/wp-json\/wp\/v2\/tags?post=56375"}],"curies":[{"name":"wp","href":"https:\/\/api.w.org\/{rel}","templated":true}]}}